{"id":1057,"date":"2012-03-06T00:00:00","date_gmt":"2012-03-05T23:00:00","guid":{"rendered":"https:\/\/www.my-watchsite.fr\/blog\/blog\/une-confirmation-de-poste-et-une-nomination-chez-eterna-n295\/"},"modified":"2012-03-06T00:00:00","modified_gmt":"2012-03-05T23:00:00","slug":"une-confirmation-de-poste-et-une-nomination-chez-eterna-n295","status":"publish","type":"post","link":"https:\/\/www.my-watchsite.fr\/blog\/une-confirmation-de-poste-et-une-nomination-chez-eterna-n295\/","title":{"rendered":"Une confirmation de poste et une nomination chez Eterna"},"content":{"rendered":"<div>Patrick Kury, qui dirige la marque en tant que CEO ad int\u00e9rim depuis octobre 2011, a \u00e9t\u00e9 d\u00e9finitivement confirm\u00e9 \u00e0 ce poste au 1er mars 2012. Patrick Kury a \u00e9t\u00e9 une personne cl\u00e9 dans le d\u00e9veloppement technique d\u2019Eterna ces derni\u00e8res ann\u00e9es et continuera ainsi d\u2019apporter sa riche exp\u00e9rience de l\u2019horlogerie \u00e0 la marque.<\/div>\n<div>David Vallata, quant \u00e0 lui, rejoint Eterna en tant que Vice-pr\u00e9sident. Il sera en charge de la gestion du marketing, de la vente et du d\u00e9veloppement produit d\u2019Eterna et de Porsche Design Timepieces. Jusqu\u2019\u00e0 aujourd\u2019hui, il occupait le poste de Executive Vice President Sales au sein de Carl F. Bucherer. Il poss\u00e8de en outre une vaste exp\u00e9rience de la vente dans les r\u00e9gions de l\u2019Asie-Pacifique. Titulaire d\u2019un Bachelor en \u00e9conomie, il a travaill\u00e9 en tant que consultant pour un d\u00e9partement de services financiers de m\u00eame qu\u2019occup\u00e9 divers postes au sein de marques horlog\u00e8res suisses. Depuis 2003 et pour une p\u00e9riode de cinq ans, il \u00e9tait bas\u00e9 \u00e0 Hong Kong et Taipei o\u00f9 il a conduit le d\u00e9veloppement des affaires en Chine, \u00e0 Taiwan et au Japon.<\/div>\n<div>\u201cGr\u00e2ce \u00e0 ses nombreuses ann\u00e9es d\u2019exp\u00e9rience dans les march\u00e9s, David Vallata saura apporter un vif soutien au d\u00e9veloppement global et \u00e0 l\u2019expansion commerciale d\u2019Eterna. \u00ab Nous sommes heureux de le compter parmi nous\u201d, a d\u00e9clar\u00e9 Patrick Kury.<\/div>\n<div><strong>La marque Eterna<\/strong><\/div>\n<div>Depuis 1856, Eterna fabrique des montres m\u00e9caniques haut de gamme fond\u00e9es sur le savoir-faire de g\u00e9n\u00e9rations d&rsquo;artisans horlogers. Au cours de ses plus de 150 ans d\u2019existence, l\u2019entreprise a donn\u00e9 le jour \u00e0 un grand nombre de mod\u00e8les innovants. Les nouveaut\u00e9s r\u00e9volutionnaires telles que le rotor sur roulement \u00e0 billes Eterna Matic ou la premi\u00e8re montre-bracelet avec r\u00e9veil d\u00e9montrent la cr\u00e9ativit\u00e9 toujours renouvel\u00e9e de la maison Eterna. Autre moment phare dans son histoire: le d\u00e9veloppement r\u00e9cent du barillet sur roulement \u00e0 billes Eterna Spherodrive qui r\u00e9volutionne le mouvement m\u00e9canique en termes de long\u00e9vit\u00e9, de r\u00e9gularit\u00e9, donc de qualit\u00e9. Eterna est l\u2019une des rares manufactures \u00e0 miser sur des id\u00e9es nouvelles et des mat\u00e9riaux de qualit\u00e9 dans le cadre d\u2019une fabrication manuelle traditionnelle. Ainsi, elle parvient toujours \u00e0 trouver des solutions surprenantes \u00e0 des d\u00e9fis horlogers datant de plusieurs si\u00e8cles. Eterna appartient aujourd\u2019hui au Groupe China Haidian. Par ailleurs, Eterna poss\u00e8de la licence de la prestigieuse collection de montres Porsche Design.<\/div>\n<ul>\n<li><img decoding=\"async\" src=\"https:\/\/www.my-watchsite.fr\/blog\/wp-content\/uploads\/2020\/08\/295_721.jpg\" alt=\"Patrick Kury est confirm\u00e9 au poste de CEO d'Eterna. \" \/><\/li>\n<li><img decoding=\"async\" src=\"https:\/\/www.my-watchsite.fr\/blog\/wp-content\/uploads\/2020\/08\/295_722.jpg\" alt=\"Patrick Kury.\" \/><\/li>\n<li><img decoding=\"async\" src=\"https:\/\/www.my-watchsite.fr\/blog\/wp-content\/uploads\/2020\/08\/295_723.jpg\" alt=\"David Vallata est le nouveau Vice-Pr\u00e9sident d'Eterna.\" \/><\/li>\n<\/ul>\n","protected":false},"excerpt":{"rendered":"<p>Patrick Kury, qui dirige la marque en tant que CEO ad int\u00e9rim depuis octobre 2011, a \u00e9t\u00e9 d\u00e9finitivement confirm\u00e9 \u00e0 ce poste au 1er mars 2012. Patrick Kury a \u00e9t\u00e9 une personne cl\u00e9 dans le d\u00e9veloppement technique d\u2019Eterna ces derni\u00e8res ann\u00e9es et continuera ainsi d\u2019apporter sa riche exp\u00e9rience de l\u2019horlogerie \u00e0 la marque. David Vallata, [&hellip;]<\/p>\n","protected":false},"author":1,"featured_media":1061,"comment_status":"closed","ping_status":"closed","sticky":false,"template":"","format":"standard","meta":{"footnotes":""},"categories":[2],"tags":[41],"acf":[],"yoast_head":"<!-- This site is optimized with the Yoast SEO plugin v20.4 - https:\/\/yoast.com\/wordpress\/plugins\/seo\/ -->\n<title>Une confirmation de poste et une nomination chez Eterna - MyWatch FR<\/title>\n<meta name=\"robots\" content=\"index, follow, max-snippet:-1, max-image-preview:large, max-video-preview:-1\" \/>\n<link rel=\"canonical\" href=\"https:\/\/www.my-watchsite.fr\/blog\/une-confirmation-de-poste-et-une-nomination-chez-eterna-n295\/\" \/>\n<meta property=\"og:locale\" content=\"fr_FR\" \/>\n<meta property=\"og:type\" content=\"article\" \/>\n<meta property=\"og:title\" content=\"Une confirmation de poste et une nomination chez Eterna - MyWatch FR\" \/>\n<meta property=\"og:description\" content=\"Patrick Kury, qui dirige la marque en tant que CEO ad int\u00e9rim depuis octobre 2011, a \u00e9t\u00e9 d\u00e9finitivement confirm\u00e9 \u00e0 ce poste au 1er mars 2012. Patrick Kury a \u00e9t\u00e9 une personne cl\u00e9 dans le d\u00e9veloppement technique d\u2019Eterna ces derni\u00e8res ann\u00e9es et continuera ainsi d\u2019apporter sa riche exp\u00e9rience de l\u2019horlogerie \u00e0 la marque. David Vallata, [&hellip;]\" \/>\n<meta property=\"og:url\" content=\"https:\/\/www.my-watchsite.fr\/blog\/une-confirmation-de-poste-et-une-nomination-chez-eterna-n295\/\" \/>\n<meta property=\"og:site_name\" content=\"MyWatch FR\" \/>\n<meta property=\"article:publisher\" content=\"https:\/\/www.facebook.com\/mywatchsite\/\" \/>\n<meta property=\"article:published_time\" content=\"2012-03-05T23:00:00+00:00\" \/>\n<meta property=\"og:image\" content=\"https:\/\/www.my-watchsite.fr\/blog\/wp-content\/uploads\/2020\/08\/thumb_295.jpg\" \/>\n\t<meta property=\"og:image:width\" content=\"654\" \/>\n\t<meta property=\"og:image:height\" content=\"435\" \/>\n\t<meta property=\"og:image:type\" content=\"image\/jpeg\" \/>\n<meta name=\"author\" content=\"MyWatch\" \/>\n<meta name=\"twitter:card\" content=\"summary_large_image\" \/>\n<meta name=\"twitter:creator\" content=\"@mywatchsite\" \/>\n<meta name=\"twitter:site\" content=\"@mywatchsite\" \/>\n<meta name=\"twitter:label1\" content=\"\u00c9crit par\" \/>\n\t<meta name=\"twitter:data1\" content=\"MyWatch\" \/>\n\t<meta name=\"twitter:label2\" content=\"Dur\u00e9e de lecture estim\u00e9e\" \/>\n\t<meta name=\"twitter:data2\" content=\"2 minutes\" \/>\n<script type=\"application\/ld+json\" class=\"yoast-schema-graph\">{\"@context\":\"https:\/\/schema.org\",\"@graph\":[{\"@type\":\"WebPage\",\"@id\":\"https:\/\/www.my-watchsite.fr\/blog\/une-confirmation-de-poste-et-une-nomination-chez-eterna-n295\/\",\"url\":\"https:\/\/www.my-watchsite.fr\/blog\/une-confirmation-de-poste-et-une-nomination-chez-eterna-n295\/\",\"name\":\"Une confirmation de poste et une nomination chez Eterna - MyWatch FR\",\"isPartOf\":{\"@id\":\"https:\/\/www.my-watchsite.fr\/blog\/#website\"},\"datePublished\":\"2012-03-05T23:00:00+00:00\",\"dateModified\":\"2012-03-05T23:00:00+00:00\",\"author\":{\"@id\":\"https:\/\/www.my-watchsite.fr\/blog\/#\/schema\/person\/67e19b3e3d014465042ff1be1c9fcf44\"},\"breadcrumb\":{\"@id\":\"https:\/\/www.my-watchsite.fr\/blog\/une-confirmation-de-poste-et-une-nomination-chez-eterna-n295\/#breadcrumb\"},\"inLanguage\":\"fr-FR\",\"potentialAction\":[{\"@type\":\"ReadAction\",\"target\":[\"https:\/\/www.my-watchsite.fr\/blog\/une-confirmation-de-poste-et-une-nomination-chez-eterna-n295\/\"]}]},{\"@type\":\"BreadcrumbList\",\"@id\":\"https:\/\/www.my-watchsite.fr\/blog\/une-confirmation-de-poste-et-une-nomination-chez-eterna-n295\/#breadcrumb\",\"itemListElement\":[{\"@type\":\"ListItem\",\"position\":1,\"name\":\"Accueil\",\"item\":\"https:\/\/www.my-watchsite.fr\/blog\/\"},{\"@type\":\"ListItem\",\"position\":2,\"name\":\"Une confirmation de poste et une nomination chez Eterna\"}]},{\"@type\":\"WebSite\",\"@id\":\"https:\/\/www.my-watchsite.fr\/blog\/#website\",\"url\":\"https:\/\/www.my-watchsite.fr\/blog\/\",\"name\":\"MyWatch FR\",\"description\":\"Make Time a Lifestyle\",\"potentialAction\":[{\"@type\":\"SearchAction\",\"target\":{\"@type\":\"EntryPoint\",\"urlTemplate\":\"https:\/\/www.my-watchsite.fr\/blog\/?s={search_term_string}\"},\"query-input\":\"required name=search_term_string\"}],\"inLanguage\":\"fr-FR\"},{\"@type\":\"Person\",\"@id\":\"https:\/\/www.my-watchsite.fr\/blog\/#\/schema\/person\/67e19b3e3d014465042ff1be1c9fcf44\",\"name\":\"MyWatch\",\"image\":{\"@type\":\"ImageObject\",\"inLanguage\":\"fr-FR\",\"@id\":\"https:\/\/www.my-watchsite.fr\/blog\/#\/schema\/person\/image\/\",\"url\":\"https:\/\/secure.gravatar.com\/avatar\/e52d1e94806c54826c863f554ca1dd2a?s=96&d=mm&r=g\",\"contentUrl\":\"https:\/\/secure.gravatar.com\/avatar\/e52d1e94806c54826c863f554ca1dd2a?s=96&d=mm&r=g\",\"caption\":\"MyWatch\"},\"sameAs\":[\"https:\/\/www.my-watchsite.fr\/blog\"]}]}<\/script>\n<!-- \/ Yoast SEO plugin. -->","yoast_head_json":{"title":"Une confirmation de poste et une nomination chez Eterna - MyWatch FR","robots":{"index":"index","follow":"follow","max-snippet":"max-snippet:-1","max-image-preview":"max-image-preview:large","max-video-preview":"max-video-preview:-1"},"canonical":"https:\/\/www.my-watchsite.fr\/blog\/une-confirmation-de-poste-et-une-nomination-chez-eterna-n295\/","og_locale":"fr_FR","og_type":"article","og_title":"Une confirmation de poste et une nomination chez Eterna - MyWatch FR","og_description":"Patrick Kury, qui dirige la marque en tant que CEO ad int\u00e9rim depuis octobre 2011, a \u00e9t\u00e9 d\u00e9finitivement confirm\u00e9 \u00e0 ce poste au 1er mars 2012. Patrick Kury a \u00e9t\u00e9 une personne cl\u00e9 dans le d\u00e9veloppement technique d\u2019Eterna ces derni\u00e8res ann\u00e9es et continuera ainsi d\u2019apporter sa riche exp\u00e9rience de l\u2019horlogerie \u00e0 la marque. David Vallata, [&hellip;]","og_url":"https:\/\/www.my-watchsite.fr\/blog\/une-confirmation-de-poste-et-une-nomination-chez-eterna-n295\/","og_site_name":"MyWatch FR","article_publisher":"https:\/\/www.facebook.com\/mywatchsite\/","article_published_time":"2012-03-05T23:00:00+00:00","og_image":[{"width":654,"height":435,"url":"https:\/\/www.my-watchsite.fr\/blog\/wp-content\/uploads\/2020\/08\/thumb_295.jpg","type":"image\/jpeg"}],"author":"MyWatch","twitter_card":"summary_large_image","twitter_creator":"@mywatchsite","twitter_site":"@mywatchsite","twitter_misc":{"\u00c9crit par":"MyWatch","Dur\u00e9e de lecture estim\u00e9e":"2 minutes"},"schema":{"@context":"https:\/\/schema.org","@graph":[{"@type":"WebPage","@id":"https:\/\/www.my-watchsite.fr\/blog\/une-confirmation-de-poste-et-une-nomination-chez-eterna-n295\/","url":"https:\/\/www.my-watchsite.fr\/blog\/une-confirmation-de-poste-et-une-nomination-chez-eterna-n295\/","name":"Une confirmation de poste et une nomination chez Eterna - MyWatch FR","isPartOf":{"@id":"https:\/\/www.my-watchsite.fr\/blog\/#website"},"datePublished":"2012-03-05T23:00:00+00:00","dateModified":"2012-03-05T23:00:00+00:00","author":{"@id":"https:\/\/www.my-watchsite.fr\/blog\/#\/schema\/person\/67e19b3e3d014465042ff1be1c9fcf44"},"breadcrumb":{"@id":"https:\/\/www.my-watchsite.fr\/blog\/une-confirmation-de-poste-et-une-nomination-chez-eterna-n295\/#breadcrumb"},"inLanguage":"fr-FR","potentialAction":[{"@type":"ReadAction","target":["https:\/\/www.my-watchsite.fr\/blog\/une-confirmation-de-poste-et-une-nomination-chez-eterna-n295\/"]}]},{"@type":"BreadcrumbList","@id":"https:\/\/www.my-watchsite.fr\/blog\/une-confirmation-de-poste-et-une-nomination-chez-eterna-n295\/#breadcrumb","itemListElement":[{"@type":"ListItem","position":1,"name":"Accueil","item":"https:\/\/www.my-watchsite.fr\/blog\/"},{"@type":"ListItem","position":2,"name":"Une confirmation de poste et une nomination chez Eterna"}]},{"@type":"WebSite","@id":"https:\/\/www.my-watchsite.fr\/blog\/#website","url":"https:\/\/www.my-watchsite.fr\/blog\/","name":"MyWatch FR","description":"Make Time a Lifestyle","potentialAction":[{"@type":"SearchAction","target":{"@type":"EntryPoint","urlTemplate":"https:\/\/www.my-watchsite.fr\/blog\/?s={search_term_string}"},"query-input":"required name=search_term_string"}],"inLanguage":"fr-FR"},{"@type":"Person","@id":"https:\/\/www.my-watchsite.fr\/blog\/#\/schema\/person\/67e19b3e3d014465042ff1be1c9fcf44","name":"MyWatch","image":{"@type":"ImageObject","inLanguage":"fr-FR","@id":"https:\/\/www.my-watchsite.fr\/blog\/#\/schema\/person\/image\/","url":"https:\/\/secure.gravatar.com\/avatar\/e52d1e94806c54826c863f554ca1dd2a?s=96&d=mm&r=g","contentUrl":"https:\/\/secure.gravatar.com\/avatar\/e52d1e94806c54826c863f554ca1dd2a?s=96&d=mm&r=g","caption":"MyWatch"},"sameAs":["https:\/\/www.my-watchsite.fr\/blog"]}]}},"_links":{"self":[{"href":"https:\/\/www.my-watchsite.fr\/blog\/wp-json\/wp\/v2\/posts\/1057"}],"collection":[{"href":"https:\/\/www.my-watchsite.fr\/blog\/wp-json\/wp\/v2\/posts"}],"about":[{"href":"https:\/\/www.my-watchsite.fr\/blog\/wp-json\/wp\/v2\/types\/post"}],"author":[{"embeddable":true,"href":"https:\/\/www.my-watchsite.fr\/blog\/wp-json\/wp\/v2\/users\/1"}],"replies":[{"embeddable":true,"href":"https:\/\/www.my-watchsite.fr\/blog\/wp-json\/wp\/v2\/comments?post=1057"}],"version-history":[{"count":0,"href":"https:\/\/www.my-watchsite.fr\/blog\/wp-json\/wp\/v2\/posts\/1057\/revisions"}],"wp:featuredmedia":[{"embeddable":true,"href":"https:\/\/www.my-watchsite.fr\/blog\/wp-json\/wp\/v2\/media\/1061"}],"wp:attachment":[{"href":"https:\/\/www.my-watchsite.fr\/blog\/wp-json\/wp\/v2\/media?parent=1057"}],"wp:term":[{"taxonomy":"category","embeddable":true,"href":"https:\/\/www.my-watchsite.fr\/blog\/wp-json\/wp\/v2\/categories?post=1057"},{"taxonomy":"post_tag","embeddable":true,"href":"https:\/\/www.my-watchsite.fr\/blog\/wp-json\/wp\/v2\/tags?post=1057"}],"curies":[{"name":"wp","href":"https:\/\/api.w.org\/{rel}","templated":true}]}}