{"id":114,"date":"2009-06-30T00:00:00","date_gmt":"2009-06-29T22:00:00","guid":{"rendered":"https:\/\/www.my-watchsite.fr\/blog\/blog\/deux-legendes-pour-une-icone-n2\/"},"modified":"2020-12-03T14:57:13","modified_gmt":"2020-12-03T13:57:13","slug":"triumph-tag-heuer-deux-legendes-pour-une-icone-n2","status":"publish","type":"post","link":"https:\/\/www.my-watchsite.fr\/blog\/triumph-tag-heuer-deux-legendes-pour-une-icone-n2\/","title":{"rendered":"Triumph TAG Heuer : deux l\u00e9gendes pour une ic\u00f4ne"},"content":{"rendered":"<p>A l\u2019occasion de la c\u00e9l\u00e9bration des 40 ans de la mythique collection Monaco, la marque horlog\u00e8re suisse TAG Heuer s\u2019est associ\u00e9e \u00e0 Triumph pour un projet unique : la cr\u00e9ation de la Bonneville Heuer.<\/p>\n<h2>Triumph TAG Heuer : Deux marques qui partagent les m\u00eames valeurs<\/h2>\n<p>Les deux marques partagent de nombreuses valeurs comme l\u2019authenticit\u00e9, le design et la qualit\u00e9, mais ont aussi et surtout en commun une ic\u00f4ne du cin\u00e9ma associ\u00e9e \u00e0 leur histoire : Steve Mc Queen. L\u2019acteur l\u00e9gendaire a donn\u00e9 leurs lettres de noblesse aux produits d\u00e9sormais mythiques que sont la Bonneville et la Monaco.<\/p>\n<h2>Une \u00e9dition unique<\/h2>\n<p>Cette \u00e9dition unique de la Tag Heuer Triumph Bonneville a \u00e9t\u00e9 d\u00e9voil\u00e9e le 24 juin 2009 \u00e0 Paris en la pr\u00e9sence de Lewis Hamilton, le champion du monde en titre de Formule 1 et ambassadeur de la marque. Le rapprochement entre les deux marques mat\u00e9rialise une collaboration autour de valeurs communes et de leur \u00e9g\u00e9rie Steve Mc Queen. Eric Pecoraro, Directeur Marketing Triumph France a d\u00e9clar\u00e9 : \u00ab Nous sommes ravis d\u2019associer l\u2019image Modern Classic de notre mod\u00e8le ic\u00f4ne des ann\u00e9es 60, la Bonneville \u00e0 celle de la marque Tag Heuer avec laquelle nous partageons de nombreuses valeurs. \u00bb<\/p>\n<p><img decoding=\"async\" src=\"https:\/\/www.my-watchsite.fr\/blog\/wp-content\/uploads\/2020\/08\/2_1248173429.jpg\" alt=\"Jean-Christophe BABIN, Pr\u00e9sident et Directeur-G\u00e9n\u00e9ral de TAG Heuer, et la Triumph Bonneville Heuer Concept\" \/><\/p>\n<p><img decoding=\"async\" src=\"https:\/\/www.my-watchsite.fr\/blog\/wp-content\/uploads\/2020\/08\/2_1248174100.jpg\" alt=\"La Triumph Bonneville Heuer Concept\" \/><\/p>\n\n\n<p><a href=\"https:\/\/www.my-watchsite.fr\/178-tag-heuer\">Les autres montres Tag Heuer<\/a><\/p>\n\n\n\n<p><a href=\"https:\/\/www.tagheuer.com\/fr\/fr\/\" target=\"_blank\" rel=\"noreferrer noopener\">En savoir plus<\/a><\/p>\n\n\n\n<p><a href=\"https:\/\/www.motoplanete.com\/triumph\/1564\/865-BONNEVILLE-Tag-Heuer-2009\/contact.html\">La fiche moto<\/a><\/p>\n","protected":false},"excerpt":{"rendered":"<p>A l\u2019occasion de la c\u00e9l\u00e9bration des 40 ans de la mythique collection Monaco, la marque horlog\u00e8re suisse TAG Heuer s\u2019est associ\u00e9e \u00e0 Triumph pour un projet unique : la cr\u00e9ation de la Bonneville Heuer. Triumph TAG Heuer : Deux marques qui partagent les m\u00eames valeurs Les deux marques partagent de nombreuses valeurs comme l\u2019authenticit\u00e9, le [&hellip;]<\/p>\n","protected":false},"author":1,"featured_media":115,"comment_status":"closed","ping_status":"closed","sticky":false,"template":"","format":"standard","meta":{"footnotes":""},"categories":[82],"tags":[17],"acf":[],"yoast_head":"<!-- This site is optimized with the Yoast SEO plugin v20.4 - https:\/\/yoast.com\/wordpress\/plugins\/seo\/ -->\n<title>Triumph TAG Heuer : deux l\u00e9gendes pour une ic\u00f4ne - MyWatch FR<\/title>\n<meta name=\"description\" content=\"TAG Heuer s\u2019est associ\u00e9e \u00e0 Triumph pour la cr\u00e9ation de la Bonneville Heuer \u00e0 l\u2019occasion de la c\u00e9l\u00e9bration des 40 ans de la Monaco.\" \/>\n<meta name=\"robots\" content=\"index, follow, max-snippet:-1, max-image-preview:large, max-video-preview:-1\" \/>\n<link rel=\"canonical\" href=\"https:\/\/www.my-watchsite.fr\/blog\/triumph-tag-heuer-deux-legendes-pour-une-icone-n2\/\" \/>\n<meta property=\"og:locale\" content=\"fr_FR\" \/>\n<meta property=\"og:type\" content=\"article\" \/>\n<meta property=\"og:title\" content=\"Triumph TAG Heuer : deux l\u00e9gendes pour une ic\u00f4ne - MyWatch FR\" \/>\n<meta property=\"og:description\" content=\"TAG Heuer s\u2019est associ\u00e9e \u00e0 Triumph pour la cr\u00e9ation de la Bonneville Heuer \u00e0 l\u2019occasion de la c\u00e9l\u00e9bration des 40 ans de la Monaco.\" \/>\n<meta property=\"og:url\" content=\"https:\/\/www.my-watchsite.fr\/blog\/triumph-tag-heuer-deux-legendes-pour-une-icone-n2\/\" \/>\n<meta property=\"og:site_name\" content=\"MyWatch FR\" \/>\n<meta property=\"article:publisher\" content=\"https:\/\/www.facebook.com\/mywatchsite\/\" \/>\n<meta property=\"article:published_time\" content=\"2009-06-29T22:00:00+00:00\" \/>\n<meta property=\"article:modified_time\" content=\"2020-12-03T13:57:13+00:00\" \/>\n<meta property=\"og:image\" content=\"https:\/\/www.my-watchsite.fr\/blog\/wp-content\/uploads\/2020\/08\/2_1248173429.jpg\" \/>\n\t<meta property=\"og:image:width\" content=\"450\" \/>\n\t<meta property=\"og:image:height\" content=\"640\" \/>\n\t<meta property=\"og:image:type\" content=\"image\/jpeg\" \/>\n<meta name=\"author\" content=\"MyWatch\" \/>\n<meta name=\"twitter:card\" content=\"summary_large_image\" \/>\n<meta name=\"twitter:creator\" content=\"@mywatchsite\" \/>\n<meta name=\"twitter:site\" content=\"@mywatchsite\" \/>\n<meta name=\"twitter:label1\" content=\"\u00c9crit par\" \/>\n\t<meta name=\"twitter:data1\" content=\"MyWatch\" \/>\n\t<meta name=\"twitter:label2\" content=\"Dur\u00e9e de lecture estim\u00e9e\" \/>\n\t<meta name=\"twitter:data2\" content=\"1 minute\" \/>\n<script type=\"application\/ld+json\" class=\"yoast-schema-graph\">{\"@context\":\"https:\/\/schema.org\",\"@graph\":[{\"@type\":\"WebPage\",\"@id\":\"https:\/\/www.my-watchsite.fr\/blog\/triumph-tag-heuer-deux-legendes-pour-une-icone-n2\/\",\"url\":\"https:\/\/www.my-watchsite.fr\/blog\/triumph-tag-heuer-deux-legendes-pour-une-icone-n2\/\",\"name\":\"Triumph TAG Heuer : deux l\u00e9gendes pour une ic\u00f4ne - MyWatch FR\",\"isPartOf\":{\"@id\":\"https:\/\/www.my-watchsite.fr\/blog\/#website\"},\"datePublished\":\"2009-06-29T22:00:00+00:00\",\"dateModified\":\"2020-12-03T13:57:13+00:00\",\"author\":{\"@id\":\"https:\/\/www.my-watchsite.fr\/blog\/#\/schema\/person\/67e19b3e3d014465042ff1be1c9fcf44\"},\"description\":\"TAG Heuer s\u2019est associ\u00e9e \u00e0 Triumph pour la cr\u00e9ation de la Bonneville Heuer \u00e0 l\u2019occasion de la c\u00e9l\u00e9bration des 40 ans de la Monaco.\",\"breadcrumb\":{\"@id\":\"https:\/\/www.my-watchsite.fr\/blog\/triumph-tag-heuer-deux-legendes-pour-une-icone-n2\/#breadcrumb\"},\"inLanguage\":\"fr-FR\",\"potentialAction\":[{\"@type\":\"ReadAction\",\"target\":[\"https:\/\/www.my-watchsite.fr\/blog\/triumph-tag-heuer-deux-legendes-pour-une-icone-n2\/\"]}]},{\"@type\":\"BreadcrumbList\",\"@id\":\"https:\/\/www.my-watchsite.fr\/blog\/triumph-tag-heuer-deux-legendes-pour-une-icone-n2\/#breadcrumb\",\"itemListElement\":[{\"@type\":\"ListItem\",\"position\":1,\"name\":\"Accueil\",\"item\":\"https:\/\/www.my-watchsite.fr\/blog\/\"},{\"@type\":\"ListItem\",\"position\":2,\"name\":\"Triumph TAG Heuer : deux l\u00e9gendes pour une ic\u00f4ne\"}]},{\"@type\":\"WebSite\",\"@id\":\"https:\/\/www.my-watchsite.fr\/blog\/#website\",\"url\":\"https:\/\/www.my-watchsite.fr\/blog\/\",\"name\":\"MyWatch FR\",\"description\":\"Make Time a Lifestyle\",\"potentialAction\":[{\"@type\":\"SearchAction\",\"target\":{\"@type\":\"EntryPoint\",\"urlTemplate\":\"https:\/\/www.my-watchsite.fr\/blog\/?s={search_term_string}\"},\"query-input\":\"required name=search_term_string\"}],\"inLanguage\":\"fr-FR\"},{\"@type\":\"Person\",\"@id\":\"https:\/\/www.my-watchsite.fr\/blog\/#\/schema\/person\/67e19b3e3d014465042ff1be1c9fcf44\",\"name\":\"MyWatch\",\"image\":{\"@type\":\"ImageObject\",\"inLanguage\":\"fr-FR\",\"@id\":\"https:\/\/www.my-watchsite.fr\/blog\/#\/schema\/person\/image\/\",\"url\":\"https:\/\/secure.gravatar.com\/avatar\/e52d1e94806c54826c863f554ca1dd2a?s=96&d=mm&r=g\",\"contentUrl\":\"https:\/\/secure.gravatar.com\/avatar\/e52d1e94806c54826c863f554ca1dd2a?s=96&d=mm&r=g\",\"caption\":\"MyWatch\"},\"sameAs\":[\"https:\/\/www.my-watchsite.fr\/blog\"]}]}<\/script>\n<!-- \/ Yoast SEO plugin. -->","yoast_head_json":{"title":"Triumph TAG Heuer : deux l\u00e9gendes pour une ic\u00f4ne - MyWatch FR","description":"TAG Heuer s\u2019est associ\u00e9e \u00e0 Triumph pour la cr\u00e9ation de la Bonneville Heuer \u00e0 l\u2019occasion de la c\u00e9l\u00e9bration des 40 ans de la Monaco.","robots":{"index":"index","follow":"follow","max-snippet":"max-snippet:-1","max-image-preview":"max-image-preview:large","max-video-preview":"max-video-preview:-1"},"canonical":"https:\/\/www.my-watchsite.fr\/blog\/triumph-tag-heuer-deux-legendes-pour-une-icone-n2\/","og_locale":"fr_FR","og_type":"article","og_title":"Triumph TAG Heuer : deux l\u00e9gendes pour une ic\u00f4ne - MyWatch FR","og_description":"TAG Heuer s\u2019est associ\u00e9e \u00e0 Triumph pour la cr\u00e9ation de la Bonneville Heuer \u00e0 l\u2019occasion de la c\u00e9l\u00e9bration des 40 ans de la Monaco.","og_url":"https:\/\/www.my-watchsite.fr\/blog\/triumph-tag-heuer-deux-legendes-pour-une-icone-n2\/","og_site_name":"MyWatch FR","article_publisher":"https:\/\/www.facebook.com\/mywatchsite\/","article_published_time":"2009-06-29T22:00:00+00:00","article_modified_time":"2020-12-03T13:57:13+00:00","og_image":[{"width":450,"height":640,"url":"https:\/\/www.my-watchsite.fr\/blog\/wp-content\/uploads\/2020\/08\/2_1248173429.jpg","type":"image\/jpeg"}],"author":"MyWatch","twitter_card":"summary_large_image","twitter_creator":"@mywatchsite","twitter_site":"@mywatchsite","twitter_misc":{"\u00c9crit par":"MyWatch","Dur\u00e9e de lecture estim\u00e9e":"1 minute"},"schema":{"@context":"https:\/\/schema.org","@graph":[{"@type":"WebPage","@id":"https:\/\/www.my-watchsite.fr\/blog\/triumph-tag-heuer-deux-legendes-pour-une-icone-n2\/","url":"https:\/\/www.my-watchsite.fr\/blog\/triumph-tag-heuer-deux-legendes-pour-une-icone-n2\/","name":"Triumph TAG Heuer : deux l\u00e9gendes pour une ic\u00f4ne - MyWatch FR","isPartOf":{"@id":"https:\/\/www.my-watchsite.fr\/blog\/#website"},"datePublished":"2009-06-29T22:00:00+00:00","dateModified":"2020-12-03T13:57:13+00:00","author":{"@id":"https:\/\/www.my-watchsite.fr\/blog\/#\/schema\/person\/67e19b3e3d014465042ff1be1c9fcf44"},"description":"TAG Heuer s\u2019est associ\u00e9e \u00e0 Triumph pour la cr\u00e9ation de la Bonneville Heuer \u00e0 l\u2019occasion de la c\u00e9l\u00e9bration des 40 ans de la Monaco.","breadcrumb":{"@id":"https:\/\/www.my-watchsite.fr\/blog\/triumph-tag-heuer-deux-legendes-pour-une-icone-n2\/#breadcrumb"},"inLanguage":"fr-FR","potentialAction":[{"@type":"ReadAction","target":["https:\/\/www.my-watchsite.fr\/blog\/triumph-tag-heuer-deux-legendes-pour-une-icone-n2\/"]}]},{"@type":"BreadcrumbList","@id":"https:\/\/www.my-watchsite.fr\/blog\/triumph-tag-heuer-deux-legendes-pour-une-icone-n2\/#breadcrumb","itemListElement":[{"@type":"ListItem","position":1,"name":"Accueil","item":"https:\/\/www.my-watchsite.fr\/blog\/"},{"@type":"ListItem","position":2,"name":"Triumph TAG Heuer : deux l\u00e9gendes pour une ic\u00f4ne"}]},{"@type":"WebSite","@id":"https:\/\/www.my-watchsite.fr\/blog\/#website","url":"https:\/\/www.my-watchsite.fr\/blog\/","name":"MyWatch FR","description":"Make Time a Lifestyle","potentialAction":[{"@type":"SearchAction","target":{"@type":"EntryPoint","urlTemplate":"https:\/\/www.my-watchsite.fr\/blog\/?s={search_term_string}"},"query-input":"required name=search_term_string"}],"inLanguage":"fr-FR"},{"@type":"Person","@id":"https:\/\/www.my-watchsite.fr\/blog\/#\/schema\/person\/67e19b3e3d014465042ff1be1c9fcf44","name":"MyWatch","image":{"@type":"ImageObject","inLanguage":"fr-FR","@id":"https:\/\/www.my-watchsite.fr\/blog\/#\/schema\/person\/image\/","url":"https:\/\/secure.gravatar.com\/avatar\/e52d1e94806c54826c863f554ca1dd2a?s=96&d=mm&r=g","contentUrl":"https:\/\/secure.gravatar.com\/avatar\/e52d1e94806c54826c863f554ca1dd2a?s=96&d=mm&r=g","caption":"MyWatch"},"sameAs":["https:\/\/www.my-watchsite.fr\/blog"]}]}},"_links":{"self":[{"href":"https:\/\/www.my-watchsite.fr\/blog\/wp-json\/wp\/v2\/posts\/114"}],"collection":[{"href":"https:\/\/www.my-watchsite.fr\/blog\/wp-json\/wp\/v2\/posts"}],"about":[{"href":"https:\/\/www.my-watchsite.fr\/blog\/wp-json\/wp\/v2\/types\/post"}],"author":[{"embeddable":true,"href":"https:\/\/www.my-watchsite.fr\/blog\/wp-json\/wp\/v2\/users\/1"}],"replies":[{"embeddable":true,"href":"https:\/\/www.my-watchsite.fr\/blog\/wp-json\/wp\/v2\/comments?post=114"}],"version-history":[{"count":4,"href":"https:\/\/www.my-watchsite.fr\/blog\/wp-json\/wp\/v2\/posts\/114\/revisions"}],"predecessor-version":[{"id":9758,"href":"https:\/\/www.my-watchsite.fr\/blog\/wp-json\/wp\/v2\/posts\/114\/revisions\/9758"}],"wp:featuredmedia":[{"embeddable":true,"href":"https:\/\/www.my-watchsite.fr\/blog\/wp-json\/wp\/v2\/media\/115"}],"wp:attachment":[{"href":"https:\/\/www.my-watchsite.fr\/blog\/wp-json\/wp\/v2\/media?parent=114"}],"wp:term":[{"taxonomy":"category","embeddable":true,"href":"https:\/\/www.my-watchsite.fr\/blog\/wp-json\/wp\/v2\/categories?post=114"},{"taxonomy":"post_tag","embeddable":true,"href":"https:\/\/www.my-watchsite.fr\/blog\/wp-json\/wp\/v2\/tags?post=114"}],"curies":[{"name":"wp","href":"https:\/\/api.w.org\/{rel}","templated":true}]}}