{"id":1170,"date":"2012-05-31T00:00:00","date_gmt":"2012-05-30T22:00:00","guid":{"rendered":"https:\/\/www.my-watchsite.fr\/blog\/blog\/frederic-constant-parrain-dune-soiree-caritative-a-cannes-n327\/"},"modified":"2012-05-31T00:00:00","modified_gmt":"2012-05-30T22:00:00","slug":"frederic-constant-parrain-dune-soiree-caritative-a-cannes-n327","status":"publish","type":"post","link":"https:\/\/www.my-watchsite.fr\/blog\/frederic-constant-parrain-dune-soiree-caritative-a-cannes-n327\/","title":{"rendered":"Fr\u00e9d\u00e9ric Constant parrain d&rsquo;une soir\u00e9e caritative \u00e0 Cannes"},"content":{"rendered":"<div>A l\u2019occasion du Festival de Cannes 2012, la manufacture horlog\u00e8re suisse <strong>Fr\u00e9d\u00e9rique Constant <\/strong>a parrain\u00e9 la <strong>soir\u00e9e de charit\u00e9<\/strong>, organis\u00e9e par <strong>Eva Longoria<\/strong> et Denise Rich aux b\u00e9n\u00e9fices de leur fondation respective &#8211; <em> Eva Longoria<\/em> et <em>Les Anges de Gabrielle -,<\/em> o\u00f9 \u00e9taient pr\u00e9sents des invit\u00e9s de marque tels que Alec Baldwin, Michelle Rodriguez, Goga Ashkenazi, Roberto Cavalli, Diddy, Cassie, Amaury Nolasco ou encore Tara Reid.<\/div>\n<div>R\u00e9affirmant \u00e0 nouveau son engagement caritatif, Fr\u00e9d\u00e9rique Constant a choisi de soutenir le combat de ces deux fondations : <em>Eva Longoria*<\/em>, engag\u00e9e pour l\u2019\u00e9ducation des femmes, et <em>Les Anges de Gabrielle* <\/em>se battant pour financer les recherches de traitement du cancer.<em>\u00ab Le luxe signifie aussi avoir l\u2019opportunit\u00e9 d\u2019aider ceux qui sont dans le besoin, comme le d\u00e9montre Eva Longoria depuis quelques ann\u00e9es. Nous sommes heureux de la soutenir \u00bb <\/em>ont rapport\u00e9 Aletta et Peter Stas, COO et CEO de Fr\u00e9d\u00e9rique Constant. C\u2019est pourquoi ils continuent de collaborer avec Eva Longoria et d\u2019autres organismes de bienfaisance.<\/div>\n<div><strong>*A propos de la Fondation \u00ab <em>Eva Longoria \u00bb\u2026 <\/em><\/strong><\/div>\n<div>Cr\u00e9\u00e9e en 2010 par l\u2019actrice Eva Longoria, cette fondation a pour mission de promouvoir l\u2019\u00e9ducation des femmes afin de les aider \u00e0 construire un meilleur avenir pour elle et leur famille. Elle parraine r\u00e9guli\u00e8rement des programmes visant \u00e0 aider les filles \u00e0 atteindre le coll\u00e8ge, \u00e0 sensibiliser les enfants aux questions de sant\u00e9 ou encore \u00e0 accompagner la formation de femmes &#8211; entrepreneurs.<\/div>\n<div><strong>*A propos de la Fondation <em>\u00ab Les Anges de Gabrielle<\/em><\/strong><strong> \u00bb\u2026 <\/strong><\/div>\n<div>Engag\u00e9e dans la recherche pour le traitement du cancer, la fondation r\u00e9colte des fonds pour am\u00e9liorer l\u2019efficacit\u00e9 des traitements du cancer, r\u00e9duire leur toxicit\u00e9 et am\u00e9liorer la qualit\u00e9 de vie des patients atteints de leuc\u00e9mie, de lymphome et autres maladies relatives au cancer.<\/div>\n<div><strong>Fr\u00e9d\u00e9rique Constant en quelques mots\u2026<\/strong><\/div>\n<div>Fond\u00e9e en 1988 et dirig\u00e9e avec passion par Aletta et Peter Stas, Fr\u00e9d\u00e9rique Constant s\u2019est d\u00e9velopp\u00e9e parmi les plus grandes manufactures horlog\u00e8res Suisse. En 2011, la production annuelle a atteint 120 000 montres, distribu\u00e9es dans 2 700 points de vente \u00e0 travers plus de 100 pays dans le monde. Fr\u00e9d\u00e9rique Constant se positionne dans le segment du luxe accessible, avec un prix de vente compris entre 800 \u20ac et 4 000 \u20ac pour la plupart de ses montres. L\u2019entreprise pr\u00e9voit d\u2019atteindre une croissance annuelle de 25%, en doublant sa taille tous les 3 ans.<\/div>\n<ul>\n<li><img decoding=\"async\" src=\"https:\/\/www.my-watchsite.fr\/blog\/wp-content\/uploads\/2020\/08\/327_814.jpg\" alt=\"Aletta et Peter Stas, COO et CEO de Fr\u00e9d\u00e9rique Constant, avec Eva Longoria lors de la soir\u00e9e organis\u00e9e au profit notamment de la Fondation Eva Longoria.\" \/><\/li>\n<\/ul>\n","protected":false},"excerpt":{"rendered":"<p>A l\u2019occasion du Festival de Cannes 2012, la manufacture horlog\u00e8re suisse Fr\u00e9d\u00e9rique Constant a parrain\u00e9 la soir\u00e9e de charit\u00e9, organis\u00e9e par Eva Longoria et Denise Rich aux b\u00e9n\u00e9fices de leur fondation respective &#8211; Eva Longoria et Les Anges de Gabrielle -, o\u00f9 \u00e9taient pr\u00e9sents des invit\u00e9s de marque tels que Alec Baldwin, Michelle Rodriguez, Goga [&hellip;]<\/p>\n","protected":false},"author":1,"featured_media":1172,"comment_status":"closed","ping_status":"closed","sticky":false,"template":"","format":"standard","meta":{"footnotes":""},"categories":[2],"tags":[58],"acf":[],"yoast_head":"<!-- This site is optimized with the Yoast SEO plugin v20.4 - https:\/\/yoast.com\/wordpress\/plugins\/seo\/ -->\n<title>Fr\u00e9d\u00e9ric Constant parrain d&#039;une soir\u00e9e caritative \u00e0 Cannes - MyWatch FR<\/title>\n<meta name=\"robots\" content=\"index, follow, max-snippet:-1, max-image-preview:large, max-video-preview:-1\" \/>\n<link rel=\"canonical\" href=\"https:\/\/www.my-watchsite.fr\/blog\/frederic-constant-parrain-dune-soiree-caritative-a-cannes-n327\/\" \/>\n<meta property=\"og:locale\" content=\"fr_FR\" \/>\n<meta property=\"og:type\" content=\"article\" \/>\n<meta property=\"og:title\" content=\"Fr\u00e9d\u00e9ric Constant parrain d&#039;une soir\u00e9e caritative \u00e0 Cannes - MyWatch FR\" \/>\n<meta property=\"og:description\" content=\"A l\u2019occasion du Festival de Cannes 2012, la manufacture horlog\u00e8re suisse Fr\u00e9d\u00e9rique Constant a parrain\u00e9 la soir\u00e9e de charit\u00e9, organis\u00e9e par Eva Longoria et Denise Rich aux b\u00e9n\u00e9fices de leur fondation respective &#8211; Eva Longoria et Les Anges de Gabrielle -, o\u00f9 \u00e9taient pr\u00e9sents des invit\u00e9s de marque tels que Alec Baldwin, Michelle Rodriguez, Goga [&hellip;]\" \/>\n<meta property=\"og:url\" content=\"https:\/\/www.my-watchsite.fr\/blog\/frederic-constant-parrain-dune-soiree-caritative-a-cannes-n327\/\" \/>\n<meta property=\"og:site_name\" content=\"MyWatch FR\" \/>\n<meta property=\"article:publisher\" content=\"https:\/\/www.facebook.com\/mywatchsite\/\" \/>\n<meta property=\"article:published_time\" content=\"2012-05-30T22:00:00+00:00\" \/>\n<meta property=\"og:image\" content=\"https:\/\/www.my-watchsite.fr\/blog\/wp-content\/uploads\/2020\/08\/thumb_327.jpg\" \/>\n\t<meta property=\"og:image:width\" content=\"654\" \/>\n\t<meta property=\"og:image:height\" content=\"435\" \/>\n\t<meta property=\"og:image:type\" content=\"image\/jpeg\" \/>\n<meta name=\"author\" content=\"MyWatch\" \/>\n<meta name=\"twitter:card\" content=\"summary_large_image\" \/>\n<meta name=\"twitter:creator\" content=\"@mywatchsite\" \/>\n<meta name=\"twitter:site\" content=\"@mywatchsite\" \/>\n<meta name=\"twitter:label1\" content=\"\u00c9crit par\" \/>\n\t<meta name=\"twitter:data1\" content=\"MyWatch\" \/>\n\t<meta name=\"twitter:label2\" content=\"Dur\u00e9e de lecture estim\u00e9e\" \/>\n\t<meta name=\"twitter:data2\" content=\"2 minutes\" \/>\n<script type=\"application\/ld+json\" class=\"yoast-schema-graph\">{\"@context\":\"https:\/\/schema.org\",\"@graph\":[{\"@type\":\"WebPage\",\"@id\":\"https:\/\/www.my-watchsite.fr\/blog\/frederic-constant-parrain-dune-soiree-caritative-a-cannes-n327\/\",\"url\":\"https:\/\/www.my-watchsite.fr\/blog\/frederic-constant-parrain-dune-soiree-caritative-a-cannes-n327\/\",\"name\":\"Fr\u00e9d\u00e9ric Constant parrain d'une soir\u00e9e caritative \u00e0 Cannes - MyWatch FR\",\"isPartOf\":{\"@id\":\"https:\/\/www.my-watchsite.fr\/blog\/#website\"},\"datePublished\":\"2012-05-30T22:00:00+00:00\",\"dateModified\":\"2012-05-30T22:00:00+00:00\",\"author\":{\"@id\":\"https:\/\/www.my-watchsite.fr\/blog\/#\/schema\/person\/67e19b3e3d014465042ff1be1c9fcf44\"},\"breadcrumb\":{\"@id\":\"https:\/\/www.my-watchsite.fr\/blog\/frederic-constant-parrain-dune-soiree-caritative-a-cannes-n327\/#breadcrumb\"},\"inLanguage\":\"fr-FR\",\"potentialAction\":[{\"@type\":\"ReadAction\",\"target\":[\"https:\/\/www.my-watchsite.fr\/blog\/frederic-constant-parrain-dune-soiree-caritative-a-cannes-n327\/\"]}]},{\"@type\":\"BreadcrumbList\",\"@id\":\"https:\/\/www.my-watchsite.fr\/blog\/frederic-constant-parrain-dune-soiree-caritative-a-cannes-n327\/#breadcrumb\",\"itemListElement\":[{\"@type\":\"ListItem\",\"position\":1,\"name\":\"Accueil\",\"item\":\"https:\/\/www.my-watchsite.fr\/blog\/\"},{\"@type\":\"ListItem\",\"position\":2,\"name\":\"Fr\u00e9d\u00e9ric Constant parrain d&rsquo;une soir\u00e9e caritative \u00e0 Cannes\"}]},{\"@type\":\"WebSite\",\"@id\":\"https:\/\/www.my-watchsite.fr\/blog\/#website\",\"url\":\"https:\/\/www.my-watchsite.fr\/blog\/\",\"name\":\"MyWatch FR\",\"description\":\"Make Time a Lifestyle\",\"potentialAction\":[{\"@type\":\"SearchAction\",\"target\":{\"@type\":\"EntryPoint\",\"urlTemplate\":\"https:\/\/www.my-watchsite.fr\/blog\/?s={search_term_string}\"},\"query-input\":\"required name=search_term_string\"}],\"inLanguage\":\"fr-FR\"},{\"@type\":\"Person\",\"@id\":\"https:\/\/www.my-watchsite.fr\/blog\/#\/schema\/person\/67e19b3e3d014465042ff1be1c9fcf44\",\"name\":\"MyWatch\",\"image\":{\"@type\":\"ImageObject\",\"inLanguage\":\"fr-FR\",\"@id\":\"https:\/\/www.my-watchsite.fr\/blog\/#\/schema\/person\/image\/\",\"url\":\"https:\/\/secure.gravatar.com\/avatar\/e52d1e94806c54826c863f554ca1dd2a?s=96&d=mm&r=g\",\"contentUrl\":\"https:\/\/secure.gravatar.com\/avatar\/e52d1e94806c54826c863f554ca1dd2a?s=96&d=mm&r=g\",\"caption\":\"MyWatch\"},\"sameAs\":[\"https:\/\/www.my-watchsite.fr\/blog\"]}]}<\/script>\n<!-- \/ Yoast SEO plugin. -->","yoast_head_json":{"title":"Fr\u00e9d\u00e9ric Constant parrain d'une soir\u00e9e caritative \u00e0 Cannes - MyWatch FR","robots":{"index":"index","follow":"follow","max-snippet":"max-snippet:-1","max-image-preview":"max-image-preview:large","max-video-preview":"max-video-preview:-1"},"canonical":"https:\/\/www.my-watchsite.fr\/blog\/frederic-constant-parrain-dune-soiree-caritative-a-cannes-n327\/","og_locale":"fr_FR","og_type":"article","og_title":"Fr\u00e9d\u00e9ric Constant parrain d'une soir\u00e9e caritative \u00e0 Cannes - MyWatch FR","og_description":"A l\u2019occasion du Festival de Cannes 2012, la manufacture horlog\u00e8re suisse Fr\u00e9d\u00e9rique Constant a parrain\u00e9 la soir\u00e9e de charit\u00e9, organis\u00e9e par Eva Longoria et Denise Rich aux b\u00e9n\u00e9fices de leur fondation respective &#8211; Eva Longoria et Les Anges de Gabrielle -, o\u00f9 \u00e9taient pr\u00e9sents des invit\u00e9s de marque tels que Alec Baldwin, Michelle Rodriguez, Goga [&hellip;]","og_url":"https:\/\/www.my-watchsite.fr\/blog\/frederic-constant-parrain-dune-soiree-caritative-a-cannes-n327\/","og_site_name":"MyWatch FR","article_publisher":"https:\/\/www.facebook.com\/mywatchsite\/","article_published_time":"2012-05-30T22:00:00+00:00","og_image":[{"width":654,"height":435,"url":"https:\/\/www.my-watchsite.fr\/blog\/wp-content\/uploads\/2020\/08\/thumb_327.jpg","type":"image\/jpeg"}],"author":"MyWatch","twitter_card":"summary_large_image","twitter_creator":"@mywatchsite","twitter_site":"@mywatchsite","twitter_misc":{"\u00c9crit par":"MyWatch","Dur\u00e9e de lecture estim\u00e9e":"2 minutes"},"schema":{"@context":"https:\/\/schema.org","@graph":[{"@type":"WebPage","@id":"https:\/\/www.my-watchsite.fr\/blog\/frederic-constant-parrain-dune-soiree-caritative-a-cannes-n327\/","url":"https:\/\/www.my-watchsite.fr\/blog\/frederic-constant-parrain-dune-soiree-caritative-a-cannes-n327\/","name":"Fr\u00e9d\u00e9ric Constant parrain d'une soir\u00e9e caritative \u00e0 Cannes - MyWatch FR","isPartOf":{"@id":"https:\/\/www.my-watchsite.fr\/blog\/#website"},"datePublished":"2012-05-30T22:00:00+00:00","dateModified":"2012-05-30T22:00:00+00:00","author":{"@id":"https:\/\/www.my-watchsite.fr\/blog\/#\/schema\/person\/67e19b3e3d014465042ff1be1c9fcf44"},"breadcrumb":{"@id":"https:\/\/www.my-watchsite.fr\/blog\/frederic-constant-parrain-dune-soiree-caritative-a-cannes-n327\/#breadcrumb"},"inLanguage":"fr-FR","potentialAction":[{"@type":"ReadAction","target":["https:\/\/www.my-watchsite.fr\/blog\/frederic-constant-parrain-dune-soiree-caritative-a-cannes-n327\/"]}]},{"@type":"BreadcrumbList","@id":"https:\/\/www.my-watchsite.fr\/blog\/frederic-constant-parrain-dune-soiree-caritative-a-cannes-n327\/#breadcrumb","itemListElement":[{"@type":"ListItem","position":1,"name":"Accueil","item":"https:\/\/www.my-watchsite.fr\/blog\/"},{"@type":"ListItem","position":2,"name":"Fr\u00e9d\u00e9ric Constant parrain d&rsquo;une soir\u00e9e caritative \u00e0 Cannes"}]},{"@type":"WebSite","@id":"https:\/\/www.my-watchsite.fr\/blog\/#website","url":"https:\/\/www.my-watchsite.fr\/blog\/","name":"MyWatch FR","description":"Make Time a Lifestyle","potentialAction":[{"@type":"SearchAction","target":{"@type":"EntryPoint","urlTemplate":"https:\/\/www.my-watchsite.fr\/blog\/?s={search_term_string}"},"query-input":"required name=search_term_string"}],"inLanguage":"fr-FR"},{"@type":"Person","@id":"https:\/\/www.my-watchsite.fr\/blog\/#\/schema\/person\/67e19b3e3d014465042ff1be1c9fcf44","name":"MyWatch","image":{"@type":"ImageObject","inLanguage":"fr-FR","@id":"https:\/\/www.my-watchsite.fr\/blog\/#\/schema\/person\/image\/","url":"https:\/\/secure.gravatar.com\/avatar\/e52d1e94806c54826c863f554ca1dd2a?s=96&d=mm&r=g","contentUrl":"https:\/\/secure.gravatar.com\/avatar\/e52d1e94806c54826c863f554ca1dd2a?s=96&d=mm&r=g","caption":"MyWatch"},"sameAs":["https:\/\/www.my-watchsite.fr\/blog"]}]}},"_links":{"self":[{"href":"https:\/\/www.my-watchsite.fr\/blog\/wp-json\/wp\/v2\/posts\/1170"}],"collection":[{"href":"https:\/\/www.my-watchsite.fr\/blog\/wp-json\/wp\/v2\/posts"}],"about":[{"href":"https:\/\/www.my-watchsite.fr\/blog\/wp-json\/wp\/v2\/types\/post"}],"author":[{"embeddable":true,"href":"https:\/\/www.my-watchsite.fr\/blog\/wp-json\/wp\/v2\/users\/1"}],"replies":[{"embeddable":true,"href":"https:\/\/www.my-watchsite.fr\/blog\/wp-json\/wp\/v2\/comments?post=1170"}],"version-history":[{"count":0,"href":"https:\/\/www.my-watchsite.fr\/blog\/wp-json\/wp\/v2\/posts\/1170\/revisions"}],"wp:featuredmedia":[{"embeddable":true,"href":"https:\/\/www.my-watchsite.fr\/blog\/wp-json\/wp\/v2\/media\/1172"}],"wp:attachment":[{"href":"https:\/\/www.my-watchsite.fr\/blog\/wp-json\/wp\/v2\/media?parent=1170"}],"wp:term":[{"taxonomy":"category","embeddable":true,"href":"https:\/\/www.my-watchsite.fr\/blog\/wp-json\/wp\/v2\/categories?post=1170"},{"taxonomy":"post_tag","embeddable":true,"href":"https:\/\/www.my-watchsite.fr\/blog\/wp-json\/wp\/v2\/tags?post=1170"}],"curies":[{"name":"wp","href":"https:\/\/api.w.org\/{rel}","templated":true}]}}