{"id":120,"date":"2009-07-02T00:00:00","date_gmt":"2009-07-01T22:00:00","guid":{"rendered":"https:\/\/www.my-watchsite.fr\/blog\/blog\/un-velo-hublot-taille-pour-le-contre-la-montre-n4\/"},"modified":"2021-09-20T16:09:57","modified_gmt":"2021-09-20T14:09:57","slug":"un-velo-hublot-taille-pour-le-contre-la-montre-n4","status":"publish","type":"post","link":"https:\/\/www.my-watchsite.fr\/blog\/un-velo-hublot-taille-pour-le-contre-la-montre-n4\/","title":{"rendered":"Un v\u00e9lo Hublot taill\u00e9 pour le contre la montre"},"content":{"rendered":"<p>Hublot et BMC pr\u00e9sentent aujourd\u2019hui en avant-premi\u00e8re le v\u00e9lo qui vient rejoindre la ligne \u00abAll Black\u00bb. L\u2019association de l\u2019horloger avec le fabricant de v\u00e9los a permis la cr\u00e9ation d\u2019un v\u00e9lo de course exceptionnel qui, \u00e0 l\u2019image des montres Hublot, est un bijou de technologie et de design compos\u00e9 de mati\u00e8res l\u00e9g\u00e8res et performantes. On retrouve ainsi dans les roulements du p\u00e9dalier de la c\u00e9ramique pour diminuer le frottement, et le cadre est fait de fibre de carbone et d\u2019aluminium pour obtenir rigidit\u00e9 et r\u00e9sistance.<\/p>\n<p>Une s\u00e9rie tr\u00e8s exclusive, dont chaque exemplaire sera vendu 14000 \u20ac, et dont le premier sera test\u00e9 en course \u00e0 l\u2019occasion du \u00abWorld Stars Cycling Criterium\u00bb \u00e0 Monaco le 3 juillet prochain, veille du d\u00e9part du Tour de France. L\u2019occasion pour le patron d\u2019Hublot de se mesurer en personne \u00e0 des cyclistes de l\u00e9gende comme Eddy Merckx, Tony Rominger, Richard Virenque, Laurent Jalabert ou encore Pedro Delgado, qui participent tous \u00e0 cette course de bienfaisance organis\u00e9e par Star Team for the Children sous le haut patronage de S.A.S. le Prince Albert II de Monaco.<\/p>\n<p>Andy Rihs, propri\u00e9taire de BMC, se dit enchant\u00e9 de ce mod\u00e8le fabriqu\u00e9 avec Hublot, car en plus de son code g\u00e9n\u00e9tique de sportif d\u2019\u00e9lite, ce v\u00e9lo gagne du glamour avec Hublot ! En retour, Jean-Claude Biver pour qui le sport est une valeur essentielle, se f\u00e9licite de collaborer avec l\u2019entreprise suisse, dont la r\u00e9putation en mati\u00e8re de savoir-faire sportif n\u2019est plus \u00e0 faire.<\/p>\n<p><img decoding=\"async\" src=\"https:\/\/www.my-watchsite.fr\/blog\/wp-content\/uploads\/2020\/08\/4_1248182051.jpg\" alt=\"Hublot All Black Bike\" \/><img decoding=\"async\" src=\"https:\/\/www.my-watchsite.fr\/blog\/wp-content\/uploads\/2020\/08\/4_1248182271.jpg\" alt=\"Hublot All Black Bike\" \/><\/p>\n\n\n<p><a href=\"https:\/\/www.hublot.com\/fr-fr\" target=\"_blank\" rel=\"noreferrer noopener\">www.hublot.com<\/a> <\/p>\n\n\n\n<p>Lire aussi l&rsquo;article <a href=\"https:\/\/www.my-watchsite.fr\/blog\/lambassadeur-de-hublot-le-basketteur-dwyane-wade-a-joue-une-partie-a-1-million-rmb-n186\/\" target=\"_blank\" rel=\"noreferrer noopener\">L\u2019ambassadeur de Hublot, le basketteur Dwyane Wade, a jou\u00e9 une partie \u00e0 1 million RMB<\/a><\/p>\n","protected":false},"excerpt":{"rendered":"<p>Hublot et BMC pr\u00e9sentent aujourd\u2019hui en avant-premi\u00e8re le v\u00e9lo qui vient rejoindre la ligne \u00abAll Black\u00bb. L\u2019association de l\u2019horloger avec le fabricant de v\u00e9los a permis la cr\u00e9ation d\u2019un v\u00e9lo de course exceptionnel qui, \u00e0 l\u2019image des montres Hublot, est un bijou de technologie et de design compos\u00e9 de mati\u00e8res l\u00e9g\u00e8res et performantes. On retrouve [&hellip;]<\/p>\n","protected":false},"author":1,"featured_media":121,"comment_status":"closed","ping_status":"closed","sticky":false,"template":"","format":"standard","meta":{"footnotes":""},"categories":[2],"tags":[15],"acf":[],"yoast_head":"<!-- This site is optimized with the Yoast SEO plugin v20.4 - https:\/\/yoast.com\/wordpress\/plugins\/seo\/ -->\n<title>Un v\u00e9lo Hublot taill\u00e9 pour le contre la montre - MyWatch FR<\/title>\n<meta name=\"description\" content=\"Hublot et BMC pr\u00e9sentent aujourd\u2019hui en avant-premi\u00e8re le v\u00e9lo qui vient rejoindre la ligne \u00abAll Black\u00bb, un bijou de technologie et de design\" \/>\n<meta name=\"robots\" content=\"index, follow, max-snippet:-1, max-image-preview:large, max-video-preview:-1\" \/>\n<link rel=\"canonical\" href=\"https:\/\/www.my-watchsite.fr\/blog\/un-velo-hublot-taille-pour-le-contre-la-montre-n4\/\" \/>\n<meta property=\"og:locale\" content=\"fr_FR\" \/>\n<meta property=\"og:type\" content=\"article\" \/>\n<meta property=\"og:title\" content=\"Un v\u00e9lo Hublot taill\u00e9 pour le contre la montre - MyWatch FR\" \/>\n<meta property=\"og:description\" content=\"Hublot et BMC pr\u00e9sentent aujourd\u2019hui en avant-premi\u00e8re le v\u00e9lo qui vient rejoindre la ligne \u00abAll Black\u00bb, un bijou de technologie et de design\" \/>\n<meta property=\"og:url\" content=\"https:\/\/www.my-watchsite.fr\/blog\/un-velo-hublot-taille-pour-le-contre-la-montre-n4\/\" \/>\n<meta property=\"og:site_name\" content=\"MyWatch FR\" \/>\n<meta property=\"article:publisher\" content=\"https:\/\/www.facebook.com\/mywatchsite\/\" \/>\n<meta property=\"article:published_time\" content=\"2009-07-01T22:00:00+00:00\" \/>\n<meta property=\"article:modified_time\" content=\"2021-09-20T14:09:57+00:00\" \/>\n<meta property=\"og:image\" content=\"https:\/\/www.my-watchsite.fr\/blog\/wp-content\/uploads\/2020\/08\/4_1248182051.jpg\" \/>\n\t<meta property=\"og:image:width\" content=\"200\" \/>\n\t<meta property=\"og:image:height\" content=\"284\" \/>\n\t<meta property=\"og:image:type\" content=\"image\/jpeg\" \/>\n<meta name=\"author\" content=\"MyWatch\" \/>\n<meta name=\"twitter:card\" content=\"summary_large_image\" \/>\n<meta name=\"twitter:creator\" content=\"@mywatchsite\" \/>\n<meta name=\"twitter:site\" content=\"@mywatchsite\" \/>\n<meta name=\"twitter:label1\" content=\"\u00c9crit par\" \/>\n\t<meta name=\"twitter:data1\" content=\"MyWatch\" \/>\n\t<meta name=\"twitter:label2\" content=\"Dur\u00e9e de lecture estim\u00e9e\" \/>\n\t<meta name=\"twitter:data2\" content=\"2 minutes\" \/>\n<script type=\"application\/ld+json\" class=\"yoast-schema-graph\">{\"@context\":\"https:\/\/schema.org\",\"@graph\":[{\"@type\":\"WebPage\",\"@id\":\"https:\/\/www.my-watchsite.fr\/blog\/un-velo-hublot-taille-pour-le-contre-la-montre-n4\/\",\"url\":\"https:\/\/www.my-watchsite.fr\/blog\/un-velo-hublot-taille-pour-le-contre-la-montre-n4\/\",\"name\":\"Un v\u00e9lo Hublot taill\u00e9 pour le contre la montre - MyWatch FR\",\"isPartOf\":{\"@id\":\"https:\/\/www.my-watchsite.fr\/blog\/#website\"},\"datePublished\":\"2009-07-01T22:00:00+00:00\",\"dateModified\":\"2021-09-20T14:09:57+00:00\",\"author\":{\"@id\":\"https:\/\/www.my-watchsite.fr\/blog\/#\/schema\/person\/67e19b3e3d014465042ff1be1c9fcf44\"},\"description\":\"Hublot et BMC pr\u00e9sentent aujourd\u2019hui en avant-premi\u00e8re le v\u00e9lo qui vient rejoindre la ligne \u00abAll Black\u00bb, un bijou de technologie et de design\",\"breadcrumb\":{\"@id\":\"https:\/\/www.my-watchsite.fr\/blog\/un-velo-hublot-taille-pour-le-contre-la-montre-n4\/#breadcrumb\"},\"inLanguage\":\"fr-FR\",\"potentialAction\":[{\"@type\":\"ReadAction\",\"target\":[\"https:\/\/www.my-watchsite.fr\/blog\/un-velo-hublot-taille-pour-le-contre-la-montre-n4\/\"]}]},{\"@type\":\"BreadcrumbList\",\"@id\":\"https:\/\/www.my-watchsite.fr\/blog\/un-velo-hublot-taille-pour-le-contre-la-montre-n4\/#breadcrumb\",\"itemListElement\":[{\"@type\":\"ListItem\",\"position\":1,\"name\":\"Accueil\",\"item\":\"https:\/\/www.my-watchsite.fr\/blog\/\"},{\"@type\":\"ListItem\",\"position\":2,\"name\":\"Un v\u00e9lo Hublot taill\u00e9 pour le contre la montre\"}]},{\"@type\":\"WebSite\",\"@id\":\"https:\/\/www.my-watchsite.fr\/blog\/#website\",\"url\":\"https:\/\/www.my-watchsite.fr\/blog\/\",\"name\":\"MyWatch FR\",\"description\":\"Make Time a Lifestyle\",\"potentialAction\":[{\"@type\":\"SearchAction\",\"target\":{\"@type\":\"EntryPoint\",\"urlTemplate\":\"https:\/\/www.my-watchsite.fr\/blog\/?s={search_term_string}\"},\"query-input\":\"required name=search_term_string\"}],\"inLanguage\":\"fr-FR\"},{\"@type\":\"Person\",\"@id\":\"https:\/\/www.my-watchsite.fr\/blog\/#\/schema\/person\/67e19b3e3d014465042ff1be1c9fcf44\",\"name\":\"MyWatch\",\"image\":{\"@type\":\"ImageObject\",\"inLanguage\":\"fr-FR\",\"@id\":\"https:\/\/www.my-watchsite.fr\/blog\/#\/schema\/person\/image\/\",\"url\":\"https:\/\/secure.gravatar.com\/avatar\/e52d1e94806c54826c863f554ca1dd2a?s=96&d=mm&r=g\",\"contentUrl\":\"https:\/\/secure.gravatar.com\/avatar\/e52d1e94806c54826c863f554ca1dd2a?s=96&d=mm&r=g\",\"caption\":\"MyWatch\"},\"sameAs\":[\"https:\/\/www.my-watchsite.fr\/blog\"]}]}<\/script>\n<!-- \/ Yoast SEO plugin. -->","yoast_head_json":{"title":"Un v\u00e9lo Hublot taill\u00e9 pour le contre la montre - MyWatch FR","description":"Hublot et BMC pr\u00e9sentent aujourd\u2019hui en avant-premi\u00e8re le v\u00e9lo qui vient rejoindre la ligne \u00abAll Black\u00bb, un bijou de technologie et de design","robots":{"index":"index","follow":"follow","max-snippet":"max-snippet:-1","max-image-preview":"max-image-preview:large","max-video-preview":"max-video-preview:-1"},"canonical":"https:\/\/www.my-watchsite.fr\/blog\/un-velo-hublot-taille-pour-le-contre-la-montre-n4\/","og_locale":"fr_FR","og_type":"article","og_title":"Un v\u00e9lo Hublot taill\u00e9 pour le contre la montre - MyWatch FR","og_description":"Hublot et BMC pr\u00e9sentent aujourd\u2019hui en avant-premi\u00e8re le v\u00e9lo qui vient rejoindre la ligne \u00abAll Black\u00bb, un bijou de technologie et de design","og_url":"https:\/\/www.my-watchsite.fr\/blog\/un-velo-hublot-taille-pour-le-contre-la-montre-n4\/","og_site_name":"MyWatch FR","article_publisher":"https:\/\/www.facebook.com\/mywatchsite\/","article_published_time":"2009-07-01T22:00:00+00:00","article_modified_time":"2021-09-20T14:09:57+00:00","og_image":[{"width":200,"height":284,"url":"https:\/\/www.my-watchsite.fr\/blog\/wp-content\/uploads\/2020\/08\/4_1248182051.jpg","type":"image\/jpeg"}],"author":"MyWatch","twitter_card":"summary_large_image","twitter_creator":"@mywatchsite","twitter_site":"@mywatchsite","twitter_misc":{"\u00c9crit par":"MyWatch","Dur\u00e9e de lecture estim\u00e9e":"2 minutes"},"schema":{"@context":"https:\/\/schema.org","@graph":[{"@type":"WebPage","@id":"https:\/\/www.my-watchsite.fr\/blog\/un-velo-hublot-taille-pour-le-contre-la-montre-n4\/","url":"https:\/\/www.my-watchsite.fr\/blog\/un-velo-hublot-taille-pour-le-contre-la-montre-n4\/","name":"Un v\u00e9lo Hublot taill\u00e9 pour le contre la montre - MyWatch FR","isPartOf":{"@id":"https:\/\/www.my-watchsite.fr\/blog\/#website"},"datePublished":"2009-07-01T22:00:00+00:00","dateModified":"2021-09-20T14:09:57+00:00","author":{"@id":"https:\/\/www.my-watchsite.fr\/blog\/#\/schema\/person\/67e19b3e3d014465042ff1be1c9fcf44"},"description":"Hublot et BMC pr\u00e9sentent aujourd\u2019hui en avant-premi\u00e8re le v\u00e9lo qui vient rejoindre la ligne \u00abAll Black\u00bb, un bijou de technologie et de design","breadcrumb":{"@id":"https:\/\/www.my-watchsite.fr\/blog\/un-velo-hublot-taille-pour-le-contre-la-montre-n4\/#breadcrumb"},"inLanguage":"fr-FR","potentialAction":[{"@type":"ReadAction","target":["https:\/\/www.my-watchsite.fr\/blog\/un-velo-hublot-taille-pour-le-contre-la-montre-n4\/"]}]},{"@type":"BreadcrumbList","@id":"https:\/\/www.my-watchsite.fr\/blog\/un-velo-hublot-taille-pour-le-contre-la-montre-n4\/#breadcrumb","itemListElement":[{"@type":"ListItem","position":1,"name":"Accueil","item":"https:\/\/www.my-watchsite.fr\/blog\/"},{"@type":"ListItem","position":2,"name":"Un v\u00e9lo Hublot taill\u00e9 pour le contre la montre"}]},{"@type":"WebSite","@id":"https:\/\/www.my-watchsite.fr\/blog\/#website","url":"https:\/\/www.my-watchsite.fr\/blog\/","name":"MyWatch FR","description":"Make Time a Lifestyle","potentialAction":[{"@type":"SearchAction","target":{"@type":"EntryPoint","urlTemplate":"https:\/\/www.my-watchsite.fr\/blog\/?s={search_term_string}"},"query-input":"required name=search_term_string"}],"inLanguage":"fr-FR"},{"@type":"Person","@id":"https:\/\/www.my-watchsite.fr\/blog\/#\/schema\/person\/67e19b3e3d014465042ff1be1c9fcf44","name":"MyWatch","image":{"@type":"ImageObject","inLanguage":"fr-FR","@id":"https:\/\/www.my-watchsite.fr\/blog\/#\/schema\/person\/image\/","url":"https:\/\/secure.gravatar.com\/avatar\/e52d1e94806c54826c863f554ca1dd2a?s=96&d=mm&r=g","contentUrl":"https:\/\/secure.gravatar.com\/avatar\/e52d1e94806c54826c863f554ca1dd2a?s=96&d=mm&r=g","caption":"MyWatch"},"sameAs":["https:\/\/www.my-watchsite.fr\/blog"]}]}},"_links":{"self":[{"href":"https:\/\/www.my-watchsite.fr\/blog\/wp-json\/wp\/v2\/posts\/120"}],"collection":[{"href":"https:\/\/www.my-watchsite.fr\/blog\/wp-json\/wp\/v2\/posts"}],"about":[{"href":"https:\/\/www.my-watchsite.fr\/blog\/wp-json\/wp\/v2\/types\/post"}],"author":[{"embeddable":true,"href":"https:\/\/www.my-watchsite.fr\/blog\/wp-json\/wp\/v2\/users\/1"}],"replies":[{"embeddable":true,"href":"https:\/\/www.my-watchsite.fr\/blog\/wp-json\/wp\/v2\/comments?post=120"}],"version-history":[{"count":2,"href":"https:\/\/www.my-watchsite.fr\/blog\/wp-json\/wp\/v2\/posts\/120\/revisions"}],"predecessor-version":[{"id":16615,"href":"https:\/\/www.my-watchsite.fr\/blog\/wp-json\/wp\/v2\/posts\/120\/revisions\/16615"}],"wp:featuredmedia":[{"embeddable":true,"href":"https:\/\/www.my-watchsite.fr\/blog\/wp-json\/wp\/v2\/media\/121"}],"wp:attachment":[{"href":"https:\/\/www.my-watchsite.fr\/blog\/wp-json\/wp\/v2\/media?parent=120"}],"wp:term":[{"taxonomy":"category","embeddable":true,"href":"https:\/\/www.my-watchsite.fr\/blog\/wp-json\/wp\/v2\/categories?post=120"},{"taxonomy":"post_tag","embeddable":true,"href":"https:\/\/www.my-watchsite.fr\/blog\/wp-json\/wp\/v2\/tags?post=120"}],"curies":[{"name":"wp","href":"https:\/\/api.w.org\/{rel}","templated":true}]}}