{"id":1222,"date":"2012-06-19T00:00:00","date_gmt":"2012-06-18T22:00:00","guid":{"rendered":"https:\/\/www.my-watchsite.fr\/blog\/blog\/tag-heuer-avec-audi-sport-sur-la-premiere-marche-du-podium-des-24-heures-du-mans-n339\/"},"modified":"2021-09-07T11:01:37","modified_gmt":"2021-09-07T09:01:37","slug":"tag-heuer-avec-audi-sport-sur-la-premiere-marche-du-podium-des-24-heures-du-mans-n339","status":"publish","type":"post","link":"https:\/\/www.my-watchsite.fr\/blog\/tag-heuer-avec-audi-sport-sur-la-premiere-marche-du-podium-des-24-heures-du-mans-n339\/","title":{"rendered":"TAG Heuer avec Audi Sport sur la premi\u00e8re marche du podium des 24 heures du Mans"},"content":{"rendered":"<div><strong>Le constructeur automobile allemand est mont\u00e9 sur la plus haute marche du podium pour la 11e fois avec les pilotes Marcel F\u00e4ssler, Andr\u00e9 Lotterer et Beno\u00eet Tr\u00e9luyer dans la voiture n\u00b0 1.<\/strong><\/div>\n<div>\u00a0<\/div>\n<div><img decoding=\"async\" src=\"https:\/\/www.my-watchsite.fr\/blog\/wp-content\/uploads\/2020\/08\/339_852.jpg\" alt=\"L'\u00e9quipe Audi Sport sur les plus hautes marches du podium aux 24 heures du Mans.\" \/><\/div>\n<div>\u00a0<\/div>\n<div>En tant que fournisseur officiel de montres et de lunettes, cela fait maintenant 3 ans que TAG Heuer est partenaire d\u2019Audi Sport et que les deux marques partagent de nombreux succ\u00e8s comme les 3 victoires au 24 heures du Mans, l\u2019une des courses les plus prestigieuses au monde. Apr\u00e8s une lutte \u00e9pique de 24 heures, Marcel F\u00e4ssler, Andr\u00e9 Lotterer, Beno\u00eet Tr\u00e9luyer et le Dr Ullrich, pr\u00e9sident d\u2019Audi Sport, sont fi\u00e8rement mont\u00e9s sur le podium pour pr\u00e9senter le troph\u00e9e, portant chacun au poignet une montre TAG Heuer Carrera Calibre 1 et des solaires Squadra de TAG Heuer Eyewear. Audi Sport s\u2019est offert le luxe d\u2019\u00eatre \u00e9galement pr\u00e9sent sur la deuxi\u00e8me marche avec Dindo Capello, Tom Kristensen et Allan McNish, et sur la troisi\u00e8me marche avec Marco Bonanomi, Oliver Jarvis et Mike Rockenfeller.<\/div>\n<div>\u00a0<\/div>\n<div>Les couleurs de l\u2019horloger suisse \u00e9taient \u00e9galement visibles tout le week-end sur les combinaisons et les casquettes des pilotes, les combinaisons des managers et sur les quatre voitures engag\u00e9es dans la comp\u00e9tition : 2 voitures hybrides, les Audi R18 e-tron quattro, et 2 voitures diesel, les Audi R18 Ultra.<\/div>\n<div>\u00a0<\/div>\n<div>Le d\u00e9fi qu\u2019a constitu\u00e9 le choix d\u2019une hybride a port\u00e9 ses fruits pour Audi Sport, qui est devenu le premier constructeur automobile \u00e0 remporter les 24 heures du Mans avec un moteur hybride. Audi Sport est plus que jamais au top niveau : meilleure \u00e9quipe, meilleur pilote et meilleur temps au tour !<\/div>\n<div>\u00a0<\/div>\n<div>\u00ab <em>Je souhaiterais f\u00e9liciter notre partenaire, Audi Sport, pour cette nouvelle victoire au Mans,<\/em> a d\u00e9clar\u00e9 Jean-Christophe Babin, PDG de TAG Heuer.<em>Audi Sport est toujours \u00e0 la recherche de nouvelles technologies de pointe performantes, tout comme nous, et c\u2019est l\u2019une des raisons pour lesquelles nous les soutenons. Nous sommes tr\u00e8s fiers aujourd\u2019hui de cette 3e victoire ensemble, la 11e depuis les d\u00e9buts d\u2019Audi Sport au Mans !<\/em> \u00bb<\/div>\n<div>\u00a0<\/div>\n<div><img decoding=\"async\" src=\"https:\/\/www.my-watchsite.fr\/blog\/wp-content\/uploads\/2020\/08\/339_853.jpg\" alt=\"La nouvelle Monaco \u00e9dition Steve McQueen.\" \/><\/div>\n<div>\u00a0<\/div>\n<div>\n<div>Les pilotes d\u2019Audi Sport ont \u00e9crit une nouvelle page de l\u2019histoire de TAG Heuer dans cette course mythique, une histoire qui a commenc\u00e9 en 1970 avec le film \u00ab Le Mans \u00bb dans lequel jouait Steve McQueen, ambassadeur TAG Heuer, qui portait la toute premi\u00e8re montre TAG Heuer Monaco Calibre 11. Avec cette victoire, leur deuxi\u00e8me d\u2019affil\u00e9e, Marcel F\u00e4ssler, Andr\u00e9 Lotterer et Beno\u00eet Tr\u00e9luyer rendent un hommage id\u00e9al \u00e0 la Monaco \u00e9dition Steve McQueen lanc\u00e9e il y a quelques semaines.<\/div>\n<div>Pour la course, TAG Heuer a fourni aux pilotes des lunettes TAG Heuer Night Vision test\u00e9es et port\u00e9es par Dindo Capello, Beno\u00eet Tr\u00e9luyer et Marc Gen\u00e9 au cours du week-end. En journ\u00e9e, Marc a \u00e9galement port\u00e9 les solaires TAG Heuer Panorama sous son casque.<\/div>\n<div>\u00a0<\/div>\n<div>Gr\u00e2ce \u00e0 cette victoire, Audi Sport \u00e9tend sa domination sur le Championnat du monde d\u2019endurance FIA et sera de retour sur le bitume \u00e0 Silverstone en ao\u00fbt pour continuer \u00e0 se battre pour le titre de champion ! En tant que partenaire mondial d\u2019Audi Sport, TAG Heuer est \u00e9galement pr\u00e9sent sur le DTM et sur les voitures A5 DTM de Mattias Ekstr\u00f6m et Mike Rockenfeller. Apr\u00e8s 4 courses, Mattias d\u00e9tient actuellement la deuxi\u00e8me place du classement des pilotes et continuera \u00e0 se battre pour le titre au cours des 6 derni\u00e8res courses de la saison !<\/div>\n<\/div>\n\n\n<p><a href=\"https:\/\/www.tagheuer.com\/fr\/fr\/\" target=\"_blank\" rel=\"noreferrer noopener\">www.tagheuer.com<\/a><\/p>\n\n\n\n<p>Lire aussi l&rsquo;article <a href=\"https:\/\/www.my-watchsite.fr\/blog\/maria-sharapova-ambassadrice-tag-heuer-a-gagne-roland-garros-n336\/\" target=\"_blank\" rel=\"noreferrer noopener\">Maria Sharapova, ambassadrice TAG Heuer, a gagn\u00e9 Roland-Garros<\/a><\/p>\n","protected":false},"excerpt":{"rendered":"<p>Le constructeur automobile allemand est mont\u00e9 sur la plus haute marche du podium pour la 11e fois avec les pilotes Marcel F\u00e4ssler, Andr\u00e9 Lotterer et Beno\u00eet Tr\u00e9luyer dans la voiture n\u00b0 1. \u00a0 \u00a0 En tant que fournisseur officiel de montres et de lunettes, cela fait maintenant 3 ans que TAG Heuer est partenaire d\u2019Audi [&hellip;]<\/p>\n","protected":false},"author":1,"featured_media":1223,"comment_status":"closed","ping_status":"closed","sticky":false,"template":"","format":"standard","meta":{"footnotes":""},"categories":[2],"tags":[17],"acf":[],"yoast_head":"<!-- This site is optimized with the Yoast SEO plugin v20.4 - https:\/\/yoast.com\/wordpress\/plugins\/seo\/ -->\n<title>TAG Heuer et Audi Sport sur la 1\u00e8re marche du podium - 24h du Mans<\/title>\n<meta name=\"description\" content=\"Cela fait maintenant 3 ans que TAG Heuer est partenaire d\u2019Audi Sport et que les deux marques partagent de nombreux succ\u00e8s.\" \/>\n<meta name=\"robots\" content=\"index, follow, max-snippet:-1, max-image-preview:large, max-video-preview:-1\" \/>\n<link rel=\"canonical\" href=\"https:\/\/www.my-watchsite.fr\/blog\/tag-heuer-avec-audi-sport-sur-la-premiere-marche-du-podium-des-24-heures-du-mans-n339\/\" \/>\n<meta property=\"og:locale\" content=\"fr_FR\" \/>\n<meta property=\"og:type\" content=\"article\" \/>\n<meta property=\"og:title\" content=\"TAG Heuer et Audi Sport sur la 1\u00e8re marche du podium - 24h du Mans\" \/>\n<meta property=\"og:description\" content=\"Cela fait maintenant 3 ans que TAG Heuer est partenaire d\u2019Audi Sport et que les deux marques partagent de nombreux succ\u00e8s.\" \/>\n<meta property=\"og:url\" content=\"https:\/\/www.my-watchsite.fr\/blog\/tag-heuer-avec-audi-sport-sur-la-premiere-marche-du-podium-des-24-heures-du-mans-n339\/\" \/>\n<meta property=\"og:site_name\" content=\"MyWatch FR\" \/>\n<meta property=\"article:publisher\" content=\"https:\/\/www.facebook.com\/mywatchsite\/\" \/>\n<meta property=\"article:published_time\" content=\"2012-06-18T22:00:00+00:00\" \/>\n<meta property=\"article:modified_time\" content=\"2021-09-07T09:01:37+00:00\" \/>\n<meta property=\"og:image\" content=\"https:\/\/www.my-watchsite.fr\/blog\/wp-content\/uploads\/2020\/08\/339_852.jpg\" \/>\n\t<meta property=\"og:image:width\" content=\"450\" \/>\n\t<meta property=\"og:image:height\" content=\"212\" \/>\n\t<meta property=\"og:image:type\" content=\"image\/jpeg\" \/>\n<meta name=\"author\" content=\"MyWatch\" \/>\n<meta name=\"twitter:card\" content=\"summary_large_image\" \/>\n<meta name=\"twitter:creator\" content=\"@mywatchsite\" \/>\n<meta name=\"twitter:site\" content=\"@mywatchsite\" \/>\n<meta name=\"twitter:label1\" content=\"\u00c9crit par\" \/>\n\t<meta name=\"twitter:data1\" content=\"MyWatch\" \/>\n\t<meta name=\"twitter:label2\" content=\"Dur\u00e9e de lecture estim\u00e9e\" \/>\n\t<meta name=\"twitter:data2\" content=\"3 minutes\" \/>\n<script type=\"application\/ld+json\" class=\"yoast-schema-graph\">{\"@context\":\"https:\/\/schema.org\",\"@graph\":[{\"@type\":\"WebPage\",\"@id\":\"https:\/\/www.my-watchsite.fr\/blog\/tag-heuer-avec-audi-sport-sur-la-premiere-marche-du-podium-des-24-heures-du-mans-n339\/\",\"url\":\"https:\/\/www.my-watchsite.fr\/blog\/tag-heuer-avec-audi-sport-sur-la-premiere-marche-du-podium-des-24-heures-du-mans-n339\/\",\"name\":\"TAG Heuer et Audi Sport sur la 1\u00e8re marche du podium - 24h du Mans\",\"isPartOf\":{\"@id\":\"https:\/\/www.my-watchsite.fr\/blog\/#website\"},\"datePublished\":\"2012-06-18T22:00:00+00:00\",\"dateModified\":\"2021-09-07T09:01:37+00:00\",\"author\":{\"@id\":\"https:\/\/www.my-watchsite.fr\/blog\/#\/schema\/person\/67e19b3e3d014465042ff1be1c9fcf44\"},\"description\":\"Cela fait maintenant 3 ans que TAG Heuer est partenaire d\u2019Audi Sport et que les deux marques partagent de nombreux succ\u00e8s.\",\"breadcrumb\":{\"@id\":\"https:\/\/www.my-watchsite.fr\/blog\/tag-heuer-avec-audi-sport-sur-la-premiere-marche-du-podium-des-24-heures-du-mans-n339\/#breadcrumb\"},\"inLanguage\":\"fr-FR\",\"potentialAction\":[{\"@type\":\"ReadAction\",\"target\":[\"https:\/\/www.my-watchsite.fr\/blog\/tag-heuer-avec-audi-sport-sur-la-premiere-marche-du-podium-des-24-heures-du-mans-n339\/\"]}]},{\"@type\":\"BreadcrumbList\",\"@id\":\"https:\/\/www.my-watchsite.fr\/blog\/tag-heuer-avec-audi-sport-sur-la-premiere-marche-du-podium-des-24-heures-du-mans-n339\/#breadcrumb\",\"itemListElement\":[{\"@type\":\"ListItem\",\"position\":1,\"name\":\"Accueil\",\"item\":\"https:\/\/www.my-watchsite.fr\/blog\/\"},{\"@type\":\"ListItem\",\"position\":2,\"name\":\"TAG Heuer avec Audi Sport sur la premi\u00e8re marche du podium des 24 heures du Mans\"}]},{\"@type\":\"WebSite\",\"@id\":\"https:\/\/www.my-watchsite.fr\/blog\/#website\",\"url\":\"https:\/\/www.my-watchsite.fr\/blog\/\",\"name\":\"MyWatch FR\",\"description\":\"Make Time a Lifestyle\",\"potentialAction\":[{\"@type\":\"SearchAction\",\"target\":{\"@type\":\"EntryPoint\",\"urlTemplate\":\"https:\/\/www.my-watchsite.fr\/blog\/?s={search_term_string}\"},\"query-input\":\"required name=search_term_string\"}],\"inLanguage\":\"fr-FR\"},{\"@type\":\"Person\",\"@id\":\"https:\/\/www.my-watchsite.fr\/blog\/#\/schema\/person\/67e19b3e3d014465042ff1be1c9fcf44\",\"name\":\"MyWatch\",\"image\":{\"@type\":\"ImageObject\",\"inLanguage\":\"fr-FR\",\"@id\":\"https:\/\/www.my-watchsite.fr\/blog\/#\/schema\/person\/image\/\",\"url\":\"https:\/\/secure.gravatar.com\/avatar\/e52d1e94806c54826c863f554ca1dd2a?s=96&d=mm&r=g\",\"contentUrl\":\"https:\/\/secure.gravatar.com\/avatar\/e52d1e94806c54826c863f554ca1dd2a?s=96&d=mm&r=g\",\"caption\":\"MyWatch\"},\"sameAs\":[\"https:\/\/www.my-watchsite.fr\/blog\"]}]}<\/script>\n<!-- \/ Yoast SEO plugin. -->","yoast_head_json":{"title":"TAG Heuer et Audi Sport sur la 1\u00e8re marche du podium - 24h du Mans","description":"Cela fait maintenant 3 ans que TAG Heuer est partenaire d\u2019Audi Sport et que les deux marques partagent de nombreux succ\u00e8s.","robots":{"index":"index","follow":"follow","max-snippet":"max-snippet:-1","max-image-preview":"max-image-preview:large","max-video-preview":"max-video-preview:-1"},"canonical":"https:\/\/www.my-watchsite.fr\/blog\/tag-heuer-avec-audi-sport-sur-la-premiere-marche-du-podium-des-24-heures-du-mans-n339\/","og_locale":"fr_FR","og_type":"article","og_title":"TAG Heuer et Audi Sport sur la 1\u00e8re marche du podium - 24h du Mans","og_description":"Cela fait maintenant 3 ans que TAG Heuer est partenaire d\u2019Audi Sport et que les deux marques partagent de nombreux succ\u00e8s.","og_url":"https:\/\/www.my-watchsite.fr\/blog\/tag-heuer-avec-audi-sport-sur-la-premiere-marche-du-podium-des-24-heures-du-mans-n339\/","og_site_name":"MyWatch FR","article_publisher":"https:\/\/www.facebook.com\/mywatchsite\/","article_published_time":"2012-06-18T22:00:00+00:00","article_modified_time":"2021-09-07T09:01:37+00:00","og_image":[{"width":450,"height":212,"url":"https:\/\/www.my-watchsite.fr\/blog\/wp-content\/uploads\/2020\/08\/339_852.jpg","type":"image\/jpeg"}],"author":"MyWatch","twitter_card":"summary_large_image","twitter_creator":"@mywatchsite","twitter_site":"@mywatchsite","twitter_misc":{"\u00c9crit par":"MyWatch","Dur\u00e9e de lecture estim\u00e9e":"3 minutes"},"schema":{"@context":"https:\/\/schema.org","@graph":[{"@type":"WebPage","@id":"https:\/\/www.my-watchsite.fr\/blog\/tag-heuer-avec-audi-sport-sur-la-premiere-marche-du-podium-des-24-heures-du-mans-n339\/","url":"https:\/\/www.my-watchsite.fr\/blog\/tag-heuer-avec-audi-sport-sur-la-premiere-marche-du-podium-des-24-heures-du-mans-n339\/","name":"TAG Heuer et Audi Sport sur la 1\u00e8re marche du podium - 24h du Mans","isPartOf":{"@id":"https:\/\/www.my-watchsite.fr\/blog\/#website"},"datePublished":"2012-06-18T22:00:00+00:00","dateModified":"2021-09-07T09:01:37+00:00","author":{"@id":"https:\/\/www.my-watchsite.fr\/blog\/#\/schema\/person\/67e19b3e3d014465042ff1be1c9fcf44"},"description":"Cela fait maintenant 3 ans que TAG Heuer est partenaire d\u2019Audi Sport et que les deux marques partagent de nombreux succ\u00e8s.","breadcrumb":{"@id":"https:\/\/www.my-watchsite.fr\/blog\/tag-heuer-avec-audi-sport-sur-la-premiere-marche-du-podium-des-24-heures-du-mans-n339\/#breadcrumb"},"inLanguage":"fr-FR","potentialAction":[{"@type":"ReadAction","target":["https:\/\/www.my-watchsite.fr\/blog\/tag-heuer-avec-audi-sport-sur-la-premiere-marche-du-podium-des-24-heures-du-mans-n339\/"]}]},{"@type":"BreadcrumbList","@id":"https:\/\/www.my-watchsite.fr\/blog\/tag-heuer-avec-audi-sport-sur-la-premiere-marche-du-podium-des-24-heures-du-mans-n339\/#breadcrumb","itemListElement":[{"@type":"ListItem","position":1,"name":"Accueil","item":"https:\/\/www.my-watchsite.fr\/blog\/"},{"@type":"ListItem","position":2,"name":"TAG Heuer avec Audi Sport sur la premi\u00e8re marche du podium des 24 heures du Mans"}]},{"@type":"WebSite","@id":"https:\/\/www.my-watchsite.fr\/blog\/#website","url":"https:\/\/www.my-watchsite.fr\/blog\/","name":"MyWatch FR","description":"Make Time a Lifestyle","potentialAction":[{"@type":"SearchAction","target":{"@type":"EntryPoint","urlTemplate":"https:\/\/www.my-watchsite.fr\/blog\/?s={search_term_string}"},"query-input":"required name=search_term_string"}],"inLanguage":"fr-FR"},{"@type":"Person","@id":"https:\/\/www.my-watchsite.fr\/blog\/#\/schema\/person\/67e19b3e3d014465042ff1be1c9fcf44","name":"MyWatch","image":{"@type":"ImageObject","inLanguage":"fr-FR","@id":"https:\/\/www.my-watchsite.fr\/blog\/#\/schema\/person\/image\/","url":"https:\/\/secure.gravatar.com\/avatar\/e52d1e94806c54826c863f554ca1dd2a?s=96&d=mm&r=g","contentUrl":"https:\/\/secure.gravatar.com\/avatar\/e52d1e94806c54826c863f554ca1dd2a?s=96&d=mm&r=g","caption":"MyWatch"},"sameAs":["https:\/\/www.my-watchsite.fr\/blog"]}]}},"_links":{"self":[{"href":"https:\/\/www.my-watchsite.fr\/blog\/wp-json\/wp\/v2\/posts\/1222"}],"collection":[{"href":"https:\/\/www.my-watchsite.fr\/blog\/wp-json\/wp\/v2\/posts"}],"about":[{"href":"https:\/\/www.my-watchsite.fr\/blog\/wp-json\/wp\/v2\/types\/post"}],"author":[{"embeddable":true,"href":"https:\/\/www.my-watchsite.fr\/blog\/wp-json\/wp\/v2\/users\/1"}],"replies":[{"embeddable":true,"href":"https:\/\/www.my-watchsite.fr\/blog\/wp-json\/wp\/v2\/comments?post=1222"}],"version-history":[{"count":2,"href":"https:\/\/www.my-watchsite.fr\/blog\/wp-json\/wp\/v2\/posts\/1222\/revisions"}],"predecessor-version":[{"id":15815,"href":"https:\/\/www.my-watchsite.fr\/blog\/wp-json\/wp\/v2\/posts\/1222\/revisions\/15815"}],"wp:featuredmedia":[{"embeddable":true,"href":"https:\/\/www.my-watchsite.fr\/blog\/wp-json\/wp\/v2\/media\/1223"}],"wp:attachment":[{"href":"https:\/\/www.my-watchsite.fr\/blog\/wp-json\/wp\/v2\/media?parent=1222"}],"wp:term":[{"taxonomy":"category","embeddable":true,"href":"https:\/\/www.my-watchsite.fr\/blog\/wp-json\/wp\/v2\/categories?post=1222"},{"taxonomy":"post_tag","embeddable":true,"href":"https:\/\/www.my-watchsite.fr\/blog\/wp-json\/wp\/v2\/tags?post=1222"}],"curies":[{"name":"wp","href":"https:\/\/api.w.org\/{rel}","templated":true}]}}