{"id":1234,"date":"2012-06-28T00:00:00","date_gmt":"2012-06-27T22:00:00","guid":{"rendered":"https:\/\/www.my-watchsite.fr\/blog\/blog\/le-retour-de-corum-sur-le-marche-bresilien-n342\/"},"modified":"2012-06-28T00:00:00","modified_gmt":"2012-06-27T22:00:00","slug":"le-retour-de-corum-sur-le-marche-bresilien-n342","status":"publish","type":"post","link":"https:\/\/www.my-watchsite.fr\/blog\/le-retour-de-corum-sur-le-marche-bresilien-n342\/","title":{"rendered":"Le retour de Corum sur le march\u00e9 Br\u00e9silien"},"content":{"rendered":"<p>Corum, la manufacture horlog\u00e8re Suisse fait une entr\u00e9e en sc\u00e8ne tr\u00e8s attendue au Br\u00e9sil, apportant dans son sillage la haute qualit\u00e9 et le design de ses montres ic\u00f4nes qui sont port\u00e9es par des c\u00e9l\u00e9brit\u00e9s internationales et par des amoureux de haute horlogerie \u00e0 travers le monde.<\/p>\n<div><\/div>\n<div>En partenariat avec Grifith Jeweller (Sao Paulo), Corum a organis\u00e9 un \u00e9v\u00e9nement dans le c\u00e9l\u00e8bre et luxueux centre commercial Cidade Jardim, au cours duquel les invit\u00e9s et les journalistes ont eu l\u2019occasion de d\u00e9couvrir toute la collection de la marque. Les h\u00f4tes ont ensuite eu le privil\u00e8ge de rencontrer Lo\u00efck Peyron, navigateur de renomm\u00e9e mondiale et ambassadeur de la marque Corum, et de passer des moments exclusifs en compagnie de la famille Corum.<\/div>\n<div><\/div>\n<div>Selon Antonio Calce, CEO et partenaire de Corum<em>: \u201cL\u2019Am\u00e9rique Latine est un march\u00e9 important pour <\/em><em>le d\u00e9veloppement de notre marque. Gr\u00e2ce \u00e0 notre partenariat avec Grifith Jeweller, nous allons <\/em><em>renforcer notre pr\u00e9sence sur le march\u00e9 br\u00e9silien. Aujourdhui, le Br\u00e9sil joue un r\u00f4le important sur le <\/em><em>march\u00e9 sud-am\u00e9ricain, mais il agit \u00e9galement comme catalyseur pour le reste du monde, ce qui<\/em><em>implique qu\u2019il est essentiel de d\u00e9velopper notre visibilit\u00e9 sur ce march\u00e9. C\u2019est le d\u00e9but d\u2019un partenariat <\/em><em>durable et solide.\u201d <\/em><\/p>\n<div><\/div>\n<div>Afin de marquer cette nouvelle \u00e9tape et de comm\u00e9morer sa relance sur le march\u00e9 br\u00e9silien, Corum a pr\u00e9sent\u00e9 un nouveau garde-temps : <strong>Edition Limit\u00e9e Admiral\u2019s Cup Seafender 48 Tides Iate Clube <\/strong><strong>de Santos.<\/strong><\/div>\n<div><em><br \/><\/em><\/div>\n<div><em>\u201cC\u2019est en hommage au 65\u00e8me anniversaire de l\u2019Iate Clube de Santos, une des institutions nautiques <\/em><em>les plus importantes du Br\u00e9sil, que Corum a choisi un de ses mod\u00e8les les plus embl\u00e9matiques,<\/em><em>l\u2019Admiral\u2019s Cup 48 Tides\u201d, <\/em>explique C\u00e9dric Doffey, directeur de Corum Am\u00e9rique Latine.<\/div>\n<div><\/div>\n<div>Lanc\u00e9e pour la premi\u00e8re fois en 1993, l\u2019Admiral\u2019s Cup 48 Tides est consid\u00e9r\u00e9e comme une grande innovation dans l\u2019industrie horlog\u00e8re et demeure une r\u00e9f\u00e9rence dans le domaine des garde-temps haut de gamme. Bien plus qu\u2019une simple montre, l\u2019Admiral\u2019s Cup 48 Tides est un instrument de navigation essentiel. Il fournit des informations nautiques importantes telles que la force de la mar\u00e9e, une estimation des hauteurs d\u2019eau, la force des courants et l\u2019heure de la mar\u00e9e. Il est \u00e9quip\u00e9 du calibre CO277 dot\u00e9 d\u2019une r\u00e9serve de marche de 42 heures, ainsi que du module exclusif \u201cmar\u00e9es\u201d de Corum, certifi\u00e9 par le Service Hydrographique et Oc\u00e9anographique de la Marine Fran\u00e7aise, et offrant des indications compl\u00e8tes sur la hauteur des mar\u00e9es successives. Ce mod\u00e8le se pr\u00e9sente sous deux versions: une \u00e9dition sportive en titane, \u00e9tanche \u00e0 300 m\u00e8tres, et un autre mod\u00e8le plus urbain en or rouge 5N 18K qui est \u00e9tanche \u00e0 50 m\u00e8tres.<\/div>\n<div><\/div>\n<div>L\u2019\u00e9dition limit\u00e9e compte 65 pi\u00e8ces et se pr\u00e9sente sous deux variantes: une en titane qui pr\u00e9sente des d\u00e9tails bleus et jaunes \u2013 un clin d\u2019oeil aux couleurs du Iate Club de Santos et la deuxi\u00e8me en or rose.<\/div>\n<\/div>\n<ul>\n<li><img decoding=\"async\" src=\"https:\/\/www.my-watchsite.fr\/blog\/wp-content\/uploads\/2020\/08\/342_860.jpg\" alt=\"Lo\u00efck Peyron au Iate Clube de Santos.\" \/><\/li>\n<li><img decoding=\"async\" src=\"https:\/\/www.my-watchsite.fr\/blog\/wp-content\/uploads\/2020\/08\/342_861.jpg\" alt=\"Soir\u00e9e de gala pour Lo\u00efck Peyron et Corum qui fait son retour sur le march\u00e9 Br\u00e9silien avec son partenaire Grifith Jeweller. \" \/><\/li>\n<li><img decoding=\"async\" src=\"https:\/\/www.my-watchsite.fr\/blog\/wp-content\/uploads\/2020\/08\/342_862.jpg\" alt=\"L'\u00e9dition Limit\u00e9e Corum Admiral\u2019s Cup Seafender 48 Tides Iate Clube de Santos en titane.\" \/><\/li>\n<li><img decoding=\"async\" src=\"https:\/\/www.my-watchsite.fr\/blog\/wp-content\/uploads\/2020\/08\/342_863.jpg\" alt=\"L'\u00e9dition Limit\u00e9e Corum Admiral\u2019s Cup Seafender 48 Tides Iate Clube de Santos en or rose.\" \/><\/li>\n<\/ul>\n","protected":false},"excerpt":{"rendered":"<p>Corum, la manufacture horlog\u00e8re Suisse fait une entr\u00e9e en sc\u00e8ne tr\u00e8s attendue au Br\u00e9sil, apportant dans son sillage la haute qualit\u00e9 et le design de ses montres ic\u00f4nes qui sont port\u00e9es par des c\u00e9l\u00e9brit\u00e9s internationales et par des amoureux de haute horlogerie \u00e0 travers le monde. En partenariat avec Grifith Jeweller (Sao Paulo), Corum a [&hellip;]<\/p>\n","protected":false},"author":1,"featured_media":1235,"comment_status":"closed","ping_status":"closed","sticky":false,"template":"","format":"standard","meta":{"footnotes":""},"categories":[2],"tags":[38],"acf":[],"yoast_head":"<!-- This site is optimized with the Yoast SEO plugin v20.4 - https:\/\/yoast.com\/wordpress\/plugins\/seo\/ -->\n<title>Le retour de Corum sur le march\u00e9 Br\u00e9silien - MyWatch FR<\/title>\n<meta name=\"robots\" content=\"index, follow, max-snippet:-1, max-image-preview:large, max-video-preview:-1\" \/>\n<link rel=\"canonical\" href=\"https:\/\/www.my-watchsite.fr\/blog\/le-retour-de-corum-sur-le-marche-bresilien-n342\/\" \/>\n<meta property=\"og:locale\" content=\"fr_FR\" \/>\n<meta property=\"og:type\" content=\"article\" \/>\n<meta property=\"og:title\" content=\"Le retour de Corum sur le march\u00e9 Br\u00e9silien - MyWatch FR\" \/>\n<meta property=\"og:description\" content=\"Corum, la manufacture horlog\u00e8re Suisse fait une entr\u00e9e en sc\u00e8ne tr\u00e8s attendue au Br\u00e9sil, apportant dans son sillage la haute qualit\u00e9 et le design de ses montres ic\u00f4nes qui sont port\u00e9es par des c\u00e9l\u00e9brit\u00e9s internationales et par des amoureux de haute horlogerie \u00e0 travers le monde. En partenariat avec Grifith Jeweller (Sao Paulo), Corum a [&hellip;]\" \/>\n<meta property=\"og:url\" content=\"https:\/\/www.my-watchsite.fr\/blog\/le-retour-de-corum-sur-le-marche-bresilien-n342\/\" \/>\n<meta property=\"og:site_name\" content=\"MyWatch FR\" \/>\n<meta property=\"article:publisher\" content=\"https:\/\/www.facebook.com\/mywatchsite\/\" \/>\n<meta property=\"article:published_time\" content=\"2012-06-27T22:00:00+00:00\" \/>\n<meta property=\"og:image\" content=\"https:\/\/www.my-watchsite.fr\/blog\/wp-content\/uploads\/2020\/08\/342_860.jpg\" \/>\n\t<meta property=\"og:image:width\" content=\"450\" \/>\n\t<meta property=\"og:image:height\" content=\"293\" \/>\n\t<meta property=\"og:image:type\" content=\"image\/jpeg\" \/>\n<meta name=\"author\" content=\"MyWatch\" \/>\n<meta name=\"twitter:card\" content=\"summary_large_image\" \/>\n<meta name=\"twitter:creator\" content=\"@mywatchsite\" \/>\n<meta name=\"twitter:site\" content=\"@mywatchsite\" \/>\n<meta name=\"twitter:label1\" content=\"\u00c9crit par\" \/>\n\t<meta name=\"twitter:data1\" content=\"MyWatch\" \/>\n\t<meta name=\"twitter:label2\" content=\"Dur\u00e9e de lecture estim\u00e9e\" \/>\n\t<meta name=\"twitter:data2\" content=\"3 minutes\" \/>\n<script type=\"application\/ld+json\" class=\"yoast-schema-graph\">{\"@context\":\"https:\/\/schema.org\",\"@graph\":[{\"@type\":\"WebPage\",\"@id\":\"https:\/\/www.my-watchsite.fr\/blog\/le-retour-de-corum-sur-le-marche-bresilien-n342\/\",\"url\":\"https:\/\/www.my-watchsite.fr\/blog\/le-retour-de-corum-sur-le-marche-bresilien-n342\/\",\"name\":\"Le retour de Corum sur le march\u00e9 Br\u00e9silien - MyWatch FR\",\"isPartOf\":{\"@id\":\"https:\/\/www.my-watchsite.fr\/blog\/#website\"},\"datePublished\":\"2012-06-27T22:00:00+00:00\",\"dateModified\":\"2012-06-27T22:00:00+00:00\",\"author\":{\"@id\":\"https:\/\/www.my-watchsite.fr\/blog\/#\/schema\/person\/67e19b3e3d014465042ff1be1c9fcf44\"},\"breadcrumb\":{\"@id\":\"https:\/\/www.my-watchsite.fr\/blog\/le-retour-de-corum-sur-le-marche-bresilien-n342\/#breadcrumb\"},\"inLanguage\":\"fr-FR\",\"potentialAction\":[{\"@type\":\"ReadAction\",\"target\":[\"https:\/\/www.my-watchsite.fr\/blog\/le-retour-de-corum-sur-le-marche-bresilien-n342\/\"]}]},{\"@type\":\"BreadcrumbList\",\"@id\":\"https:\/\/www.my-watchsite.fr\/blog\/le-retour-de-corum-sur-le-marche-bresilien-n342\/#breadcrumb\",\"itemListElement\":[{\"@type\":\"ListItem\",\"position\":1,\"name\":\"Accueil\",\"item\":\"https:\/\/www.my-watchsite.fr\/blog\/\"},{\"@type\":\"ListItem\",\"position\":2,\"name\":\"Le retour de Corum sur le march\u00e9 Br\u00e9silien\"}]},{\"@type\":\"WebSite\",\"@id\":\"https:\/\/www.my-watchsite.fr\/blog\/#website\",\"url\":\"https:\/\/www.my-watchsite.fr\/blog\/\",\"name\":\"MyWatch FR\",\"description\":\"Make Time a Lifestyle\",\"potentialAction\":[{\"@type\":\"SearchAction\",\"target\":{\"@type\":\"EntryPoint\",\"urlTemplate\":\"https:\/\/www.my-watchsite.fr\/blog\/?s={search_term_string}\"},\"query-input\":\"required name=search_term_string\"}],\"inLanguage\":\"fr-FR\"},{\"@type\":\"Person\",\"@id\":\"https:\/\/www.my-watchsite.fr\/blog\/#\/schema\/person\/67e19b3e3d014465042ff1be1c9fcf44\",\"name\":\"MyWatch\",\"image\":{\"@type\":\"ImageObject\",\"inLanguage\":\"fr-FR\",\"@id\":\"https:\/\/www.my-watchsite.fr\/blog\/#\/schema\/person\/image\/\",\"url\":\"https:\/\/secure.gravatar.com\/avatar\/e52d1e94806c54826c863f554ca1dd2a?s=96&d=mm&r=g\",\"contentUrl\":\"https:\/\/secure.gravatar.com\/avatar\/e52d1e94806c54826c863f554ca1dd2a?s=96&d=mm&r=g\",\"caption\":\"MyWatch\"},\"sameAs\":[\"https:\/\/www.my-watchsite.fr\/blog\"]}]}<\/script>\n<!-- \/ Yoast SEO plugin. -->","yoast_head_json":{"title":"Le retour de Corum sur le march\u00e9 Br\u00e9silien - MyWatch FR","robots":{"index":"index","follow":"follow","max-snippet":"max-snippet:-1","max-image-preview":"max-image-preview:large","max-video-preview":"max-video-preview:-1"},"canonical":"https:\/\/www.my-watchsite.fr\/blog\/le-retour-de-corum-sur-le-marche-bresilien-n342\/","og_locale":"fr_FR","og_type":"article","og_title":"Le retour de Corum sur le march\u00e9 Br\u00e9silien - MyWatch FR","og_description":"Corum, la manufacture horlog\u00e8re Suisse fait une entr\u00e9e en sc\u00e8ne tr\u00e8s attendue au Br\u00e9sil, apportant dans son sillage la haute qualit\u00e9 et le design de ses montres ic\u00f4nes qui sont port\u00e9es par des c\u00e9l\u00e9brit\u00e9s internationales et par des amoureux de haute horlogerie \u00e0 travers le monde. En partenariat avec Grifith Jeweller (Sao Paulo), Corum a [&hellip;]","og_url":"https:\/\/www.my-watchsite.fr\/blog\/le-retour-de-corum-sur-le-marche-bresilien-n342\/","og_site_name":"MyWatch FR","article_publisher":"https:\/\/www.facebook.com\/mywatchsite\/","article_published_time":"2012-06-27T22:00:00+00:00","og_image":[{"width":450,"height":293,"url":"https:\/\/www.my-watchsite.fr\/blog\/wp-content\/uploads\/2020\/08\/342_860.jpg","type":"image\/jpeg"}],"author":"MyWatch","twitter_card":"summary_large_image","twitter_creator":"@mywatchsite","twitter_site":"@mywatchsite","twitter_misc":{"\u00c9crit par":"MyWatch","Dur\u00e9e de lecture estim\u00e9e":"3 minutes"},"schema":{"@context":"https:\/\/schema.org","@graph":[{"@type":"WebPage","@id":"https:\/\/www.my-watchsite.fr\/blog\/le-retour-de-corum-sur-le-marche-bresilien-n342\/","url":"https:\/\/www.my-watchsite.fr\/blog\/le-retour-de-corum-sur-le-marche-bresilien-n342\/","name":"Le retour de Corum sur le march\u00e9 Br\u00e9silien - MyWatch FR","isPartOf":{"@id":"https:\/\/www.my-watchsite.fr\/blog\/#website"},"datePublished":"2012-06-27T22:00:00+00:00","dateModified":"2012-06-27T22:00:00+00:00","author":{"@id":"https:\/\/www.my-watchsite.fr\/blog\/#\/schema\/person\/67e19b3e3d014465042ff1be1c9fcf44"},"breadcrumb":{"@id":"https:\/\/www.my-watchsite.fr\/blog\/le-retour-de-corum-sur-le-marche-bresilien-n342\/#breadcrumb"},"inLanguage":"fr-FR","potentialAction":[{"@type":"ReadAction","target":["https:\/\/www.my-watchsite.fr\/blog\/le-retour-de-corum-sur-le-marche-bresilien-n342\/"]}]},{"@type":"BreadcrumbList","@id":"https:\/\/www.my-watchsite.fr\/blog\/le-retour-de-corum-sur-le-marche-bresilien-n342\/#breadcrumb","itemListElement":[{"@type":"ListItem","position":1,"name":"Accueil","item":"https:\/\/www.my-watchsite.fr\/blog\/"},{"@type":"ListItem","position":2,"name":"Le retour de Corum sur le march\u00e9 Br\u00e9silien"}]},{"@type":"WebSite","@id":"https:\/\/www.my-watchsite.fr\/blog\/#website","url":"https:\/\/www.my-watchsite.fr\/blog\/","name":"MyWatch FR","description":"Make Time a Lifestyle","potentialAction":[{"@type":"SearchAction","target":{"@type":"EntryPoint","urlTemplate":"https:\/\/www.my-watchsite.fr\/blog\/?s={search_term_string}"},"query-input":"required name=search_term_string"}],"inLanguage":"fr-FR"},{"@type":"Person","@id":"https:\/\/www.my-watchsite.fr\/blog\/#\/schema\/person\/67e19b3e3d014465042ff1be1c9fcf44","name":"MyWatch","image":{"@type":"ImageObject","inLanguage":"fr-FR","@id":"https:\/\/www.my-watchsite.fr\/blog\/#\/schema\/person\/image\/","url":"https:\/\/secure.gravatar.com\/avatar\/e52d1e94806c54826c863f554ca1dd2a?s=96&d=mm&r=g","contentUrl":"https:\/\/secure.gravatar.com\/avatar\/e52d1e94806c54826c863f554ca1dd2a?s=96&d=mm&r=g","caption":"MyWatch"},"sameAs":["https:\/\/www.my-watchsite.fr\/blog"]}]}},"_links":{"self":[{"href":"https:\/\/www.my-watchsite.fr\/blog\/wp-json\/wp\/v2\/posts\/1234"}],"collection":[{"href":"https:\/\/www.my-watchsite.fr\/blog\/wp-json\/wp\/v2\/posts"}],"about":[{"href":"https:\/\/www.my-watchsite.fr\/blog\/wp-json\/wp\/v2\/types\/post"}],"author":[{"embeddable":true,"href":"https:\/\/www.my-watchsite.fr\/blog\/wp-json\/wp\/v2\/users\/1"}],"replies":[{"embeddable":true,"href":"https:\/\/www.my-watchsite.fr\/blog\/wp-json\/wp\/v2\/comments?post=1234"}],"version-history":[{"count":0,"href":"https:\/\/www.my-watchsite.fr\/blog\/wp-json\/wp\/v2\/posts\/1234\/revisions"}],"wp:featuredmedia":[{"embeddable":true,"href":"https:\/\/www.my-watchsite.fr\/blog\/wp-json\/wp\/v2\/media\/1235"}],"wp:attachment":[{"href":"https:\/\/www.my-watchsite.fr\/blog\/wp-json\/wp\/v2\/media?parent=1234"}],"wp:term":[{"taxonomy":"category","embeddable":true,"href":"https:\/\/www.my-watchsite.fr\/blog\/wp-json\/wp\/v2\/categories?post=1234"},{"taxonomy":"post_tag","embeddable":true,"href":"https:\/\/www.my-watchsite.fr\/blog\/wp-json\/wp\/v2\/tags?post=1234"}],"curies":[{"name":"wp","href":"https:\/\/api.w.org\/{rel}","templated":true}]}}