{"id":1239,"date":"2012-06-29T00:00:00","date_gmt":"2012-06-28T22:00:00","guid":{"rendered":"https:\/\/www.my-watchsite.fr\/blog\/blog\/a-rio-lors-du-3eme-sommet-de-la-terre-omega-a-presente-le-film-planet-ocean-n343\/"},"modified":"2012-06-29T00:00:00","modified_gmt":"2012-06-28T22:00:00","slug":"a-rio-lors-du-3eme-sommet-de-la-terre-omega-a-presente-le-film-planet-ocean-n343","status":"publish","type":"post","link":"https:\/\/www.my-watchsite.fr\/blog\/a-rio-lors-du-3eme-sommet-de-la-terre-omega-a-presente-le-film-planet-ocean-n343\/","title":{"rendered":"A Rio, lors du 3\u00e8me Sommet de la Terre, Omega a pr\u00e9sent\u00e9 le film Planet Ocean"},"content":{"rendered":"<div>Ce documentaire de 90 minutes, qui s\u2019appuie sur le talent de certains des plus illustres sp\u00e9cialistes mondiaux de l\u2019oc\u00e9anographie, de la biologie et du cin\u00e9ma a\u00e9rien et sous-marin, a \u00e9t\u00e9 cr\u00e9\u00e9 pour faire \u00e9voluer les mentalit\u00e9s sur les oc\u00e9ans du monde et sensibiliser le public aux enjeux de la pr\u00e9servation de l\u2019environnement et de l\u2019\u00e9cocitoyennet\u00e9 qui incombent \u00e0 tous les habitants de la plan\u00e8te.<\/div>\n<div><\/div>\n<div>Parlant du partenariat avec OMEGA, Yann Arthus-Bertrand a d\u00e9clar\u00e9 : \u00ab Lorsqu\u2019Omega m\u2019a pr\u00e9sent\u00e9 le projet de \u00ab Planet Oc\u00e9an \u00bb, j\u2019ai rapidement accept\u00e9 ; il \u00e9tait temps de regarder les choses en face, de montrer, d\u00e9noncer les dangers qui menacent les oc\u00e9ans et ainsi la plan\u00e8te. Nous ne pr\u00e9sentons pas un film moralisateur mais une \u2018prise de conscience\u2019. \u00bb <\/div>\n<div><\/div>\n<div>Il a \u00e9galement ajout\u00e9 qu\u2019afin de toucher le plus grand nombre son film serait gracieusement mis \u00e0 la disposition de toute ONG qui en fera la demande.<\/div>\n<div><em><br \/><\/em><\/div>\n<div><em>Planet Ocean <\/em>s\u2019att\u00e8le \u00e0 expliquer certains des plus grands myst\u00e8res de la nature en s\u2019appuyant sur un discours con\u00e7u pour \u00eatre compris de tous. Le documentaire vise \u00e9galement \u00e0 convaincre la jeune g\u00e9n\u00e9ration que le d\u00e9veloppement durable n\u2019est pas seulement un id\u00e9al, mais un imp\u00e9ratif tout \u00e0 fait r\u00e9alisable. Le film allie les photographies a\u00e9riennes qui ont forg\u00e9 la r\u00e9putation d\u2019Arthus-Bertrand \u00e0 des prises de vue sous-marines r\u00e9alis\u00e9es par une \u00e9quipe de cam\u00e9ramans prim\u00e9e pour son travail.<\/div>\n<div><\/div>\n<div>Lorsqu\u2019on lui a demand\u00e9 pourquoi OMEGA avait choisi de s\u2019associer \u00e0 Yann-Arthus Bertrand, le Pr\u00e9sident d\u2019OMEGA, Stephen Urquhart a r\u00e9pondu : \u00ab Personne ne pouvait r\u00e9aliser ce film avec autant de talent. Yann Arthus-Bertrand est \u00e0 la fois un \u00e9cologiste convaincu et le sp\u00e9cialiste mondial de la photographie a\u00e9rienne ; cette double casquette lui permet de faire passer \u00e0 l\u2019\u00e9cran toute la majest\u00e9 et la splendeur des oc\u00e9ans de ce monde. Avec Michael et son \u00e9quipe, il a r\u00e9alis\u00e9 un travail remarquable. \u00bb <\/div>\n<div><\/div>\n<div>OMEGA nourrit depuis bien longtemps une v\u00e9ritable passion pour les oc\u00e9ans du monde et s\u2019investit pour leur pr\u00e9servation. En 1932, la marque lance le mod\u00e8le Marine, premi\u00e8re montre de plong\u00e9e au monde. Quatre ans plus tard, l\u2019Am\u00e9ricain Charles William Beebe, naturaliste, explorateur marin et co-inventeur de la bathysph\u00e8re, fait l\u2019\u00e9loge de l\u2019OMEGA Marine qui l\u2019accompagne par quatorze m\u00e8tres de fond lors des longues exp\u00e9ditions sous-marines qu\u2019il m\u00e8ne dans les profondeurs de l\u2019oc\u00e9an Pacifique.<\/div>\n<div><\/div>\n<div>Yves Le Prieur, p\u00e8re du scaphandre autonome manuel, a bien souvent \u00e9t\u00e9 photographi\u00e9 sous l\u2019eau avec son OMEGA Marine au poignet. Le commandant Jacques-Yves Cousteau ne se s\u00e9parait jamais de son OMEGA Ploprof. Et le grand Jacques Mayol, mythique plongeur apn\u00e9iste surnomm\u00e9 \u00ab l\u2019Homme Dauphin \u00bb, se fiait toujours \u00e0 son OMEGA Seamaster \u00e0 chaque fois qu\u2019il battait un record de plong\u00e9e.<\/div>\n<div><\/div>\n<div>Quand feu Sir Peter Blake, ami d\u2019OMEGA et ambassadeur de la marque, a mis un terme \u00e0 sa carri\u00e8re de navigateur de g\u00e9nie, il a d\u00e9cid\u00e9 de consacrer tout son temps et son \u00e9nergie \u00e0 la protection de ces oc\u00e9ans qu\u2019il ch\u00e9rissait tant. Sir Peter avait pour credo : \u00ab Sans eau, pas de vie. \u00bb Son ONG Blakexpeditions travaillait sous l\u2019\u00e9gide des Nations Unies et d\u2019OMEGA. Fervent admirateur de la gamme <em>Seamaster<\/em>, qui, plus que tout autre, incarne la philosophie d\u2019OMEGA, Blake lui rend hommage en baptisant sa go\u00e9lette du m\u00eame nom. Apr\u00e8s l\u2019avoir emmen\u00e9e en Antarctique, en 2001, il met le cap sur l\u2019Amazonie, o\u00f9 il est tu\u00e9 par des pirates en d\u00e9cembre de la m\u00eame ann\u00e9e.<\/div>\n<div><\/div>\n<div>Fort heureusement, l\u2019aventure du <em>Seamaster<\/em> ne s\u2019arr\u00eate pas l\u00e0, puisque le bateau navigue aujourd&rsquo;hui sous le nom de <em>Tara<\/em>. Cr\u00e9\u00e9e il y a bient\u00f4t dix ans, la fondation Tara Exp\u00e9ditions organise des missions p\u00e9dagogiques et scientifiques sur la go\u00e9lette. Les experts scientifiques du Tara se sont appuy\u00e9s sur les connaissances qu\u2019ils ont engrang\u00e9es au cours de leurs voyages pour apporter leur \u00e9clairage avis\u00e9 lors de la conception du film.<\/div>\n<div><\/div>\n<div>\u00c9tienne Bourgois, pr\u00e9sident de Tara Exp\u00e9ditions, a d\u00e9clar\u00e9 : \u00ab Bien que je regrette de n\u2019avoir jamais connu Sir Peter Blake, je suis fier que le <em>Seamaster<\/em> soit toujours marqu\u00e9 de son empreinte et fasse honneur \u00e0 ses valeurs. Ce navire est devenu une l\u00e9gende dans le monde entier, gr\u00e2ce \u00e0 toutes les missions oc\u00e9anographiques qu\u2019il a men\u00e9es de 1989 \u00e0 ce jour. \u00bb <\/div>\n<div><\/div>\n<div>Le partenariat nou\u00e9 entre OMEGA et le film <em>Planet Ocean<\/em> rend hommage \u00e0 la philosophie de Peter Blake et aux travaux qu\u2019il a r\u00e9alis\u00e9s tout au long de sa vie pour la pr\u00e9servation et l\u2019exploration des oc\u00e9ans.<\/div>\n<ul>\n<li><img decoding=\"async\" src=\"https:\/\/www.my-watchsite.fr\/blog\/wp-content\/uploads\/2020\/08\/343_864.jpg\" alt=\"Yann Arthus-Bertrand, co-r\u00e9alisateur du film Planet Ocean, \u00e0 l'avant-premi\u00e8re \u00e0 Rio.\" \/><\/li>\n<li><img decoding=\"async\" src=\"https:\/\/www.my-watchsite.fr\/blog\/wp-content\/uploads\/2020\/08\/343_865.jpg\" alt=\"David Hannan, chef cameraman, Michael Pitiot et Yann Arthus-Bertrand, r\u00e9alisateurs du film Planet Ocan, avec Stephen Urquart, Pr\u00e9sident d'Omega.\" \/><\/li>\n<li><img decoding=\"async\" src=\"https:\/\/www.my-watchsite.fr\/blog\/wp-content\/uploads\/2020\/08\/343_866.jpg\" alt=\"SAS le Prince Albert de Monaco \u00e0 l'avant-premi\u00e8re du film \u00e0 Rio.\" \/><\/li>\n<\/ul>\n","protected":false},"excerpt":{"rendered":"<p>Ce documentaire de 90 minutes, qui s\u2019appuie sur le talent de certains des plus illustres sp\u00e9cialistes mondiaux de l\u2019oc\u00e9anographie, de la biologie et du cin\u00e9ma a\u00e9rien et sous-marin, a \u00e9t\u00e9 cr\u00e9\u00e9 pour faire \u00e9voluer les mentalit\u00e9s sur les oc\u00e9ans du monde et sensibiliser le public aux enjeux de la pr\u00e9servation de l\u2019environnement et de l\u2019\u00e9cocitoyennet\u00e9 [&hellip;]<\/p>\n","protected":false},"author":1,"featured_media":1240,"comment_status":"closed","ping_status":"closed","sticky":false,"template":"","format":"standard","meta":{"footnotes":""},"categories":[2],"tags":[8],"acf":[],"yoast_head":"<!-- This site is optimized with the Yoast SEO plugin v20.4 - https:\/\/yoast.com\/wordpress\/plugins\/seo\/ -->\n<title>A Rio, lors du 3\u00e8me Sommet de la Terre, Omega a pr\u00e9sent\u00e9 le film Planet Ocean - MyWatch FR<\/title>\n<meta name=\"robots\" content=\"index, follow, max-snippet:-1, max-image-preview:large, max-video-preview:-1\" \/>\n<link rel=\"canonical\" href=\"https:\/\/www.my-watchsite.fr\/blog\/a-rio-lors-du-3eme-sommet-de-la-terre-omega-a-presente-le-film-planet-ocean-n343\/\" \/>\n<meta property=\"og:locale\" content=\"fr_FR\" \/>\n<meta property=\"og:type\" content=\"article\" \/>\n<meta property=\"og:title\" content=\"A Rio, lors du 3\u00e8me Sommet de la Terre, Omega a pr\u00e9sent\u00e9 le film Planet Ocean - MyWatch FR\" \/>\n<meta property=\"og:description\" content=\"Ce documentaire de 90 minutes, qui s\u2019appuie sur le talent de certains des plus illustres sp\u00e9cialistes mondiaux de l\u2019oc\u00e9anographie, de la biologie et du cin\u00e9ma a\u00e9rien et sous-marin, a \u00e9t\u00e9 cr\u00e9\u00e9 pour faire \u00e9voluer les mentalit\u00e9s sur les oc\u00e9ans du monde et sensibiliser le public aux enjeux de la pr\u00e9servation de l\u2019environnement et de l\u2019\u00e9cocitoyennet\u00e9 [&hellip;]\" \/>\n<meta property=\"og:url\" content=\"https:\/\/www.my-watchsite.fr\/blog\/a-rio-lors-du-3eme-sommet-de-la-terre-omega-a-presente-le-film-planet-ocean-n343\/\" \/>\n<meta property=\"og:site_name\" content=\"MyWatch FR\" \/>\n<meta property=\"article:publisher\" content=\"https:\/\/www.facebook.com\/mywatchsite\/\" \/>\n<meta property=\"article:published_time\" content=\"2012-06-28T22:00:00+00:00\" \/>\n<meta property=\"og:image\" content=\"https:\/\/www.my-watchsite.fr\/blog\/wp-content\/uploads\/2020\/08\/343_864.jpg\" \/>\n\t<meta property=\"og:image:width\" content=\"450\" \/>\n\t<meta property=\"og:image:height\" content=\"297\" \/>\n\t<meta property=\"og:image:type\" content=\"image\/jpeg\" \/>\n<meta name=\"author\" content=\"MyWatch\" \/>\n<meta name=\"twitter:card\" content=\"summary_large_image\" \/>\n<meta name=\"twitter:creator\" content=\"@mywatchsite\" \/>\n<meta name=\"twitter:site\" content=\"@mywatchsite\" \/>\n<meta name=\"twitter:label1\" content=\"\u00c9crit par\" \/>\n\t<meta name=\"twitter:data1\" content=\"MyWatch\" \/>\n\t<meta name=\"twitter:label2\" content=\"Dur\u00e9e de lecture estim\u00e9e\" \/>\n\t<meta name=\"twitter:data2\" content=\"4 minutes\" \/>\n<script type=\"application\/ld+json\" class=\"yoast-schema-graph\">{\"@context\":\"https:\/\/schema.org\",\"@graph\":[{\"@type\":\"WebPage\",\"@id\":\"https:\/\/www.my-watchsite.fr\/blog\/a-rio-lors-du-3eme-sommet-de-la-terre-omega-a-presente-le-film-planet-ocean-n343\/\",\"url\":\"https:\/\/www.my-watchsite.fr\/blog\/a-rio-lors-du-3eme-sommet-de-la-terre-omega-a-presente-le-film-planet-ocean-n343\/\",\"name\":\"A Rio, lors du 3\u00e8me Sommet de la Terre, Omega a pr\u00e9sent\u00e9 le film Planet Ocean - MyWatch FR\",\"isPartOf\":{\"@id\":\"https:\/\/www.my-watchsite.fr\/blog\/#website\"},\"datePublished\":\"2012-06-28T22:00:00+00:00\",\"dateModified\":\"2012-06-28T22:00:00+00:00\",\"author\":{\"@id\":\"https:\/\/www.my-watchsite.fr\/blog\/#\/schema\/person\/67e19b3e3d014465042ff1be1c9fcf44\"},\"breadcrumb\":{\"@id\":\"https:\/\/www.my-watchsite.fr\/blog\/a-rio-lors-du-3eme-sommet-de-la-terre-omega-a-presente-le-film-planet-ocean-n343\/#breadcrumb\"},\"inLanguage\":\"fr-FR\",\"potentialAction\":[{\"@type\":\"ReadAction\",\"target\":[\"https:\/\/www.my-watchsite.fr\/blog\/a-rio-lors-du-3eme-sommet-de-la-terre-omega-a-presente-le-film-planet-ocean-n343\/\"]}]},{\"@type\":\"BreadcrumbList\",\"@id\":\"https:\/\/www.my-watchsite.fr\/blog\/a-rio-lors-du-3eme-sommet-de-la-terre-omega-a-presente-le-film-planet-ocean-n343\/#breadcrumb\",\"itemListElement\":[{\"@type\":\"ListItem\",\"position\":1,\"name\":\"Accueil\",\"item\":\"https:\/\/www.my-watchsite.fr\/blog\/\"},{\"@type\":\"ListItem\",\"position\":2,\"name\":\"A Rio, lors du 3\u00e8me Sommet de la Terre, Omega a pr\u00e9sent\u00e9 le film Planet Ocean\"}]},{\"@type\":\"WebSite\",\"@id\":\"https:\/\/www.my-watchsite.fr\/blog\/#website\",\"url\":\"https:\/\/www.my-watchsite.fr\/blog\/\",\"name\":\"MyWatch FR\",\"description\":\"Make Time a Lifestyle\",\"potentialAction\":[{\"@type\":\"SearchAction\",\"target\":{\"@type\":\"EntryPoint\",\"urlTemplate\":\"https:\/\/www.my-watchsite.fr\/blog\/?s={search_term_string}\"},\"query-input\":\"required name=search_term_string\"}],\"inLanguage\":\"fr-FR\"},{\"@type\":\"Person\",\"@id\":\"https:\/\/www.my-watchsite.fr\/blog\/#\/schema\/person\/67e19b3e3d014465042ff1be1c9fcf44\",\"name\":\"MyWatch\",\"image\":{\"@type\":\"ImageObject\",\"inLanguage\":\"fr-FR\",\"@id\":\"https:\/\/www.my-watchsite.fr\/blog\/#\/schema\/person\/image\/\",\"url\":\"https:\/\/secure.gravatar.com\/avatar\/e52d1e94806c54826c863f554ca1dd2a?s=96&d=mm&r=g\",\"contentUrl\":\"https:\/\/secure.gravatar.com\/avatar\/e52d1e94806c54826c863f554ca1dd2a?s=96&d=mm&r=g\",\"caption\":\"MyWatch\"},\"sameAs\":[\"https:\/\/www.my-watchsite.fr\/blog\"]}]}<\/script>\n<!-- \/ Yoast SEO plugin. -->","yoast_head_json":{"title":"A Rio, lors du 3\u00e8me Sommet de la Terre, Omega a pr\u00e9sent\u00e9 le film Planet Ocean - MyWatch FR","robots":{"index":"index","follow":"follow","max-snippet":"max-snippet:-1","max-image-preview":"max-image-preview:large","max-video-preview":"max-video-preview:-1"},"canonical":"https:\/\/www.my-watchsite.fr\/blog\/a-rio-lors-du-3eme-sommet-de-la-terre-omega-a-presente-le-film-planet-ocean-n343\/","og_locale":"fr_FR","og_type":"article","og_title":"A Rio, lors du 3\u00e8me Sommet de la Terre, Omega a pr\u00e9sent\u00e9 le film Planet Ocean - MyWatch FR","og_description":"Ce documentaire de 90 minutes, qui s\u2019appuie sur le talent de certains des plus illustres sp\u00e9cialistes mondiaux de l\u2019oc\u00e9anographie, de la biologie et du cin\u00e9ma a\u00e9rien et sous-marin, a \u00e9t\u00e9 cr\u00e9\u00e9 pour faire \u00e9voluer les mentalit\u00e9s sur les oc\u00e9ans du monde et sensibiliser le public aux enjeux de la pr\u00e9servation de l\u2019environnement et de l\u2019\u00e9cocitoyennet\u00e9 [&hellip;]","og_url":"https:\/\/www.my-watchsite.fr\/blog\/a-rio-lors-du-3eme-sommet-de-la-terre-omega-a-presente-le-film-planet-ocean-n343\/","og_site_name":"MyWatch FR","article_publisher":"https:\/\/www.facebook.com\/mywatchsite\/","article_published_time":"2012-06-28T22:00:00+00:00","og_image":[{"width":450,"height":297,"url":"https:\/\/www.my-watchsite.fr\/blog\/wp-content\/uploads\/2020\/08\/343_864.jpg","type":"image\/jpeg"}],"author":"MyWatch","twitter_card":"summary_large_image","twitter_creator":"@mywatchsite","twitter_site":"@mywatchsite","twitter_misc":{"\u00c9crit par":"MyWatch","Dur\u00e9e de lecture estim\u00e9e":"4 minutes"},"schema":{"@context":"https:\/\/schema.org","@graph":[{"@type":"WebPage","@id":"https:\/\/www.my-watchsite.fr\/blog\/a-rio-lors-du-3eme-sommet-de-la-terre-omega-a-presente-le-film-planet-ocean-n343\/","url":"https:\/\/www.my-watchsite.fr\/blog\/a-rio-lors-du-3eme-sommet-de-la-terre-omega-a-presente-le-film-planet-ocean-n343\/","name":"A Rio, lors du 3\u00e8me Sommet de la Terre, Omega a pr\u00e9sent\u00e9 le film Planet Ocean - MyWatch FR","isPartOf":{"@id":"https:\/\/www.my-watchsite.fr\/blog\/#website"},"datePublished":"2012-06-28T22:00:00+00:00","dateModified":"2012-06-28T22:00:00+00:00","author":{"@id":"https:\/\/www.my-watchsite.fr\/blog\/#\/schema\/person\/67e19b3e3d014465042ff1be1c9fcf44"},"breadcrumb":{"@id":"https:\/\/www.my-watchsite.fr\/blog\/a-rio-lors-du-3eme-sommet-de-la-terre-omega-a-presente-le-film-planet-ocean-n343\/#breadcrumb"},"inLanguage":"fr-FR","potentialAction":[{"@type":"ReadAction","target":["https:\/\/www.my-watchsite.fr\/blog\/a-rio-lors-du-3eme-sommet-de-la-terre-omega-a-presente-le-film-planet-ocean-n343\/"]}]},{"@type":"BreadcrumbList","@id":"https:\/\/www.my-watchsite.fr\/blog\/a-rio-lors-du-3eme-sommet-de-la-terre-omega-a-presente-le-film-planet-ocean-n343\/#breadcrumb","itemListElement":[{"@type":"ListItem","position":1,"name":"Accueil","item":"https:\/\/www.my-watchsite.fr\/blog\/"},{"@type":"ListItem","position":2,"name":"A Rio, lors du 3\u00e8me Sommet de la Terre, Omega a pr\u00e9sent\u00e9 le film Planet Ocean"}]},{"@type":"WebSite","@id":"https:\/\/www.my-watchsite.fr\/blog\/#website","url":"https:\/\/www.my-watchsite.fr\/blog\/","name":"MyWatch FR","description":"Make Time a Lifestyle","potentialAction":[{"@type":"SearchAction","target":{"@type":"EntryPoint","urlTemplate":"https:\/\/www.my-watchsite.fr\/blog\/?s={search_term_string}"},"query-input":"required name=search_term_string"}],"inLanguage":"fr-FR"},{"@type":"Person","@id":"https:\/\/www.my-watchsite.fr\/blog\/#\/schema\/person\/67e19b3e3d014465042ff1be1c9fcf44","name":"MyWatch","image":{"@type":"ImageObject","inLanguage":"fr-FR","@id":"https:\/\/www.my-watchsite.fr\/blog\/#\/schema\/person\/image\/","url":"https:\/\/secure.gravatar.com\/avatar\/e52d1e94806c54826c863f554ca1dd2a?s=96&d=mm&r=g","contentUrl":"https:\/\/secure.gravatar.com\/avatar\/e52d1e94806c54826c863f554ca1dd2a?s=96&d=mm&r=g","caption":"MyWatch"},"sameAs":["https:\/\/www.my-watchsite.fr\/blog"]}]}},"_links":{"self":[{"href":"https:\/\/www.my-watchsite.fr\/blog\/wp-json\/wp\/v2\/posts\/1239"}],"collection":[{"href":"https:\/\/www.my-watchsite.fr\/blog\/wp-json\/wp\/v2\/posts"}],"about":[{"href":"https:\/\/www.my-watchsite.fr\/blog\/wp-json\/wp\/v2\/types\/post"}],"author":[{"embeddable":true,"href":"https:\/\/www.my-watchsite.fr\/blog\/wp-json\/wp\/v2\/users\/1"}],"replies":[{"embeddable":true,"href":"https:\/\/www.my-watchsite.fr\/blog\/wp-json\/wp\/v2\/comments?post=1239"}],"version-history":[{"count":0,"href":"https:\/\/www.my-watchsite.fr\/blog\/wp-json\/wp\/v2\/posts\/1239\/revisions"}],"wp:featuredmedia":[{"embeddable":true,"href":"https:\/\/www.my-watchsite.fr\/blog\/wp-json\/wp\/v2\/media\/1240"}],"wp:attachment":[{"href":"https:\/\/www.my-watchsite.fr\/blog\/wp-json\/wp\/v2\/media?parent=1239"}],"wp:term":[{"taxonomy":"category","embeddable":true,"href":"https:\/\/www.my-watchsite.fr\/blog\/wp-json\/wp\/v2\/categories?post=1239"},{"taxonomy":"post_tag","embeddable":true,"href":"https:\/\/www.my-watchsite.fr\/blog\/wp-json\/wp\/v2\/tags?post=1239"}],"curies":[{"name":"wp","href":"https:\/\/api.w.org\/{rel}","templated":true}]}}