{"id":129,"date":"2009-08-26T00:00:00","date_gmt":"2009-08-25T22:00:00","guid":{"rendered":"https:\/\/www.my-watchsite.fr\/blog\/blog\/la-marque-ouvre-les-portes-de-sa-nouvelle-manufacture-n12\/"},"modified":"2021-09-09T10:13:50","modified_gmt":"2021-09-09T08:13:50","slug":"la-marque-ouvre-les-portes-de-sa-nouvelle-manufacture-audemars-piguet-n12","status":"publish","type":"post","link":"https:\/\/www.my-watchsite.fr\/blog\/la-marque-ouvre-les-portes-de-sa-nouvelle-manufacture-audemars-piguet-n12\/","title":{"rendered":"La marque ouvre les portes de sa nouvelle manufacture"},"content":{"rendered":"<p>Situ\u00e9e rue des Forges au Brassus, dans la Vall\u00e9e de Joux, la nouvelle manufacture d\u2019Audemars Piguet est maintenant op\u00e9rationnelle. R\u00e9unissant tous les postes de travail n\u00e9cessaires aux diff\u00e9rentes \u00e9tapes de fabrication d\u2019une montre, le site de 12 200 m2, organis\u00e9 en petites unit\u00e9s autonomes, accueille 300 collaborateurs. Il r\u00e9pond aux exigences MINERGIE-ECO\u00ae, un nouveau label suisse qui atteste d\u2019une construction saine et \u00e9cologique, associant \u00e9conomies d\u2019\u00e9nergie et qualit\u00e9 de vie. L\u2019environnement du b\u00e2timent est fait d\u2019am\u00e9nagements ext\u00e9rieurs et paysagers qui contribuent \u00e0 son harmonieuse int\u00e9gration dans un quartier r\u00e9sidentiel. Pour la petite histoire, avec l\u2019implantation de la manufacture des Forges, le ruisseau du Brassus a retrouv\u00e9 son lit originel.<\/p>\n<div>\u00a0<\/div>\n<div>COMMUNIQUE DE PRESSE<\/div>\n<div>\u00a0<\/div>\n<div><strong>En juin 2007, Madame Jasmine Audemars, Pr\u00e9sidente du Conseil d\u2019Administration <\/strong><strong>d\u2019Audemars Piguet et Monsieur Georges-Henri Meylan, alors Directeur g\u00e9n\u00e9ral, <\/strong><strong>posaient, au Brassus, berceau de la marque, la premi\u00e8re pierre de la nouvelle <\/strong><strong>manufacture des Forges. Cette c\u00e9r\u00e9monie marquait le d\u00e9but des travaux de ce nouvel <\/strong><strong>outil de production con\u00e7u selon les crit\u00e8res du nouveau label suisse MINERGIE- <\/strong><strong>ECO\u00ae, mis en \u0153uvre pour la premi\u00e8re fois pour la conception d\u2019un b\u00e2timent <\/strong><strong>industriel.<\/strong><\/div>\n<div>\u00a0<\/div>\n<div>La nouvelle manufacture des Forges r\u00e9pond aux exigences MINERGIE-ECO<strong>\u00ae<\/strong> qui se traduisent par le confort des utilisateurs et les \u00e9conomies d\u2019\u00e9nergie, au sein d\u2019une construction saine et \u00e9cologique. Des mat\u00e9riaux recycl\u00e9s ou \u00e0 faible nuisance pour l\u2019environnement ont \u00e9t\u00e9 employ\u00e9s : fibrociment pour les fa\u00e7ades, aluminium alox\u00e9 pour les vitrages, rev\u00eatements de sols exempts de solvants toxiques, parquets en bois labellis\u00e9 FSC, peintures \u00e0 l\u2019eau, etc.<\/div>\n<div>\u00a0<\/div>\n<div>Une centrale de chauffe au bois, neutre quant aux \u00e9missions de CO2, a \u00e9t\u00e9 construite \u00e0 quelques pas du site, pour permettre le chauffage \u00e0 distance des b\u00e2timents d\u2019Audemars Piguet et, \u00e0 terme, plus d\u2019une centaine de constructions du village. En parall\u00e8le, le \u00ab free- cooling \u00bb a \u00e9t\u00e9 retenu pour le rafra\u00eechissement des locaux. Ce syst\u00e8me qui est en parfaite ad\u00e9quation avec les conditions climatiques de la vall\u00e9e de Joux, utilise l\u2019air ext\u00e9rieur pour la production de froid, ce qui \u00e9vite le recours \u00e0 la climatisation, grosse consommatrice d\u2019\u00e9nergie.<\/div>\n<div>\u00a0<\/div>\n<div>Toujours dans ce m\u00eame souci de confort et de bien-\u00eatre de ses collaborateurs, Audemars Piguet a appliqu\u00e9 le principe de pr\u00e9caution quant aux installations \u00e9lectriques et de t\u00e9l\u00e9communications. Toutes les sources de champs magn\u00e9tiques ont \u00e9t\u00e9 ma\u00eetris\u00e9es pour \u00e9viter les ondes qui seraient potentiellement nuisibles pour la sant\u00e9.<\/div>\n<div>\u00a0<\/div>\n<div>La construction a \u00e9galement \u00e9t\u00e9 con\u00e7ue de mani\u00e8re \u00e0 optimiser les surfaces de travail tout en int\u00e9grant les crit\u00e8res de fonctionnalit\u00e9. Ainsi, le flux de production a \u00e9t\u00e9 organis\u00e9 par m\u00e9tier et par \u00e9tapes de fabrication.<\/div>\n<div>\u00a0<\/div>\n<div>Fin 2008, gr\u00e2ce \u00e0 l\u2019engagement des entreprises et de leurs \u00e9quipes, les premiers ateliers s\u2019installaient dans cet environnement aux lignes architecturales modernes, r\u00e9solument tourn\u00e9 vers la qualit\u00e9 des conditions de travail ainsi que le respect environnemental et \u00e9nerg\u00e9tique.<\/div>\n<div>\u00a0<\/div>\n<div>Les am\u00e9nagements ext\u00e9rieurs et paysagers contribuent \u00e0 une harmonieuse int\u00e9gration du b\u00e2timent dans ce quartier r\u00e9sidentiel. Le ruisseau du Brassus a \u00e9t\u00e9 revitalis\u00e9, retrouvant son lit originel.<\/div>\n<div>\u00a0<\/div>\n<div>Pour l\u2019arborisation du site, arbres et fleurs de notre r\u00e9gion ont \u00e9t\u00e9 privil\u00e9gi\u00e9s \u00e0 l\u2019image du petit saule \u00e0 feuille de romarin qui stabilisera les berges du ruisseau. D\u2019ici quelques mois, il sera possible d\u2019admirer la verdure qui aura investi les lieux.<\/div>\n<div>\u00a0<\/div>\n<div>En 2010, l\u2019ancienne gare sera d\u00e9truite pour laisser place \u00e0 une entr\u00e9e de village ouverte, accueillante et r\u00e9am\u00e9nag\u00e9e.<\/div>\n<div>\u00a0<\/div>\n<p>La manufacture des Forges incarne les valeurs de tradition, d\u2019excellence et d\u2019audace de la marque, mariant souci du bien-\u00eatre des utilisateurs, innovations technologiques et respect de l\u2019environnement.<\/p>\n<div>\u00a0<\/div>\n<div>\u00a0<\/div>\n<div>Pourquoi le chantier de la Manufacture des Forges n\u2019a-t- il aucune commune mesure avec les constructions qui ont jalonn\u00e9 le d\u00e9veloppement d\u2019Audemars Piguet depuis 1875 ?<\/div>\n<div>\u00a0<\/div>\n<div>Une premi\u00e8re suisse : la nouvelle manufacture a \u00e9t\u00e9 \u00e9tudi\u00e9e en fonction du nouveau label Minergie-ECO \u00ae. Les exigences de ce label cumulent \u00e9conomies de chauffage et d\u2019\u00e9lectricit\u00e9, qualit\u00e9 et innocuit\u00e9, pour les utilisateurs et l\u2019environnement, des mat\u00e9riaux de construction tout au long de leur cycle de vie.<\/div>\n<div>\u00a0<\/div>\n<div>Un chauffage respectueux de l\u2019environnement : Audemars Piguet a initi\u00e9 la constitution de \u00ab Brassus Bois SA \u00bb, une soci\u00e9t\u00e9 mixte entre la Commune du Chenit et Audemars Piguet. Son r\u00e9seau de chauffage \u00e0 distance permettra d\u2019assurer, \u00e0 terme, le chauffage d\u2019une centaine de b\u00e2timents du village.<\/div>\n<div>Un agencement horloger mod\u00e8le : la surface du b\u00e2timent, 12 200 m2 de planchers, permet de r\u00e9unir sous le m\u00eame toit toutes les \u00e9tapes de fabrication de la montre. Le flux de production est optimis\u00e9, et les conditions de travail sont incomparables pour les trois cents collaborateurs r\u00e9unis dans un nouveau b\u00e2timent organis\u00e9 en petites unit\u00e9s autonomes. Un souci de la sant\u00e9 des utilisateurs : les champs magn\u00e9tiques, ou \u00ab \u00e9lectrosmog \u00bb, g\u00e9n\u00e9r\u00e9s par les t\u00e9l\u00e9phones sans fil, les r\u00e9seaux informatiques, les \u00e9quipements \u00e9lectriques sont-ils nuisibles pour la sant\u00e9 ? Audemars Piguet a suivi le principe de pr\u00e9caution dans l\u2019\u00e9quipement de la Manufacture des Forges.<\/div>\n<div>Un environnement restitu\u00e9 \u00e0 la nature : la construction de la Manufacture des Forges a n\u00e9cessit\u00e9 le d\u00e9placement d\u2019un tron\u00e7on du ruisseau du Brassus, canalis\u00e9 depuis 161 ans \u00e0 cet endroit.<\/div>\n<div>\u00a0<\/div>\n<div>Le choix d\u2019Audemars Piguet a \u00e9t\u00e9 d\u2019en financer une renaturation exemplaire tant du point de vue de l\u2019\u00e9cologie que de l\u2019aspect paysager.<\/div>\n<div>Un \u00ab plus \u00bb pour le village : cr\u00e9er, pour la nouvelle manufacture, un acc\u00e8s qui respecte la s\u00e9curit\u00e9 des zones d\u2019\u00e9coles et de villas a donn\u00e9 l\u2019occasion de remodeler l\u2019entr\u00e9e du village du Brassus.<\/div>\n<div>\u00a0<\/div>\n<div>Quand il s\u2019est av\u00e9r\u00e9, d\u00e8s les premi\u00e8res ann\u00e9es de ce si\u00e8cle, qu\u2019Audemars Piguet devait se doter d\u2019un nouveau site de production, le lieu de cette implan- tation s\u2019est impos\u00e9 sans h\u00e9sitation : Le Brassus, berceau de l\u2019entreprise.<\/div>\n<div>En 1875, lorsque les deux fondateurs d\u2019Audemars Piguet d\u00e9cident d\u2019unir leurs talents, ils s\u2019installent dans la maison qui abrite maintenant le Mus\u00e9e priv\u00e9 de l\u2019entreprise. Ce sera le seul b\u00e2timent de l\u2019entreprise pendant trente-deux ans.<\/div>\n<div>\u00a0<\/div>\n<h3>Premier d\u00e9m\u00e9nagement<\/h3>\n<div>\u00a0<\/div>\n<div>En 1907, c\u2019est l\u2019inauguration d\u2019une nouvelle manufacture, \u00e0 c\u00f4t\u00e9 du premier si\u00e8ge d\u2019Audemars Piguet. Les deux associ\u00e9s voient grand : avec ses 70 places de travail, la nouvelle unit\u00e9 de production comblera les besoins de l\u2019entreprise jusqu\u2019en 1958.<\/div>\n<div>De 1958 \u00e0 2008, la croissance exponentielle de l\u2019entreprise donne lieu \u00e0 l\u2019adjonction d\u2019ailes autour du corps central du b\u00e2timent, la derni\u00e8re en 2000. Puis vient le temps du provisoire, avec des ateliers r\u00e9partis dans diff\u00e9rents lieux de la vall\u00e9e de Joux. Il devient alors indispensable de regrouper l\u2019ensemble de la production sur un seul site.<\/div>\n<div>Audemars Piguet se lance alors dans un projet d\u2019envergure : construire une nouvelle manufacture. En 2007, c\u2019est le d\u00e9but des travaux, avec une enve- loppe budg\u00e9taire de 35 millions de francs suisses. La Manufacture des Forges ouvrira ses portes en 2009. Dans le b\u00e2timent de 1907 resteront localis\u00e9s les employ\u00e9s de la soci\u00e9t\u00e9 Audemars Piguet (Marketing) SA, ainsi que le service clients.<\/div>\n<div>\u00a0<\/div>\n<h3>Rester, partir ?<\/h3>\n<div>\u00a0<\/div>\n<div>Ce nouvel agrandissement n\u2019a aucune commune mesure avec les constructions pr\u00e9c\u00e9dentes ni par sa surface ni par ses caract\u00e9ristiques industrielles : toutes les \u00e9tapes de fabrication de la montre seront r\u00e9unies sur le m\u00eame site, le flux de production sera ainsi optimis\u00e9 et les conditions de travail seront incomparables pour les trois cents collaborateurs r\u00e9unis dans un nouveau b\u00e2timent organis\u00e9 en petites cellules autonomes.<\/div>\n<div>Une solution apparemment simple aurait \u00e9t\u00e9 de quitter le Brassus, vu le peu de terrains disponibles au village, pour une des zones industrielles de la vall\u00e9e de Joux, voire une migration hors de la Vall\u00e9e. Mais la question est vite tranch\u00e9e : Audemars Piguet restera fid\u00e8le au village qui l\u2019a vu na\u00eetre, et dont elle est le fleuron industriel depuis 134 ans.<\/div>\n<div>Construire au Brassus, mais o\u00f9 ?<\/div>\n<div>En face de la maison des parents de Georges Golay, \u00e2me de la Manufacture durant un quart de si\u00e8cle, le terrain d\u2019une scierie d\u00e9saffect\u00e9e jouxte un b\u00e2timent dont Audemars Piguet est propri\u00e9taire. Ce sera le site de la Manufacture des Forges, vu son emplacement id\u00e9al et malgr\u00e9 un certain nombre de contraintes incontournables.<\/div>\n<div>\u00a0<\/div>\n<h3>Contraintes<\/h3>\n<div>\u00a0<\/div>\n<div>Terrain industriel ayant abrit\u00e9 une scierie, le site devra \u00eatre d\u00e9pollu\u00e9. C\u2019est chose faite par le ma\u00eetre d\u2019\u0153uvre, avec toutes les pr\u00e9cautions n\u00e9cessaires, en parall\u00e8le avec la construction de la Manufacture.<\/div>\n<div>Le terrain se situe entre un quartier de villas et les b\u00e2timents scolaires du Brassus. La cr\u00e9ation d\u2019un nouvel acc\u00e8s \u00e0 la parcelle permettra tant aux collaborateurs qu\u2019aux v\u00e9hicules de livraison de gagner la manufacture sans traverser ces zones sensibles. Mieux encore, l\u2019am\u00e9nagement paysager am\u00e9liorera la s\u00e9curit\u00e9 des enfants, qu\u2019ils se d\u00e9placent \u00e0 pied ou \u00e0 v\u00e9lo.<\/div>\n<div>Le terrain est parcouru en son milieu par le canal de d\u00e9viation du ruisseau du Brassus. C\u2019est l\u2019occasion de revitaliser le tron\u00e7on aval du ruisseau et de recr\u00e9er une zone de prairie humide au confluent avec l\u2019Orbe.<\/div>\n<div>\u00a0<\/div>\n<h3>Atouts<\/h3>\n<div>\u00a0<\/div>\n<div>Proche de la nouvelle gare du Brassus, en bordure d\u2019une zone prot\u00e9g\u00e9e, le nouveau b\u00e2timent a tous les atouts pour offrir \u00e0 ses utilisateurs un confort de travail optimal. Assis \u00e0 son \u00e9tabli dans des ateliers chaleureux, l\u2019horloger b\u00e9n\u00e9ficiera de la lumi\u00e8re du nord et du superbe paysage de la vall\u00e9e de l\u2019Orbe. Par sa conception architecturale et son environnement arboris\u00e9, et malgr\u00e9 sa dimension, son lieu de travail aura des caract\u00e9ristiques qui le rendent proche des ateliers familiaux de jadis. Et le passage des ateliers dis- pers\u00e9s dans toute la vall\u00e9e de Joux \u00e0 un centre de production unique dot\u00e9 des derniers perfectionnements techniques, \u00e0 un jet de pierre des anciens locaux, ne pourra que renforcer la motivation de chacun \u00e0 travailler pour \u00ab le ma\u00eetre de l\u2019horlogerie depuis 1875 \u00bb.<\/div>\n<div>En parall\u00e8le \u00e0 ce projet, Audemars Piguet a entrepris une s\u00e9rie de d\u00e9marches s\u2019inscrivant dans la m\u00eame coh\u00e9rence \u00e9conomique, en faisant le choix de produits issus de for\u00eats certifi\u00e9es et en initiant une r\u00e9flexion globale sur le d\u00e9veloppement durable.<\/div>\n<div>\u00a0<\/div>\n<div>Audemars Piguet<\/div>\n<h3>Concevoir la premi\u00e8re manufacture Minergie-ECO \u00ae<\/h3>\n<div>\u00a0<\/div>\n<div>Alors que le label Minergie f\u00eate ses dix ans, le nouveau label Minergie- ECO \u00ae en est encore \u00e0 sa phase de test. La Manufacture des Forges est le premier b\u00e2timent industriel et artisanal suisse \u00e0 viser ce niveau d\u2019excellence environnementale.<\/div>\n<div>La nouvelle manufacture d\u2019Audemars Piguet a \u00e9t\u00e9 \u00e9tudi\u00e9e et r\u00e9alis\u00e9e de fa- \u00e7on \u00e0 atteindre le label Minergie-ECO \u00ae. Les exigences de ce nouveau label cumulent \u00e9conomies d\u2019\u00e9nergies de chauffage et \u00e9lectrique, qualit\u00e9 et innocuit\u00e9 pour les utilisateurs et l\u2019environnement des mat\u00e9riaux de construction tout au long de leur cycle de vie (selon les recommandations Eco-Bau) et int\u00e9gration de l\u2019immeuble \u00e0 l\u2019environnement avoisinant, naturel et b\u00e2ti.<\/div>\n<div>\u00a0<\/div>\n<div>La volont\u00e9 de prendre part de mani\u00e8re pro-active \u00e0 cette d\u00e9marche a impliqu\u00e9, en termes de choix technique et de choix des mat\u00e9riaux, une attention particuli\u00e8re.<\/div>\n<div>\u00a0<\/div>\n<h3>L\u2019implantation de l\u2019immeuble<\/h3>\n<div>\u00a0<\/div>\n<div>Le site retenu pour la construction de la nouvelle manufacture Audemars Piguet se caract\u00e9rise par sa situation au c\u0153ur du village du Brassus, dans un environnement imm\u00e9diat occup\u00e9 par une zone de villas individuelles, un secteur de maisons villageoises, les b\u00e2timents scolaires du village, la gare du Brassus et un b\u00e2timent industriel construit dans les ann\u00e9es quatre-vingt.<\/div>\n<div>La volont\u00e9 commune d\u2019Audemars Piguet et des auteurs du projet a \u00e9t\u00e9 de mettre l\u2019accent sur une int\u00e9gration de la nouvelle manufacture dans le tissu b\u00e2ti existant. Cette volont\u00e9 s\u2019est mat\u00e9rialis\u00e9e par un projet \u00e0 la volum\u00e9trie simple en relation avec les gabarits environnants, des toitures \u00e0 pans inclin\u00e9s faisant r\u00e9f\u00e9rence aux maisons villageoises, un plan articul\u00e9 afin d\u2019\u00e9viter les effets de masse et une couleur de fa\u00e7ade sombre favorisant l\u2019int\u00e9gration du projet aux constructions voisines tout en conf\u00e9rant de l\u2019\u00e9l\u00e9gance au b\u00e2timent.<\/div>\n<div>\u00a0<\/div>\n<h3>La conception de l\u2019immeuble<\/h3>\n<div>\u00a0<\/div>\n<div>Le projet de la Manufacture des Forges s\u2019implante sur la parcelle, parall\u00e8lement au ruisseau du Brassus, de mani\u00e8re \u00e0 optimiser la capacit\u00e9 constructive du site tout en int\u00e9grant tous les crit\u00e8res de fonctionnalit\u00e9.<\/div>\n<div>L\u2019implantation du b\u00e2timent en peigne s\u2019articule en fonction d\u2019une organisation par m\u00e9tier de la manufacture. On trouve tout d\u2019abord le corps principal, dans l\u2019alignement du ruisseau, qui regroupe l\u2019accueil des visiteurs, la r\u00e9ception des marchandises et les activit\u00e9s de support \u00e0 la production.<\/div>\n<div>Ensuite, perpendiculairement, s\u2019\u00e9panouissent deux ailes, une d\u00e9volue \u00e0 l\u2019activit\u00e9 du mouvement, regroupant des ateliers d\u2019horlogers, et l\u2019autre d\u00e9di\u00e9e \u00e0 l\u2019habillage et la logistique. L\u2019orientation Nord &#8211; Sud de ces deux ailes favorise la lumi\u00e8re du nord qui assure une qualit\u00e9 de lumi\u00e8re uniforme ainsi qu\u2019une faible variation de temp\u00e9rature.<\/div>\n<div>\u00a0<\/div>\n<div>Ces deux volumes de soixante m\u00e8tres de longueur b\u00e9n\u00e9ficient d\u2019une articulation en leur centre afin de diminuer l\u2019effet de masse et fournir des pers- pectives visuelles dynamiques quel que soit le point de vue o\u00f9 l\u2019on se trouve. Les deux ailes sont travers\u00e9es sur la fa\u00e7ade sud par un couloir de distribution permettant l\u2019acc\u00e8s de mani\u00e8re autonome aux diff\u00e9rents ateliers via des sas. La fonction du couloir est \u00e9galement de cr\u00e9er un tampon thermique entre une fa\u00e7ade g\u00e9n\u00e9rant un apport thermique important et des ateliers dont la temp\u00e9rature doit \u00eatre s\u00e9v\u00e8rement contr\u00f4l\u00e9e.<\/div>\n<div>\u00a0<\/div>\n<div>Le tout repose sur un sous-sol permettant d\u2019accueillir un parking souterrain de plus de 90 places, l\u2019entr\u00e9e du personnel et les vestiaires. Les diff\u00e9rentes zones d\u2019installations techniques sont regroup\u00e9es dans les combles.<\/div>\n<div>Afin de relier le b\u00e2timent se trouvant sur la parcelle et abritant d\u00e9j\u00e0 des ateliers Audemars Piguet \u00e0 la nouvelle manufacture, une passerelle a \u00e9t\u00e9 install\u00e9e. La liaison a \u00e9t\u00e9 souhait\u00e9e g\u00e9n\u00e9reuse afin de regrouper les deux entit\u00e9s en un seul site de production. On retrouve dans la passerelle une zone de d\u00e9tente et d\u2019\u00e9change.<\/div>\n<div>\u00a0<\/div>\n<h3>Les travaux pr\u00e9paratoires<\/h3>\n<div>\u00a0<\/div>\n<div>La r\u00e9alisation du projet a d\u00e9but\u00e9 par la d\u00e9molition d\u2019une scierie d\u00e9saffect\u00e9e. Cette d\u00e9molition a fait l\u2019objet d\u2019un suivi environnemental afin de garantir d\u2019une part le traitement des parties d\u2019ouvrages pr\u00e9sentant des traces de pollution et d\u2019autre part de valoriser les mat\u00e9riaux m\u00e9ritant un int\u00e9r\u00eat.<\/div>\n<div>Le bois de construction, charpente, planchers et parois, a \u00e9t\u00e9 d\u00e9chiquet\u00e9 sur site et transf\u00e9r\u00e9 \u00e0 la centrale de chauffe Sogebois SA, situ\u00e9e \u00e0 deux kilom\u00e8tres. Le b\u00e9ton et la brique ont fait l\u2019objet d\u2019un concassage et d\u2019une r\u00e9utilisation sur le chantier comme plateforme de travail et piste d\u2019acc\u00e8s. Les mat\u00e9riaux pr\u00e9sentant des traces de polluants, notamment de l\u2019amiante ont suivi les fili\u00e8res de traitement traditionnelles.<\/div>\n<div>\u00a0<\/div>\n<div>Le terrain \u00e9tant cadastr\u00e9 en zone pollu\u00e9e par son utilisation industrielle an- t\u00e9rieure, il a \u00e9t\u00e9 n\u00e9cessaire de proc\u00e9der \u00e0 des sondages rapproch\u00e9s pour re- p\u00e9rer toute trace de polluant et \u00e9vacuer vers des installations de retraitement tous les mat\u00e9riaux potentiellement contamin\u00e9s.<\/div>\n<div>\u00a0<\/div>\n<div>Les contraintes du nouveau label suisse Minergie-ECO \u00ae<\/div>\n<div>\u00ab Minergie-ECO \u00ae est un compl\u00e9ment au standard MINERGIE \u00ae. Alors que les caract\u00e9ristiques telles que le confort et l\u2019efficience \u00e9nerg\u00e9tique sont propres aux b\u00e2timents Minergie \u00ae, les constructions certifi\u00e9es Miner- gie-ECO \u00ae remplissent \u00e9galement des exigences en mati\u00e8re de modes de construction sains et \u00e9cologiques. Un standard de construction rigoureux selon MINERGIE \u00ae, respectivement Minergie-P \u00ae, constitue la condition pr\u00e9alable \u00e0 une certification Minergie-ECO \u00ae. \u00bb (www.minergie.ch)<\/div>\n<div>De la d\u00e9molition \u00e9ventuelle de b\u00e2timents existants \u00e0 la d\u00e9construction de l\u2019immeuble projet\u00e9, chaque \u00e9tape et chaque choix architectural doit r\u00e9pon- dre aux crit\u00e8res list\u00e9s dans une documentation volumineuse. Pr\u00e9vu initialement pour des b\u00e2timents d\u2019habitation et administratifs, le label est, pour la premi\u00e8re fois, \u00e9tendu \u00e0 un b\u00e2timent industriel \u00e0 la demande d\u2019Audemars Piguet. Le projet a \u00e9t\u00e9 confi\u00e9 \u00e0 l\u2019atelier d\u2019architecture et d\u2019urbanisme Dolci Architectes S\u00e0rl.<\/div>\n<div>\u00a0<\/div>\n<h3>Les contraintes Minergie<\/h3>\n<div>\u00a0<\/div>\n<div>Pour atteindre les performances requises, il a tout d\u2019abord \u00e9t\u00e9 n\u00e9cessaire de travailler sur l\u2019enveloppe du b\u00e2timent, la qualit\u00e9 et l\u2019\u00e9paisseur des isolants (24 cm en fa\u00e7ades et 20 cm en toiture) mais \u00e9galement sur tous les d\u00e9tails constructifs qui sont souvent \u00e0 l\u2019origine de surconsommations (appel\u00e9es commun\u00e9ment ponts thermiques).<\/div>\n<div>Pour l\u2019obtention du label Minergie, le choix de la production d\u2019\u00e9nergie de chauffage est primordial car son impact environnemental est pris en consi- d\u00e9ration dans le calcul. Dans ce cadre, deux choix s\u2019offraient \u00e0 Audemars Piguet, la pompe \u00e0 chaleur ou le chauffage au bois.<\/div>\n<div>Apr\u00e8s avoir consid\u00e9r\u00e9 l\u2019ensemble du parc immobilier d\u2019Audemars Piguet au Brassus, le choix s\u2019est port\u00e9 sur un syst\u00e8me de production de chaleur au bois et un r\u00e9seau de distribution de chauffage \u00e0 distance. Une synergie ayant \u00e9t\u00e9 trouv\u00e9e avec la commune, le syst\u00e8me a finalement \u00e9t\u00e9 dimensionn\u00e9 pour alimenter les b\u00e2timents publics et priv\u00e9s au passage du r\u00e9seau.<\/div>\n<div>\u00a0<\/div>\n<h3>Les contraintes horlog\u00e8res<\/h3>\n<div>\u00a0<\/div>\n<div>La production des montres r\u00e9clamant une temp\u00e9rature ambiante constante \u00e0 certaines \u00e9tapes de fabrication, une production d\u2019eau glac\u00e9e pour la climatisation a \u00e9t\u00e9 r\u00e9alis\u00e9e. Le climat de la vall\u00e9e de Joux y \u00e9tant particuli\u00e8rement favorable, la majorit\u00e9 de l\u2019\u00e9nergie sera produite en \u00ab free-cooling \u00bb, soit uniquement gr\u00e2ce \u00e0 l\u2019\u00e9nergie de l\u2019air ext\u00e9rieur. Un groupe de production d\u2019eau glac\u00e9e \u00e0 haut rendement fournira le compl\u00e9ment n\u00e9cessaire au fonctionnement de l\u2019installation.<\/div>\n<div>Seuls les locaux destin\u00e9s \u00e0 la production sont climatis\u00e9s, ainsi que quelques activ\u00e9s sp\u00e9cifiques comme le contr\u00f4le qualit\u00e9 et quelques salles de r\u00e9union. Pour garantir un confort ambiant maximum pour les activit\u00e9s horlog\u00e8res, la r\u00e9gulation de la temp\u00e9rature est r\u00e9alis\u00e9e par un syst\u00e8me de plafond rayonnant. Ce type d\u2019installation permet une distribution du froid sans d\u00e9placement d\u2019air.<\/div>\n<div>\u00a0<\/div>\n<div>Une ventilation garantissant le contr\u00f4le de l\u2019humidit\u00e9 compl\u00e8te le dispositif. La diffusion de l\u2019air, particuli\u00e8rement sensible dans les activit\u00e9s horlog\u00e8res, a \u00e9t\u00e9 test\u00e9e en laboratoire et garantit l\u2019absence de courant d\u2019air dans les espaces de travail. L\u2019ensemble des techniques du b\u00e2timent est raccord\u00e9 sur un syst\u00e8me de gestion centralis\u00e9 garantissant un fonctionnement optimal et une gestion rigoureuse des \u00e9nergies.<\/div>\n<div>\u00a0<\/div>\n<h3>Les contraintes ECO<\/h3>\n<div>\u00a0<\/div>\n<div>La mat\u00e9rialisation du projet d\u00e9coule d\u2019une volont\u00e9 d\u2019utilisation de produits ayant un bilan \u00e9cologique le plus neutre possible. Elle s\u2019inscrit dans les objectifs suivants : l\u2019utilisation de mati\u00e8re premi\u00e8re largement disponible et provenant pour une part \u00e9lev\u00e9e de mat\u00e9riaux de recyclage ; l\u2019utilisation de mat\u00e9riaux de construction produisant une faible nuisance pour l\u2019environnement lors de leur fabrication et de leur mise en \u0153uvre ; l\u2019utilisation de mat\u00e9riaux recyclables au maximum et pouvant \u00eatre \u00e9limin\u00e9s sans nuisances lors de la d\u00e9construction. Cette d\u00e9marche vise avant tout le respect de l\u2019environnement et la qualit\u00e9 de vie des occupants de la Manufacture des Forges.<\/div>\n<div>\u00a0<\/div>\n<div>Les contraintes li\u00e9es \u00e0 l\u2019utilisation des mat\u00e9riaux r\u00e9pondants aux exigences ECO ont \u00e9t\u00e9 appr\u00e9hend\u00e9es de mani\u00e8re claire en amont du projet. Les choix se sont traduits de la mani\u00e8re suivante : une structure en b\u00e9ton arm\u00e9 et m\u00e9tal ; une enveloppe en plaques fibro-ciment ; un vitrage en aluminium elox\u00e9 naturel ; des rev\u00eatements de sols en r\u00e9sine \u00e9poxy sans solvant ; du parquet en bois issu de for\u00eats certifi\u00e9es ; le rev\u00eatement des murs en peinture \u00e0 l\u2019eau.<\/div>\n<div>\u00a0<\/div>\n<div>Les ateliers de la Manufacture des Forges : des espaces de travail lumineux et g\u00e9n\u00e9reux<\/div>\n<div>Comment traduire dans le concret la volont\u00e9 du ma\u00eetre d\u2019\u0153uvre d\u2019offrir aux horlogers un cadre de travail de grande qualit\u00e9 ?<\/div>\n<div>Les ateliers de la Manufacture des Forges ont \u00e9t\u00e9 con\u00e7us en fonction de quatre exigences : la qualit\u00e9 de la lumi\u00e8re, la vision sur l\u2019ext\u00e9rieur, les volumes et surfaces des locaux et les couleurs et traitements des surfaces.<\/div>\n<h3>Qualit\u00e9 de la lumi\u00e8re<\/h3>\n<div>L\u2019orientation des ateliers garantit une qualit\u00e9 de lumi\u00e8re constante, la lumi\u00e8re du nord, privil\u00e9gi\u00e9e depuis les d\u00e9buts de l\u2019horlogerie \u00e0 la vall\u00e9e de Joux.<\/div>\n<div>Les vitrages de grande dimension ne repr\u00e9sentant plus, gr\u00e2ce aux progr\u00e8s des verres isolants, une faille dans l\u2019isolation thermique, il a \u00e9t\u00e9 possible de permettre l\u2019apport de lumi\u00e8re naturelle jusque dans les parties plus recul\u00e9es des ateliers. Vision sur l\u2019ext\u00e9rieur<\/div>\n<div>Les fa\u00e7ades \u00e9tant vitr\u00e9es \u00e0 hauteur d\u2019\u00e9tabli, le regard des horlogers plonge directement sur l\u2019espace ext\u00e9rieur. Les choix d\u2019am\u00e9nagement et d\u2019arborisation du site offrent au regard un espace vert digne du paysage naturel environnant.<\/div>\n<div>\u00a0<\/div>\n<h3>Volume et surface des locaux<\/h3>\n<div>\u00a0<\/div>\n<div>Les ateliers ont \u00e9t\u00e9 limit\u00e9s \u00e0 une capacit\u00e9 maximum de 40 places de travail. Aucun pilier ou autre \u00e9l\u00e9ment structurel n\u2019entrave l\u2019organisation int\u00e9rieure. Ce concept permet une souplesse d\u2019am\u00e9nagement compl\u00e8te.<\/div>\n<div>Couleurs et traitements de surfaces<\/div>\n<div>Le choix des mat\u00e9riaux r\u00e9pond au concept ECO \u00ae : mis en \u0153uvre de mat\u00e9riaux simples et le plus neutres possible en termes de nuisances pour les utilisateurs et l\u2019environnement.<\/div>\n<div>La mat\u00e9rialisation a \u00e9t\u00e9 accompagn\u00e9e d\u2019un choix de teintes permettant des ateliers tr\u00e8s lumineux r\u00e9duisant au maximum les besoins en lumi\u00e8re artificielle pour les \u00e9clairages d\u2019ambiance.<\/div>\n<div>Le choix de la teinte du rev\u00eatement de sol a \u00e9galement \u00e9t\u00e9 dict\u00e9 par la n\u00e9cessit\u00e9 fonctionnelle de pouvoir r\u00e9cup\u00e9rer facilement des pi\u00e8ces m\u00e9caniques tomb\u00e9es au sol.<\/div>\n<div>\u00a0<\/div>\n<div>La Manufacture des Forges a \u00e9t\u00e9 dessin\u00e9e \u00e0 partir d\u2019un sch\u00e9ma d\u2019optimisation des circulations des personnes et des biens. Quatre axes ont d\u00e9termin\u00e9 l\u2019organisation interne du b\u00e2timent : le cheminement des personnes, l\u2019organisation par secteurs d\u2019activit\u00e9, le flux des composants, le flux d\u2019informations.<\/div>\n<div>\u00a0<\/div>\n<h3>Le cheminement des personnes<\/h3>\n<div>\u00a0<\/div>\n<div>Les collaborateurs qui se rendent \u00e0 la Manufacture sont encourag\u00e9s \u00e0 emprunter les transports publics de la Vall\u00e9e et les bus gratuits qui font la navette avec la France voisine. Ceux qui doivent recourir \u00e0 leur v\u00e9hicule priv\u00e9 disposent de 2 parkings, l\u2019un en surface, l\u2019autre en sous-sol, r\u00e9serv\u00e9 aux v\u00e9hicules utilis\u00e9s en co-voiturage.<\/div>\n<div>\u00a0<\/div>\n<div>Apr\u00e8s avoir franchi un sas unipersonnel, hommes et femmes p\u00e9n\u00e8trent dans leur vestiaire respectif, \u00e9quip\u00e9 de sanitaires et de douches. Apr\u00e8s avoir d\u00e9pos\u00e9 leurs effets personnels et chauss\u00e9 leurs chaussures d\u2019int\u00e9rieur, ils gagnent leur lieu de travail. Ce sch\u00e9ma de d\u00e9placement permet une fluidit\u00e9 de la circulation des personnes m\u00eame dans les moments o\u00f9 de nombreux collaborateurs gagnent simultan\u00e9ment leur poste de travail.<\/div>\n<div>Certains ateliers \u00e9tant en zone dite \u00abpropre\u00bb, leur acc\u00e8s est prot\u00e9g\u00e9 par un sas o\u00f9 chacun s\u2019\u00e9quipe d\u2019une blouse et de chaussures r\u00e9serv\u00e9es \u00e0 ces pi\u00e8ces.<\/div>\n<div>\u00a0<\/div>\n<h3>L\u2019organisation par secteurs d\u2019activit\u00e9<\/h3>\n<div>\u00a0<\/div>\n<div>Le montage des mouvements jouit au maximum de la lumi\u00e8re du nord, id\u00e9ale pour les activit\u00e9s horlog\u00e8res.<\/div>\n<div>L\u2019ancien b\u00e2timent \u00ab AP Technologie \u00bb, reli\u00e9 par une passerelle \u00e0 la Manufacture, regroupera \u00e0 terme tout le secteur habillement. Mouvement et bo\u00eetes convergent ensuite vers l\u2019embo\u00eetage, la pose du bracelet, le contr\u00f4le final et le stockage avant d\u00e9part.<\/div>\n<div>Les activit\u00e9s de support, logistique, bureaux d\u2019\u00e9tudes, service qualit\u00e9, comptabilit\u00e9, bureau des m\u00e9thodes, sont rassembl\u00e9s en position centrale.<\/div>\n<div>\u00a0<\/div>\n<h3>Le flux des composants<\/h3>\n<div>\u00a0<\/div>\n<div>Toutes les circulations de composants s\u2019effectuent selon un circuit direct, s\u00e9par\u00e9 des cheminements de personnes, par des sas internes et des monte- charge, pour limiter les d\u00e9placements et optimiser la s\u00e9curit\u00e9.<\/div>\n<div>Les fournitures entrent dans la Manufacture par un quai int\u00e9rieur s\u00e9curis\u00e9. Apr\u00e8s r\u00e9ception et enregistrement dans le syst\u00e8me de gestion, elles gagnent les services de contr\u00f4le d\u2019entr\u00e9e.<\/div>\n<div>Apr\u00e8s v\u00e9rification, elles sont stock\u00e9es et assembl\u00e9es en kits dans des locaux situ\u00e9s entre le contr\u00f4le d\u2019entr\u00e9e et les ateliers, vers lesquels elles sont ensuite achemin\u00e9es \u00e0 la demande.<\/div>\n<div>Le m\u00eame principe de circulation est utilis\u00e9 dans les ateliers, o\u00f9 les diverses op\u00e9rations se succ\u00e8dent le long d\u2019un cheminement lin\u00e9aire entre le sas d\u2019entr\u00e9e et le sas de sortie.<\/div>\n<div>\u00a0<\/div>\n<div>Les montres termin\u00e9es gagnent le contr\u00f4le final avant d\u2019\u00eatre stock\u00e9es en chambre forte. Apr\u00e8s facturation, elle partent vers leur destination finale.<\/div>\n<div>\u00a0<\/div>\n<h3>Le flux d\u2019informations<\/h3>\n<div>\u00a0<\/div>\n<div>Le dernier axe concerne le flux d\u2019informations. Les services de support des diff\u00e9rents m\u00e9tiers sont regroup\u00e9s, dans le corps central, \u00e0 proximit\u00e9 des ateliers correspondants. Quelques pas suffisent aux diff\u00e9rents intervenants des bureaux et des ateliers pour \u00e9changer, de vive voix, toutes les informations utiles.<\/div>\n<div>Les bureaux sont s\u00e9par\u00e9s par des cloisons vitr\u00e9es. Ce choix a fait l\u2019objet d\u2019une r\u00e9flexion approfondie. Les concepteurs ont \u00e9cart\u00e9 l\u2019id\u00e9e d\u2019une grande surface ouverte, peu propice au silence et \u00e0 la concentration.<\/div>\n<div>La solution retenue permet aux utilisateurs, dont le regard n\u2019est pas arr\u00eat\u00e9 par des murs, de travailler dans un environnement calme tout en ayant conscience qu\u2019ils travaillent ensemble au m\u00eame projet d\u2019entreprise.<\/div>\n<div>\u00a0<\/div>\n<div>Plut\u00f4t que de construire une centrale de chauffe \u00e0 bois destin\u00e9e uniquement \u00e0 sa nouvelle manufacture, Audemars Piguet a initi\u00e9 la constitution de \u00ab Brassus Bois SA \u00bb, une Soci\u00e9t\u00e9 anonyme, partenariat entre la Commune du Chenit et Audemars Piguet. Son r\u00e9seau de chauffage \u00e0 distance permettra d\u2019assurer, \u00e0 terme, le chauffage d\u2019une centaine de b\u00e2timents du village.<\/div>\n<div>Situ\u00e9e \u00e0 c\u00f4t\u00e9 de la nouvelle gare, la centrale thermique est \u00e9quip\u00e9e de deux chaudi\u00e8res \u00e0 bois d\u2019une puissance de 2 000 kW chacune, ainsi que d\u2019un filtre \u00e0 poussi\u00e8res fines de haute performance.<\/div>\n<div>Un emplacement est r\u00e9serv\u00e9 dans la centrale pour l\u2019installation future d\u2019une troisi\u00e8me chaudi\u00e8re d\u2019une puissance de 2 000 kW \u00e9galement. Le tarif de l\u2019\u00e9nergie produite par le bois est concurrentiel par rapport aux \u00e9nergies fossiles tout en permettant de r\u00e9tribuer les acteurs de l\u2019industrie foresti\u00e8re r\u00e9gionale.<\/div>\n<div>\u00a0<\/div>\n<h3>La filtration<\/h3>\n<div>\u00a0<\/div>\n<div>Le syst\u00e8me de filtration retenu permet d\u2019assurer un degr\u00e9 de filtration deux fois sup\u00e9rieur aux derni\u00e8res exigences de l\u2019Office f\u00e9d\u00e9ral de la protection de l\u2019air. Le co\u00fbt du syst\u00e8me de filtration repr\u00e9sente environ les 10 % de l\u2019investissement pour la centrale thermique.<\/div>\n<div>\u00a0<\/div>\n<h3>L\u2019insonorisation<\/h3>\n<div>\u00a0<\/div>\n<div>L\u2019insonorisation de la centrale thermique est particuli\u00e8rement soign\u00e9e, aucun bruit ne sera perceptible, de jour comme de nuit, au seuil des habitations les plus proches.<\/div>\n<div>Le niveau sonore de pointe dans la centrale est de 85 dBA, bruit comparable \u00e0 celui d\u2019une tondeuse \u00e0 gazon ou \u00e0 un klaxon de voiture. La qualit\u00e9 de l\u2019enveloppe du b\u00e2timent et les silencieux plac\u00e9s dans la chemin\u00e9e r\u00e9duisent ce niveau sonore jusqu\u2019\u00e0 43 dBA \u00e0 5 m du b\u00e2timent, ce qui correspond, par exemple, au bruit d\u2019un lave-vaisselle. Le niveau sonore l\u00e9gal admis au seuil des habitations les plus proches, soit 32 dBA, se rapprochant du bruit de fond entendu lors d\u2019une promenade en for\u00eat, est ainsi respect\u00e9.<\/div>\n<div>\u00a0<\/div>\n<h3>Le r\u00e9seau<\/h3>\n<div>\u00a0<\/div>\n<div>En premi\u00e8re \u00e9tape, soit entre 2008 et 2009, il est pr\u00e9vu de raccorder 40 b\u00e2timents pour une puissance thermique totale de 3 600 kW. Le r\u00e9seau de chauffage \u00e0 distance s\u2019\u00e9tendra alors sur une longueur de 1 600 m\u00e8tres.<\/div>\n<div>Les b\u00e2timents qui seront connect\u00e9s au r\u00e9seau sont actuellement \u00e9quip\u00e9s de chaudi\u00e8res \u00e0 mazout. Dans une seconde \u00e9tape, pr\u00e9vue d\u00e8s 2010, le r\u00e9seau de chauffage \u00e0 distance alimentera une centaine de b\u00e2timents le long d\u2019un r\u00e9seau de 2 450 m\u00e8tres.<\/div>\n<div>\u00a0<\/div>\n<h3>L\u2019approvisionnement<\/h3>\n<div>\u00a0<\/div>\n<div>La consommation annuelle de bois est, pour la premi\u00e8re \u00e9tape, de l\u2019ordre de 7 500 m3 de plaquettes, soit l\u2019\u00e9quivalent de 3 750 st\u00e8res ou 2 700 m3 de bois plein.<\/div>\n<div>\u00a0<\/div>\n<div>Un couvert d\u2019une capacit\u00e9 de 5 400 m3 de plaquettes de bois, situ\u00e9 \u00e0 un kilom\u00e8tre et demi de la centrale de chauffe, est construit simultan\u00e9ment. Les plaquettes de bois y sont pr\u00e9par\u00e9es et stock\u00e9es pour une dur\u00e9e minimale de 2 mois, ce qui permet la fermentation du bois qui accro\u00eet sa capacit\u00e9 calorifique de 10% par rapport au bois vert et diminue la production de vapeur d\u2019eau lors de sa combustion.<\/div>\n<div>L\u2019utilisation exclusive de bois de for\u00eat, \u00e0 l\u2019exclusion de tout bois de r\u00e9cup\u00e9ration, limite le d\u00e9gagement de poussi\u00e8res lorsque les plaquettes sont vers\u00e9es dans le silo enterr\u00e9 de la centrale thermique.<\/div>\n<div>Le potentiel de bois de feu des for\u00eats du Risoud permet d\u2019approvisionner sans probl\u00e8me l\u2019installation \u00ab Brassus Bois SA \u00bb. Ce bois \u00e9tait auparavant vendu ETC<\/div>\n<ul>\n<li><img decoding=\"async\" src=\"https:\/\/www.my-watchsite.fr\/blog\/wp-content\/uploads\/2020\/08\/12_34.jpg\" alt=\"Manufacture des Forges AUDEMARS PIGUET\" \/><\/li>\n<\/ul>\n\n\n<p><a href=\"https:\/\/www.audemarspiguet.com\/com\/en\/home.html\" target=\"_blank\" rel=\"noreferrer noopener\">www.audemarspiguet.com<\/a><\/p>\n\n\n\n<p>Lire aussi l&rsquo;article<a href=\"https:\/\/www.my-watchsite.fr\/blog\/sihh-2019-dernier-tour-de-cadran-avec-les-royal-oak-offshore-pour-audemars-piguet-n2337\/\" target=\"_blank\" rel=\"noreferrer noopener\"> SIHH 2019, dernier tour de cadran pour les Royal Oak Offshore d\u2019Audemars Piguet<\/a><\/p>\n","protected":false},"excerpt":{"rendered":"<p>Situ\u00e9e rue des Forges au Brassus, dans la Vall\u00e9e de Joux, la nouvelle manufacture d\u2019Audemars Piguet est maintenant op\u00e9rationnelle. R\u00e9unissant tous les postes de travail n\u00e9cessaires aux diff\u00e9rentes \u00e9tapes de fabrication d\u2019une montre, le site de 12 200 m2, organis\u00e9 en petites unit\u00e9s autonomes, accueille 300 collaborateurs. Il r\u00e9pond aux exigences MINERGIE-ECO\u00ae, un nouveau label [&hellip;]<\/p>\n","protected":false},"author":1,"featured_media":130,"comment_status":"closed","ping_status":"closed","sticky":false,"template":"","format":"standard","meta":{"footnotes":""},"categories":[2],"tags":[39],"acf":[],"yoast_head":"<!-- This site is optimized with the Yoast SEO plugin v20.4 - https:\/\/yoast.com\/wordpress\/plugins\/seo\/ -->\n<title>La marque ouvre les portes de sa nouvelle manufacture - MyWatch FR<\/title>\n<meta name=\"description\" content=\"Situ\u00e9e rue des Forges au Brassus, dans la Vall\u00e9e de Joux, la nouvelle manufacture d\u2019Audemars Piguet est maintenant op\u00e9rationnelle.\" \/>\n<meta name=\"robots\" content=\"index, follow, max-snippet:-1, max-image-preview:large, max-video-preview:-1\" \/>\n<link rel=\"canonical\" href=\"https:\/\/www.my-watchsite.fr\/blog\/la-marque-ouvre-les-portes-de-sa-nouvelle-manufacture-audemars-piguet-n12\/\" \/>\n<meta property=\"og:locale\" content=\"fr_FR\" \/>\n<meta property=\"og:type\" content=\"article\" \/>\n<meta property=\"og:title\" content=\"La marque ouvre les portes de sa nouvelle manufacture - MyWatch FR\" \/>\n<meta property=\"og:description\" content=\"Situ\u00e9e rue des Forges au Brassus, dans la Vall\u00e9e de Joux, la nouvelle manufacture d\u2019Audemars Piguet est maintenant op\u00e9rationnelle.\" \/>\n<meta property=\"og:url\" content=\"https:\/\/www.my-watchsite.fr\/blog\/la-marque-ouvre-les-portes-de-sa-nouvelle-manufacture-audemars-piguet-n12\/\" \/>\n<meta property=\"og:site_name\" content=\"MyWatch FR\" \/>\n<meta property=\"article:publisher\" content=\"https:\/\/www.facebook.com\/mywatchsite\/\" \/>\n<meta property=\"article:published_time\" content=\"2009-08-25T22:00:00+00:00\" \/>\n<meta property=\"article:modified_time\" content=\"2021-09-09T08:13:50+00:00\" \/>\n<meta property=\"og:image\" content=\"https:\/\/www.my-watchsite.fr\/blog\/wp-content\/uploads\/2020\/08\/12_34.jpg\" \/>\n\t<meta property=\"og:image:width\" content=\"250\" \/>\n\t<meta property=\"og:image:height\" content=\"182\" \/>\n\t<meta property=\"og:image:type\" content=\"image\/jpeg\" \/>\n<meta name=\"author\" content=\"MyWatch\" \/>\n<meta name=\"twitter:card\" content=\"summary_large_image\" \/>\n<meta name=\"twitter:creator\" content=\"@mywatchsite\" \/>\n<meta name=\"twitter:site\" content=\"@mywatchsite\" \/>\n<meta name=\"twitter:label1\" content=\"\u00c9crit par\" \/>\n\t<meta name=\"twitter:data1\" content=\"MyWatch\" \/>\n\t<meta name=\"twitter:label2\" content=\"Dur\u00e9e de lecture estim\u00e9e\" \/>\n\t<meta name=\"twitter:data2\" content=\"20 minutes\" \/>\n<script type=\"application\/ld+json\" class=\"yoast-schema-graph\">{\"@context\":\"https:\/\/schema.org\",\"@graph\":[{\"@type\":\"WebPage\",\"@id\":\"https:\/\/www.my-watchsite.fr\/blog\/la-marque-ouvre-les-portes-de-sa-nouvelle-manufacture-audemars-piguet-n12\/\",\"url\":\"https:\/\/www.my-watchsite.fr\/blog\/la-marque-ouvre-les-portes-de-sa-nouvelle-manufacture-audemars-piguet-n12\/\",\"name\":\"La marque ouvre les portes de sa nouvelle manufacture - MyWatch FR\",\"isPartOf\":{\"@id\":\"https:\/\/www.my-watchsite.fr\/blog\/#website\"},\"datePublished\":\"2009-08-25T22:00:00+00:00\",\"dateModified\":\"2021-09-09T08:13:50+00:00\",\"author\":{\"@id\":\"https:\/\/www.my-watchsite.fr\/blog\/#\/schema\/person\/67e19b3e3d014465042ff1be1c9fcf44\"},\"description\":\"Situ\u00e9e rue des Forges au Brassus, dans la Vall\u00e9e de Joux, la nouvelle manufacture d\u2019Audemars Piguet est maintenant op\u00e9rationnelle.\",\"breadcrumb\":{\"@id\":\"https:\/\/www.my-watchsite.fr\/blog\/la-marque-ouvre-les-portes-de-sa-nouvelle-manufacture-audemars-piguet-n12\/#breadcrumb\"},\"inLanguage\":\"fr-FR\",\"potentialAction\":[{\"@type\":\"ReadAction\",\"target\":[\"https:\/\/www.my-watchsite.fr\/blog\/la-marque-ouvre-les-portes-de-sa-nouvelle-manufacture-audemars-piguet-n12\/\"]}]},{\"@type\":\"BreadcrumbList\",\"@id\":\"https:\/\/www.my-watchsite.fr\/blog\/la-marque-ouvre-les-portes-de-sa-nouvelle-manufacture-audemars-piguet-n12\/#breadcrumb\",\"itemListElement\":[{\"@type\":\"ListItem\",\"position\":1,\"name\":\"Accueil\",\"item\":\"https:\/\/www.my-watchsite.fr\/blog\/\"},{\"@type\":\"ListItem\",\"position\":2,\"name\":\"La marque ouvre les portes de sa nouvelle manufacture\"}]},{\"@type\":\"WebSite\",\"@id\":\"https:\/\/www.my-watchsite.fr\/blog\/#website\",\"url\":\"https:\/\/www.my-watchsite.fr\/blog\/\",\"name\":\"MyWatch FR\",\"description\":\"Make Time a Lifestyle\",\"potentialAction\":[{\"@type\":\"SearchAction\",\"target\":{\"@type\":\"EntryPoint\",\"urlTemplate\":\"https:\/\/www.my-watchsite.fr\/blog\/?s={search_term_string}\"},\"query-input\":\"required name=search_term_string\"}],\"inLanguage\":\"fr-FR\"},{\"@type\":\"Person\",\"@id\":\"https:\/\/www.my-watchsite.fr\/blog\/#\/schema\/person\/67e19b3e3d014465042ff1be1c9fcf44\",\"name\":\"MyWatch\",\"image\":{\"@type\":\"ImageObject\",\"inLanguage\":\"fr-FR\",\"@id\":\"https:\/\/www.my-watchsite.fr\/blog\/#\/schema\/person\/image\/\",\"url\":\"https:\/\/secure.gravatar.com\/avatar\/e52d1e94806c54826c863f554ca1dd2a?s=96&d=mm&r=g\",\"contentUrl\":\"https:\/\/secure.gravatar.com\/avatar\/e52d1e94806c54826c863f554ca1dd2a?s=96&d=mm&r=g\",\"caption\":\"MyWatch\"},\"sameAs\":[\"https:\/\/www.my-watchsite.fr\/blog\"]}]}<\/script>\n<!-- \/ Yoast SEO plugin. -->","yoast_head_json":{"title":"La marque ouvre les portes de sa nouvelle manufacture - MyWatch FR","description":"Situ\u00e9e rue des Forges au Brassus, dans la Vall\u00e9e de Joux, la nouvelle manufacture d\u2019Audemars Piguet est maintenant op\u00e9rationnelle.","robots":{"index":"index","follow":"follow","max-snippet":"max-snippet:-1","max-image-preview":"max-image-preview:large","max-video-preview":"max-video-preview:-1"},"canonical":"https:\/\/www.my-watchsite.fr\/blog\/la-marque-ouvre-les-portes-de-sa-nouvelle-manufacture-audemars-piguet-n12\/","og_locale":"fr_FR","og_type":"article","og_title":"La marque ouvre les portes de sa nouvelle manufacture - MyWatch FR","og_description":"Situ\u00e9e rue des Forges au Brassus, dans la Vall\u00e9e de Joux, la nouvelle manufacture d\u2019Audemars Piguet est maintenant op\u00e9rationnelle.","og_url":"https:\/\/www.my-watchsite.fr\/blog\/la-marque-ouvre-les-portes-de-sa-nouvelle-manufacture-audemars-piguet-n12\/","og_site_name":"MyWatch FR","article_publisher":"https:\/\/www.facebook.com\/mywatchsite\/","article_published_time":"2009-08-25T22:00:00+00:00","article_modified_time":"2021-09-09T08:13:50+00:00","og_image":[{"width":250,"height":182,"url":"https:\/\/www.my-watchsite.fr\/blog\/wp-content\/uploads\/2020\/08\/12_34.jpg","type":"image\/jpeg"}],"author":"MyWatch","twitter_card":"summary_large_image","twitter_creator":"@mywatchsite","twitter_site":"@mywatchsite","twitter_misc":{"\u00c9crit par":"MyWatch","Dur\u00e9e de lecture estim\u00e9e":"20 minutes"},"schema":{"@context":"https:\/\/schema.org","@graph":[{"@type":"WebPage","@id":"https:\/\/www.my-watchsite.fr\/blog\/la-marque-ouvre-les-portes-de-sa-nouvelle-manufacture-audemars-piguet-n12\/","url":"https:\/\/www.my-watchsite.fr\/blog\/la-marque-ouvre-les-portes-de-sa-nouvelle-manufacture-audemars-piguet-n12\/","name":"La marque ouvre les portes de sa nouvelle manufacture - MyWatch FR","isPartOf":{"@id":"https:\/\/www.my-watchsite.fr\/blog\/#website"},"datePublished":"2009-08-25T22:00:00+00:00","dateModified":"2021-09-09T08:13:50+00:00","author":{"@id":"https:\/\/www.my-watchsite.fr\/blog\/#\/schema\/person\/67e19b3e3d014465042ff1be1c9fcf44"},"description":"Situ\u00e9e rue des Forges au Brassus, dans la Vall\u00e9e de Joux, la nouvelle manufacture d\u2019Audemars Piguet est maintenant op\u00e9rationnelle.","breadcrumb":{"@id":"https:\/\/www.my-watchsite.fr\/blog\/la-marque-ouvre-les-portes-de-sa-nouvelle-manufacture-audemars-piguet-n12\/#breadcrumb"},"inLanguage":"fr-FR","potentialAction":[{"@type":"ReadAction","target":["https:\/\/www.my-watchsite.fr\/blog\/la-marque-ouvre-les-portes-de-sa-nouvelle-manufacture-audemars-piguet-n12\/"]}]},{"@type":"BreadcrumbList","@id":"https:\/\/www.my-watchsite.fr\/blog\/la-marque-ouvre-les-portes-de-sa-nouvelle-manufacture-audemars-piguet-n12\/#breadcrumb","itemListElement":[{"@type":"ListItem","position":1,"name":"Accueil","item":"https:\/\/www.my-watchsite.fr\/blog\/"},{"@type":"ListItem","position":2,"name":"La marque ouvre les portes de sa nouvelle manufacture"}]},{"@type":"WebSite","@id":"https:\/\/www.my-watchsite.fr\/blog\/#website","url":"https:\/\/www.my-watchsite.fr\/blog\/","name":"MyWatch FR","description":"Make Time a Lifestyle","potentialAction":[{"@type":"SearchAction","target":{"@type":"EntryPoint","urlTemplate":"https:\/\/www.my-watchsite.fr\/blog\/?s={search_term_string}"},"query-input":"required name=search_term_string"}],"inLanguage":"fr-FR"},{"@type":"Person","@id":"https:\/\/www.my-watchsite.fr\/blog\/#\/schema\/person\/67e19b3e3d014465042ff1be1c9fcf44","name":"MyWatch","image":{"@type":"ImageObject","inLanguage":"fr-FR","@id":"https:\/\/www.my-watchsite.fr\/blog\/#\/schema\/person\/image\/","url":"https:\/\/secure.gravatar.com\/avatar\/e52d1e94806c54826c863f554ca1dd2a?s=96&d=mm&r=g","contentUrl":"https:\/\/secure.gravatar.com\/avatar\/e52d1e94806c54826c863f554ca1dd2a?s=96&d=mm&r=g","caption":"MyWatch"},"sameAs":["https:\/\/www.my-watchsite.fr\/blog"]}]}},"_links":{"self":[{"href":"https:\/\/www.my-watchsite.fr\/blog\/wp-json\/wp\/v2\/posts\/129"}],"collection":[{"href":"https:\/\/www.my-watchsite.fr\/blog\/wp-json\/wp\/v2\/posts"}],"about":[{"href":"https:\/\/www.my-watchsite.fr\/blog\/wp-json\/wp\/v2\/types\/post"}],"author":[{"embeddable":true,"href":"https:\/\/www.my-watchsite.fr\/blog\/wp-json\/wp\/v2\/users\/1"}],"replies":[{"embeddable":true,"href":"https:\/\/www.my-watchsite.fr\/blog\/wp-json\/wp\/v2\/comments?post=129"}],"version-history":[{"count":3,"href":"https:\/\/www.my-watchsite.fr\/blog\/wp-json\/wp\/v2\/posts\/129\/revisions"}],"predecessor-version":[{"id":15988,"href":"https:\/\/www.my-watchsite.fr\/blog\/wp-json\/wp\/v2\/posts\/129\/revisions\/15988"}],"wp:featuredmedia":[{"embeddable":true,"href":"https:\/\/www.my-watchsite.fr\/blog\/wp-json\/wp\/v2\/media\/130"}],"wp:attachment":[{"href":"https:\/\/www.my-watchsite.fr\/blog\/wp-json\/wp\/v2\/media?parent=129"}],"wp:term":[{"taxonomy":"category","embeddable":true,"href":"https:\/\/www.my-watchsite.fr\/blog\/wp-json\/wp\/v2\/categories?post=129"},{"taxonomy":"post_tag","embeddable":true,"href":"https:\/\/www.my-watchsite.fr\/blog\/wp-json\/wp\/v2\/tags?post=129"}],"curies":[{"name":"wp","href":"https:\/\/api.w.org\/{rel}","templated":true}]}}