{"id":1385,"date":"2012-10-15T00:00:00","date_gmt":"2012-10-14T22:00:00","guid":{"rendered":"https:\/\/www.my-watchsite.fr\/blog\/blog\/le-chrono-zenith-el-primero-stratos-flyback-a-franchi-le-mur-du-son-au-poignet-de-felix-baumgartner-n381\/"},"modified":"2012-10-15T00:00:00","modified_gmt":"2012-10-14T22:00:00","slug":"le-chrono-zenith-el-primero-stratos-flyback-a-franchi-le-mur-du-son-au-poignet-de-felix-baumgartner-n381","status":"publish","type":"post","link":"https:\/\/www.my-watchsite.fr\/blog\/le-chrono-zenith-el-primero-stratos-flyback-a-franchi-le-mur-du-son-au-poignet-de-felix-baumgartner-n381\/","title":{"rendered":"Le Chrono Zenith El Primero Stratos Flyback a franchi le mur du son au poignet de Felix Baumgartner"},"content":{"rendered":"<div><strong>L\u2019Autrichien Felix Baumgartner, Ambassadeur de Zenith, a m\u00e9rit\u00e9 sa place dans le livre des records ce dimanche, apr\u00e8s avoir rencontr\u00e9 des probl\u00e8mes d\u2019alimentation \u00e9lectrique de sa visi\u00e8re chauffante, qui ont entrav\u00e9 sa vision et failli compromettre la mission. Arborant au poignet le tout nouveau chronographe El Primero Stratos Flyback Striking 10th, Baumgartner a atteint la vitesse estim\u00e9e de 1 342 km\/h en s\u2019\u00e9lan\u00e7ant depuis la stratosph\u00e8re. Une fois cette vitesse certifi\u00e9e, il deviendra officiellement le premier homme \u00e0 avoir d\u00e9pass\u00e9 la vitesse du son en chute libre. Il a \u00e9galement \u00e9tabli plusieurs autres records* tout en apportant de pr\u00e9cieuses donn\u00e9es qui permettront de faire avancer l\u2019exploration spatiale de demain.<\/strong><\/div>\n<div><\/div>\n<div>ROSWELL, Nouveau Mexique \u2013 Apr\u00e8s un vol qui l\u2019a amen\u00e9 \u00e0 39 045 m\u00e8tres d\u2019altitude gr\u00e2ce \u00e0 un ballon gonfl\u00e9 \u00e0 l\u2019h\u00e9lium, Felix Baumgartner a r\u00e9alis\u00e9 dimanche matin un saut record historique depuis la fronti\u00e8re de l\u2019espace, exactement 65 ans apr\u00e8s l\u2019exploit de Chuck Yeager, devenu alors le premier homme \u00e0 franchir le mur du son \u00e0 bord d\u2019un avion autopropuls\u00e9 exp\u00e9rimental. Le parachutiste professionnel de 43 ans a \u00e9galement battu deux autres records du monde (saut en chute libre le plus \u00e9lev\u00e9 et vol en ballon habit\u00e9 le plus \u00e9lev\u00e9), laissant celui de la chute libre la plus longue \u00e0 son mentor, le colonel Joe Kittinger.<\/div>\n<div><\/div>\n<div>Baumgartner a atterri sain et sauf en parachute dans le d\u00e9sert du Nouveau Mexique, apr\u00e8s s\u2019\u00eatre \u00e9lanc\u00e9 de sa capsule spatiale \u00e0 39 045 m\u00e8tres d\u2019altitude pour revenir sur terre en chute libre. Au cours de son saut dans le quasi vide stratosph\u00e9rique, il a atteint la vitesse maximale de 1 342 km\/h avant d\u2019\u00eatre ralenti par l\u2019atmosph\u00e8re au cours de sa chute libre de 4 minutes et 20 secondes. En tout, le saut de Baumgartner a dur\u00e9 9 minutes et 3 secondes. Des millions de personnes \u00e0 travers le monde ont assist\u00e9 \u00e0 son ascension puis \u00e0 son saut, diffus\u00e9s en direct sur les cha\u00eenes de t\u00e9l\u00e9vision et sur Internet. A un moment donn\u00e9 de sa chute libre, Baumgartner a donn\u00e9 l\u2019impression de partir en rotation rapide mais il a rapidement repris le contr\u00f4le avant d\u2019ouvrir son parachute, sous les acclamations des membres de l\u2019\u00e9quipe au sol et les soupirs de soulagement des spectateurs du monde entier.<\/div>\n<div><\/div>\n<div>\u00abLa journ\u00e9e a \u00e9t\u00e9 particuli\u00e8rement riche en \u00e9motions, tout comme l\u2019a \u00e9t\u00e9 le projet dans son ensemble\u00bb, a d\u00e9clar\u00e9 Baumgartner, soulag\u00e9. \u00abTout a parfaitement commenc\u00e9 avec un magnifique lancement puis il y a eu un probl\u00e8me avec l\u2019alimentation \u00e9lectrique de ma visi\u00e8re. J\u2019ai ensuite r\u00e9alis\u00e9 une sortie parfaite avant de partir doucement en rotation. Je pensais que j\u2019allais juste faire quelques tours mais j\u2019ai soudainement commenc\u00e9 \u00e0 acc\u00e9l\u00e9rer. C\u2019\u00e9tait vraiment violent par moments. J\u2019ai pens\u00e9 pendant quelques secondes que j\u2019allais perdre conscience. Je n\u2019ai pas ressenti de choc sonique car j\u2019\u00e9tais trop occup\u00e9 \u00e0 essayer de me stabiliser. Nous devons maintenant attendre d\u2019avoir la confirmation que nous avons effectivement franchi le mur du son. C\u2019\u00e9tait vraiment bien plus difficile que ce \u00e0 quoi je m\u2019attendais.\u00bb<\/div>\n<div>\n<div><\/div>\n<div>Jean-Fr\u00e9d\u00e9ric Dufour, PDG de Zenith, a d\u00e9clar\u00e9 \u00e0 propos cet exploit : \u00abLa Manufacture Zenith est fi\u00e8re d\u2019avoir particip\u00e9 \u00e0 cette mission en tant que chronom\u00e9treur officiel et de pr\u00e9senter le mod\u00e8le El Primero Stratos Flyback Striking 10th Tribute to Felix Baumgartner. Gr\u00e2ce \u00e0 Felix, la Zenith El Primero Stratos Flyback Striking 10th est devenue la premi\u00e8re montre \u00e0 franchir le mur du son aux fronti\u00e8res de l\u2019espace.\u00bb <\/div>\n<div><\/div>\n<div>La Stratos est \u00e9quip\u00e9e du mouvement de chronographe automatique le plus pr\u00e9cis au monde, le l\u00e9gendaire El Primero, sans oublier les fonctions flyback et Striking 10th, ce qui fait d\u2019elle un partenaire id\u00e9al pour accompagner l\u2019exploit de Felix Baumgartner. \u00abCe projet est bas\u00e9 sur le savoir-faire, la pr\u00e9cision et l\u2019authenticit\u00e9. Ma montre Zenith correspond parfaitement \u00e0 l\u2019esprit de la mission\u00bb.<\/div>\n<div><\/div>\n<div>Baumgartner et son \u00e9quipe se sont entra\u00een\u00e9s et pr\u00e9par\u00e9s pendant cinq ans pour cette mission destin\u00e9e \u00e0 faire progresser la compr\u00e9hension scientifique des r\u00e9actions du corps humain dans les conditions extr\u00eames rencontr\u00e9es \u00e0 la fronti\u00e8re de l\u2019espace.<\/div>\n<div><\/div>\n<div>* Les donn\u00e9es des records \u00e9tablis lors du saut sont indiqu\u00e9es \u00e0 titre provisoire en attendant d\u2019\u00eatre confirm\u00e9es par les instances gouvernementales habilit\u00e9es.<\/div>\n<div><\/div>\n<div>Les montres Zenith ont accompagn\u00e9 les pionniers dans leurs projets les plus incroyables et ont particip\u00e9 aux aventures humaines les plus folles : la d\u00e9couverte du P\u00f4le Nord et Sud par Roald Amundsen, le combat pacifique de Mahatma Gandhi pour l\u2019ind\u00e9pendance de l\u2019Inde, la protection de l\u2019environnement par le Prince Albert II de Monaco, la travers\u00e9e de la Manche par Louis Bl\u00e9riot, la carri\u00e8re politique de John. F Kennedy, l\u2019explorateur intr\u00e9pide, le Colonel John Blashford-Snell, dans plusieurs d\u00e9fis comme sa derni\u00e8re exp\u00e9dition au N\u00e9pal et Johan Ernst Nilsson dans sa mission audacieuse Pole2Pole. Felix Baumgartner fait d\u00e9sormais partie de cette liste illustre.<\/div>\n<div><\/div>\n<div><\/div>\n<div><strong>Photos: Joerg Mitter, Predrag Vuckovic, Balazs Gardi, Stefan Aufschnaiter<\/strong><\/div>\n<div><strong><strong><em>Manufacture Z\u00e9nith<\/em><\/strong><\/strong><\/div>\n<div><em>Fond\u00e9e en 1865 au Locle par un horloger visionnaire, Georges Favre-Jacot, la Manufacture Zenith est rapidement reconnue pour la pr\u00e9cision de ses chronom\u00e8tres pour lesquels elle s\u2019est vu remettre 2333 prix de chronom\u00e9trie en un si\u00e8cle et demi d\u2019existence \u2013 le record absolu en montres de poche, de bord et bracelet.. Rendue c\u00e9l\u00e8bre gr\u00e2ce au mythique calibre El Primero, un chronographe automatique int\u00e9gr\u00e9 \u00e0 roue \u00e0 colonne lanc\u00e9 en 1969, et dont la fr\u00e9quence \u00e9lev\u00e9e, 36 000 alternance par heure, assure une pr\u00e9cision de la mesure des temps courts au 1\/10e de seconde, la Manufacture Zenith dispose depuis de plus de 600 variations de mouvements. Toutes les montres Zenith poss\u00e8dent un mouvement manufactur\u00e9 Zenith et sont d\u00e9velopp\u00e9es et produites de bout en bout par la Manufacture du Locle. Fait rare, cette Manufacture se trouve aujourd\u2019hui encore \u00e0 l\u2019endroit pr\u00e9cis o\u00f9 son fondateur a b\u00e2ti le premier atelier.<\/em><\/div>\n<\/div>\n<ul>\n<li><img decoding=\"async\" src=\"https:\/\/www.my-watchsite.fr\/blog\/wp-content\/uploads\/2020\/08\/381_963.jpg\" alt=\"Felix Baumgartner s'\u00e9lance de sa capsule spatiale \u00e0 39 045 m\u00e8tres d'altitude.\" \/><\/li>\n<li><img decoding=\"async\" src=\"https:\/\/www.my-watchsite.fr\/blog\/wp-content\/uploads\/2020\/08\/381_964.jpg\" alt=\"La joie de Felix Baumgartner \u00e0 son arriv\u00e9e sur la terre ferme. \" \/><\/li>\n<li><img decoding=\"async\" src=\"https:\/\/www.my-watchsite.fr\/blog\/wp-content\/uploads\/2020\/08\/381_965.jpg\" alt=\"Felix Baumgartner.\" \/><\/li>\n<li><img decoding=\"async\" src=\"https:\/\/www.my-watchsite.fr\/blog\/wp-content\/uploads\/2020\/08\/381_966.jpg\" alt=\"Le chronographe Zenith El Primero Stratos Flyback Striking 10th Tribute to Felix Baumgartner. \" \/><\/li>\n<\/ul>\n","protected":false},"excerpt":{"rendered":"<p>L\u2019Autrichien Felix Baumgartner, Ambassadeur de Zenith, a m\u00e9rit\u00e9 sa place dans le livre des records ce dimanche, apr\u00e8s avoir rencontr\u00e9 des probl\u00e8mes d\u2019alimentation \u00e9lectrique de sa visi\u00e8re chauffante, qui ont entrav\u00e9 sa vision et failli compromettre la mission. Arborant au poignet le tout nouveau chronographe El Primero Stratos Flyback Striking 10th, Baumgartner a atteint la [&hellip;]<\/p>\n","protected":false},"author":1,"featured_media":1386,"comment_status":"closed","ping_status":"closed","sticky":false,"template":"","format":"standard","meta":{"footnotes":""},"categories":[2],"tags":[18],"acf":[],"yoast_head":"<!-- This site is optimized with the Yoast SEO plugin v20.4 - https:\/\/yoast.com\/wordpress\/plugins\/seo\/ -->\n<title>Le Chrono Zenith El Primero Stratos Flyback a franchi le mur du son au poignet de Felix Baumgartner - MyWatch FR<\/title>\n<meta name=\"robots\" content=\"index, follow, max-snippet:-1, max-image-preview:large, max-video-preview:-1\" \/>\n<link rel=\"canonical\" href=\"https:\/\/www.my-watchsite.fr\/blog\/le-chrono-zenith-el-primero-stratos-flyback-a-franchi-le-mur-du-son-au-poignet-de-felix-baumgartner-n381\/\" \/>\n<meta property=\"og:locale\" content=\"fr_FR\" \/>\n<meta property=\"og:type\" content=\"article\" \/>\n<meta property=\"og:title\" content=\"Le Chrono Zenith El Primero Stratos Flyback a franchi le mur du son au poignet de Felix Baumgartner - MyWatch FR\" \/>\n<meta property=\"og:description\" content=\"L\u2019Autrichien Felix Baumgartner, Ambassadeur de Zenith, a m\u00e9rit\u00e9 sa place dans le livre des records ce dimanche, apr\u00e8s avoir rencontr\u00e9 des probl\u00e8mes d\u2019alimentation \u00e9lectrique de sa visi\u00e8re chauffante, qui ont entrav\u00e9 sa vision et failli compromettre la mission. Arborant au poignet le tout nouveau chronographe El Primero Stratos Flyback Striking 10th, Baumgartner a atteint la [&hellip;]\" \/>\n<meta property=\"og:url\" content=\"https:\/\/www.my-watchsite.fr\/blog\/le-chrono-zenith-el-primero-stratos-flyback-a-franchi-le-mur-du-son-au-poignet-de-felix-baumgartner-n381\/\" \/>\n<meta property=\"og:site_name\" content=\"MyWatch FR\" \/>\n<meta property=\"article:publisher\" content=\"https:\/\/www.facebook.com\/mywatchsite\/\" \/>\n<meta property=\"article:published_time\" content=\"2012-10-14T22:00:00+00:00\" \/>\n<meta property=\"og:image\" content=\"https:\/\/www.my-watchsite.fr\/blog\/wp-content\/uploads\/2020\/08\/381_963.jpg\" \/>\n\t<meta property=\"og:image:width\" content=\"450\" \/>\n\t<meta property=\"og:image:height\" content=\"248\" \/>\n\t<meta property=\"og:image:type\" content=\"image\/jpeg\" \/>\n<meta name=\"author\" content=\"MyWatch\" \/>\n<meta name=\"twitter:card\" content=\"summary_large_image\" \/>\n<meta name=\"twitter:creator\" content=\"@mywatchsite\" \/>\n<meta name=\"twitter:site\" content=\"@mywatchsite\" \/>\n<meta name=\"twitter:label1\" content=\"\u00c9crit par\" \/>\n\t<meta name=\"twitter:data1\" content=\"MyWatch\" \/>\n\t<meta name=\"twitter:label2\" content=\"Dur\u00e9e de lecture estim\u00e9e\" \/>\n\t<meta name=\"twitter:data2\" content=\"5 minutes\" \/>\n<script type=\"application\/ld+json\" class=\"yoast-schema-graph\">{\"@context\":\"https:\/\/schema.org\",\"@graph\":[{\"@type\":\"WebPage\",\"@id\":\"https:\/\/www.my-watchsite.fr\/blog\/le-chrono-zenith-el-primero-stratos-flyback-a-franchi-le-mur-du-son-au-poignet-de-felix-baumgartner-n381\/\",\"url\":\"https:\/\/www.my-watchsite.fr\/blog\/le-chrono-zenith-el-primero-stratos-flyback-a-franchi-le-mur-du-son-au-poignet-de-felix-baumgartner-n381\/\",\"name\":\"Le Chrono Zenith El Primero Stratos Flyback a franchi le mur du son au poignet de Felix Baumgartner - MyWatch FR\",\"isPartOf\":{\"@id\":\"https:\/\/www.my-watchsite.fr\/blog\/#website\"},\"datePublished\":\"2012-10-14T22:00:00+00:00\",\"dateModified\":\"2012-10-14T22:00:00+00:00\",\"author\":{\"@id\":\"https:\/\/www.my-watchsite.fr\/blog\/#\/schema\/person\/67e19b3e3d014465042ff1be1c9fcf44\"},\"breadcrumb\":{\"@id\":\"https:\/\/www.my-watchsite.fr\/blog\/le-chrono-zenith-el-primero-stratos-flyback-a-franchi-le-mur-du-son-au-poignet-de-felix-baumgartner-n381\/#breadcrumb\"},\"inLanguage\":\"fr-FR\",\"potentialAction\":[{\"@type\":\"ReadAction\",\"target\":[\"https:\/\/www.my-watchsite.fr\/blog\/le-chrono-zenith-el-primero-stratos-flyback-a-franchi-le-mur-du-son-au-poignet-de-felix-baumgartner-n381\/\"]}]},{\"@type\":\"BreadcrumbList\",\"@id\":\"https:\/\/www.my-watchsite.fr\/blog\/le-chrono-zenith-el-primero-stratos-flyback-a-franchi-le-mur-du-son-au-poignet-de-felix-baumgartner-n381\/#breadcrumb\",\"itemListElement\":[{\"@type\":\"ListItem\",\"position\":1,\"name\":\"Accueil\",\"item\":\"https:\/\/www.my-watchsite.fr\/blog\/\"},{\"@type\":\"ListItem\",\"position\":2,\"name\":\"Le Chrono Zenith El Primero Stratos Flyback a franchi le mur du son au poignet de Felix Baumgartner\"}]},{\"@type\":\"WebSite\",\"@id\":\"https:\/\/www.my-watchsite.fr\/blog\/#website\",\"url\":\"https:\/\/www.my-watchsite.fr\/blog\/\",\"name\":\"MyWatch FR\",\"description\":\"Make Time a Lifestyle\",\"potentialAction\":[{\"@type\":\"SearchAction\",\"target\":{\"@type\":\"EntryPoint\",\"urlTemplate\":\"https:\/\/www.my-watchsite.fr\/blog\/?s={search_term_string}\"},\"query-input\":\"required name=search_term_string\"}],\"inLanguage\":\"fr-FR\"},{\"@type\":\"Person\",\"@id\":\"https:\/\/www.my-watchsite.fr\/blog\/#\/schema\/person\/67e19b3e3d014465042ff1be1c9fcf44\",\"name\":\"MyWatch\",\"image\":{\"@type\":\"ImageObject\",\"inLanguage\":\"fr-FR\",\"@id\":\"https:\/\/www.my-watchsite.fr\/blog\/#\/schema\/person\/image\/\",\"url\":\"https:\/\/secure.gravatar.com\/avatar\/e52d1e94806c54826c863f554ca1dd2a?s=96&d=mm&r=g\",\"contentUrl\":\"https:\/\/secure.gravatar.com\/avatar\/e52d1e94806c54826c863f554ca1dd2a?s=96&d=mm&r=g\",\"caption\":\"MyWatch\"},\"sameAs\":[\"https:\/\/www.my-watchsite.fr\/blog\"]}]}<\/script>\n<!-- \/ Yoast SEO plugin. -->","yoast_head_json":{"title":"Le Chrono Zenith El Primero Stratos Flyback a franchi le mur du son au poignet de Felix Baumgartner - MyWatch FR","robots":{"index":"index","follow":"follow","max-snippet":"max-snippet:-1","max-image-preview":"max-image-preview:large","max-video-preview":"max-video-preview:-1"},"canonical":"https:\/\/www.my-watchsite.fr\/blog\/le-chrono-zenith-el-primero-stratos-flyback-a-franchi-le-mur-du-son-au-poignet-de-felix-baumgartner-n381\/","og_locale":"fr_FR","og_type":"article","og_title":"Le Chrono Zenith El Primero Stratos Flyback a franchi le mur du son au poignet de Felix Baumgartner - MyWatch FR","og_description":"L\u2019Autrichien Felix Baumgartner, Ambassadeur de Zenith, a m\u00e9rit\u00e9 sa place dans le livre des records ce dimanche, apr\u00e8s avoir rencontr\u00e9 des probl\u00e8mes d\u2019alimentation \u00e9lectrique de sa visi\u00e8re chauffante, qui ont entrav\u00e9 sa vision et failli compromettre la mission. Arborant au poignet le tout nouveau chronographe El Primero Stratos Flyback Striking 10th, Baumgartner a atteint la [&hellip;]","og_url":"https:\/\/www.my-watchsite.fr\/blog\/le-chrono-zenith-el-primero-stratos-flyback-a-franchi-le-mur-du-son-au-poignet-de-felix-baumgartner-n381\/","og_site_name":"MyWatch FR","article_publisher":"https:\/\/www.facebook.com\/mywatchsite\/","article_published_time":"2012-10-14T22:00:00+00:00","og_image":[{"width":450,"height":248,"url":"https:\/\/www.my-watchsite.fr\/blog\/wp-content\/uploads\/2020\/08\/381_963.jpg","type":"image\/jpeg"}],"author":"MyWatch","twitter_card":"summary_large_image","twitter_creator":"@mywatchsite","twitter_site":"@mywatchsite","twitter_misc":{"\u00c9crit par":"MyWatch","Dur\u00e9e de lecture estim\u00e9e":"5 minutes"},"schema":{"@context":"https:\/\/schema.org","@graph":[{"@type":"WebPage","@id":"https:\/\/www.my-watchsite.fr\/blog\/le-chrono-zenith-el-primero-stratos-flyback-a-franchi-le-mur-du-son-au-poignet-de-felix-baumgartner-n381\/","url":"https:\/\/www.my-watchsite.fr\/blog\/le-chrono-zenith-el-primero-stratos-flyback-a-franchi-le-mur-du-son-au-poignet-de-felix-baumgartner-n381\/","name":"Le Chrono Zenith El Primero Stratos Flyback a franchi le mur du son au poignet de Felix Baumgartner - MyWatch FR","isPartOf":{"@id":"https:\/\/www.my-watchsite.fr\/blog\/#website"},"datePublished":"2012-10-14T22:00:00+00:00","dateModified":"2012-10-14T22:00:00+00:00","author":{"@id":"https:\/\/www.my-watchsite.fr\/blog\/#\/schema\/person\/67e19b3e3d014465042ff1be1c9fcf44"},"breadcrumb":{"@id":"https:\/\/www.my-watchsite.fr\/blog\/le-chrono-zenith-el-primero-stratos-flyback-a-franchi-le-mur-du-son-au-poignet-de-felix-baumgartner-n381\/#breadcrumb"},"inLanguage":"fr-FR","potentialAction":[{"@type":"ReadAction","target":["https:\/\/www.my-watchsite.fr\/blog\/le-chrono-zenith-el-primero-stratos-flyback-a-franchi-le-mur-du-son-au-poignet-de-felix-baumgartner-n381\/"]}]},{"@type":"BreadcrumbList","@id":"https:\/\/www.my-watchsite.fr\/blog\/le-chrono-zenith-el-primero-stratos-flyback-a-franchi-le-mur-du-son-au-poignet-de-felix-baumgartner-n381\/#breadcrumb","itemListElement":[{"@type":"ListItem","position":1,"name":"Accueil","item":"https:\/\/www.my-watchsite.fr\/blog\/"},{"@type":"ListItem","position":2,"name":"Le Chrono Zenith El Primero Stratos Flyback a franchi le mur du son au poignet de Felix Baumgartner"}]},{"@type":"WebSite","@id":"https:\/\/www.my-watchsite.fr\/blog\/#website","url":"https:\/\/www.my-watchsite.fr\/blog\/","name":"MyWatch FR","description":"Make Time a Lifestyle","potentialAction":[{"@type":"SearchAction","target":{"@type":"EntryPoint","urlTemplate":"https:\/\/www.my-watchsite.fr\/blog\/?s={search_term_string}"},"query-input":"required name=search_term_string"}],"inLanguage":"fr-FR"},{"@type":"Person","@id":"https:\/\/www.my-watchsite.fr\/blog\/#\/schema\/person\/67e19b3e3d014465042ff1be1c9fcf44","name":"MyWatch","image":{"@type":"ImageObject","inLanguage":"fr-FR","@id":"https:\/\/www.my-watchsite.fr\/blog\/#\/schema\/person\/image\/","url":"https:\/\/secure.gravatar.com\/avatar\/e52d1e94806c54826c863f554ca1dd2a?s=96&d=mm&r=g","contentUrl":"https:\/\/secure.gravatar.com\/avatar\/e52d1e94806c54826c863f554ca1dd2a?s=96&d=mm&r=g","caption":"MyWatch"},"sameAs":["https:\/\/www.my-watchsite.fr\/blog"]}]}},"_links":{"self":[{"href":"https:\/\/www.my-watchsite.fr\/blog\/wp-json\/wp\/v2\/posts\/1385"}],"collection":[{"href":"https:\/\/www.my-watchsite.fr\/blog\/wp-json\/wp\/v2\/posts"}],"about":[{"href":"https:\/\/www.my-watchsite.fr\/blog\/wp-json\/wp\/v2\/types\/post"}],"author":[{"embeddable":true,"href":"https:\/\/www.my-watchsite.fr\/blog\/wp-json\/wp\/v2\/users\/1"}],"replies":[{"embeddable":true,"href":"https:\/\/www.my-watchsite.fr\/blog\/wp-json\/wp\/v2\/comments?post=1385"}],"version-history":[{"count":0,"href":"https:\/\/www.my-watchsite.fr\/blog\/wp-json\/wp\/v2\/posts\/1385\/revisions"}],"wp:featuredmedia":[{"embeddable":true,"href":"https:\/\/www.my-watchsite.fr\/blog\/wp-json\/wp\/v2\/media\/1386"}],"wp:attachment":[{"href":"https:\/\/www.my-watchsite.fr\/blog\/wp-json\/wp\/v2\/media?parent=1385"}],"wp:term":[{"taxonomy":"category","embeddable":true,"href":"https:\/\/www.my-watchsite.fr\/blog\/wp-json\/wp\/v2\/categories?post=1385"},{"taxonomy":"post_tag","embeddable":true,"href":"https:\/\/www.my-watchsite.fr\/blog\/wp-json\/wp\/v2\/tags?post=1385"}],"curies":[{"name":"wp","href":"https:\/\/api.w.org\/{rel}","templated":true}]}}