{"id":1462,"date":"2012-11-14T00:00:00","date_gmt":"2012-11-13T23:00:00","guid":{"rendered":"https:\/\/www.my-watchsite.fr\/blog\/blog\/la-mini-collection-de-corum-dediee-a-son-ambassadeur-didier-cuche-senrichit-dune-montre-dame-n397\/"},"modified":"2012-11-14T00:00:00","modified_gmt":"2012-11-13T23:00:00","slug":"la-mini-collection-de-corum-dediee-a-son-ambassadeur-didier-cuche-senrichit-dune-montre-dame-n397","status":"publish","type":"post","link":"https:\/\/www.my-watchsite.fr\/blog\/la-mini-collection-de-corum-dediee-a-son-ambassadeur-didier-cuche-senrichit-dune-montre-dame-n397\/","title":{"rendered":"La mini-collection de Corum d\u00e9di\u00e9e \u00e0 son ambassadeur, Didier Cuche, s&rsquo;enrichit d&rsquo;une montre Dame"},"content":{"rendered":"<div>La ma\u00eetrise, la concentration, la performance, la qu\u00eate de perfection et la Suisse sont quelques-unes des valeurs communes qui scellent le partenariat entre Didier Cuche et Corum. M\u00eame si la l\u00e9gende du ski a quitt\u00e9 officiellement le Cirque Blanc \u00e0 la fin de la saison 2011-2012, sa collaboration avec la marque de La Chaux-de-Fonds se poursuit, plus dynamique que jamais. Pour preuve, la nouvelle Admiral\u2019s Cup 44 Chrono Centro Didier Cuche pour dame vient compl\u00e9ter la mini-collection \u00e0 l\u2019effigie du sportif, une ligne qui compte d\u00e9j\u00e0 un mod\u00e8le masculin d\u00e9clin\u00e9 sur deux cadrans.<\/div>\n<div><\/div>\n<div>Quelle autre complication qu\u2019un chronographe Admiral\u2019s Cup, embl\u00e9matique de Corum avec sa bo\u00eete dod\u00e9cagonale, pouvait rendre un meilleur hommage \u00e0 l\u2019un des plus grands skieurs de tous les temps ? Vingt-et-une victoires, 67 podiums, 6 globes de cristal en Coupe du monde, recordman des victoires de la descente de Kitzb\u00fchel : impressionnant, le palmar\u00e8s de Didier Cuche est le reflet de son corps-\u00e0-corps avec le temps. Cette vocation, cet appel au d\u00e9passement de soi rare, doubl\u00e9 d\u2019un fair-play sans faille et d\u2019un profond respect pour l\u2019adversaire, l\u2019ont propuls\u00e9 Suisse de l\u2019ann\u00e9e 2011 et Sportif Suisse de l\u2019ann\u00e9e 2009 et 2011.<\/div>\n<div><\/div>\n<div><\/div>\n<div>Une telle personnalit\u00e9, n\u00e9e \u00e0 quelques kilom\u00e8tres seulement de La Chaux-de-Fonds \u2013 berceau de Corum \u2013 m\u00e9ritait plus qu\u2019une montre d\u00e9di\u00e9e. C\u2019est donc une s\u00e9rie de trois pi\u00e8ces qu\u2019est heureux de pr\u00e9senter aujourd\u2019hui Didier Cuche. La derni\u00e8re-n\u00e9e, limit\u00e9e \u00e0 20 exemplaires, est destin\u00e9e \u00e0 ses plus grandes supportrices. R\u00e9solument sportive, l\u2019Admiral\u2019s Cup 44 Chrono Centro Didier Cuche pour dame se pare d\u2019un bo\u00eetier de 44 mm de diam\u00e8tre en caoutchouc vulcanis\u00e9 blanc. Egalement blanc, le bracelet en caoutchouc est dot\u00e9 d\u2019une boucle triple d\u00e9ployante.<\/div>\n<div>Quant au cadran, gris argent\u00e9, il est tapiss\u00e9 du visage stylis\u00e9 de Didier Cuche, d\u00e9calqu\u00e9 en ton sur ton. Seules quelques touches d\u2019orange \u2013 sur l\u2019aiguille des secondes, la minuterie du rehaut et la mention \u00ab Limited Edition \u00bb \u2013 viennent pimenter le parfait \u00e9quilibre de l\u2019ensemble.<\/div>\n<div><\/div>\n<div><\/div>\n<ul>\n<li><img decoding=\"async\" src=\"https:\/\/www.my-watchsite.fr\/blog\/wp-content\/uploads\/2020\/08\/397_1021.jpg\" alt=\"L'Admiral's Cup 44 Chrono Centro Didier Cuche : version Dame.\" \/><\/li>\n<li><img decoding=\"async\" src=\"https:\/\/www.my-watchsite.fr\/blog\/wp-content\/uploads\/2020\/08\/397_1022.jpg\" alt=\"L'Admiral's Cup 44 Chrono Centro Didier Cuche : mod\u00e8le Homme.\" \/><\/li>\n<li><img decoding=\"async\" src=\"https:\/\/www.my-watchsite.fr\/blog\/wp-content\/uploads\/2020\/08\/397_1023.jpg\" alt=\"Didier Cuche, sportif d'\u00e9lite et ambassadeur de Corum. \" \/><\/li>\n<\/ul>\n","protected":false},"excerpt":{"rendered":"<p>La ma\u00eetrise, la concentration, la performance, la qu\u00eate de perfection et la Suisse sont quelques-unes des valeurs communes qui scellent le partenariat entre Didier Cuche et Corum. M\u00eame si la l\u00e9gende du ski a quitt\u00e9 officiellement le Cirque Blanc \u00e0 la fin de la saison 2011-2012, sa collaboration avec la marque de La Chaux-de-Fonds se [&hellip;]<\/p>\n","protected":false},"author":1,"featured_media":1463,"comment_status":"closed","ping_status":"closed","sticky":false,"template":"","format":"standard","meta":{"footnotes":""},"categories":[2],"tags":[38],"acf":[],"yoast_head":"<!-- This site is optimized with the Yoast SEO plugin v20.4 - https:\/\/yoast.com\/wordpress\/plugins\/seo\/ -->\n<title>La mini-collection de Corum d\u00e9di\u00e9e \u00e0 son ambassadeur, Didier Cuche, s&#039;enrichit d&#039;une montre Dame - MyWatch FR<\/title>\n<meta name=\"robots\" content=\"index, follow, max-snippet:-1, max-image-preview:large, max-video-preview:-1\" \/>\n<link rel=\"canonical\" href=\"https:\/\/www.my-watchsite.fr\/blog\/la-mini-collection-de-corum-dediee-a-son-ambassadeur-didier-cuche-senrichit-dune-montre-dame-n397\/\" \/>\n<meta property=\"og:locale\" content=\"fr_FR\" \/>\n<meta property=\"og:type\" content=\"article\" \/>\n<meta property=\"og:title\" content=\"La mini-collection de Corum d\u00e9di\u00e9e \u00e0 son ambassadeur, Didier Cuche, s&#039;enrichit d&#039;une montre Dame - MyWatch FR\" \/>\n<meta property=\"og:description\" content=\"La ma\u00eetrise, la concentration, la performance, la qu\u00eate de perfection et la Suisse sont quelques-unes des valeurs communes qui scellent le partenariat entre Didier Cuche et Corum. M\u00eame si la l\u00e9gende du ski a quitt\u00e9 officiellement le Cirque Blanc \u00e0 la fin de la saison 2011-2012, sa collaboration avec la marque de La Chaux-de-Fonds se [&hellip;]\" \/>\n<meta property=\"og:url\" content=\"https:\/\/www.my-watchsite.fr\/blog\/la-mini-collection-de-corum-dediee-a-son-ambassadeur-didier-cuche-senrichit-dune-montre-dame-n397\/\" \/>\n<meta property=\"og:site_name\" content=\"MyWatch FR\" \/>\n<meta property=\"article:publisher\" content=\"https:\/\/www.facebook.com\/mywatchsite\/\" \/>\n<meta property=\"article:published_time\" content=\"2012-11-13T23:00:00+00:00\" \/>\n<meta property=\"og:image\" content=\"https:\/\/www.my-watchsite.fr\/blog\/wp-content\/uploads\/2020\/08\/397_1021.jpg\" \/>\n\t<meta property=\"og:image:width\" content=\"450\" \/>\n\t<meta property=\"og:image:height\" content=\"404\" \/>\n\t<meta property=\"og:image:type\" content=\"image\/jpeg\" \/>\n<meta name=\"author\" content=\"MyWatch\" \/>\n<meta name=\"twitter:card\" content=\"summary_large_image\" \/>\n<meta name=\"twitter:creator\" content=\"@mywatchsite\" \/>\n<meta name=\"twitter:site\" content=\"@mywatchsite\" \/>\n<meta name=\"twitter:label1\" content=\"\u00c9crit par\" \/>\n\t<meta name=\"twitter:data1\" content=\"MyWatch\" \/>\n\t<meta name=\"twitter:label2\" content=\"Dur\u00e9e de lecture estim\u00e9e\" \/>\n\t<meta name=\"twitter:data2\" content=\"2 minutes\" \/>\n<script type=\"application\/ld+json\" class=\"yoast-schema-graph\">{\"@context\":\"https:\/\/schema.org\",\"@graph\":[{\"@type\":\"WebPage\",\"@id\":\"https:\/\/www.my-watchsite.fr\/blog\/la-mini-collection-de-corum-dediee-a-son-ambassadeur-didier-cuche-senrichit-dune-montre-dame-n397\/\",\"url\":\"https:\/\/www.my-watchsite.fr\/blog\/la-mini-collection-de-corum-dediee-a-son-ambassadeur-didier-cuche-senrichit-dune-montre-dame-n397\/\",\"name\":\"La mini-collection de Corum d\u00e9di\u00e9e \u00e0 son ambassadeur, Didier Cuche, s'enrichit d'une montre Dame - MyWatch FR\",\"isPartOf\":{\"@id\":\"https:\/\/www.my-watchsite.fr\/blog\/#website\"},\"datePublished\":\"2012-11-13T23:00:00+00:00\",\"dateModified\":\"2012-11-13T23:00:00+00:00\",\"author\":{\"@id\":\"https:\/\/www.my-watchsite.fr\/blog\/#\/schema\/person\/67e19b3e3d014465042ff1be1c9fcf44\"},\"breadcrumb\":{\"@id\":\"https:\/\/www.my-watchsite.fr\/blog\/la-mini-collection-de-corum-dediee-a-son-ambassadeur-didier-cuche-senrichit-dune-montre-dame-n397\/#breadcrumb\"},\"inLanguage\":\"fr-FR\",\"potentialAction\":[{\"@type\":\"ReadAction\",\"target\":[\"https:\/\/www.my-watchsite.fr\/blog\/la-mini-collection-de-corum-dediee-a-son-ambassadeur-didier-cuche-senrichit-dune-montre-dame-n397\/\"]}]},{\"@type\":\"BreadcrumbList\",\"@id\":\"https:\/\/www.my-watchsite.fr\/blog\/la-mini-collection-de-corum-dediee-a-son-ambassadeur-didier-cuche-senrichit-dune-montre-dame-n397\/#breadcrumb\",\"itemListElement\":[{\"@type\":\"ListItem\",\"position\":1,\"name\":\"Accueil\",\"item\":\"https:\/\/www.my-watchsite.fr\/blog\/\"},{\"@type\":\"ListItem\",\"position\":2,\"name\":\"La mini-collection de Corum d\u00e9di\u00e9e \u00e0 son ambassadeur, Didier Cuche, s&rsquo;enrichit d&rsquo;une montre Dame\"}]},{\"@type\":\"WebSite\",\"@id\":\"https:\/\/www.my-watchsite.fr\/blog\/#website\",\"url\":\"https:\/\/www.my-watchsite.fr\/blog\/\",\"name\":\"MyWatch FR\",\"description\":\"Make Time a Lifestyle\",\"potentialAction\":[{\"@type\":\"SearchAction\",\"target\":{\"@type\":\"EntryPoint\",\"urlTemplate\":\"https:\/\/www.my-watchsite.fr\/blog\/?s={search_term_string}\"},\"query-input\":\"required name=search_term_string\"}],\"inLanguage\":\"fr-FR\"},{\"@type\":\"Person\",\"@id\":\"https:\/\/www.my-watchsite.fr\/blog\/#\/schema\/person\/67e19b3e3d014465042ff1be1c9fcf44\",\"name\":\"MyWatch\",\"image\":{\"@type\":\"ImageObject\",\"inLanguage\":\"fr-FR\",\"@id\":\"https:\/\/www.my-watchsite.fr\/blog\/#\/schema\/person\/image\/\",\"url\":\"https:\/\/secure.gravatar.com\/avatar\/e52d1e94806c54826c863f554ca1dd2a?s=96&d=mm&r=g\",\"contentUrl\":\"https:\/\/secure.gravatar.com\/avatar\/e52d1e94806c54826c863f554ca1dd2a?s=96&d=mm&r=g\",\"caption\":\"MyWatch\"},\"sameAs\":[\"https:\/\/www.my-watchsite.fr\/blog\"]}]}<\/script>\n<!-- \/ Yoast SEO plugin. -->","yoast_head_json":{"title":"La mini-collection de Corum d\u00e9di\u00e9e \u00e0 son ambassadeur, Didier Cuche, s'enrichit d'une montre Dame - MyWatch FR","robots":{"index":"index","follow":"follow","max-snippet":"max-snippet:-1","max-image-preview":"max-image-preview:large","max-video-preview":"max-video-preview:-1"},"canonical":"https:\/\/www.my-watchsite.fr\/blog\/la-mini-collection-de-corum-dediee-a-son-ambassadeur-didier-cuche-senrichit-dune-montre-dame-n397\/","og_locale":"fr_FR","og_type":"article","og_title":"La mini-collection de Corum d\u00e9di\u00e9e \u00e0 son ambassadeur, Didier Cuche, s'enrichit d'une montre Dame - MyWatch FR","og_description":"La ma\u00eetrise, la concentration, la performance, la qu\u00eate de perfection et la Suisse sont quelques-unes des valeurs communes qui scellent le partenariat entre Didier Cuche et Corum. M\u00eame si la l\u00e9gende du ski a quitt\u00e9 officiellement le Cirque Blanc \u00e0 la fin de la saison 2011-2012, sa collaboration avec la marque de La Chaux-de-Fonds se [&hellip;]","og_url":"https:\/\/www.my-watchsite.fr\/blog\/la-mini-collection-de-corum-dediee-a-son-ambassadeur-didier-cuche-senrichit-dune-montre-dame-n397\/","og_site_name":"MyWatch FR","article_publisher":"https:\/\/www.facebook.com\/mywatchsite\/","article_published_time":"2012-11-13T23:00:00+00:00","og_image":[{"width":450,"height":404,"url":"https:\/\/www.my-watchsite.fr\/blog\/wp-content\/uploads\/2020\/08\/397_1021.jpg","type":"image\/jpeg"}],"author":"MyWatch","twitter_card":"summary_large_image","twitter_creator":"@mywatchsite","twitter_site":"@mywatchsite","twitter_misc":{"\u00c9crit par":"MyWatch","Dur\u00e9e de lecture estim\u00e9e":"2 minutes"},"schema":{"@context":"https:\/\/schema.org","@graph":[{"@type":"WebPage","@id":"https:\/\/www.my-watchsite.fr\/blog\/la-mini-collection-de-corum-dediee-a-son-ambassadeur-didier-cuche-senrichit-dune-montre-dame-n397\/","url":"https:\/\/www.my-watchsite.fr\/blog\/la-mini-collection-de-corum-dediee-a-son-ambassadeur-didier-cuche-senrichit-dune-montre-dame-n397\/","name":"La mini-collection de Corum d\u00e9di\u00e9e \u00e0 son ambassadeur, Didier Cuche, s'enrichit d'une montre Dame - MyWatch FR","isPartOf":{"@id":"https:\/\/www.my-watchsite.fr\/blog\/#website"},"datePublished":"2012-11-13T23:00:00+00:00","dateModified":"2012-11-13T23:00:00+00:00","author":{"@id":"https:\/\/www.my-watchsite.fr\/blog\/#\/schema\/person\/67e19b3e3d014465042ff1be1c9fcf44"},"breadcrumb":{"@id":"https:\/\/www.my-watchsite.fr\/blog\/la-mini-collection-de-corum-dediee-a-son-ambassadeur-didier-cuche-senrichit-dune-montre-dame-n397\/#breadcrumb"},"inLanguage":"fr-FR","potentialAction":[{"@type":"ReadAction","target":["https:\/\/www.my-watchsite.fr\/blog\/la-mini-collection-de-corum-dediee-a-son-ambassadeur-didier-cuche-senrichit-dune-montre-dame-n397\/"]}]},{"@type":"BreadcrumbList","@id":"https:\/\/www.my-watchsite.fr\/blog\/la-mini-collection-de-corum-dediee-a-son-ambassadeur-didier-cuche-senrichit-dune-montre-dame-n397\/#breadcrumb","itemListElement":[{"@type":"ListItem","position":1,"name":"Accueil","item":"https:\/\/www.my-watchsite.fr\/blog\/"},{"@type":"ListItem","position":2,"name":"La mini-collection de Corum d\u00e9di\u00e9e \u00e0 son ambassadeur, Didier Cuche, s&rsquo;enrichit d&rsquo;une montre Dame"}]},{"@type":"WebSite","@id":"https:\/\/www.my-watchsite.fr\/blog\/#website","url":"https:\/\/www.my-watchsite.fr\/blog\/","name":"MyWatch FR","description":"Make Time a Lifestyle","potentialAction":[{"@type":"SearchAction","target":{"@type":"EntryPoint","urlTemplate":"https:\/\/www.my-watchsite.fr\/blog\/?s={search_term_string}"},"query-input":"required name=search_term_string"}],"inLanguage":"fr-FR"},{"@type":"Person","@id":"https:\/\/www.my-watchsite.fr\/blog\/#\/schema\/person\/67e19b3e3d014465042ff1be1c9fcf44","name":"MyWatch","image":{"@type":"ImageObject","inLanguage":"fr-FR","@id":"https:\/\/www.my-watchsite.fr\/blog\/#\/schema\/person\/image\/","url":"https:\/\/secure.gravatar.com\/avatar\/e52d1e94806c54826c863f554ca1dd2a?s=96&d=mm&r=g","contentUrl":"https:\/\/secure.gravatar.com\/avatar\/e52d1e94806c54826c863f554ca1dd2a?s=96&d=mm&r=g","caption":"MyWatch"},"sameAs":["https:\/\/www.my-watchsite.fr\/blog"]}]}},"_links":{"self":[{"href":"https:\/\/www.my-watchsite.fr\/blog\/wp-json\/wp\/v2\/posts\/1462"}],"collection":[{"href":"https:\/\/www.my-watchsite.fr\/blog\/wp-json\/wp\/v2\/posts"}],"about":[{"href":"https:\/\/www.my-watchsite.fr\/blog\/wp-json\/wp\/v2\/types\/post"}],"author":[{"embeddable":true,"href":"https:\/\/www.my-watchsite.fr\/blog\/wp-json\/wp\/v2\/users\/1"}],"replies":[{"embeddable":true,"href":"https:\/\/www.my-watchsite.fr\/blog\/wp-json\/wp\/v2\/comments?post=1462"}],"version-history":[{"count":0,"href":"https:\/\/www.my-watchsite.fr\/blog\/wp-json\/wp\/v2\/posts\/1462\/revisions"}],"wp:featuredmedia":[{"embeddable":true,"href":"https:\/\/www.my-watchsite.fr\/blog\/wp-json\/wp\/v2\/media\/1463"}],"wp:attachment":[{"href":"https:\/\/www.my-watchsite.fr\/blog\/wp-json\/wp\/v2\/media?parent=1462"}],"wp:term":[{"taxonomy":"category","embeddable":true,"href":"https:\/\/www.my-watchsite.fr\/blog\/wp-json\/wp\/v2\/categories?post=1462"},{"taxonomy":"post_tag","embeddable":true,"href":"https:\/\/www.my-watchsite.fr\/blog\/wp-json\/wp\/v2\/tags?post=1462"}],"curies":[{"name":"wp","href":"https:\/\/api.w.org\/{rel}","templated":true}]}}