{"id":1466,"date":"2012-11-16T00:00:00","date_gmt":"2012-11-15T23:00:00","guid":{"rendered":"https:\/\/www.my-watchsite.fr\/blog\/blog\/ouverture-dun-point-de-vente-boucheron-aux-galeries-lafayette-de-berlin-n398\/"},"modified":"2012-11-16T00:00:00","modified_gmt":"2012-11-15T23:00:00","slug":"ouverture-dun-point-de-vente-boucheron-aux-galeries-lafayette-de-berlin-n398","status":"publish","type":"post","link":"https:\/\/www.my-watchsite.fr\/blog\/ouverture-dun-point-de-vente-boucheron-aux-galeries-lafayette-de-berlin-n398\/","title":{"rendered":"Ouverture d&rsquo;un point de vente Boucheron aux Galeries Lafayette de Berlin"},"content":{"rendered":"<div>C\u2019est dans l\u2019impressionnant b\u00e2timent de 9 200m\u00b2 construit par Jean Nouvel \u00e0 l&rsquo;angle de la Franz\u00f6sische Stra\u00dfe et de la Friedrichstra\u00dfe que Boucheron ouvre son corner aux c\u00f4t\u00e9s de Chaumet et Dinh Van.<\/div>\n<div>La boutique install\u00e9e sous la verri\u00e8re de ce c\u00e9l\u00e8bre temple de verre pourvu d\u2019une luminosit\u00e9 exceptionnelle rend hommage au <em>26 Place Vend\u00f4me<\/em>, situ\u00e9 \u00e0 l&rsquo;angle de la Place et de la rue de la Paix, \u00e9crin parisien choisi par Fr\u00e9d\u00e9ric Boucheron en 1893 pour son exceptionnelle lumi\u00e8re naturelle tout au long de la journ\u00e9e.<\/div>\n<div>Ce corner aux couleurs \u00e9clatantes \u00ab Blanc Lumi\u00e8re \u00bb et \u00ab Or Champagne \u00bb joue avec la lumi\u00e8re comme le ferait une pierre pr\u00e9cieuse. Il invite le client \u00e0 plonger dans l\u2019univers luxueux de la Maison Boucheron et \u00e0 se laisser sublimer par les parures iconiques : Quatre, Delilah, Animaux de Collection, Serpent ou encore l\u2019intemporelle Ava.<\/div>\n<div>\n<div>Ce premier point de vente en Allemagne vient s\u2019inscrire dans la strat\u00e9gie de d\u00e9veloppement international de la Maison avec l\u2019\u00e9l\u00e9gance et le panache qui la caract\u00e9risent.<\/div>\n<div><strong>A Propos de Boucheron<\/strong><\/div>\n<div>Premier Joaillier de la place Vend\u00f4me, Boucheron incarne l\u2019excellence en Haute Joaillerie et Haute Horlogerie depuis plus de 150 ans. Chaque collection puise dans la m\u00e9moire et les valeurs de la Maison, pour faire jaillir l\u2019intensit\u00e9 d\u2019une modernit\u00e9 sans cesse r\u00e9invent\u00e9e. Chaque bijou et chaque montre sculptent la mati\u00e8re pour sublimer le chatoiement de ses pierres exceptionnelles. Chaque cr\u00e9ation capte la lumi\u00e8re et cristallise une \u00e9motion. Plus que de simples pi\u00e8ces de joaillerie les cr\u00e9ations de la Maison rendent les femmes belles, elles \u00e9manent alors cette allure et cette confiance en soi propres \u00e0 celles qui incarnent la gr\u00e2ce. Boucheron a aujourd\u2019hui plus de 50 points de vente \u00e0 travers le monde et fait partie du P\u00f4le Luxe du groupe PPR, l\u2019un des leaders mondiaux du Luxe et du Sport &amp; Lifestyle.<\/div>\n<div><strong>A propos de PPR<\/strong><\/div>\n<div>Le Groupe PPR d\u00e9veloppe le potentiel de croissance d\u2019un ensemble coh\u00e9rent de tr\u00e8s grandes marques de Luxe et de Sport &amp; Lifestyle sp\u00e9cialis\u00e9es dans l\u2019habillement et les accessoires. Pr\u00e9sent dans plus de 120 pays, PPR a r\u00e9alis\u00e9 en 2011 un chiffre d\u2019affaires de 12,2 milliards d\u2019euros et rassemblait pr\u00e8s de 47 000 collaborateurs au 31 d\u00e9cembre. L\u2019action PPR est cot\u00e9e \u00e0 Euronext Paris (FR 0000121485, PRTP.PA, PPFP). Retrouvez Gucci, Bottega Veneta, Yves Saint Laurent, Alexander McQueen, Balenciaga, Brioni, Stella McCartney, Sergio Rossi, Boucheron, Girard-Perregaux, JeanRichard, Puma, Volcom, Cobra, Electric, Tretorn et Fnac sur ppr.com.<\/div>\n<\/div>\n<ul>\n<li><img decoding=\"async\" src=\"https:\/\/www.my-watchsite.fr\/blog\/wp-content\/uploads\/2020\/08\/398_1024.jpg\" alt=\"La boutique Boucheron aux Galeries Lafayette de Berlin. \" \/><\/li>\n<li><img decoding=\"async\" src=\"https:\/\/www.my-watchsite.fr\/blog\/wp-content\/uploads\/2020\/08\/398_1025.jpg\" alt=\"La boutique Boucheron aux Galeries Lafayette de Berlin. D\u00e9tails.\" \/><\/li>\n<li><img decoding=\"async\" src=\"https:\/\/www.my-watchsite.fr\/blog\/wp-content\/uploads\/2020\/08\/398_1026.jpg\" alt=\"Vitrine du corner Boucheron des Galeries Lafayette de Berlin. \" \/><\/li>\n<\/ul>\n","protected":false},"excerpt":{"rendered":"<p>C\u2019est dans l\u2019impressionnant b\u00e2timent de 9 200m\u00b2 construit par Jean Nouvel \u00e0 l&rsquo;angle de la Franz\u00f6sische Stra\u00dfe et de la Friedrichstra\u00dfe que Boucheron ouvre son corner aux c\u00f4t\u00e9s de Chaumet et Dinh Van. La boutique install\u00e9e sous la verri\u00e8re de ce c\u00e9l\u00e8bre temple de verre pourvu d\u2019une luminosit\u00e9 exceptionnelle rend hommage au 26 Place Vend\u00f4me, [&hellip;]<\/p>\n","protected":false},"author":1,"featured_media":1470,"comment_status":"closed","ping_status":"closed","sticky":false,"template":"","format":"standard","meta":{"footnotes":""},"categories":[2],"tags":[53],"acf":[],"yoast_head":"<!-- This site is optimized with the Yoast SEO plugin v20.4 - https:\/\/yoast.com\/wordpress\/plugins\/seo\/ -->\n<title>Ouverture d&#039;un point de vente Boucheron aux Galeries Lafayette de Berlin - MyWatch FR<\/title>\n<meta name=\"robots\" content=\"index, follow, max-snippet:-1, max-image-preview:large, max-video-preview:-1\" \/>\n<link rel=\"canonical\" href=\"https:\/\/www.my-watchsite.fr\/blog\/ouverture-dun-point-de-vente-boucheron-aux-galeries-lafayette-de-berlin-n398\/\" \/>\n<meta property=\"og:locale\" content=\"fr_FR\" \/>\n<meta property=\"og:type\" content=\"article\" \/>\n<meta property=\"og:title\" content=\"Ouverture d&#039;un point de vente Boucheron aux Galeries Lafayette de Berlin - MyWatch FR\" \/>\n<meta property=\"og:description\" content=\"C\u2019est dans l\u2019impressionnant b\u00e2timent de 9 200m\u00b2 construit par Jean Nouvel \u00e0 l&rsquo;angle de la Franz\u00f6sische Stra\u00dfe et de la Friedrichstra\u00dfe que Boucheron ouvre son corner aux c\u00f4t\u00e9s de Chaumet et Dinh Van. La boutique install\u00e9e sous la verri\u00e8re de ce c\u00e9l\u00e8bre temple de verre pourvu d\u2019une luminosit\u00e9 exceptionnelle rend hommage au 26 Place Vend\u00f4me, [&hellip;]\" \/>\n<meta property=\"og:url\" content=\"https:\/\/www.my-watchsite.fr\/blog\/ouverture-dun-point-de-vente-boucheron-aux-galeries-lafayette-de-berlin-n398\/\" \/>\n<meta property=\"og:site_name\" content=\"MyWatch FR\" \/>\n<meta property=\"article:publisher\" content=\"https:\/\/www.facebook.com\/mywatchsite\/\" \/>\n<meta property=\"article:published_time\" content=\"2012-11-15T23:00:00+00:00\" \/>\n<meta property=\"og:image\" content=\"https:\/\/www.my-watchsite.fr\/blog\/wp-content\/uploads\/2020\/08\/thumb_398.jpg\" \/>\n\t<meta property=\"og:image:width\" content=\"654\" \/>\n\t<meta property=\"og:image:height\" content=\"435\" \/>\n\t<meta property=\"og:image:type\" content=\"image\/jpeg\" \/>\n<meta name=\"author\" content=\"MyWatch\" \/>\n<meta name=\"twitter:card\" content=\"summary_large_image\" \/>\n<meta name=\"twitter:creator\" content=\"@mywatchsite\" \/>\n<meta name=\"twitter:site\" content=\"@mywatchsite\" \/>\n<meta name=\"twitter:label1\" content=\"\u00c9crit par\" \/>\n\t<meta name=\"twitter:data1\" content=\"MyWatch\" \/>\n\t<meta name=\"twitter:label2\" content=\"Dur\u00e9e de lecture estim\u00e9e\" \/>\n\t<meta name=\"twitter:data2\" content=\"2 minutes\" \/>\n<script type=\"application\/ld+json\" class=\"yoast-schema-graph\">{\"@context\":\"https:\/\/schema.org\",\"@graph\":[{\"@type\":\"WebPage\",\"@id\":\"https:\/\/www.my-watchsite.fr\/blog\/ouverture-dun-point-de-vente-boucheron-aux-galeries-lafayette-de-berlin-n398\/\",\"url\":\"https:\/\/www.my-watchsite.fr\/blog\/ouverture-dun-point-de-vente-boucheron-aux-galeries-lafayette-de-berlin-n398\/\",\"name\":\"Ouverture d'un point de vente Boucheron aux Galeries Lafayette de Berlin - MyWatch FR\",\"isPartOf\":{\"@id\":\"https:\/\/www.my-watchsite.fr\/blog\/#website\"},\"datePublished\":\"2012-11-15T23:00:00+00:00\",\"dateModified\":\"2012-11-15T23:00:00+00:00\",\"author\":{\"@id\":\"https:\/\/www.my-watchsite.fr\/blog\/#\/schema\/person\/67e19b3e3d014465042ff1be1c9fcf44\"},\"breadcrumb\":{\"@id\":\"https:\/\/www.my-watchsite.fr\/blog\/ouverture-dun-point-de-vente-boucheron-aux-galeries-lafayette-de-berlin-n398\/#breadcrumb\"},\"inLanguage\":\"fr-FR\",\"potentialAction\":[{\"@type\":\"ReadAction\",\"target\":[\"https:\/\/www.my-watchsite.fr\/blog\/ouverture-dun-point-de-vente-boucheron-aux-galeries-lafayette-de-berlin-n398\/\"]}]},{\"@type\":\"BreadcrumbList\",\"@id\":\"https:\/\/www.my-watchsite.fr\/blog\/ouverture-dun-point-de-vente-boucheron-aux-galeries-lafayette-de-berlin-n398\/#breadcrumb\",\"itemListElement\":[{\"@type\":\"ListItem\",\"position\":1,\"name\":\"Accueil\",\"item\":\"https:\/\/www.my-watchsite.fr\/blog\/\"},{\"@type\":\"ListItem\",\"position\":2,\"name\":\"Ouverture d&rsquo;un point de vente Boucheron aux Galeries Lafayette de Berlin\"}]},{\"@type\":\"WebSite\",\"@id\":\"https:\/\/www.my-watchsite.fr\/blog\/#website\",\"url\":\"https:\/\/www.my-watchsite.fr\/blog\/\",\"name\":\"MyWatch FR\",\"description\":\"Make Time a Lifestyle\",\"potentialAction\":[{\"@type\":\"SearchAction\",\"target\":{\"@type\":\"EntryPoint\",\"urlTemplate\":\"https:\/\/www.my-watchsite.fr\/blog\/?s={search_term_string}\"},\"query-input\":\"required name=search_term_string\"}],\"inLanguage\":\"fr-FR\"},{\"@type\":\"Person\",\"@id\":\"https:\/\/www.my-watchsite.fr\/blog\/#\/schema\/person\/67e19b3e3d014465042ff1be1c9fcf44\",\"name\":\"MyWatch\",\"image\":{\"@type\":\"ImageObject\",\"inLanguage\":\"fr-FR\",\"@id\":\"https:\/\/www.my-watchsite.fr\/blog\/#\/schema\/person\/image\/\",\"url\":\"https:\/\/secure.gravatar.com\/avatar\/e52d1e94806c54826c863f554ca1dd2a?s=96&d=mm&r=g\",\"contentUrl\":\"https:\/\/secure.gravatar.com\/avatar\/e52d1e94806c54826c863f554ca1dd2a?s=96&d=mm&r=g\",\"caption\":\"MyWatch\"},\"sameAs\":[\"https:\/\/www.my-watchsite.fr\/blog\"]}]}<\/script>\n<!-- \/ Yoast SEO plugin. -->","yoast_head_json":{"title":"Ouverture d'un point de vente Boucheron aux Galeries Lafayette de Berlin - MyWatch FR","robots":{"index":"index","follow":"follow","max-snippet":"max-snippet:-1","max-image-preview":"max-image-preview:large","max-video-preview":"max-video-preview:-1"},"canonical":"https:\/\/www.my-watchsite.fr\/blog\/ouverture-dun-point-de-vente-boucheron-aux-galeries-lafayette-de-berlin-n398\/","og_locale":"fr_FR","og_type":"article","og_title":"Ouverture d'un point de vente Boucheron aux Galeries Lafayette de Berlin - MyWatch FR","og_description":"C\u2019est dans l\u2019impressionnant b\u00e2timent de 9 200m\u00b2 construit par Jean Nouvel \u00e0 l&rsquo;angle de la Franz\u00f6sische Stra\u00dfe et de la Friedrichstra\u00dfe que Boucheron ouvre son corner aux c\u00f4t\u00e9s de Chaumet et Dinh Van. La boutique install\u00e9e sous la verri\u00e8re de ce c\u00e9l\u00e8bre temple de verre pourvu d\u2019une luminosit\u00e9 exceptionnelle rend hommage au 26 Place Vend\u00f4me, [&hellip;]","og_url":"https:\/\/www.my-watchsite.fr\/blog\/ouverture-dun-point-de-vente-boucheron-aux-galeries-lafayette-de-berlin-n398\/","og_site_name":"MyWatch FR","article_publisher":"https:\/\/www.facebook.com\/mywatchsite\/","article_published_time":"2012-11-15T23:00:00+00:00","og_image":[{"width":654,"height":435,"url":"https:\/\/www.my-watchsite.fr\/blog\/wp-content\/uploads\/2020\/08\/thumb_398.jpg","type":"image\/jpeg"}],"author":"MyWatch","twitter_card":"summary_large_image","twitter_creator":"@mywatchsite","twitter_site":"@mywatchsite","twitter_misc":{"\u00c9crit par":"MyWatch","Dur\u00e9e de lecture estim\u00e9e":"2 minutes"},"schema":{"@context":"https:\/\/schema.org","@graph":[{"@type":"WebPage","@id":"https:\/\/www.my-watchsite.fr\/blog\/ouverture-dun-point-de-vente-boucheron-aux-galeries-lafayette-de-berlin-n398\/","url":"https:\/\/www.my-watchsite.fr\/blog\/ouverture-dun-point-de-vente-boucheron-aux-galeries-lafayette-de-berlin-n398\/","name":"Ouverture d'un point de vente Boucheron aux Galeries Lafayette de Berlin - MyWatch FR","isPartOf":{"@id":"https:\/\/www.my-watchsite.fr\/blog\/#website"},"datePublished":"2012-11-15T23:00:00+00:00","dateModified":"2012-11-15T23:00:00+00:00","author":{"@id":"https:\/\/www.my-watchsite.fr\/blog\/#\/schema\/person\/67e19b3e3d014465042ff1be1c9fcf44"},"breadcrumb":{"@id":"https:\/\/www.my-watchsite.fr\/blog\/ouverture-dun-point-de-vente-boucheron-aux-galeries-lafayette-de-berlin-n398\/#breadcrumb"},"inLanguage":"fr-FR","potentialAction":[{"@type":"ReadAction","target":["https:\/\/www.my-watchsite.fr\/blog\/ouverture-dun-point-de-vente-boucheron-aux-galeries-lafayette-de-berlin-n398\/"]}]},{"@type":"BreadcrumbList","@id":"https:\/\/www.my-watchsite.fr\/blog\/ouverture-dun-point-de-vente-boucheron-aux-galeries-lafayette-de-berlin-n398\/#breadcrumb","itemListElement":[{"@type":"ListItem","position":1,"name":"Accueil","item":"https:\/\/www.my-watchsite.fr\/blog\/"},{"@type":"ListItem","position":2,"name":"Ouverture d&rsquo;un point de vente Boucheron aux Galeries Lafayette de Berlin"}]},{"@type":"WebSite","@id":"https:\/\/www.my-watchsite.fr\/blog\/#website","url":"https:\/\/www.my-watchsite.fr\/blog\/","name":"MyWatch FR","description":"Make Time a Lifestyle","potentialAction":[{"@type":"SearchAction","target":{"@type":"EntryPoint","urlTemplate":"https:\/\/www.my-watchsite.fr\/blog\/?s={search_term_string}"},"query-input":"required name=search_term_string"}],"inLanguage":"fr-FR"},{"@type":"Person","@id":"https:\/\/www.my-watchsite.fr\/blog\/#\/schema\/person\/67e19b3e3d014465042ff1be1c9fcf44","name":"MyWatch","image":{"@type":"ImageObject","inLanguage":"fr-FR","@id":"https:\/\/www.my-watchsite.fr\/blog\/#\/schema\/person\/image\/","url":"https:\/\/secure.gravatar.com\/avatar\/e52d1e94806c54826c863f554ca1dd2a?s=96&d=mm&r=g","contentUrl":"https:\/\/secure.gravatar.com\/avatar\/e52d1e94806c54826c863f554ca1dd2a?s=96&d=mm&r=g","caption":"MyWatch"},"sameAs":["https:\/\/www.my-watchsite.fr\/blog"]}]}},"_links":{"self":[{"href":"https:\/\/www.my-watchsite.fr\/blog\/wp-json\/wp\/v2\/posts\/1466"}],"collection":[{"href":"https:\/\/www.my-watchsite.fr\/blog\/wp-json\/wp\/v2\/posts"}],"about":[{"href":"https:\/\/www.my-watchsite.fr\/blog\/wp-json\/wp\/v2\/types\/post"}],"author":[{"embeddable":true,"href":"https:\/\/www.my-watchsite.fr\/blog\/wp-json\/wp\/v2\/users\/1"}],"replies":[{"embeddable":true,"href":"https:\/\/www.my-watchsite.fr\/blog\/wp-json\/wp\/v2\/comments?post=1466"}],"version-history":[{"count":0,"href":"https:\/\/www.my-watchsite.fr\/blog\/wp-json\/wp\/v2\/posts\/1466\/revisions"}],"wp:featuredmedia":[{"embeddable":true,"href":"https:\/\/www.my-watchsite.fr\/blog\/wp-json\/wp\/v2\/media\/1470"}],"wp:attachment":[{"href":"https:\/\/www.my-watchsite.fr\/blog\/wp-json\/wp\/v2\/media?parent=1466"}],"wp:term":[{"taxonomy":"category","embeddable":true,"href":"https:\/\/www.my-watchsite.fr\/blog\/wp-json\/wp\/v2\/categories?post=1466"},{"taxonomy":"post_tag","embeddable":true,"href":"https:\/\/www.my-watchsite.fr\/blog\/wp-json\/wp\/v2\/tags?post=1466"}],"curies":[{"name":"wp","href":"https:\/\/api.w.org\/{rel}","templated":true}]}}