{"id":1497,"date":"2012-11-26T00:00:00","date_gmt":"2012-11-25T23:00:00","guid":{"rendered":"https:\/\/www.my-watchsite.fr\/blog\/blog\/inauguration-de-la-boutique-jaeger-lecoultre-place-vendome-n405\/"},"modified":"2012-11-26T00:00:00","modified_gmt":"2012-11-25T23:00:00","slug":"inauguration-de-la-boutique-jaeger-lecoultre-place-vendome-n405","status":"publish","type":"post","link":"https:\/\/www.my-watchsite.fr\/blog\/inauguration-de-la-boutique-jaeger-lecoultre-place-vendome-n405\/","title":{"rendered":"Inauguration de la boutique Jaeger-LeCoultre Place Vend\u00f4me"},"content":{"rendered":"<div>Cette boutique Jaeger-LeCoultre, la plus grande du monde, propose un nouveau concept de design int\u00e9rieur : un espace chaleureux et lumineux o\u00f9 Jaeger-LeCoultre pourra mettre en valeur \u00e0 la fois son pass\u00e9, son pr\u00e9sent et son futur\u2026 <\/div>\n<div><\/div>\n<div>J\u00e9r\u00f4me Lambert, CEO de Jaeger-LeCoultre, a inaugur\u00e9 ce lieu exceptionnel qui refl\u00e8te tout le prestige de la Maison en coupant le ruban aux c\u00f4t\u00e9s de Diane Kruger, amie de Jaeger-LeCoultre, visage de sa collection f\u00e9minine, et de Guillain Maspetiol, directeur de Jaeger-LeCoultre France.<\/div>\n<div><\/div>\n<div>La Place Vend\u00f4me, le c\u0153ur m\u00eame du luxe \u00e0 la fran\u00e7aise, a accueilli les invit\u00e9s de Jaeger-LeCoultre sous des faisceaux lumineux projet\u00e9s depuis la l\u00e9gendaire colonne Vend\u00f4me qui illuminaient la nouvelle boutique, r\u00e9v\u00e9lant un d\u00e9licat motif de rouages sur sa fa\u00e7ade et ses fen\u00eatres.<\/div>\n<div><\/div>\n<div>Parmi les invit\u00e9s ; Catherine Deneuve, Carmen Chaplin, Isabelle Huppert, In\u00e8s de la Fressange, Vincent Perez, Jos\u00e9 Luis Rebordinos, Olga Sorokina et Marina Hands.<\/div>\n<div><\/div>\n<div>Cette nouvelle boutique, lieu de r\u00e9ception et de rencontres destin\u00e9 aux collectionneurs, aux amateurs de la marque et \u00e0 tous les connaisseurs de Haute Horlogerie, rassemblait en cette soir\u00e9e des tr\u00e9sors rarement pr\u00e9sent\u00e9s au grand public : du plus petit mouvement m\u00e9canique au monde, un Calibre 101, jusqu\u2019aux m\u00e9canismes les plus complexes, constitu\u00e9s de 1 200 composants.<\/div>\n<div>Hommage \u00e0 la technicit\u00e9 et au luxe de la Haute Horlogerie, Jaeger-LeCoultre a d\u00e9voil\u00e9 son Duom\u00e8tre Unique Travel Time, une s\u00e9rie limit\u00e9e \u00e0 100 exemplaires et propos\u00e9e pour l\u2019inauguration de la boutique de la Place Vend\u00f4me. Deux chiffres rouges appliqu\u00e9s sur le cadran, le 7 et le 9, rendent hommage \u00e0 l\u2019adresse de la Boutique. La montre Duom\u00e8tre Unique Travel Time refl\u00e8te les avanc\u00e9es techniques de la Manufacture dans le domaine des montres \u00e0 fuseaux horaires et offre des solutions in\u00e9dites aux voyageurs : pour la premi\u00e8re fois, l\u2019utilisateur peut r\u00e9gler l\u2019heure du fuseau horaire de voyage \u00e0 la minute pr\u00e8s.<\/div>\n<div><\/div>\n<div>Grande cr\u00e9atrice internationale de montres, la Maison a tiss\u00e9 de v\u00e9ritables liens avec les amateurs de Haute Horlogerie. Plus de 800 invit\u00e9s ont re\u00e7u un accueil chaleureux sur la Place Vend\u00f4me et f\u00eat\u00e9 l\u2019\u00e9v\u00e9nement au Grand H\u00f4tel, o\u00f9 la soir\u00e9e s\u2019est poursuivie par un cocktail, un spectacle d\u2019artistes du cirque canadien Eloiz ainsi qu\u2019un show \u00e9questre dirig\u00e9 par le dresseur Mario Luraschi.<\/div>\n<ul>\n<li><img decoding=\"async\" src=\"https:\/\/www.my-watchsite.fr\/blog\/wp-content\/uploads\/2020\/08\/405_1046.jpg\" alt=\"Guillain Maspetiol, directeur de Jaeger-LeCoultre France, Diane Kruger, amie de la Grande Maison et J\u00e9r\u00f4me Lambert, CEO de Jaeger-LeCoultre, ont coup\u00e9 le ruban\u2026\" \/><\/li>\n<li><img decoding=\"async\" src=\"https:\/\/www.my-watchsite.fr\/blog\/wp-content\/uploads\/2020\/08\/405_1047.jpg\" alt=\"Diane Kruger dans la boutique Jaeger-LeCoultre Place Vend\u00f4me. \" \/><\/li>\n<li><img decoding=\"async\" src=\"https:\/\/www.my-watchsite.fr\/blog\/wp-content\/uploads\/2020\/08\/405_1048.jpg\" alt=\"Isabelle Huppert, Catherine Deneuve, Diane Kruger et Jerome Lambert.\" \/><\/li>\n<li><img decoding=\"async\" src=\"https:\/\/www.my-watchsite.fr\/blog\/wp-content\/uploads\/2020\/08\/405_1049.jpg\" alt=\"Boutique Jaeger-LeCoultre, Place Vend\u00f4me \u00e0 Paris. \u00a9Getty\" \/><\/li>\n<li><img decoding=\"async\" src=\"https:\/\/www.my-watchsite.fr\/blog\/wp-content\/uploads\/2020\/08\/405_1050.jpg\" alt=\"Boutique Jaeger-LeCoultre, Place Vend\u00f4me \u00e0 Paris. \u00a9Getty\" \/><\/li>\n<\/ul>\n","protected":false},"excerpt":{"rendered":"<p>Cette boutique Jaeger-LeCoultre, la plus grande du monde, propose un nouveau concept de design int\u00e9rieur : un espace chaleureux et lumineux o\u00f9 Jaeger-LeCoultre pourra mettre en valeur \u00e0 la fois son pass\u00e9, son pr\u00e9sent et son futur\u2026 J\u00e9r\u00f4me Lambert, CEO de Jaeger-LeCoultre, a inaugur\u00e9 ce lieu exceptionnel qui refl\u00e8te tout le prestige de la Maison [&hellip;]<\/p>\n","protected":false},"author":1,"featured_media":1498,"comment_status":"closed","ping_status":"closed","sticky":false,"template":"","format":"standard","meta":{"footnotes":""},"categories":[2],"tags":[27],"acf":[],"yoast_head":"<!-- This site is optimized with the Yoast SEO plugin v20.4 - https:\/\/yoast.com\/wordpress\/plugins\/seo\/ -->\n<title>Inauguration de la boutique Jaeger-LeCoultre Place Vend\u00f4me - MyWatch FR<\/title>\n<meta name=\"robots\" content=\"index, follow, max-snippet:-1, max-image-preview:large, max-video-preview:-1\" \/>\n<link rel=\"canonical\" href=\"https:\/\/www.my-watchsite.fr\/blog\/inauguration-de-la-boutique-jaeger-lecoultre-place-vendome-n405\/\" \/>\n<meta property=\"og:locale\" content=\"fr_FR\" \/>\n<meta property=\"og:type\" content=\"article\" \/>\n<meta property=\"og:title\" content=\"Inauguration de la boutique Jaeger-LeCoultre Place Vend\u00f4me - MyWatch FR\" \/>\n<meta property=\"og:description\" content=\"Cette boutique Jaeger-LeCoultre, la plus grande du monde, propose un nouveau concept de design int\u00e9rieur : un espace chaleureux et lumineux o\u00f9 Jaeger-LeCoultre pourra mettre en valeur \u00e0 la fois son pass\u00e9, son pr\u00e9sent et son futur\u2026 J\u00e9r\u00f4me Lambert, CEO de Jaeger-LeCoultre, a inaugur\u00e9 ce lieu exceptionnel qui refl\u00e8te tout le prestige de la Maison [&hellip;]\" \/>\n<meta property=\"og:url\" content=\"https:\/\/www.my-watchsite.fr\/blog\/inauguration-de-la-boutique-jaeger-lecoultre-place-vendome-n405\/\" \/>\n<meta property=\"og:site_name\" content=\"MyWatch FR\" \/>\n<meta property=\"article:publisher\" content=\"https:\/\/www.facebook.com\/mywatchsite\/\" \/>\n<meta property=\"article:published_time\" content=\"2012-11-25T23:00:00+00:00\" \/>\n<meta property=\"og:image\" content=\"https:\/\/www.my-watchsite.fr\/blog\/wp-content\/uploads\/2020\/08\/405_1046.jpg\" \/>\n\t<meta property=\"og:image:width\" content=\"450\" \/>\n\t<meta property=\"og:image:height\" content=\"294\" \/>\n\t<meta property=\"og:image:type\" content=\"image\/jpeg\" \/>\n<meta name=\"author\" content=\"MyWatch\" \/>\n<meta name=\"twitter:card\" content=\"summary_large_image\" \/>\n<meta name=\"twitter:creator\" content=\"@mywatchsite\" \/>\n<meta name=\"twitter:site\" content=\"@mywatchsite\" \/>\n<meta name=\"twitter:label1\" content=\"\u00c9crit par\" \/>\n\t<meta name=\"twitter:data1\" content=\"MyWatch\" \/>\n\t<meta name=\"twitter:label2\" content=\"Dur\u00e9e de lecture estim\u00e9e\" \/>\n\t<meta name=\"twitter:data2\" content=\"2 minutes\" \/>\n<script type=\"application\/ld+json\" class=\"yoast-schema-graph\">{\"@context\":\"https:\/\/schema.org\",\"@graph\":[{\"@type\":\"WebPage\",\"@id\":\"https:\/\/www.my-watchsite.fr\/blog\/inauguration-de-la-boutique-jaeger-lecoultre-place-vendome-n405\/\",\"url\":\"https:\/\/www.my-watchsite.fr\/blog\/inauguration-de-la-boutique-jaeger-lecoultre-place-vendome-n405\/\",\"name\":\"Inauguration de la boutique Jaeger-LeCoultre Place Vend\u00f4me - MyWatch FR\",\"isPartOf\":{\"@id\":\"https:\/\/www.my-watchsite.fr\/blog\/#website\"},\"datePublished\":\"2012-11-25T23:00:00+00:00\",\"dateModified\":\"2012-11-25T23:00:00+00:00\",\"author\":{\"@id\":\"https:\/\/www.my-watchsite.fr\/blog\/#\/schema\/person\/67e19b3e3d014465042ff1be1c9fcf44\"},\"breadcrumb\":{\"@id\":\"https:\/\/www.my-watchsite.fr\/blog\/inauguration-de-la-boutique-jaeger-lecoultre-place-vendome-n405\/#breadcrumb\"},\"inLanguage\":\"fr-FR\",\"potentialAction\":[{\"@type\":\"ReadAction\",\"target\":[\"https:\/\/www.my-watchsite.fr\/blog\/inauguration-de-la-boutique-jaeger-lecoultre-place-vendome-n405\/\"]}]},{\"@type\":\"BreadcrumbList\",\"@id\":\"https:\/\/www.my-watchsite.fr\/blog\/inauguration-de-la-boutique-jaeger-lecoultre-place-vendome-n405\/#breadcrumb\",\"itemListElement\":[{\"@type\":\"ListItem\",\"position\":1,\"name\":\"Accueil\",\"item\":\"https:\/\/www.my-watchsite.fr\/blog\/\"},{\"@type\":\"ListItem\",\"position\":2,\"name\":\"Inauguration de la boutique Jaeger-LeCoultre Place Vend\u00f4me\"}]},{\"@type\":\"WebSite\",\"@id\":\"https:\/\/www.my-watchsite.fr\/blog\/#website\",\"url\":\"https:\/\/www.my-watchsite.fr\/blog\/\",\"name\":\"MyWatch FR\",\"description\":\"Make Time a Lifestyle\",\"potentialAction\":[{\"@type\":\"SearchAction\",\"target\":{\"@type\":\"EntryPoint\",\"urlTemplate\":\"https:\/\/www.my-watchsite.fr\/blog\/?s={search_term_string}\"},\"query-input\":\"required name=search_term_string\"}],\"inLanguage\":\"fr-FR\"},{\"@type\":\"Person\",\"@id\":\"https:\/\/www.my-watchsite.fr\/blog\/#\/schema\/person\/67e19b3e3d014465042ff1be1c9fcf44\",\"name\":\"MyWatch\",\"image\":{\"@type\":\"ImageObject\",\"inLanguage\":\"fr-FR\",\"@id\":\"https:\/\/www.my-watchsite.fr\/blog\/#\/schema\/person\/image\/\",\"url\":\"https:\/\/secure.gravatar.com\/avatar\/e52d1e94806c54826c863f554ca1dd2a?s=96&d=mm&r=g\",\"contentUrl\":\"https:\/\/secure.gravatar.com\/avatar\/e52d1e94806c54826c863f554ca1dd2a?s=96&d=mm&r=g\",\"caption\":\"MyWatch\"},\"sameAs\":[\"https:\/\/www.my-watchsite.fr\/blog\"]}]}<\/script>\n<!-- \/ Yoast SEO plugin. -->","yoast_head_json":{"title":"Inauguration de la boutique Jaeger-LeCoultre Place Vend\u00f4me - MyWatch FR","robots":{"index":"index","follow":"follow","max-snippet":"max-snippet:-1","max-image-preview":"max-image-preview:large","max-video-preview":"max-video-preview:-1"},"canonical":"https:\/\/www.my-watchsite.fr\/blog\/inauguration-de-la-boutique-jaeger-lecoultre-place-vendome-n405\/","og_locale":"fr_FR","og_type":"article","og_title":"Inauguration de la boutique Jaeger-LeCoultre Place Vend\u00f4me - MyWatch FR","og_description":"Cette boutique Jaeger-LeCoultre, la plus grande du monde, propose un nouveau concept de design int\u00e9rieur : un espace chaleureux et lumineux o\u00f9 Jaeger-LeCoultre pourra mettre en valeur \u00e0 la fois son pass\u00e9, son pr\u00e9sent et son futur\u2026 J\u00e9r\u00f4me Lambert, CEO de Jaeger-LeCoultre, a inaugur\u00e9 ce lieu exceptionnel qui refl\u00e8te tout le prestige de la Maison [&hellip;]","og_url":"https:\/\/www.my-watchsite.fr\/blog\/inauguration-de-la-boutique-jaeger-lecoultre-place-vendome-n405\/","og_site_name":"MyWatch FR","article_publisher":"https:\/\/www.facebook.com\/mywatchsite\/","article_published_time":"2012-11-25T23:00:00+00:00","og_image":[{"width":450,"height":294,"url":"https:\/\/www.my-watchsite.fr\/blog\/wp-content\/uploads\/2020\/08\/405_1046.jpg","type":"image\/jpeg"}],"author":"MyWatch","twitter_card":"summary_large_image","twitter_creator":"@mywatchsite","twitter_site":"@mywatchsite","twitter_misc":{"\u00c9crit par":"MyWatch","Dur\u00e9e de lecture estim\u00e9e":"2 minutes"},"schema":{"@context":"https:\/\/schema.org","@graph":[{"@type":"WebPage","@id":"https:\/\/www.my-watchsite.fr\/blog\/inauguration-de-la-boutique-jaeger-lecoultre-place-vendome-n405\/","url":"https:\/\/www.my-watchsite.fr\/blog\/inauguration-de-la-boutique-jaeger-lecoultre-place-vendome-n405\/","name":"Inauguration de la boutique Jaeger-LeCoultre Place Vend\u00f4me - MyWatch FR","isPartOf":{"@id":"https:\/\/www.my-watchsite.fr\/blog\/#website"},"datePublished":"2012-11-25T23:00:00+00:00","dateModified":"2012-11-25T23:00:00+00:00","author":{"@id":"https:\/\/www.my-watchsite.fr\/blog\/#\/schema\/person\/67e19b3e3d014465042ff1be1c9fcf44"},"breadcrumb":{"@id":"https:\/\/www.my-watchsite.fr\/blog\/inauguration-de-la-boutique-jaeger-lecoultre-place-vendome-n405\/#breadcrumb"},"inLanguage":"fr-FR","potentialAction":[{"@type":"ReadAction","target":["https:\/\/www.my-watchsite.fr\/blog\/inauguration-de-la-boutique-jaeger-lecoultre-place-vendome-n405\/"]}]},{"@type":"BreadcrumbList","@id":"https:\/\/www.my-watchsite.fr\/blog\/inauguration-de-la-boutique-jaeger-lecoultre-place-vendome-n405\/#breadcrumb","itemListElement":[{"@type":"ListItem","position":1,"name":"Accueil","item":"https:\/\/www.my-watchsite.fr\/blog\/"},{"@type":"ListItem","position":2,"name":"Inauguration de la boutique Jaeger-LeCoultre Place Vend\u00f4me"}]},{"@type":"WebSite","@id":"https:\/\/www.my-watchsite.fr\/blog\/#website","url":"https:\/\/www.my-watchsite.fr\/blog\/","name":"MyWatch FR","description":"Make Time a Lifestyle","potentialAction":[{"@type":"SearchAction","target":{"@type":"EntryPoint","urlTemplate":"https:\/\/www.my-watchsite.fr\/blog\/?s={search_term_string}"},"query-input":"required name=search_term_string"}],"inLanguage":"fr-FR"},{"@type":"Person","@id":"https:\/\/www.my-watchsite.fr\/blog\/#\/schema\/person\/67e19b3e3d014465042ff1be1c9fcf44","name":"MyWatch","image":{"@type":"ImageObject","inLanguage":"fr-FR","@id":"https:\/\/www.my-watchsite.fr\/blog\/#\/schema\/person\/image\/","url":"https:\/\/secure.gravatar.com\/avatar\/e52d1e94806c54826c863f554ca1dd2a?s=96&d=mm&r=g","contentUrl":"https:\/\/secure.gravatar.com\/avatar\/e52d1e94806c54826c863f554ca1dd2a?s=96&d=mm&r=g","caption":"MyWatch"},"sameAs":["https:\/\/www.my-watchsite.fr\/blog"]}]}},"_links":{"self":[{"href":"https:\/\/www.my-watchsite.fr\/blog\/wp-json\/wp\/v2\/posts\/1497"}],"collection":[{"href":"https:\/\/www.my-watchsite.fr\/blog\/wp-json\/wp\/v2\/posts"}],"about":[{"href":"https:\/\/www.my-watchsite.fr\/blog\/wp-json\/wp\/v2\/types\/post"}],"author":[{"embeddable":true,"href":"https:\/\/www.my-watchsite.fr\/blog\/wp-json\/wp\/v2\/users\/1"}],"replies":[{"embeddable":true,"href":"https:\/\/www.my-watchsite.fr\/blog\/wp-json\/wp\/v2\/comments?post=1497"}],"version-history":[{"count":0,"href":"https:\/\/www.my-watchsite.fr\/blog\/wp-json\/wp\/v2\/posts\/1497\/revisions"}],"wp:featuredmedia":[{"embeddable":true,"href":"https:\/\/www.my-watchsite.fr\/blog\/wp-json\/wp\/v2\/media\/1498"}],"wp:attachment":[{"href":"https:\/\/www.my-watchsite.fr\/blog\/wp-json\/wp\/v2\/media?parent=1497"}],"wp:term":[{"taxonomy":"category","embeddable":true,"href":"https:\/\/www.my-watchsite.fr\/blog\/wp-json\/wp\/v2\/categories?post=1497"},{"taxonomy":"post_tag","embeddable":true,"href":"https:\/\/www.my-watchsite.fr\/blog\/wp-json\/wp\/v2\/tags?post=1497"}],"curies":[{"name":"wp","href":"https:\/\/api.w.org\/{rel}","templated":true}]}}