{"id":1543,"date":"2012-12-21T00:00:00","date_gmt":"2012-12-20T23:00:00","guid":{"rendered":"https:\/\/www.my-watchsite.fr\/blog\/blog\/lleroy-au-palmares-2012-de-lexcellence-francaise-n415\/"},"modified":"2012-12-21T00:00:00","modified_gmt":"2012-12-20T23:00:00","slug":"lleroy-au-palmares-2012-de-lexcellence-francaise-n415","status":"publish","type":"post","link":"https:\/\/www.my-watchsite.fr\/blog\/lleroy-au-palmares-2012-de-lexcellence-francaise-n415\/","title":{"rendered":"L.Leroy au palmar\u00e8s 2012 de l&rsquo;Excellence Fran\u00e7aise"},"content":{"rendered":"<div>L&rsquo;Excellence Fran\u00e7aise constitue \u00e0 ce jour la r\u00e9f\u00e9rence du \u00ab\u00a0savoir-faire\u00a0\u00bb fran\u00e7ais dans de nombreux domaines, un v\u00e9ritable label pour les entreprises et les institutions laur\u00e9ates.<\/div>\n<div>La mise \u00e0 l&rsquo;honneur des diff\u00e9rents secteurs d&rsquo;activit\u00e9s et des laur\u00e9ats de l&rsquo;Excellence Fran\u00e7aise, \u00e0 travers la c\u00e9r\u00e9monie annuelle de remise des prix est une distinction qui s&rsquo;inscrit dans le temps.<\/div>\n<div>Envers et contre tout, riche de son savoir-faire dans de tr\u00e8s nombreux secteurs d\u2019activit\u00e9s, la France doit continuer de se battre pour maintenir sa pr\u00e9sence sur la sc\u00e8ne internationale.<\/div>\n<div>Les dix secteurs d\u2019activit\u00e9s pr\u00e9sent\u00e9s dans cette quatri\u00e8me \u00e9dition confirment le tr\u00e8s haut niveau de comp\u00e9tence que le monde entier nous envie.<\/div>\n<div>Notre exceptionnelle capacit\u00e9 de cr\u00e9ation et d\u2019innovation, tout comme notre art de vivre, doit nous permettre d\u2019\u00eatre tr\u00e8s comp\u00e9titifs face \u00e0 la concurrence.<\/div>\n<div>La France a encore un bel avenir devant elle, \u00e0 condition de rester elle-m\u00eame, fi\u00e8re de son histoire, de ses valeurs, de ses traditions, de son sens critique, de ses cr\u00e9ations, de ses savoir-faire et de son esprit d\u2019ouverture.<\/div>\n<div>L&rsquo;Excellence Fran\u00e7aise est l\u00e0 pour apporter sa contribution \u00e0 cette vision optimiste dans l\u2019int\u00e9r\u00eat de notre pays et par cons\u00e9quent dans l\u2019int\u00e9r\u00eat de chacun.<\/div>\n<div>Que les dix laur\u00e9ats qui composent le palmar\u00e8s 2012, r\u00e9v\u00e9l\u00e9 le 21 novembre dernier puissent servir d\u2019exemple.<\/div>\n<div>Ce palmar\u00e8s 2012 met \u00e0 l\u2019honneur la Maison L.LEROY dans le secteur de la Haute Horlogerie. La Maison L.LEROY, fond\u00e9e \u00e0 Paris en 1785 sous les arcades du Palais-Royal, a jusqu\u2019\u00e0 nos jours \u00e9crit parmi les plus belles pages de l\u2019horlogerie et de la chronom\u00e9trie fran\u00e7aise.<\/div>\n<div>Elle acquit rapidement une r\u00e9putation qui lui assura une client\u00e8le d\u2019exception. Nomm\u00e9e Horloger du Minist\u00e8re de la Marine en 1835, elle deviendra \u00e9galement \u00abHorloger officiel de la Reine Victoria\u00bb en 1863.<\/div>\n<div>La marque atteignit son apog\u00e9e en 1900 lorsque Louis Leroy pr\u00e9senta \u00e0 l\u2019Exposition universelle de Paris sa c\u00e9l\u00e8bre \u00abLeroy 01\u00bb qui, dot\u00e9e de 26 complications, remporta le Grand Prix et demeura jusqu\u2019en 1989 la montre la plus compliqu\u00e9e au monde.<\/div>\n<div>Aujourd\u2019hui, c\u2019est \u00e0 nouveau depuis Besan\u00e7on, berceau historique de l\u2019horlogerie fran\u00e7aise o\u00f9 elle s\u2019installa en 1892, que la Maison L.LEROY rayonne \u00e0 travers le monde. Ses nouveaux mod\u00e8les aux designs intemporels sont l\u2019h\u00e9ritage d\u2019un extraordinaire patrimoine bicentenaire plac\u00e9 sous le signe de l\u2019excellence. Mais ils sont \u00e9galement tourn\u00e9s vers l\u2019avenir : de facture avant-gardiste, leurs composants manufactur\u00e9s par L. Leroy sont assembl\u00e9s, r\u00e9gl\u00e9s, puis embo\u00eet\u00e9s dans les nouveaux ateliers de la Maison.<\/div>\n<div><strong>A propos des laur\u00e9ats de l\u2019Excellence Fran\u00e7aise<\/strong><\/div>\n<div>Ils sont fran\u00e7ais, ils sont tous n\u00b01 dans leurs secteurs d\u2019activit\u00e9 respectifs et le plus souvent des n\u00b01mondiaux. Ils repr\u00e9sentent le savoir-faire fran\u00e7ais au plus haut niveau. D\u2019ann\u00e9e en ann\u00e9e depuis 2009, <em>l\u2019Excellence Fran\u00e7aise <\/em>les r\u00e9compense et surtout les regroupe afin de constituer une force de frappe \u00e9conomique, culturelle et scientifique exceptionnelle qui, aujourd\u2019hui, est plus que jamais indispensable pour faire front, face \u00e0 crise \u00e9conomique et aux enjeux internationaux. Quel que soit leurs secteurs d\u2019activit\u00e9, ils partagent tous les m\u00eames valeurs, la recherche de l\u2019excellence, le d\u00e9fi de l\u2019innovation et de la performance et la transmission des savoir-faire sp\u00e9cifiques \u00e0 la France.<\/div>\n<div>Ils sont 46 laur\u00e9ats aujourd\u2019hui. Ils constituent le premier cercle de <em>l\u2019Excellence Fran\u00e7aise <\/em>qui s\u2019enrichit au fil des ann\u00e9es et dont l\u2019ambition est de porter haut les couleurs et les comp\u00e9tences de la France.<\/div>\n<div>Au sein de <em>l\u2019Excellence Fran\u00e7aise <\/em>Il y a de tr\u00e8s grandes mais \u00e9galement de petites entreprises, des personnalit\u00e9s en tant que telles, des grands capitaines d\u2019industrie, des chefs \u00e9toil\u00e9s, de grands commis de l\u2019Etat, des artistes, des chercheurs, des m\u00e9decins, des entrepreneurs, des militaires de haut rang, des architectes, des responsables des grandes institutions, des sportifs. Il y a des personnalit\u00e9s de droite et de gauche, des grands piliers de la nation, des associations respectables, il y a des hommes et des femmes qui ont valeur d\u2019exemple. Bref, tous, chacun \u00e0 leur niveau ont \u00e9t\u00e9 retenus \u00e0 partir d\u2019une charte portant sur dix crit\u00e8res intangibles dont le premier est de pouvoir revendiquer un savoir-faire de tr\u00e8s haut niveau, de dimension internationale et d\u2019oeuvrer en permanence avec leurs \u00e9quipes, \u00e0 maintenir la France en t\u00eate de l\u2019innovation et de l\u2019excellence.<\/div>\n<div>Voil\u00e0 ce qu\u2019est <em>l\u2019Excellence Fran\u00e7aise <\/em>et pourquoi elle va poursuivre et d\u00e9velopper ses actions afin de consolider et agrandir son cercle d\u2019influence tr\u00e8s concr\u00e8tement avec ceux qui font la France.<\/div>\n<div><strong>Laur\u00e9ats 2012<\/strong><\/div>\n<div><strong>Bernard Charl\u00e8s &#8211; Technologie<\/strong><\/div>\n<div><em>Directeur G\u00e9n\u00e9ral, Dassault Systems<\/em><\/div>\n<div><strong>Louis-Marc Chevignard &#8211; Secteur Viticole<em> &#8211; Vins de Bourgogne<\/em><\/strong><\/div>\n<div><em>Grand Conn\u00e9table de la Confr\u00e9rie des Chevaliers du Tastevin <\/em><\/div>\n<div><strong>Anne-Marie Desc\u00f4tes &#8211; Education<\/strong><\/div>\n<div><em>Directrice de l\u2019Agence de l\u2019Enseignement Fran\u00e7ais \u00e0 l\u2019Etranger<\/em><\/div>\n<div><strong>Commandant Jean-Baptiste Estachy &#8211; Institutions<\/strong><\/div>\n<div><em>Commandant du Peloton de Gendarmerie de Haute Montagne de Chamonix<\/em><\/div>\n<div><strong>Robert Four <\/strong><strong>\u2013<\/strong><strong>Artisanat d\u2019Art<\/strong><\/div>\n<div><em>Pr\u00e9sident Fondateur de la Manufacture des Tapisseries d\u2019<\/em><em>Aubusson<\/em><\/div>\n<div><strong>Hubert Martigny &#8211; <\/strong><strong>M\u00e9tiers d\u2019Art<\/strong><\/div>\n<div><em>Pr\u00e9sident de la Manufacture des Pianos PLEYEL<\/em><\/div>\n<div><strong>Thierry Oriez <\/strong><strong>\u2013<\/strong><strong> Haute Orf\u00e8vrerie<\/strong><\/div>\n<div><em>Pr\u00e9sident Directeur G\u00e9n\u00e9ral de CHRISTOFLE<\/em><\/div>\n<div><strong>Teddy Riner &#8211; Sports<\/strong><\/div>\n<div><em>M\u00e9daille d\u2019<\/em><em>Or &#8211; Jeux Olympiques de Londres 2012 &#8211; F\u00e9d\u00e9ration Fran\u00e7aise de Judo<\/em><\/div>\n<div><strong><em>Jean-Dominique Senard <\/em><\/strong>&#8211;<strong>Automobile <\/strong><\/div>\n<div><em>Pdg de MICHELIN<\/em><\/div>\n<div><strong>Guillaume Tripet <\/strong><strong>\u2013<\/strong><strong> Haute Horlogerie<\/strong><\/div>\n<div><em>Directeur G\u00e9n\u00e9ral des montres L. LEROY<\/em><\/div>\n<ul>\n<li><img decoding=\"async\" src=\"https:\/\/www.my-watchsite.fr\/blog\/wp-content\/uploads\/2020\/08\/415_1081.jpg\" alt=\"Guillaume Tripet \u2013 Directeur G\u00e9n\u00e9ral des montres L. LEROY.\" \/><\/li>\n<li><img decoding=\"async\" src=\"https:\/\/www.my-watchsite.fr\/blog\/wp-content\/uploads\/2020\/08\/415_1082.jpg\" alt=\"Les 12 laur\u00e9ats 2012 de l'Excellence Fran\u00e7aise. \" \/><\/li>\n<li><img decoding=\"async\" src=\"https:\/\/www.my-watchsite.fr\/blog\/wp-content\/uploads\/2020\/08\/415_1083.jpg\" alt=\"Livre Excellence Fran\u00e7aise 2012.\" \/><\/li>\n<\/ul>\n","protected":false},"excerpt":{"rendered":"<p>L&rsquo;Excellence Fran\u00e7aise constitue \u00e0 ce jour la r\u00e9f\u00e9rence du \u00ab\u00a0savoir-faire\u00a0\u00bb fran\u00e7ais dans de nombreux domaines, un v\u00e9ritable label pour les entreprises et les institutions laur\u00e9ates. La mise \u00e0 l&rsquo;honneur des diff\u00e9rents secteurs d&rsquo;activit\u00e9s et des laur\u00e9ats de l&rsquo;Excellence Fran\u00e7aise, \u00e0 travers la c\u00e9r\u00e9monie annuelle de remise des prix est une distinction qui s&rsquo;inscrit dans le [&hellip;]<\/p>\n","protected":false},"author":1,"featured_media":1547,"comment_status":"closed","ping_status":"closed","sticky":false,"template":"","format":"standard","meta":{"footnotes":""},"categories":[2],"tags":[68],"acf":[],"yoast_head":"<!-- This site is optimized with the Yoast SEO plugin v20.4 - https:\/\/yoast.com\/wordpress\/plugins\/seo\/ -->\n<title>L.Leroy au palmar\u00e8s 2012 de l&#039;Excellence Fran\u00e7aise - MyWatch FR<\/title>\n<meta name=\"robots\" content=\"index, follow, max-snippet:-1, max-image-preview:large, max-video-preview:-1\" \/>\n<link rel=\"canonical\" href=\"https:\/\/www.my-watchsite.fr\/blog\/lleroy-au-palmares-2012-de-lexcellence-francaise-n415\/\" \/>\n<meta property=\"og:locale\" content=\"fr_FR\" \/>\n<meta property=\"og:type\" content=\"article\" \/>\n<meta property=\"og:title\" content=\"L.Leroy au palmar\u00e8s 2012 de l&#039;Excellence Fran\u00e7aise - MyWatch FR\" \/>\n<meta property=\"og:description\" content=\"L&rsquo;Excellence Fran\u00e7aise constitue \u00e0 ce jour la r\u00e9f\u00e9rence du \u00ab\u00a0savoir-faire\u00a0\u00bb fran\u00e7ais dans de nombreux domaines, un v\u00e9ritable label pour les entreprises et les institutions laur\u00e9ates. La mise \u00e0 l&rsquo;honneur des diff\u00e9rents secteurs d&rsquo;activit\u00e9s et des laur\u00e9ats de l&rsquo;Excellence Fran\u00e7aise, \u00e0 travers la c\u00e9r\u00e9monie annuelle de remise des prix est une distinction qui s&rsquo;inscrit dans le [&hellip;]\" \/>\n<meta property=\"og:url\" content=\"https:\/\/www.my-watchsite.fr\/blog\/lleroy-au-palmares-2012-de-lexcellence-francaise-n415\/\" \/>\n<meta property=\"og:site_name\" content=\"MyWatch FR\" \/>\n<meta property=\"article:publisher\" content=\"https:\/\/www.facebook.com\/mywatchsite\/\" \/>\n<meta property=\"article:published_time\" content=\"2012-12-20T23:00:00+00:00\" \/>\n<meta property=\"og:image\" content=\"https:\/\/www.my-watchsite.fr\/blog\/wp-content\/uploads\/2020\/08\/thumb_415.jpg\" \/>\n\t<meta property=\"og:image:width\" content=\"654\" \/>\n\t<meta property=\"og:image:height\" content=\"435\" \/>\n\t<meta property=\"og:image:type\" content=\"image\/jpeg\" \/>\n<meta name=\"author\" content=\"MyWatch\" \/>\n<meta name=\"twitter:card\" content=\"summary_large_image\" \/>\n<meta name=\"twitter:creator\" content=\"@mywatchsite\" \/>\n<meta name=\"twitter:site\" content=\"@mywatchsite\" \/>\n<meta name=\"twitter:label1\" content=\"\u00c9crit par\" \/>\n\t<meta name=\"twitter:data1\" content=\"MyWatch\" \/>\n\t<meta name=\"twitter:label2\" content=\"Dur\u00e9e de lecture estim\u00e9e\" \/>\n\t<meta name=\"twitter:data2\" content=\"5 minutes\" \/>\n<script type=\"application\/ld+json\" class=\"yoast-schema-graph\">{\"@context\":\"https:\/\/schema.org\",\"@graph\":[{\"@type\":\"WebPage\",\"@id\":\"https:\/\/www.my-watchsite.fr\/blog\/lleroy-au-palmares-2012-de-lexcellence-francaise-n415\/\",\"url\":\"https:\/\/www.my-watchsite.fr\/blog\/lleroy-au-palmares-2012-de-lexcellence-francaise-n415\/\",\"name\":\"L.Leroy au palmar\u00e8s 2012 de l'Excellence Fran\u00e7aise - MyWatch FR\",\"isPartOf\":{\"@id\":\"https:\/\/www.my-watchsite.fr\/blog\/#website\"},\"datePublished\":\"2012-12-20T23:00:00+00:00\",\"dateModified\":\"2012-12-20T23:00:00+00:00\",\"author\":{\"@id\":\"https:\/\/www.my-watchsite.fr\/blog\/#\/schema\/person\/67e19b3e3d014465042ff1be1c9fcf44\"},\"breadcrumb\":{\"@id\":\"https:\/\/www.my-watchsite.fr\/blog\/lleroy-au-palmares-2012-de-lexcellence-francaise-n415\/#breadcrumb\"},\"inLanguage\":\"fr-FR\",\"potentialAction\":[{\"@type\":\"ReadAction\",\"target\":[\"https:\/\/www.my-watchsite.fr\/blog\/lleroy-au-palmares-2012-de-lexcellence-francaise-n415\/\"]}]},{\"@type\":\"BreadcrumbList\",\"@id\":\"https:\/\/www.my-watchsite.fr\/blog\/lleroy-au-palmares-2012-de-lexcellence-francaise-n415\/#breadcrumb\",\"itemListElement\":[{\"@type\":\"ListItem\",\"position\":1,\"name\":\"Accueil\",\"item\":\"https:\/\/www.my-watchsite.fr\/blog\/\"},{\"@type\":\"ListItem\",\"position\":2,\"name\":\"L.Leroy au palmar\u00e8s 2012 de l&rsquo;Excellence Fran\u00e7aise\"}]},{\"@type\":\"WebSite\",\"@id\":\"https:\/\/www.my-watchsite.fr\/blog\/#website\",\"url\":\"https:\/\/www.my-watchsite.fr\/blog\/\",\"name\":\"MyWatch FR\",\"description\":\"Make Time a Lifestyle\",\"potentialAction\":[{\"@type\":\"SearchAction\",\"target\":{\"@type\":\"EntryPoint\",\"urlTemplate\":\"https:\/\/www.my-watchsite.fr\/blog\/?s={search_term_string}\"},\"query-input\":\"required name=search_term_string\"}],\"inLanguage\":\"fr-FR\"},{\"@type\":\"Person\",\"@id\":\"https:\/\/www.my-watchsite.fr\/blog\/#\/schema\/person\/67e19b3e3d014465042ff1be1c9fcf44\",\"name\":\"MyWatch\",\"image\":{\"@type\":\"ImageObject\",\"inLanguage\":\"fr-FR\",\"@id\":\"https:\/\/www.my-watchsite.fr\/blog\/#\/schema\/person\/image\/\",\"url\":\"https:\/\/secure.gravatar.com\/avatar\/e52d1e94806c54826c863f554ca1dd2a?s=96&d=mm&r=g\",\"contentUrl\":\"https:\/\/secure.gravatar.com\/avatar\/e52d1e94806c54826c863f554ca1dd2a?s=96&d=mm&r=g\",\"caption\":\"MyWatch\"},\"sameAs\":[\"https:\/\/www.my-watchsite.fr\/blog\"]}]}<\/script>\n<!-- \/ Yoast SEO plugin. -->","yoast_head_json":{"title":"L.Leroy au palmar\u00e8s 2012 de l'Excellence Fran\u00e7aise - MyWatch FR","robots":{"index":"index","follow":"follow","max-snippet":"max-snippet:-1","max-image-preview":"max-image-preview:large","max-video-preview":"max-video-preview:-1"},"canonical":"https:\/\/www.my-watchsite.fr\/blog\/lleroy-au-palmares-2012-de-lexcellence-francaise-n415\/","og_locale":"fr_FR","og_type":"article","og_title":"L.Leroy au palmar\u00e8s 2012 de l'Excellence Fran\u00e7aise - MyWatch FR","og_description":"L&rsquo;Excellence Fran\u00e7aise constitue \u00e0 ce jour la r\u00e9f\u00e9rence du \u00ab\u00a0savoir-faire\u00a0\u00bb fran\u00e7ais dans de nombreux domaines, un v\u00e9ritable label pour les entreprises et les institutions laur\u00e9ates. La mise \u00e0 l&rsquo;honneur des diff\u00e9rents secteurs d&rsquo;activit\u00e9s et des laur\u00e9ats de l&rsquo;Excellence Fran\u00e7aise, \u00e0 travers la c\u00e9r\u00e9monie annuelle de remise des prix est une distinction qui s&rsquo;inscrit dans le [&hellip;]","og_url":"https:\/\/www.my-watchsite.fr\/blog\/lleroy-au-palmares-2012-de-lexcellence-francaise-n415\/","og_site_name":"MyWatch FR","article_publisher":"https:\/\/www.facebook.com\/mywatchsite\/","article_published_time":"2012-12-20T23:00:00+00:00","og_image":[{"width":654,"height":435,"url":"https:\/\/www.my-watchsite.fr\/blog\/wp-content\/uploads\/2020\/08\/thumb_415.jpg","type":"image\/jpeg"}],"author":"MyWatch","twitter_card":"summary_large_image","twitter_creator":"@mywatchsite","twitter_site":"@mywatchsite","twitter_misc":{"\u00c9crit par":"MyWatch","Dur\u00e9e de lecture estim\u00e9e":"5 minutes"},"schema":{"@context":"https:\/\/schema.org","@graph":[{"@type":"WebPage","@id":"https:\/\/www.my-watchsite.fr\/blog\/lleroy-au-palmares-2012-de-lexcellence-francaise-n415\/","url":"https:\/\/www.my-watchsite.fr\/blog\/lleroy-au-palmares-2012-de-lexcellence-francaise-n415\/","name":"L.Leroy au palmar\u00e8s 2012 de l'Excellence Fran\u00e7aise - MyWatch FR","isPartOf":{"@id":"https:\/\/www.my-watchsite.fr\/blog\/#website"},"datePublished":"2012-12-20T23:00:00+00:00","dateModified":"2012-12-20T23:00:00+00:00","author":{"@id":"https:\/\/www.my-watchsite.fr\/blog\/#\/schema\/person\/67e19b3e3d014465042ff1be1c9fcf44"},"breadcrumb":{"@id":"https:\/\/www.my-watchsite.fr\/blog\/lleroy-au-palmares-2012-de-lexcellence-francaise-n415\/#breadcrumb"},"inLanguage":"fr-FR","potentialAction":[{"@type":"ReadAction","target":["https:\/\/www.my-watchsite.fr\/blog\/lleroy-au-palmares-2012-de-lexcellence-francaise-n415\/"]}]},{"@type":"BreadcrumbList","@id":"https:\/\/www.my-watchsite.fr\/blog\/lleroy-au-palmares-2012-de-lexcellence-francaise-n415\/#breadcrumb","itemListElement":[{"@type":"ListItem","position":1,"name":"Accueil","item":"https:\/\/www.my-watchsite.fr\/blog\/"},{"@type":"ListItem","position":2,"name":"L.Leroy au palmar\u00e8s 2012 de l&rsquo;Excellence Fran\u00e7aise"}]},{"@type":"WebSite","@id":"https:\/\/www.my-watchsite.fr\/blog\/#website","url":"https:\/\/www.my-watchsite.fr\/blog\/","name":"MyWatch FR","description":"Make Time a Lifestyle","potentialAction":[{"@type":"SearchAction","target":{"@type":"EntryPoint","urlTemplate":"https:\/\/www.my-watchsite.fr\/blog\/?s={search_term_string}"},"query-input":"required name=search_term_string"}],"inLanguage":"fr-FR"},{"@type":"Person","@id":"https:\/\/www.my-watchsite.fr\/blog\/#\/schema\/person\/67e19b3e3d014465042ff1be1c9fcf44","name":"MyWatch","image":{"@type":"ImageObject","inLanguage":"fr-FR","@id":"https:\/\/www.my-watchsite.fr\/blog\/#\/schema\/person\/image\/","url":"https:\/\/secure.gravatar.com\/avatar\/e52d1e94806c54826c863f554ca1dd2a?s=96&d=mm&r=g","contentUrl":"https:\/\/secure.gravatar.com\/avatar\/e52d1e94806c54826c863f554ca1dd2a?s=96&d=mm&r=g","caption":"MyWatch"},"sameAs":["https:\/\/www.my-watchsite.fr\/blog"]}]}},"_links":{"self":[{"href":"https:\/\/www.my-watchsite.fr\/blog\/wp-json\/wp\/v2\/posts\/1543"}],"collection":[{"href":"https:\/\/www.my-watchsite.fr\/blog\/wp-json\/wp\/v2\/posts"}],"about":[{"href":"https:\/\/www.my-watchsite.fr\/blog\/wp-json\/wp\/v2\/types\/post"}],"author":[{"embeddable":true,"href":"https:\/\/www.my-watchsite.fr\/blog\/wp-json\/wp\/v2\/users\/1"}],"replies":[{"embeddable":true,"href":"https:\/\/www.my-watchsite.fr\/blog\/wp-json\/wp\/v2\/comments?post=1543"}],"version-history":[{"count":0,"href":"https:\/\/www.my-watchsite.fr\/blog\/wp-json\/wp\/v2\/posts\/1543\/revisions"}],"wp:featuredmedia":[{"embeddable":true,"href":"https:\/\/www.my-watchsite.fr\/blog\/wp-json\/wp\/v2\/media\/1547"}],"wp:attachment":[{"href":"https:\/\/www.my-watchsite.fr\/blog\/wp-json\/wp\/v2\/media?parent=1543"}],"wp:term":[{"taxonomy":"category","embeddable":true,"href":"https:\/\/www.my-watchsite.fr\/blog\/wp-json\/wp\/v2\/categories?post=1543"},{"taxonomy":"post_tag","embeddable":true,"href":"https:\/\/www.my-watchsite.fr\/blog\/wp-json\/wp\/v2\/tags?post=1543"}],"curies":[{"name":"wp","href":"https:\/\/api.w.org\/{rel}","templated":true}]}}