{"id":1572,"date":"2013-01-17T00:00:00","date_gmt":"2013-01-16T23:00:00","guid":{"rendered":"https:\/\/www.my-watchsite.fr\/blog\/blog\/sebastien-loeb-a-rejoint-le-team-richard-mille-n422\/"},"modified":"2021-05-25T12:19:44","modified_gmt":"2021-05-25T10:19:44","slug":"sebastien-loeb-a-rejoint-le-team-richard-mille-n422","status":"publish","type":"post","link":"https:\/\/www.my-watchsite.fr\/blog\/sebastien-loeb-a-rejoint-le-team-richard-mille-n422\/","title":{"rendered":"S\u00e9bastien Loeb a rejoint le team Richard Mille"},"content":{"rendered":"<h3>\u00a0Outre l\u2019immense talent du fran\u00e7ais aux 9 titres mondiaux, c\u2019est aussi sa personnalit\u00e9 tr\u00e8s attachante et sa simplicit\u00e9 qui ont s\u00e9duit Richard Mille.<\/h3>\n<div>\u00a0<\/div>\n<div>Ag\u00e9 de seulement 38 ans, S\u00e9bastien Loeb a \u00e0 son actif une carri\u00e8re exceptionnelle avec 9 titres mondiaux, 76 victoires et 112 podiums en championnat WRC. Fid\u00e8le \u00e0 Citro\u00ebn depuis ses d\u00e9buts dans la comp\u00e9tition, il a su s\u2019entourer d\u2019une \u00e9quipe qui partage son succ\u00e8s depuis de longues ann\u00e9es. Quant \u00e0 son copilote et ami, Daniel Elena, il est de toutes les victoires \u00e0 ses c\u00f4t\u00e9s. La maestria et l\u2019immense complicit\u00e9 du tandem lui a permis d\u2019encha\u00eener les podiums et d\u2019entrer dans la l\u00e9gende du sport automobile. S\u00e9bastien Loeb est aussi reconnu pour sa tr\u00e8s grande polyvalence dans le sport automobile, passant des chemins de terre \u00e0 l\u2019asphalte avec une aisance extraordinaire. La preuve \u00e9tant sa magnifique deuxi\u00e8me place aux 24 Heures du Mans en 2006 sur un prototype du Team Pescarolo.<\/div>\n<div>\u00a0<\/div>\n<div>Avec un tel palmar\u00e8s, S\u00e9bastien Loeb aurait pu s\u2019arr\u00eater l\u00e0, mais toujours \u00e0 la recherche de nouveaux challenges, il cr\u00e9e en 2011 le S\u00e9bastien Loeb Racing, une \u00e9curie de course automobile. La saison 2013 s\u2019annonce intensive pour l\u2019\u00e9curie qui engagera deux McLaren, MP4-12C GT3 sur le FIA GT Series. S\u00e9bastien Loeb disputera \u00e9galement la saison GT Sprint Series en parall\u00e8le de son programme partiel en WRC (4 manches en 2013). Une autre page de la comp\u00e9tition automobile va donc s\u2019ouvrir pour ce tr\u00e8s grand champion qui a su s\u2019attacher d\u00e9finitivement le c\u0153ur du public.<\/div>\n<div>\u00a0<\/div>\n<div>\n<div>Richard Mille est tr\u00e8s heureux d\u2019avoir S\u00e9bastien Loeb, dans son \u00e9quipe, aux c\u00f4t\u00e9s d\u2019autres c\u00e9l\u00e8bres noms du sport, tant il correspond en tous points \u00e0 l\u2019esprit de la \u2018RM Family\u2019. Cette collaboration est aussi une nouvelle fois pour Richard Mille l\u2019occasion de mettre ses montres dans des conditions extr\u00eames et de tester leur performance, leur r\u00e9sistance aux chocs, leur confort. En effet, S\u00e9bastien Loeb, comme les autres partenaires sportifs RM, aura une Richard Mille au poignet pendant les comp\u00e9titions et c\u2019est \u00e0 l\u2019occasion du Rallye de Monte Carlo, du 16 au 19 janvier 2013 qu\u2019il l\u2019arborera pour la premi\u00e8re fois.<\/div>\n<div>Est-il besoin de rappeler que le sport automobile est une des grandes passions de Richard Mille et une source d\u2019inspiration permanente. En effet, comme les bolides d\u2019aujourd\u2019hui, les montres RM sont efficaces, sans concessions, d\u00e9nu\u00e9es de superflu \u2026 la fonction dictant la forme, sans artifices.<\/div>\n<div>\u00a0<\/div>\n<h3><strong>S\u00e9bastien Loeb en quelques dates<\/strong><\/h3>\n<div>1974 : Naissance \u00e0 Haguenau dans le Bas-Rhin<\/div>\n<div>1995-1996 : Premiers pas au \u00ab Volant Rallye Jeunes \u00bb<\/div>\n<div>1997 : Elu \u00ab Espoir Echappement de l\u2019ann\u00e9e \u00bb<\/div>\n<div>1999 : Vainqueur du Troph\u00e9e \u00ab Citro\u00ebn Saxo Kit Car \u00bb<\/div>\n<div>2000 : Champion de France de Rallye Terre en 2 roues motrices<\/div>\n<div>2001 : Champion de France et Champion du Monde Junior Super 1600 (JWRC)<\/div>\n<div>2002 : Premi\u00e8re victoire en WRC<\/div>\n<div>2003-2005 et 2008 : 3 fois vainqueur de \u00ab The Race of Champions \u00bb<\/div>\n<div>Suivent 9 titres de champion du monde en WRC, avec le m\u00eame copilote Daniel Elena, sur Citro\u00ebn :<\/div>\n<div>&#8211; 2004-2006 : 3 titres au volant d\u2019une Xsara, 2\u00e8me aux 24 Heures du Mans en 2006<\/div>\n<div>&#8211; 2007-2010 : 4 titres au volant d\u2019une C4<\/div>\n<div>&#8211; 2011-2012 : 2 titres au volant de la nouvelle DS3<\/div>\n<div>2013 : Participation au Rallyes Monte Carlo, Su\u00e8de, Argentine et France<\/div>\n<div>&#8211; GT Sprint Series<\/div>\n<div>&#8211; FIA GT Series<\/div>\n<\/div>\n<ul>\n<li><img decoding=\"async\" src=\"https:\/\/www.my-watchsite.fr\/blog\/wp-content\/uploads\/2020\/08\/422_1100.jpg\" alt=\"S\u00e9bastien Loeb : un nouveau partenaire Richard Mille. \u00a9Getty Image\" \/><\/li>\n<li><img decoding=\"async\" src=\"https:\/\/www.my-watchsite.fr\/blog\/wp-content\/uploads\/2020\/08\/422_1101.jpg\" alt=\"S\u00e9bastien Loeb. \u00a9Getty Image\" \/><\/li>\n<\/ul>\n<p><a href=\"https:\/\/www.richardmille.com\/fr\">https:\/\/www.richardmille.com\/fr<\/a><\/p>\n\n\n<p>Lire aussi l&rsquo;article : <a href=\"https:\/\/www.my-watchsite.fr\/blog\/une-boutique-richard-mille-au-grand-hyatt-singapour-n414\/\" target=\"_blank\" rel=\"noreferrer noopener\">Une boutique Richard Mille au Grand Hyatt Singapour<\/a> <\/p>\n","protected":false},"excerpt":{"rendered":"<p>\u00a0Outre l\u2019immense talent du fran\u00e7ais aux 9 titres mondiaux, c\u2019est aussi sa personnalit\u00e9 tr\u00e8s attachante et sa simplicit\u00e9 qui ont s\u00e9duit Richard Mille. \u00a0 Ag\u00e9 de seulement 38 ans, S\u00e9bastien Loeb a \u00e0 son actif une carri\u00e8re exceptionnelle avec 9 titres mondiaux, 76 victoires et 112 podiums en championnat WRC. Fid\u00e8le \u00e0 Citro\u00ebn depuis ses [&hellip;]<\/p>\n","protected":false},"author":1,"featured_media":1573,"comment_status":"closed","ping_status":"closed","sticky":false,"template":"","format":"standard","meta":{"footnotes":""},"categories":[2],"tags":[40],"acf":[],"yoast_head":"<!-- This site is optimized with the Yoast SEO plugin v20.4 - https:\/\/yoast.com\/wordpress\/plugins\/seo\/ -->\n<title>S\u00e9bastien Loeb a rejoint le team Richard Mille - MyWatch FR<\/title>\n<meta name=\"description\" content=\"Sebastien Loeb : Sa personnalit\u00e9 tr\u00e8s attachante et sa simplicit\u00e9 ont s\u00e9duit le grand horloger Richard Mille...\" \/>\n<meta name=\"robots\" content=\"index, follow, max-snippet:-1, max-image-preview:large, max-video-preview:-1\" \/>\n<link rel=\"canonical\" href=\"https:\/\/www.my-watchsite.fr\/blog\/sebastien-loeb-a-rejoint-le-team-richard-mille-n422\/\" \/>\n<meta property=\"og:locale\" content=\"fr_FR\" \/>\n<meta property=\"og:type\" content=\"article\" \/>\n<meta property=\"og:title\" content=\"S\u00e9bastien Loeb a rejoint le team Richard Mille - MyWatch FR\" \/>\n<meta property=\"og:description\" content=\"Sebastien Loeb : Sa personnalit\u00e9 tr\u00e8s attachante et sa simplicit\u00e9 ont s\u00e9duit le grand horloger Richard Mille...\" \/>\n<meta property=\"og:url\" content=\"https:\/\/www.my-watchsite.fr\/blog\/sebastien-loeb-a-rejoint-le-team-richard-mille-n422\/\" \/>\n<meta property=\"og:site_name\" content=\"MyWatch FR\" \/>\n<meta property=\"article:publisher\" content=\"https:\/\/www.facebook.com\/mywatchsite\/\" \/>\n<meta property=\"article:published_time\" content=\"2013-01-16T23:00:00+00:00\" \/>\n<meta property=\"article:modified_time\" content=\"2021-05-25T10:19:44+00:00\" \/>\n<meta property=\"og:image\" content=\"https:\/\/www.my-watchsite.fr\/blog\/wp-content\/uploads\/2020\/08\/422_1100.jpg\" \/>\n\t<meta property=\"og:image:width\" content=\"450\" \/>\n\t<meta property=\"og:image:height\" content=\"659\" \/>\n\t<meta property=\"og:image:type\" content=\"image\/jpeg\" \/>\n<meta name=\"author\" content=\"MyWatch\" \/>\n<meta name=\"twitter:card\" content=\"summary_large_image\" \/>\n<meta name=\"twitter:creator\" content=\"@mywatchsite\" \/>\n<meta name=\"twitter:site\" content=\"@mywatchsite\" \/>\n<meta name=\"twitter:label1\" content=\"\u00c9crit par\" \/>\n\t<meta name=\"twitter:data1\" content=\"MyWatch\" \/>\n\t<meta name=\"twitter:label2\" content=\"Dur\u00e9e de lecture estim\u00e9e\" \/>\n\t<meta name=\"twitter:data2\" content=\"3 minutes\" \/>\n<script type=\"application\/ld+json\" class=\"yoast-schema-graph\">{\"@context\":\"https:\/\/schema.org\",\"@graph\":[{\"@type\":\"WebPage\",\"@id\":\"https:\/\/www.my-watchsite.fr\/blog\/sebastien-loeb-a-rejoint-le-team-richard-mille-n422\/\",\"url\":\"https:\/\/www.my-watchsite.fr\/blog\/sebastien-loeb-a-rejoint-le-team-richard-mille-n422\/\",\"name\":\"S\u00e9bastien Loeb a rejoint le team Richard Mille - MyWatch FR\",\"isPartOf\":{\"@id\":\"https:\/\/www.my-watchsite.fr\/blog\/#website\"},\"datePublished\":\"2013-01-16T23:00:00+00:00\",\"dateModified\":\"2021-05-25T10:19:44+00:00\",\"author\":{\"@id\":\"https:\/\/www.my-watchsite.fr\/blog\/#\/schema\/person\/67e19b3e3d014465042ff1be1c9fcf44\"},\"description\":\"Sebastien Loeb : Sa personnalit\u00e9 tr\u00e8s attachante et sa simplicit\u00e9 ont s\u00e9duit le grand horloger Richard Mille...\",\"breadcrumb\":{\"@id\":\"https:\/\/www.my-watchsite.fr\/blog\/sebastien-loeb-a-rejoint-le-team-richard-mille-n422\/#breadcrumb\"},\"inLanguage\":\"fr-FR\",\"potentialAction\":[{\"@type\":\"ReadAction\",\"target\":[\"https:\/\/www.my-watchsite.fr\/blog\/sebastien-loeb-a-rejoint-le-team-richard-mille-n422\/\"]}]},{\"@type\":\"BreadcrumbList\",\"@id\":\"https:\/\/www.my-watchsite.fr\/blog\/sebastien-loeb-a-rejoint-le-team-richard-mille-n422\/#breadcrumb\",\"itemListElement\":[{\"@type\":\"ListItem\",\"position\":1,\"name\":\"Accueil\",\"item\":\"https:\/\/www.my-watchsite.fr\/blog\/\"},{\"@type\":\"ListItem\",\"position\":2,\"name\":\"S\u00e9bastien Loeb a rejoint le team Richard Mille\"}]},{\"@type\":\"WebSite\",\"@id\":\"https:\/\/www.my-watchsite.fr\/blog\/#website\",\"url\":\"https:\/\/www.my-watchsite.fr\/blog\/\",\"name\":\"MyWatch FR\",\"description\":\"Make Time a Lifestyle\",\"potentialAction\":[{\"@type\":\"SearchAction\",\"target\":{\"@type\":\"EntryPoint\",\"urlTemplate\":\"https:\/\/www.my-watchsite.fr\/blog\/?s={search_term_string}\"},\"query-input\":\"required name=search_term_string\"}],\"inLanguage\":\"fr-FR\"},{\"@type\":\"Person\",\"@id\":\"https:\/\/www.my-watchsite.fr\/blog\/#\/schema\/person\/67e19b3e3d014465042ff1be1c9fcf44\",\"name\":\"MyWatch\",\"image\":{\"@type\":\"ImageObject\",\"inLanguage\":\"fr-FR\",\"@id\":\"https:\/\/www.my-watchsite.fr\/blog\/#\/schema\/person\/image\/\",\"url\":\"https:\/\/secure.gravatar.com\/avatar\/e52d1e94806c54826c863f554ca1dd2a?s=96&d=mm&r=g\",\"contentUrl\":\"https:\/\/secure.gravatar.com\/avatar\/e52d1e94806c54826c863f554ca1dd2a?s=96&d=mm&r=g\",\"caption\":\"MyWatch\"},\"sameAs\":[\"https:\/\/www.my-watchsite.fr\/blog\"]}]}<\/script>\n<!-- \/ Yoast SEO plugin. -->","yoast_head_json":{"title":"S\u00e9bastien Loeb a rejoint le team Richard Mille - MyWatch FR","description":"Sebastien Loeb : Sa personnalit\u00e9 tr\u00e8s attachante et sa simplicit\u00e9 ont s\u00e9duit le grand horloger Richard Mille...","robots":{"index":"index","follow":"follow","max-snippet":"max-snippet:-1","max-image-preview":"max-image-preview:large","max-video-preview":"max-video-preview:-1"},"canonical":"https:\/\/www.my-watchsite.fr\/blog\/sebastien-loeb-a-rejoint-le-team-richard-mille-n422\/","og_locale":"fr_FR","og_type":"article","og_title":"S\u00e9bastien Loeb a rejoint le team Richard Mille - MyWatch FR","og_description":"Sebastien Loeb : Sa personnalit\u00e9 tr\u00e8s attachante et sa simplicit\u00e9 ont s\u00e9duit le grand horloger Richard Mille...","og_url":"https:\/\/www.my-watchsite.fr\/blog\/sebastien-loeb-a-rejoint-le-team-richard-mille-n422\/","og_site_name":"MyWatch FR","article_publisher":"https:\/\/www.facebook.com\/mywatchsite\/","article_published_time":"2013-01-16T23:00:00+00:00","article_modified_time":"2021-05-25T10:19:44+00:00","og_image":[{"width":450,"height":659,"url":"https:\/\/www.my-watchsite.fr\/blog\/wp-content\/uploads\/2020\/08\/422_1100.jpg","type":"image\/jpeg"}],"author":"MyWatch","twitter_card":"summary_large_image","twitter_creator":"@mywatchsite","twitter_site":"@mywatchsite","twitter_misc":{"\u00c9crit par":"MyWatch","Dur\u00e9e de lecture estim\u00e9e":"3 minutes"},"schema":{"@context":"https:\/\/schema.org","@graph":[{"@type":"WebPage","@id":"https:\/\/www.my-watchsite.fr\/blog\/sebastien-loeb-a-rejoint-le-team-richard-mille-n422\/","url":"https:\/\/www.my-watchsite.fr\/blog\/sebastien-loeb-a-rejoint-le-team-richard-mille-n422\/","name":"S\u00e9bastien Loeb a rejoint le team Richard Mille - MyWatch FR","isPartOf":{"@id":"https:\/\/www.my-watchsite.fr\/blog\/#website"},"datePublished":"2013-01-16T23:00:00+00:00","dateModified":"2021-05-25T10:19:44+00:00","author":{"@id":"https:\/\/www.my-watchsite.fr\/blog\/#\/schema\/person\/67e19b3e3d014465042ff1be1c9fcf44"},"description":"Sebastien Loeb : Sa personnalit\u00e9 tr\u00e8s attachante et sa simplicit\u00e9 ont s\u00e9duit le grand horloger Richard Mille...","breadcrumb":{"@id":"https:\/\/www.my-watchsite.fr\/blog\/sebastien-loeb-a-rejoint-le-team-richard-mille-n422\/#breadcrumb"},"inLanguage":"fr-FR","potentialAction":[{"@type":"ReadAction","target":["https:\/\/www.my-watchsite.fr\/blog\/sebastien-loeb-a-rejoint-le-team-richard-mille-n422\/"]}]},{"@type":"BreadcrumbList","@id":"https:\/\/www.my-watchsite.fr\/blog\/sebastien-loeb-a-rejoint-le-team-richard-mille-n422\/#breadcrumb","itemListElement":[{"@type":"ListItem","position":1,"name":"Accueil","item":"https:\/\/www.my-watchsite.fr\/blog\/"},{"@type":"ListItem","position":2,"name":"S\u00e9bastien Loeb a rejoint le team Richard Mille"}]},{"@type":"WebSite","@id":"https:\/\/www.my-watchsite.fr\/blog\/#website","url":"https:\/\/www.my-watchsite.fr\/blog\/","name":"MyWatch FR","description":"Make Time a Lifestyle","potentialAction":[{"@type":"SearchAction","target":{"@type":"EntryPoint","urlTemplate":"https:\/\/www.my-watchsite.fr\/blog\/?s={search_term_string}"},"query-input":"required name=search_term_string"}],"inLanguage":"fr-FR"},{"@type":"Person","@id":"https:\/\/www.my-watchsite.fr\/blog\/#\/schema\/person\/67e19b3e3d014465042ff1be1c9fcf44","name":"MyWatch","image":{"@type":"ImageObject","inLanguage":"fr-FR","@id":"https:\/\/www.my-watchsite.fr\/blog\/#\/schema\/person\/image\/","url":"https:\/\/secure.gravatar.com\/avatar\/e52d1e94806c54826c863f554ca1dd2a?s=96&d=mm&r=g","contentUrl":"https:\/\/secure.gravatar.com\/avatar\/e52d1e94806c54826c863f554ca1dd2a?s=96&d=mm&r=g","caption":"MyWatch"},"sameAs":["https:\/\/www.my-watchsite.fr\/blog"]}]}},"_links":{"self":[{"href":"https:\/\/www.my-watchsite.fr\/blog\/wp-json\/wp\/v2\/posts\/1572"}],"collection":[{"href":"https:\/\/www.my-watchsite.fr\/blog\/wp-json\/wp\/v2\/posts"}],"about":[{"href":"https:\/\/www.my-watchsite.fr\/blog\/wp-json\/wp\/v2\/types\/post"}],"author":[{"embeddable":true,"href":"https:\/\/www.my-watchsite.fr\/blog\/wp-json\/wp\/v2\/users\/1"}],"replies":[{"embeddable":true,"href":"https:\/\/www.my-watchsite.fr\/blog\/wp-json\/wp\/v2\/comments?post=1572"}],"version-history":[{"count":10,"href":"https:\/\/www.my-watchsite.fr\/blog\/wp-json\/wp\/v2\/posts\/1572\/revisions"}],"predecessor-version":[{"id":13403,"href":"https:\/\/www.my-watchsite.fr\/blog\/wp-json\/wp\/v2\/posts\/1572\/revisions\/13403"}],"wp:featuredmedia":[{"embeddable":true,"href":"https:\/\/www.my-watchsite.fr\/blog\/wp-json\/wp\/v2\/media\/1573"}],"wp:attachment":[{"href":"https:\/\/www.my-watchsite.fr\/blog\/wp-json\/wp\/v2\/media?parent=1572"}],"wp:term":[{"taxonomy":"category","embeddable":true,"href":"https:\/\/www.my-watchsite.fr\/blog\/wp-json\/wp\/v2\/categories?post=1572"},{"taxonomy":"post_tag","embeddable":true,"href":"https:\/\/www.my-watchsite.fr\/blog\/wp-json\/wp\/v2\/tags?post=1572"}],"curies":[{"name":"wp","href":"https:\/\/api.w.org\/{rel}","templated":true}]}}