{"id":1597,"date":"2013-01-25T00:00:00","date_gmt":"2013-01-24T23:00:00","guid":{"rendered":"https:\/\/www.my-watchsite.fr\/blog\/blog\/la-boutique-chopard-de-la-rue-du-rhone-a-geneve-sest-refait-une-beaute-n430\/"},"modified":"2013-01-25T00:00:00","modified_gmt":"2013-01-24T23:00:00","slug":"la-boutique-chopard-de-la-rue-du-rhone-a-geneve-sest-refait-une-beaute-n430","status":"publish","type":"post","link":"https:\/\/www.my-watchsite.fr\/blog\/la-boutique-chopard-de-la-rue-du-rhone-a-geneve-sest-refait-une-beaute-n430\/","title":{"rendered":"La boutique Chopard de la Rue du Rh\u00f4ne \u00e0 Gen\u00e8ve s&rsquo;est refait une beaut\u00e9"},"content":{"rendered":"<div>Amis de longue date de Chopard, Anna Netrebko, Jos\u00e9 Carreras et Erwin Schrott ont particip\u00e9 avec la famille Scheufele \u00e0 la c\u00e9r\u00e9monie de coup\u00e9 du ruban de la boutique r\u00e9nov\u00e9e et agrandie de la marque. Un cocktail s\u2019en est suivi \u00e0 l\u2019int\u00e9rieur pour les invit\u00e9s de l\u2019horloger joaillier genevois.<\/div>\n<div><\/div>\n<div><strong>Un nouveau concept global<\/strong><\/div>\n<div>En 2007, la Maison Chopard lan\u00e7ait \u00e0 New York le nouveau concept de d\u00e9coration de ses boutiques avec l\u2019ouverture d\u2019un \u00ab flag ship store \u00bb sur Madison Avenue. Imagin\u00e9 par le fameux architecte fran\u00e7ais Thierry W. Despont, il s\u2019applique depuis lors \u00e0 toutes les nouvelles ouvertures et est appel\u00e9, \u00e0 terme, \u00e0 s\u2019\u00e9tendre \u00e0 toutes les boutiques de la marque.<\/div>\n<div><\/div>\n<div>La boutique de la rue du Rh\u00f4ne, l\u2019une des plus importantes pour Chopard dont le si\u00e8ge est \u00e0 Gen\u00e8ve, se devait de rev\u00eatir ces nouveaux atours. C\u2019est ainsi que de juillet \u00e0 d\u00e9cembre 2012, des travaux de r\u00e9novation et d\u2019agrandissement ont eu lieu, permettant de plus que doubler la surface de vente et d\u2019accueillir les clients dans les meilleures conditions dans ce nouvel \u00e9crin.<\/div>\n<div><\/div>\n<div><strong>Ambiance intime et chaleureuse<\/strong><\/div>\n<div>Bois clair (ch\u00eane blanc), cuirs luxueux, soie et velours pr\u00e9cieux, chemin\u00e9e, Thierry Despont a choisi de garder le caract\u00e8re feutr\u00e9 et confortable qui faisait le charme des anciennes boutiques tout en le modernisant, recr\u00e9ant ainsi de belles demeures priv\u00e9es avec des espaces bien d\u00e9finis pour accueillir la haute joaillerie, les montres et les accessoires, et favorisant l\u2019intimit\u00e9 et la fl\u00e2nerie des clients au sein des magasins. Chaque d\u00e9tail de ces points de ventes a \u00e9t\u00e9 pens\u00e9 avec Caroline Scheufele, co-pr\u00e9sidente et responsable du r\u00e9seau de distribution de la marque : \u00ab Avec ces nouveaux espaces, nous voulons inciter nos clients \u00e0 d\u00e9couvrir les multiples facettes de l\u2019univers Chopard. \u00bb <\/div>\n<div><\/div>\n<div>Cr\u00e9\u00e9es \u00e0 l\u2019aide de techniques artisanales centenaires, les nouvelles boutiques allient fascination pour les technologies de pointe, amour de l\u2019art et respect de l\u2019environnement. Les fen\u00eatres par exemple sont compos\u00e9es d\u2019un verre capable de filtrer la lumi\u00e8re ext\u00e9rieure, un mat\u00e9riau tr\u00e8s sp\u00e9cifique permettant de diminuer la climatisation et limitant ainsi les \u00e9missions toxiques. Frapp\u00e9 par l\u2019inertie des vitrines de bijouteries une fois la nuit tomb\u00e9e, Thierry Despont a eu l\u2019id\u00e9e originale d\u2019installer des panneaux pivotant sur eux-m\u00eames 24h sur 24 et 7 jours sur 7. D\u2019un c\u00f4t\u00e9 du support, les bijoux sont expos\u00e9s de mani\u00e8re traditionnelle, de l\u2019autre, un \u00e9cran LCD pr\u00e9sente le travail d\u2019artistes sollicit\u00e9s par Chopard. Ainsi, m\u00eame en dehors des heures d\u2019ouverture, les boutiques Chopard continuent de vivre et de faire r\u00eaver.<\/div>\n<div><\/div>\n<div><strong>Un formidable essor<\/strong><\/div>\n<div>La premi\u00e8re boutique Chopard a vu le jour \u00e0 Hong Kong en 1983. En 1998, seuls 15 points de vente existaient. Depuis, le d\u00e9veloppement de la marque n\u2019a cess\u00e9 de s\u2019acc\u00e9l\u00e9rer. Aujourd\u2019hui, le groupe Chopard est pr\u00e9sent dans 130 pays, \u00e0 travers plus de 1500 points de vente et 145 boutiques, situ\u00e9es dans les plus grandes capitales et sur les plus belles art\u00e8res du monde. L\u2019\u00e9panouissement de la marque doit beaucoup au choix des emplacements de ses boutiques, fruit d\u2019une recherche souvent longue et m\u00e9ticuleuse.<\/div>\n<div><strong>A l\u2019occasion de la r\u00e9ouverture apr\u00e8s r\u00e9novation de sa boutique de la rue du Rh\u00f4ne \u00e0 Gen\u00e8ve, Chopard a donn\u00e9 dimanche un important concert de musique classique au profit de la <em>Fondation Internationale Jos\u00e9 Carreras pour la lutte contre la leuc\u00e9mie <\/em><\/strong><strong>et de la<\/strong><strong><em>Anna &amp; Erwin Foundation \u2013 Anna Netrebko and Erwin Schrott for Kids<\/em><\/strong><strong>.<\/strong><\/div>\n<div><\/div>\n<div>Amis de longue date de la famille Scheufele, propri\u00e9taire de Chopard, Anna Netrebko, Jos\u00e9 Carreras et Erwin Schrott se sont produits ce dimanche au Victoria Hall de Gen\u00e8ve devant une salle comble et avec le concours du Gstaad Festival Orchestra dirig\u00e9 pour l\u2019occasion par David Gim\u00e9nez.<\/div>\n<div><\/div>\n<div>Sur sc\u00e8ne, apr\u00e8s l\u2019 \u00ab Ouverture de Guillaume Tell \u00bb de Giocchino Rossini (1792-1868) par le Gstaad Festival Orchestra, les artistes ont notamment interpr\u00e9t\u00e9, le \u00ab Bess you is my woman \u00bb du Porgy and Bess de George Gershwin (1898-1937) ou encore le \u00ab Quando me\u2019n vo \u00bb de La Boh\u00e8me de Giacomo Puccini (1858-1924).<\/div>\n<div><\/div>\n<div>\n<div>En deuxi\u00e8me partie de soir\u00e9e, les artistes et les invit\u00e9s de Chopard se sont retrouv\u00e9 au tout proche restaurant Little Buddha privatis\u00e9 pour l\u2019occasion. Le diner leur a \u00e9t\u00e9 servi avec un accompagnement musical propos\u00e9 par l\u2019entrainant groupe Gypsy Queens.<\/div>\n<div><\/div>\n<\/div>\n<ul>\n<li><img decoding=\"async\" src=\"https:\/\/www.my-watchsite.fr\/blog\/wp-content\/uploads\/2020\/08\/430_1130.jpg\" alt=\"La fa\u00e7ade de la boutique Chopard de la Rue du Rh\u00f4ne \u00e0 Gen\u00e8ve.\" \/><\/li>\n<li><img decoding=\"async\" src=\"https:\/\/www.my-watchsite.fr\/blog\/wp-content\/uploads\/2020\/08\/430_1131.jpg\" alt=\"Caract\u00e8re feutr\u00e9 et confortable pour la boutique Chopard de la Rue du Rh\u00f4ne \u00e0 Gen\u00e8ve.\" \/><\/li>\n<li><img decoding=\"async\" src=\"https:\/\/www.my-watchsite.fr\/blog\/wp-content\/uploads\/2020\/08\/430_1132.jpg\" alt=\"Vue int\u00e9rieure de la boutique. \" \/><\/li>\n<li><img decoding=\"async\" src=\"https:\/\/www.my-watchsite.fr\/blog\/wp-content\/uploads\/2020\/08\/430_1133.jpg\" alt=\"Vue int\u00e9rieure de la boutique. \" \/><\/li>\n<li><img decoding=\"async\" src=\"https:\/\/www.my-watchsite.fr\/blog\/wp-content\/uploads\/2020\/08\/430_1134.jpg\" alt=\"Caroline et Karin Scheufele.\" \/><\/li>\n<li><img decoding=\"async\" src=\"https:\/\/www.my-watchsite.fr\/blog\/wp-content\/uploads\/2020\/08\/430_1135.jpg\" alt=\"David Gim\u00e9nez, Caroline Scheufele, Jos\u00e9 Carreras, Anna Netrebko, Karl Scheufele et Erwin Schrott.\" \/><\/li>\n<li><img decoding=\"async\" src=\"https:\/\/www.my-watchsite.fr\/blog\/wp-content\/uploads\/2020\/08\/430_1136.jpg\" alt=\"Jos\u00e9 Carreras.\" \/><\/li>\n<li><img decoding=\"async\" src=\"https:\/\/www.my-watchsite.fr\/blog\/wp-content\/uploads\/2020\/08\/430_1137.jpg\" alt=\"Le Victoria Hall de Gen\u00e8ve.\" \/><\/li>\n<\/ul>\n","protected":false},"excerpt":{"rendered":"<p>Amis de longue date de Chopard, Anna Netrebko, Jos\u00e9 Carreras et Erwin Schrott ont particip\u00e9 avec la famille Scheufele \u00e0 la c\u00e9r\u00e9monie de coup\u00e9 du ruban de la boutique r\u00e9nov\u00e9e et agrandie de la marque. Un cocktail s\u2019en est suivi \u00e0 l\u2019int\u00e9rieur pour les invit\u00e9s de l\u2019horloger joaillier genevois. Un nouveau concept global En 2007, [&hellip;]<\/p>\n","protected":false},"author":1,"featured_media":1598,"comment_status":"closed","ping_status":"closed","sticky":false,"template":"","format":"standard","meta":{"footnotes":""},"categories":[2],"tags":[11],"acf":[],"yoast_head":"<!-- This site is optimized with the Yoast SEO plugin v20.4 - https:\/\/yoast.com\/wordpress\/plugins\/seo\/ -->\n<title>La boutique Chopard de la Rue du Rh\u00f4ne \u00e0 Gen\u00e8ve s&#039;est refait une beaut\u00e9 - MyWatch FR<\/title>\n<meta name=\"robots\" content=\"index, follow, max-snippet:-1, max-image-preview:large, max-video-preview:-1\" \/>\n<link rel=\"canonical\" href=\"https:\/\/www.my-watchsite.fr\/blog\/la-boutique-chopard-de-la-rue-du-rhone-a-geneve-sest-refait-une-beaute-n430\/\" \/>\n<meta property=\"og:locale\" content=\"fr_FR\" \/>\n<meta property=\"og:type\" content=\"article\" \/>\n<meta property=\"og:title\" content=\"La boutique Chopard de la Rue du Rh\u00f4ne \u00e0 Gen\u00e8ve s&#039;est refait une beaut\u00e9 - MyWatch FR\" \/>\n<meta property=\"og:description\" content=\"Amis de longue date de Chopard, Anna Netrebko, Jos\u00e9 Carreras et Erwin Schrott ont particip\u00e9 avec la famille Scheufele \u00e0 la c\u00e9r\u00e9monie de coup\u00e9 du ruban de la boutique r\u00e9nov\u00e9e et agrandie de la marque. Un cocktail s\u2019en est suivi \u00e0 l\u2019int\u00e9rieur pour les invit\u00e9s de l\u2019horloger joaillier genevois. Un nouveau concept global En 2007, [&hellip;]\" \/>\n<meta property=\"og:url\" content=\"https:\/\/www.my-watchsite.fr\/blog\/la-boutique-chopard-de-la-rue-du-rhone-a-geneve-sest-refait-une-beaute-n430\/\" \/>\n<meta property=\"og:site_name\" content=\"MyWatch FR\" \/>\n<meta property=\"article:publisher\" content=\"https:\/\/www.facebook.com\/mywatchsite\/\" \/>\n<meta property=\"article:published_time\" content=\"2013-01-24T23:00:00+00:00\" \/>\n<meta property=\"og:image\" content=\"https:\/\/www.my-watchsite.fr\/blog\/wp-content\/uploads\/2020\/08\/430_1130.jpg\" \/>\n\t<meta property=\"og:image:width\" content=\"450\" \/>\n\t<meta property=\"og:image:height\" content=\"254\" \/>\n\t<meta property=\"og:image:type\" content=\"image\/jpeg\" \/>\n<meta name=\"author\" content=\"MyWatch\" \/>\n<meta name=\"twitter:card\" content=\"summary_large_image\" \/>\n<meta name=\"twitter:creator\" content=\"@mywatchsite\" \/>\n<meta name=\"twitter:site\" content=\"@mywatchsite\" \/>\n<meta name=\"twitter:label1\" content=\"\u00c9crit par\" \/>\n\t<meta name=\"twitter:data1\" content=\"MyWatch\" \/>\n\t<meta name=\"twitter:label2\" content=\"Dur\u00e9e de lecture estim\u00e9e\" \/>\n\t<meta name=\"twitter:data2\" content=\"4 minutes\" \/>\n<script type=\"application\/ld+json\" class=\"yoast-schema-graph\">{\"@context\":\"https:\/\/schema.org\",\"@graph\":[{\"@type\":\"WebPage\",\"@id\":\"https:\/\/www.my-watchsite.fr\/blog\/la-boutique-chopard-de-la-rue-du-rhone-a-geneve-sest-refait-une-beaute-n430\/\",\"url\":\"https:\/\/www.my-watchsite.fr\/blog\/la-boutique-chopard-de-la-rue-du-rhone-a-geneve-sest-refait-une-beaute-n430\/\",\"name\":\"La boutique Chopard de la Rue du Rh\u00f4ne \u00e0 Gen\u00e8ve s'est refait une beaut\u00e9 - MyWatch FR\",\"isPartOf\":{\"@id\":\"https:\/\/www.my-watchsite.fr\/blog\/#website\"},\"datePublished\":\"2013-01-24T23:00:00+00:00\",\"dateModified\":\"2013-01-24T23:00:00+00:00\",\"author\":{\"@id\":\"https:\/\/www.my-watchsite.fr\/blog\/#\/schema\/person\/67e19b3e3d014465042ff1be1c9fcf44\"},\"breadcrumb\":{\"@id\":\"https:\/\/www.my-watchsite.fr\/blog\/la-boutique-chopard-de-la-rue-du-rhone-a-geneve-sest-refait-une-beaute-n430\/#breadcrumb\"},\"inLanguage\":\"fr-FR\",\"potentialAction\":[{\"@type\":\"ReadAction\",\"target\":[\"https:\/\/www.my-watchsite.fr\/blog\/la-boutique-chopard-de-la-rue-du-rhone-a-geneve-sest-refait-une-beaute-n430\/\"]}]},{\"@type\":\"BreadcrumbList\",\"@id\":\"https:\/\/www.my-watchsite.fr\/blog\/la-boutique-chopard-de-la-rue-du-rhone-a-geneve-sest-refait-une-beaute-n430\/#breadcrumb\",\"itemListElement\":[{\"@type\":\"ListItem\",\"position\":1,\"name\":\"Accueil\",\"item\":\"https:\/\/www.my-watchsite.fr\/blog\/\"},{\"@type\":\"ListItem\",\"position\":2,\"name\":\"La boutique Chopard de la Rue du Rh\u00f4ne \u00e0 Gen\u00e8ve s&rsquo;est refait une beaut\u00e9\"}]},{\"@type\":\"WebSite\",\"@id\":\"https:\/\/www.my-watchsite.fr\/blog\/#website\",\"url\":\"https:\/\/www.my-watchsite.fr\/blog\/\",\"name\":\"MyWatch FR\",\"description\":\"Make Time a Lifestyle\",\"potentialAction\":[{\"@type\":\"SearchAction\",\"target\":{\"@type\":\"EntryPoint\",\"urlTemplate\":\"https:\/\/www.my-watchsite.fr\/blog\/?s={search_term_string}\"},\"query-input\":\"required name=search_term_string\"}],\"inLanguage\":\"fr-FR\"},{\"@type\":\"Person\",\"@id\":\"https:\/\/www.my-watchsite.fr\/blog\/#\/schema\/person\/67e19b3e3d014465042ff1be1c9fcf44\",\"name\":\"MyWatch\",\"image\":{\"@type\":\"ImageObject\",\"inLanguage\":\"fr-FR\",\"@id\":\"https:\/\/www.my-watchsite.fr\/blog\/#\/schema\/person\/image\/\",\"url\":\"https:\/\/secure.gravatar.com\/avatar\/e52d1e94806c54826c863f554ca1dd2a?s=96&d=mm&r=g\",\"contentUrl\":\"https:\/\/secure.gravatar.com\/avatar\/e52d1e94806c54826c863f554ca1dd2a?s=96&d=mm&r=g\",\"caption\":\"MyWatch\"},\"sameAs\":[\"https:\/\/www.my-watchsite.fr\/blog\"]}]}<\/script>\n<!-- \/ Yoast SEO plugin. -->","yoast_head_json":{"title":"La boutique Chopard de la Rue du Rh\u00f4ne \u00e0 Gen\u00e8ve s'est refait une beaut\u00e9 - MyWatch FR","robots":{"index":"index","follow":"follow","max-snippet":"max-snippet:-1","max-image-preview":"max-image-preview:large","max-video-preview":"max-video-preview:-1"},"canonical":"https:\/\/www.my-watchsite.fr\/blog\/la-boutique-chopard-de-la-rue-du-rhone-a-geneve-sest-refait-une-beaute-n430\/","og_locale":"fr_FR","og_type":"article","og_title":"La boutique Chopard de la Rue du Rh\u00f4ne \u00e0 Gen\u00e8ve s'est refait une beaut\u00e9 - MyWatch FR","og_description":"Amis de longue date de Chopard, Anna Netrebko, Jos\u00e9 Carreras et Erwin Schrott ont particip\u00e9 avec la famille Scheufele \u00e0 la c\u00e9r\u00e9monie de coup\u00e9 du ruban de la boutique r\u00e9nov\u00e9e et agrandie de la marque. Un cocktail s\u2019en est suivi \u00e0 l\u2019int\u00e9rieur pour les invit\u00e9s de l\u2019horloger joaillier genevois. Un nouveau concept global En 2007, [&hellip;]","og_url":"https:\/\/www.my-watchsite.fr\/blog\/la-boutique-chopard-de-la-rue-du-rhone-a-geneve-sest-refait-une-beaute-n430\/","og_site_name":"MyWatch FR","article_publisher":"https:\/\/www.facebook.com\/mywatchsite\/","article_published_time":"2013-01-24T23:00:00+00:00","og_image":[{"width":450,"height":254,"url":"https:\/\/www.my-watchsite.fr\/blog\/wp-content\/uploads\/2020\/08\/430_1130.jpg","type":"image\/jpeg"}],"author":"MyWatch","twitter_card":"summary_large_image","twitter_creator":"@mywatchsite","twitter_site":"@mywatchsite","twitter_misc":{"\u00c9crit par":"MyWatch","Dur\u00e9e de lecture estim\u00e9e":"4 minutes"},"schema":{"@context":"https:\/\/schema.org","@graph":[{"@type":"WebPage","@id":"https:\/\/www.my-watchsite.fr\/blog\/la-boutique-chopard-de-la-rue-du-rhone-a-geneve-sest-refait-une-beaute-n430\/","url":"https:\/\/www.my-watchsite.fr\/blog\/la-boutique-chopard-de-la-rue-du-rhone-a-geneve-sest-refait-une-beaute-n430\/","name":"La boutique Chopard de la Rue du Rh\u00f4ne \u00e0 Gen\u00e8ve s'est refait une beaut\u00e9 - MyWatch FR","isPartOf":{"@id":"https:\/\/www.my-watchsite.fr\/blog\/#website"},"datePublished":"2013-01-24T23:00:00+00:00","dateModified":"2013-01-24T23:00:00+00:00","author":{"@id":"https:\/\/www.my-watchsite.fr\/blog\/#\/schema\/person\/67e19b3e3d014465042ff1be1c9fcf44"},"breadcrumb":{"@id":"https:\/\/www.my-watchsite.fr\/blog\/la-boutique-chopard-de-la-rue-du-rhone-a-geneve-sest-refait-une-beaute-n430\/#breadcrumb"},"inLanguage":"fr-FR","potentialAction":[{"@type":"ReadAction","target":["https:\/\/www.my-watchsite.fr\/blog\/la-boutique-chopard-de-la-rue-du-rhone-a-geneve-sest-refait-une-beaute-n430\/"]}]},{"@type":"BreadcrumbList","@id":"https:\/\/www.my-watchsite.fr\/blog\/la-boutique-chopard-de-la-rue-du-rhone-a-geneve-sest-refait-une-beaute-n430\/#breadcrumb","itemListElement":[{"@type":"ListItem","position":1,"name":"Accueil","item":"https:\/\/www.my-watchsite.fr\/blog\/"},{"@type":"ListItem","position":2,"name":"La boutique Chopard de la Rue du Rh\u00f4ne \u00e0 Gen\u00e8ve s&rsquo;est refait une beaut\u00e9"}]},{"@type":"WebSite","@id":"https:\/\/www.my-watchsite.fr\/blog\/#website","url":"https:\/\/www.my-watchsite.fr\/blog\/","name":"MyWatch FR","description":"Make Time a Lifestyle","potentialAction":[{"@type":"SearchAction","target":{"@type":"EntryPoint","urlTemplate":"https:\/\/www.my-watchsite.fr\/blog\/?s={search_term_string}"},"query-input":"required name=search_term_string"}],"inLanguage":"fr-FR"},{"@type":"Person","@id":"https:\/\/www.my-watchsite.fr\/blog\/#\/schema\/person\/67e19b3e3d014465042ff1be1c9fcf44","name":"MyWatch","image":{"@type":"ImageObject","inLanguage":"fr-FR","@id":"https:\/\/www.my-watchsite.fr\/blog\/#\/schema\/person\/image\/","url":"https:\/\/secure.gravatar.com\/avatar\/e52d1e94806c54826c863f554ca1dd2a?s=96&d=mm&r=g","contentUrl":"https:\/\/secure.gravatar.com\/avatar\/e52d1e94806c54826c863f554ca1dd2a?s=96&d=mm&r=g","caption":"MyWatch"},"sameAs":["https:\/\/www.my-watchsite.fr\/blog"]}]}},"_links":{"self":[{"href":"https:\/\/www.my-watchsite.fr\/blog\/wp-json\/wp\/v2\/posts\/1597"}],"collection":[{"href":"https:\/\/www.my-watchsite.fr\/blog\/wp-json\/wp\/v2\/posts"}],"about":[{"href":"https:\/\/www.my-watchsite.fr\/blog\/wp-json\/wp\/v2\/types\/post"}],"author":[{"embeddable":true,"href":"https:\/\/www.my-watchsite.fr\/blog\/wp-json\/wp\/v2\/users\/1"}],"replies":[{"embeddable":true,"href":"https:\/\/www.my-watchsite.fr\/blog\/wp-json\/wp\/v2\/comments?post=1597"}],"version-history":[{"count":0,"href":"https:\/\/www.my-watchsite.fr\/blog\/wp-json\/wp\/v2\/posts\/1597\/revisions"}],"wp:featuredmedia":[{"embeddable":true,"href":"https:\/\/www.my-watchsite.fr\/blog\/wp-json\/wp\/v2\/media\/1598"}],"wp:attachment":[{"href":"https:\/\/www.my-watchsite.fr\/blog\/wp-json\/wp\/v2\/media?parent=1597"}],"wp:term":[{"taxonomy":"category","embeddable":true,"href":"https:\/\/www.my-watchsite.fr\/blog\/wp-json\/wp\/v2\/categories?post=1597"},{"taxonomy":"post_tag","embeddable":true,"href":"https:\/\/www.my-watchsite.fr\/blog\/wp-json\/wp\/v2\/tags?post=1597"}],"curies":[{"name":"wp","href":"https:\/\/api.w.org\/{rel}","templated":true}]}}