{"id":1608,"date":"2013-01-29T00:00:00","date_gmt":"2013-01-28T23:00:00","guid":{"rendered":"https:\/\/www.my-watchsite.fr\/blog\/blog\/la-soiree-de-gala-iwc-pour-celebrer-lannee-du-modele-ingenieur-n432\/"},"modified":"2021-07-13T17:59:39","modified_gmt":"2021-07-13T15:59:39","slug":"la-soiree-de-gala-iwc-pour-celebrer-lannee-du-modele-ingenieur-n432","status":"publish","type":"post","link":"https:\/\/www.my-watchsite.fr\/blog\/la-soiree-de-gala-iwc-pour-celebrer-lannee-du-modele-ingenieur-n432\/","title":{"rendered":"La soir\u00e9e de gala IWC pour c\u00e9l\u00e9brer l&rsquo;ann\u00e9e du mod\u00e8le Ingenieur"},"content":{"rendered":"<div><strong>\u00c0 l\u2019occasion du Salon International de la Haute Horlogerie (SIHH) \u00e0 Gen\u00e8ve, IWC Schaffhausen a accueilli quelque huit cents invit\u00e9s et repr\u00e9sentants des m\u00e9dias internationaux venus du monde entier pour le lancement de la nouvelle collection de montres Ingenieur, une collection qui symbolise \u00e0 merveille le nouveau partenariat entre la manufacture de Schaffhausen et MERCEDES AMG PETRONAS Formula One\u2122 Team. <\/strong><\/div>\n<div><\/div>\n<div><strong>L\u2019acteur oscaris\u00e9 Kevin Spacey a pr\u00e9sent\u00e9 avec Georges Kern, CEO d\u2019IWC, l\u2019\u00abIWC Race Night\u00bb, Nico Rosberg s\u2019est charg\u00e9 de cr\u00e9er une ambiance de circonstance gr\u00e2ce \u00e0 un bolide de Formule 1 et des personnalit\u00e9s comme Ewan McGregor, Zin\u00e9dine Zidane, Karolina Kurkova, Ross Brawn, Eric Dane, Adriana Lima, Lu\u00eds Figo et Matthew Fox ont pris part \u00e0 une soir\u00e9e de gala digne de tous les superlatifs. La musique n\u2019a pas \u00e9t\u00e9 en reste gr\u00e2ce au groupe britannique Jamiroquai qui a su offrir un moment fort aux invit\u00e9s.<\/strong><\/div>\n<div><\/div>\n<div><img decoding=\"async\" src=\"https:\/\/www.my-watchsite.fr\/blog\/wp-content\/uploads\/2020\/08\/432_1140.jpg\" alt=\"Matthew Fox. \u00a9Photopress\/IWC\" \/><\/div>\n<div>\n<div>\u00abIWC se caract\u00e9rise depuis des ann\u00e9es par sa passion pour l\u2019art de l\u2019ing\u00e9nierie, la haute performance technique et la pr\u00e9cision. Des centres d\u2019int\u00e9r\u00eat que nous partageons avec le sport automobile en g\u00e9n\u00e9ral et avec MERCEDES AMG PETRONAS Formula One\u2122 Team en particulier\u00bb, pr\u00e9cise Georges Kern, CEO d\u2019IWC, pour expliquer les raisons du nouveau partenariat. \u00abComme nous sommes leur Official Engineering Partner pour les trois ann\u00e9es \u00e0 venir, nous avons ancr\u00e9 notre ligne de montres Ingenieur dans l\u2019univers \u00e9motionnel et l\u2019h\u00e9ritage de la course de Formule 1 et avons d\u00e9di\u00e9 les nouvelles montres de la ligne \u00e0 ce partenariat. La pr\u00e9sente soir\u00e9e est le coup d\u2019envoi du relancement de cette famille de montres de longue tradition, fabriqu\u00e9e par la maison IWC\u00bb, ajoute Kern.<\/div>\n<div><\/div>\n<div>Quelque cent journalistes internationaux encadraient le tapis rouge lors de l\u2019arriv\u00e9e des nombreux amis et invit\u00e9s d\u2019IWC: Jean Reno, Peter Lindbergh, Oliver Bierhoff et Roberto Di Matteo ainsi que Marc Forster, Nico Rosberg et Boris Becker ont honor\u00e9 la manufacture horlog\u00e8re de Schaffhausen de leur pr\u00e9sence \u00e0 l\u2019occasion de l\u2019\u00abIWC Race Night\u00bb. De m\u00eame, Tim Jefferies, John Helliwell, Richard Krajicek, Ferzan Ozpetek et Aloe Blacc se sont laiss\u00e9 happer par l\u2019univers de la technique et des montres Ingenieur et ont go\u00fbt\u00e9 l\u2019ambiance des courses automobiles.<\/div>\n<div><\/div>\n<div><img decoding=\"async\" src=\"https:\/\/www.my-watchsite.fr\/blog\/wp-content\/uploads\/2020\/08\/432_1146.jpg\" alt=\"Au centre de la sc\u00e8ne : Eric Dane, Karolina Kurkova, Matthew Fox et Jean Reno. \u00a9Photopress\/IWC\" \/><\/div>\n<h3><strong>UNE ATMOSPH\u00c8RE FASCINANTE<\/strong><\/h3>\n<div><\/div>\n<div>La halle 1 de Palexpo \u00e0 Gen\u00e8ve s\u2019est pr\u00e9sent\u00e9e en th\u00e9\u00e2tre du sport automobile et a permis aux quelque huit cents invit\u00e9s internationaux de jeter un regard authentique derri\u00e8re les coulisses. Trois v\u00e9ritables camions de course MERCEDES AMG PETRONAS assuraient d\u00e9j\u00e0 une ambiance de Grand Prix aux abords du tapis rouge, foul\u00e9 par les invit\u00e9s avant d\u2019\u00eatre accueillis dans le garage o\u00f9 ils ont pu admirer de pr\u00e8s des reproductions de voitures de course de Formule 1 MERCEDES AMG PETRONAS, conformes aux originaux.<\/div>\n<div>Pendant ce temps, le taux d\u2019adr\u00e9naline des visiteurs ne cessait de monter dans le bar-salon des VIP o\u00f9 la comp\u00e9tition pour la pole position avec des voitures de course t\u00e9l\u00e9command\u00e9es faisait rage.<\/div>\n<\/div>\n<div><\/div>\n<div><img decoding=\"async\" src=\"https:\/\/www.my-watchsite.fr\/blog\/wp-content\/uploads\/2020\/08\/432_1142.jpg\" alt=\"Nico Rosberg. \u00a9Photopress\/IWC\" \/><\/div>\n<div>\n<h3><strong>ARR\u00caT AU STAND D\u2019IWC<\/strong><\/h3>\n<div>Avant de se consacrer \u00e0 la soir\u00e9e de gala, les invit\u00e9s ont d\u00e9couvert le stand d\u2019IWC qui leur a \u00e9t\u00e9 pr\u00e9sent\u00e9<\/div>\n<div>\n<div>l\u2019apr\u00e8s-midi par Georges Kern. Le stand d\u00e9die ses quelque 1000 m\u00e8tres carr\u00e9s de surface \u00e0 la comp\u00e9tition auto mobile, \u00e0 l\u2019innovation et au d\u00e9veloppement ainsi qu\u2019\u00e0 la l\u00e9gende des Fl\u00e8ches d\u2019Argent. Des objets d\u2019exposition authentiques, issus de l\u2019univers de la course automobile, une voiture de course de Formule 1 de MERCEDES AMG PETRONAS Formula One\u2122 Team d\u00e9sassembl\u00e9e et une SLS AMG Race Engineering y trouvent place entre une soufflerie, des lignes droites, des stands et la Mercedes-Benz 300 SLR Fl\u00e8che d\u2019Argent d\u2019origine datant de 1955. Dans cette ambiance \u00e0 couper le souffle, des ambassadeurs de la marque comme Ewan McGregor, Karolina Kurkova, Zin\u00e9dine Zidane et Lu\u00eds Figo sont entr\u00e9s en contact direct avec la nouvelle collection de montres d\u2019IWC.<\/div>\n<div><\/div>\n<div>La manufacture de Schaffhausen pr\u00e9sente ses montres Ingenieur historiques des ann\u00e9es 1950, expos\u00e9es dans des vitrines m\u00e9caniques en forme de pistons de cylindres, ainsi que les nouveaut\u00e9s de cette collection \u00e9minemment masculine. Quelques nouveaux mod\u00e8les fabriqu\u00e9s dans des mat\u00e9riaux de haute technologie tels que ceux utilis\u00e9s par la technologie automobile soulignent encore le partenariat avec MERCEDES AMG PETRONAS Formula One\u2122 Team. Pour la premi\u00e8re fois dans l\u2019histoire d\u2019IWC, un garde-temps fait une apparition s\u00e9duisante dans un bo\u00eetier en carbone. Au sein de la collection, des mat\u00e9riaux comme le titane, l\u2019aluminure de titane, la c\u00e9ramique et le platine accrochent le regard. \u00abLa comp\u00e9tition automobile est synonyme de perfection, de technique, d\u2019action et d\u2019\u00e9motions. C\u2019est tout cela que nous pr\u00e9sentons et honorons \u00e0 notre stand, dans le but de permettre \u00e0 nos invit\u00e9s de plonger dans l\u2019univers de l\u2019ing\u00e9nierie de pointe\u00bb, explique Georges Kern.<\/div>\n<div><\/div>\n<\/div>\n<div><img decoding=\"async\" src=\"https:\/\/www.my-watchsite.fr\/blog\/wp-content\/uploads\/2020\/08\/432_1139.jpg\" alt=\"Adriana Lima, Georges Kern, Kevin Spacey, Karolina Kurkova, Nico Rosberg. \u00a9Photopress\/IWC\" \/><\/div>\n<div>\n<h3><strong>PIT STOP AVEC NICO ROSBERG ET CONCERT PRIV\u00c9 AVEC JAMIROQUAI <\/strong><\/h3>\n<div>Pendant la soir\u00e9e, l\u2019acteur oscaris\u00e9 Kevin Spacey a anim\u00e9 avec souverainet\u00e9 la glamoureuse \u00abIWC Race Night\u00bb avec Georges Kern. \u00abJe suis attach\u00e9 \u00e0 la marque IWC depuis des ann\u00e9es. En tant qu\u2019amateur de voitures et de montres, j\u2019ai pris grand plaisir \u00e0 animer la soir\u00e9e\u00bb, pr\u00e9cise cet ami de la marque de longue date pour expliquer son engagement \u00e0 Gen\u00e8ve. Le vrombissement d\u2019une voiture de Formule 1 a annonc\u00e9 le d\u00e9but d\u2019un autre moment fort, au cours duquel le pilote MERCEDES AMG PETRONAS Nico Rosberg a conduit une voiture de course devant la sc\u00e8ne. Dans le cadre d\u2019une conversation avec Georges Kern, le chef d\u2019\u00e9quipe de MERCEDES AMG PETRONAS Ross Brawn et son CEO Nick Fry ainsi que Nico Rosberg, Kevin Spacey a expos\u00e9 en d\u00e9tail les d\u00e9fis de la course automobile moderne et les points communs avec la technique horlog\u00e8re.<\/div>\n<div><\/div>\n<div>Une comp\u00e9tition spectaculaire s\u2019est \u00e9galement instaur\u00e9e entre quelques invit\u00e9s c\u00e9l\u00e8bres lorsque Nico Rosberg leur a propos\u00e9 de changer une roue sur sa voiture de Formule 1. Dans un sc\u00e9nario simulant un arr\u00eat au stand, le top model Adriana Lima, le gymnaste russe Alexei Nemov, les stars Matthew Fox, Jean Reno et Eric Dane ainsi que les acteurs asiatiques Francis Ng et Kiichi Nakai ont tent\u00e9 de r\u00e9parer le bolide dans les 3 secondes imparties avant le red\u00e9marrage.<\/div>\n<div><\/div>\n<div>Apr\u00e8s l\u2019arriv\u00e9e du chanteur Jay Kay du groupe Jamiroquai dans une SLS AMG sp\u00e9cialement am\u00e9nag\u00e9e pour l\u2019\u00abIWC Race Night\u00bb, Georges Kern a finalement laiss\u00e9 la sc\u00e8ne au chanteur et \u00e0 son groupe. Avec leur m\u00e9lange de funk, \u00e9lectro, pop et soul unique en son genre, les Britanniques ont attir\u00e9 les invit\u00e9s du gala d\u2019IWC par hordes sur la piste de danse et cr\u00e9\u00e9 une ambiance pleine d\u2019entrain gr\u00e2ce \u00e0 leur concert priv\u00e9 d\u00e9bordant d\u2019\u00e9nergie.<\/div>\n<\/div>\n<\/div>\n<p><img decoding=\"async\" src=\"https:\/\/www.my-watchsite.fr\/blog\/wp-content\/uploads\/2020\/08\/432_1141.jpg\" alt=\"Kevin Spacey. \u00a9Photopress\/IWC\" \/><\/p>\n<p><img decoding=\"async\" src=\"https:\/\/www.my-watchsite.fr\/blog\/wp-content\/uploads\/2020\/08\/432_1143.jpg\" alt=\"Boris Becker. \u00a9Photopress\/IWC\" \/><\/p>\n<p><img decoding=\"async\" src=\"https:\/\/www.my-watchsite.fr\/blog\/wp-content\/uploads\/2020\/08\/432_1144.jpg\" alt=\"Georges Kern et Ewan McGregor. \u00a9Photopress\/IWC\" \/><\/p>\n<p><img decoding=\"async\" src=\"https:\/\/www.my-watchsite.fr\/blog\/wp-content\/uploads\/2020\/08\/432_1145.jpg\" alt=\"Jay Kay du groupe Jamiroquai. \u00a9Photopress\/IWC\" \/><\/p>\n<p><a href=\"https:\/\/www.iwc.com\/fr\/fr\/home.html\">www.iwc.com<\/a><\/p>\n<p>Lire aussi l&rsquo;article\u00a0<a href=\"https:\/\/www.my-watchsite.fr\/blog\/iwc-presente-la-montre-daviateur-chronographe-edition-antoine-de-saint-exupery-n390\/\" target=\"_blank\" rel=\"noopener\">IWC pr\u00e9sente la Montre d\u2019Aviateur Chronographe Edition Antoine de Saint Exup\u00e9ry<\/a><\/p>\n","protected":false},"excerpt":{"rendered":"<p>\u00c0 l\u2019occasion du Salon International de la Haute Horlogerie (SIHH) \u00e0 Gen\u00e8ve, IWC Schaffhausen a accueilli quelque huit cents invit\u00e9s et repr\u00e9sentants des m\u00e9dias internationaux venus du monde entier pour le lancement de la nouvelle collection de montres Ingenieur, une collection qui symbolise \u00e0 merveille le nouveau partenariat entre la manufacture de Schaffhausen et MERCEDES [&hellip;]<\/p>\n","protected":false},"author":1,"featured_media":1609,"comment_status":"closed","ping_status":"closed","sticky":false,"template":"","format":"standard","meta":{"footnotes":""},"categories":[2],"tags":[26],"acf":[],"yoast_head":"<!-- This site is optimized with the Yoast SEO plugin v20.4 - https:\/\/yoast.com\/wordpress\/plugins\/seo\/ -->\n<title>La soir\u00e9e de gala IWC pour c\u00e9l\u00e9brer l&#039;ann\u00e9e du mod\u00e8le Ingenieur<\/title>\n<meta name=\"description\" content=\"IWC a accueilli quelque huit cents invit\u00e9s venus du monde entier pour le lancement de la nouvelle collection de montres Ingenieur\" \/>\n<meta name=\"robots\" content=\"index, follow, max-snippet:-1, max-image-preview:large, max-video-preview:-1\" \/>\n<link rel=\"canonical\" href=\"https:\/\/www.my-watchsite.fr\/blog\/la-soiree-de-gala-iwc-pour-celebrer-lannee-du-modele-ingenieur-n432\/\" \/>\n<meta property=\"og:locale\" content=\"fr_FR\" \/>\n<meta property=\"og:type\" content=\"article\" \/>\n<meta property=\"og:title\" content=\"La soir\u00e9e de gala IWC pour c\u00e9l\u00e9brer l&#039;ann\u00e9e du mod\u00e8le Ingenieur\" \/>\n<meta property=\"og:description\" content=\"IWC a accueilli quelque huit cents invit\u00e9s venus du monde entier pour le lancement de la nouvelle collection de montres Ingenieur\" \/>\n<meta property=\"og:url\" content=\"https:\/\/www.my-watchsite.fr\/blog\/la-soiree-de-gala-iwc-pour-celebrer-lannee-du-modele-ingenieur-n432\/\" \/>\n<meta property=\"og:site_name\" content=\"MyWatch FR\" \/>\n<meta property=\"article:publisher\" content=\"https:\/\/www.facebook.com\/mywatchsite\/\" \/>\n<meta property=\"article:published_time\" content=\"2013-01-28T23:00:00+00:00\" \/>\n<meta property=\"article:modified_time\" content=\"2021-07-13T15:59:39+00:00\" \/>\n<meta property=\"og:image\" content=\"https:\/\/www.my-watchsite.fr\/blog\/wp-content\/uploads\/2020\/08\/432_1139.jpg\" \/>\n\t<meta property=\"og:image:width\" content=\"450\" \/>\n\t<meta property=\"og:image:height\" content=\"298\" \/>\n\t<meta property=\"og:image:type\" content=\"image\/jpeg\" \/>\n<meta name=\"author\" content=\"MyWatch\" \/>\n<meta name=\"twitter:card\" content=\"summary_large_image\" \/>\n<meta name=\"twitter:creator\" content=\"@mywatchsite\" \/>\n<meta name=\"twitter:site\" content=\"@mywatchsite\" \/>\n<meta name=\"twitter:label1\" content=\"\u00c9crit par\" \/>\n\t<meta name=\"twitter:data1\" content=\"MyWatch\" \/>\n\t<meta name=\"twitter:label2\" content=\"Dur\u00e9e de lecture estim\u00e9e\" \/>\n\t<meta name=\"twitter:data2\" content=\"7 minutes\" \/>\n<script type=\"application\/ld+json\" class=\"yoast-schema-graph\">{\"@context\":\"https:\/\/schema.org\",\"@graph\":[{\"@type\":\"WebPage\",\"@id\":\"https:\/\/www.my-watchsite.fr\/blog\/la-soiree-de-gala-iwc-pour-celebrer-lannee-du-modele-ingenieur-n432\/\",\"url\":\"https:\/\/www.my-watchsite.fr\/blog\/la-soiree-de-gala-iwc-pour-celebrer-lannee-du-modele-ingenieur-n432\/\",\"name\":\"La soir\u00e9e de gala IWC pour c\u00e9l\u00e9brer l'ann\u00e9e du mod\u00e8le Ingenieur\",\"isPartOf\":{\"@id\":\"https:\/\/www.my-watchsite.fr\/blog\/#website\"},\"datePublished\":\"2013-01-28T23:00:00+00:00\",\"dateModified\":\"2021-07-13T15:59:39+00:00\",\"author\":{\"@id\":\"https:\/\/www.my-watchsite.fr\/blog\/#\/schema\/person\/67e19b3e3d014465042ff1be1c9fcf44\"},\"description\":\"IWC a accueilli quelque huit cents invit\u00e9s venus du monde entier pour le lancement de la nouvelle collection de montres Ingenieur\",\"breadcrumb\":{\"@id\":\"https:\/\/www.my-watchsite.fr\/blog\/la-soiree-de-gala-iwc-pour-celebrer-lannee-du-modele-ingenieur-n432\/#breadcrumb\"},\"inLanguage\":\"fr-FR\",\"potentialAction\":[{\"@type\":\"ReadAction\",\"target\":[\"https:\/\/www.my-watchsite.fr\/blog\/la-soiree-de-gala-iwc-pour-celebrer-lannee-du-modele-ingenieur-n432\/\"]}]},{\"@type\":\"BreadcrumbList\",\"@id\":\"https:\/\/www.my-watchsite.fr\/blog\/la-soiree-de-gala-iwc-pour-celebrer-lannee-du-modele-ingenieur-n432\/#breadcrumb\",\"itemListElement\":[{\"@type\":\"ListItem\",\"position\":1,\"name\":\"Accueil\",\"item\":\"https:\/\/www.my-watchsite.fr\/blog\/\"},{\"@type\":\"ListItem\",\"position\":2,\"name\":\"La soir\u00e9e de gala IWC pour c\u00e9l\u00e9brer l&rsquo;ann\u00e9e du mod\u00e8le Ingenieur\"}]},{\"@type\":\"WebSite\",\"@id\":\"https:\/\/www.my-watchsite.fr\/blog\/#website\",\"url\":\"https:\/\/www.my-watchsite.fr\/blog\/\",\"name\":\"MyWatch FR\",\"description\":\"Make Time a Lifestyle\",\"potentialAction\":[{\"@type\":\"SearchAction\",\"target\":{\"@type\":\"EntryPoint\",\"urlTemplate\":\"https:\/\/www.my-watchsite.fr\/blog\/?s={search_term_string}\"},\"query-input\":\"required name=search_term_string\"}],\"inLanguage\":\"fr-FR\"},{\"@type\":\"Person\",\"@id\":\"https:\/\/www.my-watchsite.fr\/blog\/#\/schema\/person\/67e19b3e3d014465042ff1be1c9fcf44\",\"name\":\"MyWatch\",\"image\":{\"@type\":\"ImageObject\",\"inLanguage\":\"fr-FR\",\"@id\":\"https:\/\/www.my-watchsite.fr\/blog\/#\/schema\/person\/image\/\",\"url\":\"https:\/\/secure.gravatar.com\/avatar\/e52d1e94806c54826c863f554ca1dd2a?s=96&d=mm&r=g\",\"contentUrl\":\"https:\/\/secure.gravatar.com\/avatar\/e52d1e94806c54826c863f554ca1dd2a?s=96&d=mm&r=g\",\"caption\":\"MyWatch\"},\"sameAs\":[\"https:\/\/www.my-watchsite.fr\/blog\"]}]}<\/script>\n<!-- \/ Yoast SEO plugin. -->","yoast_head_json":{"title":"La soir\u00e9e de gala IWC pour c\u00e9l\u00e9brer l'ann\u00e9e du mod\u00e8le Ingenieur","description":"IWC a accueilli quelque huit cents invit\u00e9s venus du monde entier pour le lancement de la nouvelle collection de montres Ingenieur","robots":{"index":"index","follow":"follow","max-snippet":"max-snippet:-1","max-image-preview":"max-image-preview:large","max-video-preview":"max-video-preview:-1"},"canonical":"https:\/\/www.my-watchsite.fr\/blog\/la-soiree-de-gala-iwc-pour-celebrer-lannee-du-modele-ingenieur-n432\/","og_locale":"fr_FR","og_type":"article","og_title":"La soir\u00e9e de gala IWC pour c\u00e9l\u00e9brer l'ann\u00e9e du mod\u00e8le Ingenieur","og_description":"IWC a accueilli quelque huit cents invit\u00e9s venus du monde entier pour le lancement de la nouvelle collection de montres Ingenieur","og_url":"https:\/\/www.my-watchsite.fr\/blog\/la-soiree-de-gala-iwc-pour-celebrer-lannee-du-modele-ingenieur-n432\/","og_site_name":"MyWatch FR","article_publisher":"https:\/\/www.facebook.com\/mywatchsite\/","article_published_time":"2013-01-28T23:00:00+00:00","article_modified_time":"2021-07-13T15:59:39+00:00","og_image":[{"width":450,"height":298,"url":"https:\/\/www.my-watchsite.fr\/blog\/wp-content\/uploads\/2020\/08\/432_1139.jpg","type":"image\/jpeg"}],"author":"MyWatch","twitter_card":"summary_large_image","twitter_creator":"@mywatchsite","twitter_site":"@mywatchsite","twitter_misc":{"\u00c9crit par":"MyWatch","Dur\u00e9e de lecture estim\u00e9e":"7 minutes"},"schema":{"@context":"https:\/\/schema.org","@graph":[{"@type":"WebPage","@id":"https:\/\/www.my-watchsite.fr\/blog\/la-soiree-de-gala-iwc-pour-celebrer-lannee-du-modele-ingenieur-n432\/","url":"https:\/\/www.my-watchsite.fr\/blog\/la-soiree-de-gala-iwc-pour-celebrer-lannee-du-modele-ingenieur-n432\/","name":"La soir\u00e9e de gala IWC pour c\u00e9l\u00e9brer l'ann\u00e9e du mod\u00e8le Ingenieur","isPartOf":{"@id":"https:\/\/www.my-watchsite.fr\/blog\/#website"},"datePublished":"2013-01-28T23:00:00+00:00","dateModified":"2021-07-13T15:59:39+00:00","author":{"@id":"https:\/\/www.my-watchsite.fr\/blog\/#\/schema\/person\/67e19b3e3d014465042ff1be1c9fcf44"},"description":"IWC a accueilli quelque huit cents invit\u00e9s venus du monde entier pour le lancement de la nouvelle collection de montres Ingenieur","breadcrumb":{"@id":"https:\/\/www.my-watchsite.fr\/blog\/la-soiree-de-gala-iwc-pour-celebrer-lannee-du-modele-ingenieur-n432\/#breadcrumb"},"inLanguage":"fr-FR","potentialAction":[{"@type":"ReadAction","target":["https:\/\/www.my-watchsite.fr\/blog\/la-soiree-de-gala-iwc-pour-celebrer-lannee-du-modele-ingenieur-n432\/"]}]},{"@type":"BreadcrumbList","@id":"https:\/\/www.my-watchsite.fr\/blog\/la-soiree-de-gala-iwc-pour-celebrer-lannee-du-modele-ingenieur-n432\/#breadcrumb","itemListElement":[{"@type":"ListItem","position":1,"name":"Accueil","item":"https:\/\/www.my-watchsite.fr\/blog\/"},{"@type":"ListItem","position":2,"name":"La soir\u00e9e de gala IWC pour c\u00e9l\u00e9brer l&rsquo;ann\u00e9e du mod\u00e8le Ingenieur"}]},{"@type":"WebSite","@id":"https:\/\/www.my-watchsite.fr\/blog\/#website","url":"https:\/\/www.my-watchsite.fr\/blog\/","name":"MyWatch FR","description":"Make Time a Lifestyle","potentialAction":[{"@type":"SearchAction","target":{"@type":"EntryPoint","urlTemplate":"https:\/\/www.my-watchsite.fr\/blog\/?s={search_term_string}"},"query-input":"required name=search_term_string"}],"inLanguage":"fr-FR"},{"@type":"Person","@id":"https:\/\/www.my-watchsite.fr\/blog\/#\/schema\/person\/67e19b3e3d014465042ff1be1c9fcf44","name":"MyWatch","image":{"@type":"ImageObject","inLanguage":"fr-FR","@id":"https:\/\/www.my-watchsite.fr\/blog\/#\/schema\/person\/image\/","url":"https:\/\/secure.gravatar.com\/avatar\/e52d1e94806c54826c863f554ca1dd2a?s=96&d=mm&r=g","contentUrl":"https:\/\/secure.gravatar.com\/avatar\/e52d1e94806c54826c863f554ca1dd2a?s=96&d=mm&r=g","caption":"MyWatch"},"sameAs":["https:\/\/www.my-watchsite.fr\/blog"]}]}},"_links":{"self":[{"href":"https:\/\/www.my-watchsite.fr\/blog\/wp-json\/wp\/v2\/posts\/1608"}],"collection":[{"href":"https:\/\/www.my-watchsite.fr\/blog\/wp-json\/wp\/v2\/posts"}],"about":[{"href":"https:\/\/www.my-watchsite.fr\/blog\/wp-json\/wp\/v2\/types\/post"}],"author":[{"embeddable":true,"href":"https:\/\/www.my-watchsite.fr\/blog\/wp-json\/wp\/v2\/users\/1"}],"replies":[{"embeddable":true,"href":"https:\/\/www.my-watchsite.fr\/blog\/wp-json\/wp\/v2\/comments?post=1608"}],"version-history":[{"count":2,"href":"https:\/\/www.my-watchsite.fr\/blog\/wp-json\/wp\/v2\/posts\/1608\/revisions"}],"predecessor-version":[{"id":14867,"href":"https:\/\/www.my-watchsite.fr\/blog\/wp-json\/wp\/v2\/posts\/1608\/revisions\/14867"}],"wp:featuredmedia":[{"embeddable":true,"href":"https:\/\/www.my-watchsite.fr\/blog\/wp-json\/wp\/v2\/media\/1609"}],"wp:attachment":[{"href":"https:\/\/www.my-watchsite.fr\/blog\/wp-json\/wp\/v2\/media?parent=1608"}],"wp:term":[{"taxonomy":"category","embeddable":true,"href":"https:\/\/www.my-watchsite.fr\/blog\/wp-json\/wp\/v2\/categories?post=1608"},{"taxonomy":"post_tag","embeddable":true,"href":"https:\/\/www.my-watchsite.fr\/blog\/wp-json\/wp\/v2\/tags?post=1608"}],"curies":[{"name":"wp","href":"https:\/\/api.w.org\/{rel}","templated":true}]}}