{"id":162,"date":"2010-09-29T00:00:00","date_gmt":"2010-09-28T22:00:00","guid":{"rendered":"https:\/\/www.my-watchsite.fr\/blog\/blog\/la-maison-celebre-ses-150-ans-a-paris-n32\/"},"modified":"2010-09-29T00:00:00","modified_gmt":"2010-09-28T22:00:00","slug":"la-maison-celebre-ses-150-ans-a-paris-n32","status":"publish","type":"post","link":"https:\/\/www.my-watchsite.fr\/blog\/la-maison-celebre-ses-150-ans-a-paris-n32\/","title":{"rendered":"La maison c\u00e9l\u00e8bre ses 150 ans \u00e0 Paris"},"content":{"rendered":"<div>\n<div>L&rsquo;odyss\u00e9e des Pionniers, le premier tour du monde en roadster \u00e9lectrique, s&rsquo;ach\u00e8ve \u00e0 Paris, au Si\u00e8ge de LVMH, en pr\u00e9sence d&rsquo;un cort\u00e8ge d&rsquo;artistes et de c\u00e9l\u00e9brit\u00e9s r\u00e9unis pour l&rsquo;occasion. Parmi eux, Leonardo DiCaprio, qui avait lanc\u00e9 le tour 6 mois plus t\u00f4t \u00e0 B\u00e2le, SAS le Prince Albert II de Monaco et Bernard Arnault, Pr\u00e9sident du groupe LVMH, tous engag\u00e9s dans le m\u00eame combat en faveur d&rsquo;un d\u00e9veloppement durable. Les festivit\u00e9s organis\u00e9es autour des 150 ans de TAG Heuer se concluent ainsi avec panache.<\/div>\n<div><\/div>\n<div>Conduit par Elon Musk, Chairman et co-fondateur de Tesla Motors, le TAG Heuer Tesla Roadster a fait son entr\u00e9e dans l&rsquo;Atrium du 22 av. Montaigne, applaudi par plus de 400 invit\u00e9s. Jean-Christophe Babin, Pr\u00e9sident Directeur G\u00e9n\u00e9ral de TAG Heuer, a ainsi pu saluer en plus des suscit\u00e9s, Alain Prost, Jean Todt, Antoine Arnault et G\u00e9rald de Palmas, S\u00e9bastien Bourdais, Denis Brogniart, entre autres.<\/div>\n<div><\/div>\n<div>\u00ab Si je fais le compte des Premi\u00e8res mondiales dont nous pouvons \u00eatre fiers, je d\u00e9nombre plus de 50 brevets, ce qui signifie que, tous les deux ou trois ans, nous avons jet\u00e9 un jalon dans l&rsquo;histoire de l&rsquo;horlogerie. Voil\u00e0 un impressionnant exemple de continuit\u00e9 et de pers\u00e9v\u00e9rance dans l&rsquo;innovation au travers des g\u00e9n\u00e9rations \u00bb a d\u00e9clar\u00e9 Jack Heuer, Chairman de la marque. \u00ab L&rsquo;Odyss\u00e9e des Pionniers prouve une fois de plus notre volont\u00e9 de sans cesse innover, cr\u00e9er, se r\u00e9inventer, en prenant ici le parti de nous engager en faveur de l&rsquo;environnement \u00bb a compl\u00e9t\u00e9 Jean-Christophe Babin.<\/div>\n<div><\/div>\n<div>Autres exemples de ce m\u00eame esprit pionnier : le Grand Carrera Pendulum, le premier mouvement m\u00e9canique sans spiral, qui a fait le tour du monde \u00e0 bord du TAG Heuer Tesla Roadster, ou encore la Monaco 24 Calibre 36, lanc\u00e9e \u00e0 B\u00e2le en 2009 comme concept watch et commercialis\u00e9e d\u00e8s cette ann\u00e9e. Le premier heureux propri\u00e9taire de ce garde-temps inspir\u00e9 des voitures de course sera d&rsquo;ailleurs Leonardo DiCaprio, qui l&rsquo;a re\u00e7u sur sc\u00e8ne des mains de Jean-Christophe Babin.<\/p>\n<\/div>\n<\/div>\n<ul>\n<li><img decoding=\"async\" src=\"https:\/\/www.my-watchsite.fr\/blog\/wp-content\/uploads\/2020\/08\/32_58.jpg\" alt=\"Jean-Christophe Babin, Leonardo DiCaprio, SAS le Prince Albert II de Monaco et Bernard Arnault, Pr\u00e9sident du groupe LVMH. \" \/><\/li>\n<\/ul>\n","protected":false},"excerpt":{"rendered":"<p>L&rsquo;odyss\u00e9e des Pionniers, le premier tour du monde en roadster \u00e9lectrique, s&rsquo;ach\u00e8ve \u00e0 Paris, au Si\u00e8ge de LVMH, en pr\u00e9sence d&rsquo;un cort\u00e8ge d&rsquo;artistes et de c\u00e9l\u00e9brit\u00e9s r\u00e9unis pour l&rsquo;occasion. Parmi eux, Leonardo DiCaprio, qui avait lanc\u00e9 le tour 6 mois plus t\u00f4t \u00e0 B\u00e2le, SAS le Prince Albert II de Monaco et Bernard Arnault, Pr\u00e9sident [&hellip;]<\/p>\n","protected":false},"author":1,"featured_media":163,"comment_status":"closed","ping_status":"closed","sticky":false,"template":"","format":"standard","meta":{"footnotes":""},"categories":[2],"tags":[17],"acf":[],"yoast_head":"<!-- This site is optimized with the Yoast SEO plugin v20.4 - https:\/\/yoast.com\/wordpress\/plugins\/seo\/ -->\n<title>La maison c\u00e9l\u00e8bre ses 150 ans \u00e0 Paris - MyWatch FR<\/title>\n<meta name=\"robots\" content=\"index, follow, max-snippet:-1, max-image-preview:large, max-video-preview:-1\" \/>\n<link rel=\"canonical\" href=\"https:\/\/www.my-watchsite.fr\/blog\/la-maison-celebre-ses-150-ans-a-paris-n32\/\" \/>\n<meta property=\"og:locale\" content=\"fr_FR\" \/>\n<meta property=\"og:type\" content=\"article\" \/>\n<meta property=\"og:title\" content=\"La maison c\u00e9l\u00e8bre ses 150 ans \u00e0 Paris - MyWatch FR\" \/>\n<meta property=\"og:description\" content=\"L&rsquo;odyss\u00e9e des Pionniers, le premier tour du monde en roadster \u00e9lectrique, s&rsquo;ach\u00e8ve \u00e0 Paris, au Si\u00e8ge de LVMH, en pr\u00e9sence d&rsquo;un cort\u00e8ge d&rsquo;artistes et de c\u00e9l\u00e9brit\u00e9s r\u00e9unis pour l&rsquo;occasion. Parmi eux, Leonardo DiCaprio, qui avait lanc\u00e9 le tour 6 mois plus t\u00f4t \u00e0 B\u00e2le, SAS le Prince Albert II de Monaco et Bernard Arnault, Pr\u00e9sident [&hellip;]\" \/>\n<meta property=\"og:url\" content=\"https:\/\/www.my-watchsite.fr\/blog\/la-maison-celebre-ses-150-ans-a-paris-n32\/\" \/>\n<meta property=\"og:site_name\" content=\"MyWatch FR\" \/>\n<meta property=\"article:publisher\" content=\"https:\/\/www.facebook.com\/mywatchsite\/\" \/>\n<meta property=\"article:published_time\" content=\"2010-09-28T22:00:00+00:00\" \/>\n<meta property=\"og:image\" content=\"https:\/\/www.my-watchsite.fr\/blog\/wp-content\/uploads\/2020\/08\/32_58.jpg\" \/>\n\t<meta property=\"og:image:width\" content=\"450\" \/>\n\t<meta property=\"og:image:height\" content=\"298\" \/>\n\t<meta property=\"og:image:type\" content=\"image\/jpeg\" \/>\n<meta name=\"author\" content=\"MyWatch\" \/>\n<meta name=\"twitter:card\" content=\"summary_large_image\" \/>\n<meta name=\"twitter:creator\" content=\"@mywatchsite\" \/>\n<meta name=\"twitter:site\" content=\"@mywatchsite\" \/>\n<meta name=\"twitter:label1\" content=\"\u00c9crit par\" \/>\n\t<meta name=\"twitter:data1\" content=\"MyWatch\" \/>\n\t<meta name=\"twitter:label2\" content=\"Dur\u00e9e de lecture estim\u00e9e\" \/>\n\t<meta name=\"twitter:data2\" content=\"2 minutes\" \/>\n<script type=\"application\/ld+json\" class=\"yoast-schema-graph\">{\"@context\":\"https:\/\/schema.org\",\"@graph\":[{\"@type\":\"WebPage\",\"@id\":\"https:\/\/www.my-watchsite.fr\/blog\/la-maison-celebre-ses-150-ans-a-paris-n32\/\",\"url\":\"https:\/\/www.my-watchsite.fr\/blog\/la-maison-celebre-ses-150-ans-a-paris-n32\/\",\"name\":\"La maison c\u00e9l\u00e8bre ses 150 ans \u00e0 Paris - MyWatch FR\",\"isPartOf\":{\"@id\":\"https:\/\/www.my-watchsite.fr\/blog\/#website\"},\"datePublished\":\"2010-09-28T22:00:00+00:00\",\"dateModified\":\"2010-09-28T22:00:00+00:00\",\"author\":{\"@id\":\"https:\/\/www.my-watchsite.fr\/blog\/#\/schema\/person\/67e19b3e3d014465042ff1be1c9fcf44\"},\"breadcrumb\":{\"@id\":\"https:\/\/www.my-watchsite.fr\/blog\/la-maison-celebre-ses-150-ans-a-paris-n32\/#breadcrumb\"},\"inLanguage\":\"fr-FR\",\"potentialAction\":[{\"@type\":\"ReadAction\",\"target\":[\"https:\/\/www.my-watchsite.fr\/blog\/la-maison-celebre-ses-150-ans-a-paris-n32\/\"]}]},{\"@type\":\"BreadcrumbList\",\"@id\":\"https:\/\/www.my-watchsite.fr\/blog\/la-maison-celebre-ses-150-ans-a-paris-n32\/#breadcrumb\",\"itemListElement\":[{\"@type\":\"ListItem\",\"position\":1,\"name\":\"Accueil\",\"item\":\"https:\/\/www.my-watchsite.fr\/blog\/\"},{\"@type\":\"ListItem\",\"position\":2,\"name\":\"La maison c\u00e9l\u00e8bre ses 150 ans \u00e0 Paris\"}]},{\"@type\":\"WebSite\",\"@id\":\"https:\/\/www.my-watchsite.fr\/blog\/#website\",\"url\":\"https:\/\/www.my-watchsite.fr\/blog\/\",\"name\":\"MyWatch FR\",\"description\":\"Make Time a Lifestyle\",\"potentialAction\":[{\"@type\":\"SearchAction\",\"target\":{\"@type\":\"EntryPoint\",\"urlTemplate\":\"https:\/\/www.my-watchsite.fr\/blog\/?s={search_term_string}\"},\"query-input\":\"required name=search_term_string\"}],\"inLanguage\":\"fr-FR\"},{\"@type\":\"Person\",\"@id\":\"https:\/\/www.my-watchsite.fr\/blog\/#\/schema\/person\/67e19b3e3d014465042ff1be1c9fcf44\",\"name\":\"MyWatch\",\"image\":{\"@type\":\"ImageObject\",\"inLanguage\":\"fr-FR\",\"@id\":\"https:\/\/www.my-watchsite.fr\/blog\/#\/schema\/person\/image\/\",\"url\":\"https:\/\/secure.gravatar.com\/avatar\/e52d1e94806c54826c863f554ca1dd2a?s=96&d=mm&r=g\",\"contentUrl\":\"https:\/\/secure.gravatar.com\/avatar\/e52d1e94806c54826c863f554ca1dd2a?s=96&d=mm&r=g\",\"caption\":\"MyWatch\"},\"sameAs\":[\"https:\/\/www.my-watchsite.fr\/blog\"]}]}<\/script>\n<!-- \/ Yoast SEO plugin. -->","yoast_head_json":{"title":"La maison c\u00e9l\u00e8bre ses 150 ans \u00e0 Paris - MyWatch FR","robots":{"index":"index","follow":"follow","max-snippet":"max-snippet:-1","max-image-preview":"max-image-preview:large","max-video-preview":"max-video-preview:-1"},"canonical":"https:\/\/www.my-watchsite.fr\/blog\/la-maison-celebre-ses-150-ans-a-paris-n32\/","og_locale":"fr_FR","og_type":"article","og_title":"La maison c\u00e9l\u00e8bre ses 150 ans \u00e0 Paris - MyWatch FR","og_description":"L&rsquo;odyss\u00e9e des Pionniers, le premier tour du monde en roadster \u00e9lectrique, s&rsquo;ach\u00e8ve \u00e0 Paris, au Si\u00e8ge de LVMH, en pr\u00e9sence d&rsquo;un cort\u00e8ge d&rsquo;artistes et de c\u00e9l\u00e9brit\u00e9s r\u00e9unis pour l&rsquo;occasion. Parmi eux, Leonardo DiCaprio, qui avait lanc\u00e9 le tour 6 mois plus t\u00f4t \u00e0 B\u00e2le, SAS le Prince Albert II de Monaco et Bernard Arnault, Pr\u00e9sident [&hellip;]","og_url":"https:\/\/www.my-watchsite.fr\/blog\/la-maison-celebre-ses-150-ans-a-paris-n32\/","og_site_name":"MyWatch FR","article_publisher":"https:\/\/www.facebook.com\/mywatchsite\/","article_published_time":"2010-09-28T22:00:00+00:00","og_image":[{"width":450,"height":298,"url":"https:\/\/www.my-watchsite.fr\/blog\/wp-content\/uploads\/2020\/08\/32_58.jpg","type":"image\/jpeg"}],"author":"MyWatch","twitter_card":"summary_large_image","twitter_creator":"@mywatchsite","twitter_site":"@mywatchsite","twitter_misc":{"\u00c9crit par":"MyWatch","Dur\u00e9e de lecture estim\u00e9e":"2 minutes"},"schema":{"@context":"https:\/\/schema.org","@graph":[{"@type":"WebPage","@id":"https:\/\/www.my-watchsite.fr\/blog\/la-maison-celebre-ses-150-ans-a-paris-n32\/","url":"https:\/\/www.my-watchsite.fr\/blog\/la-maison-celebre-ses-150-ans-a-paris-n32\/","name":"La maison c\u00e9l\u00e8bre ses 150 ans \u00e0 Paris - MyWatch FR","isPartOf":{"@id":"https:\/\/www.my-watchsite.fr\/blog\/#website"},"datePublished":"2010-09-28T22:00:00+00:00","dateModified":"2010-09-28T22:00:00+00:00","author":{"@id":"https:\/\/www.my-watchsite.fr\/blog\/#\/schema\/person\/67e19b3e3d014465042ff1be1c9fcf44"},"breadcrumb":{"@id":"https:\/\/www.my-watchsite.fr\/blog\/la-maison-celebre-ses-150-ans-a-paris-n32\/#breadcrumb"},"inLanguage":"fr-FR","potentialAction":[{"@type":"ReadAction","target":["https:\/\/www.my-watchsite.fr\/blog\/la-maison-celebre-ses-150-ans-a-paris-n32\/"]}]},{"@type":"BreadcrumbList","@id":"https:\/\/www.my-watchsite.fr\/blog\/la-maison-celebre-ses-150-ans-a-paris-n32\/#breadcrumb","itemListElement":[{"@type":"ListItem","position":1,"name":"Accueil","item":"https:\/\/www.my-watchsite.fr\/blog\/"},{"@type":"ListItem","position":2,"name":"La maison c\u00e9l\u00e8bre ses 150 ans \u00e0 Paris"}]},{"@type":"WebSite","@id":"https:\/\/www.my-watchsite.fr\/blog\/#website","url":"https:\/\/www.my-watchsite.fr\/blog\/","name":"MyWatch FR","description":"Make Time a Lifestyle","potentialAction":[{"@type":"SearchAction","target":{"@type":"EntryPoint","urlTemplate":"https:\/\/www.my-watchsite.fr\/blog\/?s={search_term_string}"},"query-input":"required name=search_term_string"}],"inLanguage":"fr-FR"},{"@type":"Person","@id":"https:\/\/www.my-watchsite.fr\/blog\/#\/schema\/person\/67e19b3e3d014465042ff1be1c9fcf44","name":"MyWatch","image":{"@type":"ImageObject","inLanguage":"fr-FR","@id":"https:\/\/www.my-watchsite.fr\/blog\/#\/schema\/person\/image\/","url":"https:\/\/secure.gravatar.com\/avatar\/e52d1e94806c54826c863f554ca1dd2a?s=96&d=mm&r=g","contentUrl":"https:\/\/secure.gravatar.com\/avatar\/e52d1e94806c54826c863f554ca1dd2a?s=96&d=mm&r=g","caption":"MyWatch"},"sameAs":["https:\/\/www.my-watchsite.fr\/blog"]}]}},"_links":{"self":[{"href":"https:\/\/www.my-watchsite.fr\/blog\/wp-json\/wp\/v2\/posts\/162"}],"collection":[{"href":"https:\/\/www.my-watchsite.fr\/blog\/wp-json\/wp\/v2\/posts"}],"about":[{"href":"https:\/\/www.my-watchsite.fr\/blog\/wp-json\/wp\/v2\/types\/post"}],"author":[{"embeddable":true,"href":"https:\/\/www.my-watchsite.fr\/blog\/wp-json\/wp\/v2\/users\/1"}],"replies":[{"embeddable":true,"href":"https:\/\/www.my-watchsite.fr\/blog\/wp-json\/wp\/v2\/comments?post=162"}],"version-history":[{"count":0,"href":"https:\/\/www.my-watchsite.fr\/blog\/wp-json\/wp\/v2\/posts\/162\/revisions"}],"wp:featuredmedia":[{"embeddable":true,"href":"https:\/\/www.my-watchsite.fr\/blog\/wp-json\/wp\/v2\/media\/163"}],"wp:attachment":[{"href":"https:\/\/www.my-watchsite.fr\/blog\/wp-json\/wp\/v2\/media?parent=162"}],"wp:term":[{"taxonomy":"category","embeddable":true,"href":"https:\/\/www.my-watchsite.fr\/blog\/wp-json\/wp\/v2\/categories?post=162"},{"taxonomy":"post_tag","embeddable":true,"href":"https:\/\/www.my-watchsite.fr\/blog\/wp-json\/wp\/v2\/tags?post=162"}],"curies":[{"name":"wp","href":"https:\/\/api.w.org\/{rel}","templated":true}]}}