{"id":1624,"date":"2013-02-01T00:00:00","date_gmt":"2013-01-31T23:00:00","guid":{"rendered":"https:\/\/www.my-watchsite.fr\/blog\/blog\/bell-and-ross-partenaire-de-la-soiree-inaugurale-du-28eme-festival-automobile-international-n435\/"},"modified":"2013-02-01T00:00:00","modified_gmt":"2013-01-31T23:00:00","slug":"bell-and-ross-partenaire-de-la-soiree-inaugurale-du-28eme-festival-automobile-international-n435","status":"publish","type":"post","link":"https:\/\/www.my-watchsite.fr\/blog\/bell-and-ross-partenaire-de-la-soiree-inaugurale-du-28eme-festival-automobile-international-n435\/","title":{"rendered":"Bell &#038; Ross partenaire de la soir\u00e9e inaugurale du 28\u00e8me festival Automobile International"},"content":{"rendered":"<div>L\u2019\u00e9dition de 2013 a retrouv\u00e9 le cadre somptueux de l\u2019H\u00f4tel des Invalides aux pieds du D\u00f4me et Bell &amp; Ross a renouvel\u00e9 pour la 7ieme ann\u00e9e cons\u00e9cutive, son soutien \u00e0 cette manifestation qui associe design, tendances et prestige automobile.<\/div>\n<div><\/div>\n<div>Christophe Moulin officiait en qualit\u00e9 de Ma\u00eetre de la C\u00e9r\u00e9monie de remise de prix.<\/div>\n<div><\/div>\n<div>Partenaire de la c\u00e9r\u00e9monie inaugurale, Bell &amp; Ross pr\u00e9sentait \u00e0 cette occasion ses nouvelles collections horlog\u00e8res pour le plus grand plaisir des amateurs de belle m\u00e9canique.<\/div>\n<div><\/div>\n<div>Membre du Jury, Carlos A. Rosillo, CEO de Bell &amp; Ross, a remis la prestigieuse Palme d\u2019Or \u00e0 Jacky ICKX pour son incroyable carri\u00e8re dans le sport automobile.<\/div>\n<div><\/div>\n<div>13 Grands Prix, dont la Palme d\u2019Or, ont \u00e9t\u00e9 d\u00e9cern\u00e9s par le jury du Festival \u00e0 des personnalit\u00e9s et entreprises pour leur talent. Des Concept Cars d\u2019exception, dont certains en premi\u00e8re exclusivit\u00e9 mondiale ont \u00e9t\u00e9 pr\u00e9sent\u00e9s.<\/div>\n<div>600 personnalit\u00e9s, designers, constructeurs, medias et membres du Jury ont particip\u00e9 \u00e0 cette c\u00e9r\u00e9monie officielle.<\/div>\n<div><\/div>\n<div><strong>Exposition ouverte au public du 30 janvier au 03 f\u00e9vrier.<\/strong><\/div>\n<ul>\n<li><img decoding=\"async\" src=\"https:\/\/www.my-watchsite.fr\/blog\/wp-content\/uploads\/2020\/08\/435_1152.jpg\" alt=\"Carlos-A. Rosillo, CEO de Bell &amp; Ross, remet sa Palme d'Or \u00e0 Jacky Ickx. \" \/><\/li>\n<li><img decoding=\"async\" src=\"https:\/\/www.my-watchsite.fr\/blog\/wp-content\/uploads\/2020\/08\/435_1153.jpg\" alt=\"R\u00e9my Depoix, Pr\u00e9sident et organisateur du Festival Automobile, et son \u00e9pouse avec Carlos-A. Rosillo.\" \/><\/li>\n<li><img decoding=\"async\" src=\"https:\/\/www.my-watchsite.fr\/blog\/wp-content\/uploads\/2020\/08\/435_1154.jpg\" alt=\"Discours de Carlos-A. Rosillo en pr\u00e9sence du G\u00e9n\u00e9ral Christian Baptiste, Directeur du Mus\u00e9e de l'Arm\u00e9e. \" \/><\/li>\n<\/ul>\n","protected":false},"excerpt":{"rendered":"<p>L\u2019\u00e9dition de 2013 a retrouv\u00e9 le cadre somptueux de l\u2019H\u00f4tel des Invalides aux pieds du D\u00f4me et Bell &amp; Ross a renouvel\u00e9 pour la 7ieme ann\u00e9e cons\u00e9cutive, son soutien \u00e0 cette manifestation qui associe design, tendances et prestige automobile. Christophe Moulin officiait en qualit\u00e9 de Ma\u00eetre de la C\u00e9r\u00e9monie de remise de prix. Partenaire de [&hellip;]<\/p>\n","protected":false},"author":1,"featured_media":1625,"comment_status":"closed","ping_status":"closed","sticky":false,"template":"","format":"standard","meta":{"footnotes":""},"categories":[2],"tags":[48],"acf":[],"yoast_head":"<!-- This site is optimized with the Yoast SEO plugin v20.4 - https:\/\/yoast.com\/wordpress\/plugins\/seo\/ -->\n<title>Bell &amp; Ross partenaire de la soir\u00e9e inaugurale du 28\u00e8me festival Automobile International - MyWatch FR<\/title>\n<meta name=\"robots\" content=\"index, follow, max-snippet:-1, max-image-preview:large, max-video-preview:-1\" \/>\n<link rel=\"canonical\" href=\"https:\/\/www.my-watchsite.fr\/blog\/bell-and-ross-partenaire-de-la-soiree-inaugurale-du-28eme-festival-automobile-international-n435\/\" \/>\n<meta property=\"og:locale\" content=\"fr_FR\" \/>\n<meta property=\"og:type\" content=\"article\" \/>\n<meta property=\"og:title\" content=\"Bell &amp; Ross partenaire de la soir\u00e9e inaugurale du 28\u00e8me festival Automobile International - MyWatch FR\" \/>\n<meta property=\"og:description\" content=\"L\u2019\u00e9dition de 2013 a retrouv\u00e9 le cadre somptueux de l\u2019H\u00f4tel des Invalides aux pieds du D\u00f4me et Bell &amp; Ross a renouvel\u00e9 pour la 7ieme ann\u00e9e cons\u00e9cutive, son soutien \u00e0 cette manifestation qui associe design, tendances et prestige automobile. Christophe Moulin officiait en qualit\u00e9 de Ma\u00eetre de la C\u00e9r\u00e9monie de remise de prix. Partenaire de [&hellip;]\" \/>\n<meta property=\"og:url\" content=\"https:\/\/www.my-watchsite.fr\/blog\/bell-and-ross-partenaire-de-la-soiree-inaugurale-du-28eme-festival-automobile-international-n435\/\" \/>\n<meta property=\"og:site_name\" content=\"MyWatch FR\" \/>\n<meta property=\"article:publisher\" content=\"https:\/\/www.facebook.com\/mywatchsite\/\" \/>\n<meta property=\"article:published_time\" content=\"2013-01-31T23:00:00+00:00\" \/>\n<meta property=\"og:image\" content=\"https:\/\/www.my-watchsite.fr\/blog\/wp-content\/uploads\/2020\/08\/435_1152.jpg\" \/>\n\t<meta property=\"og:image:width\" content=\"450\" \/>\n\t<meta property=\"og:image:height\" content=\"510\" \/>\n\t<meta property=\"og:image:type\" content=\"image\/jpeg\" \/>\n<meta name=\"author\" content=\"MyWatch\" \/>\n<meta name=\"twitter:card\" content=\"summary_large_image\" \/>\n<meta name=\"twitter:creator\" content=\"@mywatchsite\" \/>\n<meta name=\"twitter:site\" content=\"@mywatchsite\" \/>\n<meta name=\"twitter:label1\" content=\"\u00c9crit par\" \/>\n\t<meta name=\"twitter:data1\" content=\"MyWatch\" \/>\n\t<meta name=\"twitter:label2\" content=\"Dur\u00e9e de lecture estim\u00e9e\" \/>\n\t<meta name=\"twitter:data2\" content=\"1 minute\" \/>\n<script type=\"application\/ld+json\" class=\"yoast-schema-graph\">{\"@context\":\"https:\/\/schema.org\",\"@graph\":[{\"@type\":\"WebPage\",\"@id\":\"https:\/\/www.my-watchsite.fr\/blog\/bell-and-ross-partenaire-de-la-soiree-inaugurale-du-28eme-festival-automobile-international-n435\/\",\"url\":\"https:\/\/www.my-watchsite.fr\/blog\/bell-and-ross-partenaire-de-la-soiree-inaugurale-du-28eme-festival-automobile-international-n435\/\",\"name\":\"Bell & Ross partenaire de la soir\u00e9e inaugurale du 28\u00e8me festival Automobile International - MyWatch FR\",\"isPartOf\":{\"@id\":\"https:\/\/www.my-watchsite.fr\/blog\/#website\"},\"datePublished\":\"2013-01-31T23:00:00+00:00\",\"dateModified\":\"2013-01-31T23:00:00+00:00\",\"author\":{\"@id\":\"https:\/\/www.my-watchsite.fr\/blog\/#\/schema\/person\/67e19b3e3d014465042ff1be1c9fcf44\"},\"breadcrumb\":{\"@id\":\"https:\/\/www.my-watchsite.fr\/blog\/bell-and-ross-partenaire-de-la-soiree-inaugurale-du-28eme-festival-automobile-international-n435\/#breadcrumb\"},\"inLanguage\":\"fr-FR\",\"potentialAction\":[{\"@type\":\"ReadAction\",\"target\":[\"https:\/\/www.my-watchsite.fr\/blog\/bell-and-ross-partenaire-de-la-soiree-inaugurale-du-28eme-festival-automobile-international-n435\/\"]}]},{\"@type\":\"BreadcrumbList\",\"@id\":\"https:\/\/www.my-watchsite.fr\/blog\/bell-and-ross-partenaire-de-la-soiree-inaugurale-du-28eme-festival-automobile-international-n435\/#breadcrumb\",\"itemListElement\":[{\"@type\":\"ListItem\",\"position\":1,\"name\":\"Accueil\",\"item\":\"https:\/\/www.my-watchsite.fr\/blog\/\"},{\"@type\":\"ListItem\",\"position\":2,\"name\":\"Bell &#038; Ross partenaire de la soir\u00e9e inaugurale du 28\u00e8me festival Automobile International\"}]},{\"@type\":\"WebSite\",\"@id\":\"https:\/\/www.my-watchsite.fr\/blog\/#website\",\"url\":\"https:\/\/www.my-watchsite.fr\/blog\/\",\"name\":\"MyWatch FR\",\"description\":\"Make Time a Lifestyle\",\"potentialAction\":[{\"@type\":\"SearchAction\",\"target\":{\"@type\":\"EntryPoint\",\"urlTemplate\":\"https:\/\/www.my-watchsite.fr\/blog\/?s={search_term_string}\"},\"query-input\":\"required name=search_term_string\"}],\"inLanguage\":\"fr-FR\"},{\"@type\":\"Person\",\"@id\":\"https:\/\/www.my-watchsite.fr\/blog\/#\/schema\/person\/67e19b3e3d014465042ff1be1c9fcf44\",\"name\":\"MyWatch\",\"image\":{\"@type\":\"ImageObject\",\"inLanguage\":\"fr-FR\",\"@id\":\"https:\/\/www.my-watchsite.fr\/blog\/#\/schema\/person\/image\/\",\"url\":\"https:\/\/secure.gravatar.com\/avatar\/e52d1e94806c54826c863f554ca1dd2a?s=96&d=mm&r=g\",\"contentUrl\":\"https:\/\/secure.gravatar.com\/avatar\/e52d1e94806c54826c863f554ca1dd2a?s=96&d=mm&r=g\",\"caption\":\"MyWatch\"},\"sameAs\":[\"https:\/\/www.my-watchsite.fr\/blog\"]}]}<\/script>\n<!-- \/ Yoast SEO plugin. -->","yoast_head_json":{"title":"Bell & Ross partenaire de la soir\u00e9e inaugurale du 28\u00e8me festival Automobile International - MyWatch FR","robots":{"index":"index","follow":"follow","max-snippet":"max-snippet:-1","max-image-preview":"max-image-preview:large","max-video-preview":"max-video-preview:-1"},"canonical":"https:\/\/www.my-watchsite.fr\/blog\/bell-and-ross-partenaire-de-la-soiree-inaugurale-du-28eme-festival-automobile-international-n435\/","og_locale":"fr_FR","og_type":"article","og_title":"Bell & Ross partenaire de la soir\u00e9e inaugurale du 28\u00e8me festival Automobile International - MyWatch FR","og_description":"L\u2019\u00e9dition de 2013 a retrouv\u00e9 le cadre somptueux de l\u2019H\u00f4tel des Invalides aux pieds du D\u00f4me et Bell &amp; Ross a renouvel\u00e9 pour la 7ieme ann\u00e9e cons\u00e9cutive, son soutien \u00e0 cette manifestation qui associe design, tendances et prestige automobile. Christophe Moulin officiait en qualit\u00e9 de Ma\u00eetre de la C\u00e9r\u00e9monie de remise de prix. Partenaire de [&hellip;]","og_url":"https:\/\/www.my-watchsite.fr\/blog\/bell-and-ross-partenaire-de-la-soiree-inaugurale-du-28eme-festival-automobile-international-n435\/","og_site_name":"MyWatch FR","article_publisher":"https:\/\/www.facebook.com\/mywatchsite\/","article_published_time":"2013-01-31T23:00:00+00:00","og_image":[{"width":450,"height":510,"url":"https:\/\/www.my-watchsite.fr\/blog\/wp-content\/uploads\/2020\/08\/435_1152.jpg","type":"image\/jpeg"}],"author":"MyWatch","twitter_card":"summary_large_image","twitter_creator":"@mywatchsite","twitter_site":"@mywatchsite","twitter_misc":{"\u00c9crit par":"MyWatch","Dur\u00e9e de lecture estim\u00e9e":"1 minute"},"schema":{"@context":"https:\/\/schema.org","@graph":[{"@type":"WebPage","@id":"https:\/\/www.my-watchsite.fr\/blog\/bell-and-ross-partenaire-de-la-soiree-inaugurale-du-28eme-festival-automobile-international-n435\/","url":"https:\/\/www.my-watchsite.fr\/blog\/bell-and-ross-partenaire-de-la-soiree-inaugurale-du-28eme-festival-automobile-international-n435\/","name":"Bell & Ross partenaire de la soir\u00e9e inaugurale du 28\u00e8me festival Automobile International - MyWatch FR","isPartOf":{"@id":"https:\/\/www.my-watchsite.fr\/blog\/#website"},"datePublished":"2013-01-31T23:00:00+00:00","dateModified":"2013-01-31T23:00:00+00:00","author":{"@id":"https:\/\/www.my-watchsite.fr\/blog\/#\/schema\/person\/67e19b3e3d014465042ff1be1c9fcf44"},"breadcrumb":{"@id":"https:\/\/www.my-watchsite.fr\/blog\/bell-and-ross-partenaire-de-la-soiree-inaugurale-du-28eme-festival-automobile-international-n435\/#breadcrumb"},"inLanguage":"fr-FR","potentialAction":[{"@type":"ReadAction","target":["https:\/\/www.my-watchsite.fr\/blog\/bell-and-ross-partenaire-de-la-soiree-inaugurale-du-28eme-festival-automobile-international-n435\/"]}]},{"@type":"BreadcrumbList","@id":"https:\/\/www.my-watchsite.fr\/blog\/bell-and-ross-partenaire-de-la-soiree-inaugurale-du-28eme-festival-automobile-international-n435\/#breadcrumb","itemListElement":[{"@type":"ListItem","position":1,"name":"Accueil","item":"https:\/\/www.my-watchsite.fr\/blog\/"},{"@type":"ListItem","position":2,"name":"Bell &#038; Ross partenaire de la soir\u00e9e inaugurale du 28\u00e8me festival Automobile International"}]},{"@type":"WebSite","@id":"https:\/\/www.my-watchsite.fr\/blog\/#website","url":"https:\/\/www.my-watchsite.fr\/blog\/","name":"MyWatch FR","description":"Make Time a Lifestyle","potentialAction":[{"@type":"SearchAction","target":{"@type":"EntryPoint","urlTemplate":"https:\/\/www.my-watchsite.fr\/blog\/?s={search_term_string}"},"query-input":"required name=search_term_string"}],"inLanguage":"fr-FR"},{"@type":"Person","@id":"https:\/\/www.my-watchsite.fr\/blog\/#\/schema\/person\/67e19b3e3d014465042ff1be1c9fcf44","name":"MyWatch","image":{"@type":"ImageObject","inLanguage":"fr-FR","@id":"https:\/\/www.my-watchsite.fr\/blog\/#\/schema\/person\/image\/","url":"https:\/\/secure.gravatar.com\/avatar\/e52d1e94806c54826c863f554ca1dd2a?s=96&d=mm&r=g","contentUrl":"https:\/\/secure.gravatar.com\/avatar\/e52d1e94806c54826c863f554ca1dd2a?s=96&d=mm&r=g","caption":"MyWatch"},"sameAs":["https:\/\/www.my-watchsite.fr\/blog"]}]}},"_links":{"self":[{"href":"https:\/\/www.my-watchsite.fr\/blog\/wp-json\/wp\/v2\/posts\/1624"}],"collection":[{"href":"https:\/\/www.my-watchsite.fr\/blog\/wp-json\/wp\/v2\/posts"}],"about":[{"href":"https:\/\/www.my-watchsite.fr\/blog\/wp-json\/wp\/v2\/types\/post"}],"author":[{"embeddable":true,"href":"https:\/\/www.my-watchsite.fr\/blog\/wp-json\/wp\/v2\/users\/1"}],"replies":[{"embeddable":true,"href":"https:\/\/www.my-watchsite.fr\/blog\/wp-json\/wp\/v2\/comments?post=1624"}],"version-history":[{"count":0,"href":"https:\/\/www.my-watchsite.fr\/blog\/wp-json\/wp\/v2\/posts\/1624\/revisions"}],"wp:featuredmedia":[{"embeddable":true,"href":"https:\/\/www.my-watchsite.fr\/blog\/wp-json\/wp\/v2\/media\/1625"}],"wp:attachment":[{"href":"https:\/\/www.my-watchsite.fr\/blog\/wp-json\/wp\/v2\/media?parent=1624"}],"wp:term":[{"taxonomy":"category","embeddable":true,"href":"https:\/\/www.my-watchsite.fr\/blog\/wp-json\/wp\/v2\/categories?post=1624"},{"taxonomy":"post_tag","embeddable":true,"href":"https:\/\/www.my-watchsite.fr\/blog\/wp-json\/wp\/v2\/tags?post=1624"}],"curies":[{"name":"wp","href":"https:\/\/api.w.org\/{rel}","templated":true}]}}