{"id":1646,"date":"2013-02-20T00:00:00","date_gmt":"2013-02-19T23:00:00","guid":{"rendered":"https:\/\/www.my-watchsite.fr\/blog\/blog\/les-montres-perrelet-de-christian-karembeu-fidele-ambassadeur-de-la-marque-n442\/"},"modified":"2013-02-20T00:00:00","modified_gmt":"2013-02-19T23:00:00","slug":"les-montres-perrelet-de-christian-karembeu-fidele-ambassadeur-de-la-marque-n442","status":"publish","type":"post","link":"https:\/\/www.my-watchsite.fr\/blog\/les-montres-perrelet-de-christian-karembeu-fidele-ambassadeur-de-la-marque-n442\/","title":{"rendered":"Les montres Perrelet de Christian Karembeu, fid\u00e8le ambassadeur de la marque"},"content":{"rendered":"<div>Il a choisi de porter des montres Perrelet pour l\u2019accompagner \u00e0 chaque instant de ses journ\u00e9es tr\u00e9pidantes. Aujourd\u2019hui, Christian Karembeu alterne entre deux mod\u00e8les qui expriment \u00e0 la fois l\u2019esprit de Perrelet ainsi que la personnalit\u00e9 agr\u00e9able, sobre et sportive de l\u2019athl\u00e8te.<\/div>\n<div>\n<div>Pour son travail quotidien en milieu urbain, Christian a choisi la version acier de la montre <strong>Peripheral Double Rotor<\/strong>, s\u00e9duit par le design innovateur de la montre qui rend hommage \u00e0 la tradition horlog\u00e8re tout en offrant une vision contemporaine de ses lignes classiques.<\/div>\n<div>\n<div>Les passions de Karembeu pour le sport et pour la vie en plein air sont combl\u00e9es par le choix d\u2019une montre <strong>Turbine Diver<\/strong> munie d\u2019un bracelet en caoutchouc noir, garde-temps apte \u00e0 relever tous les d\u00e9fis tout en assurant un maximum de performance technique et de confort.<\/div>\n<div><strong>CHRISTIAN KAREMBEU<\/strong><\/div>\n<div>\n<div>Christian Karembeu est une star internationale du football qui a forg\u00e9 sa carri\u00e8re, longue de 15 ans, en mettant l\u2019accent sur ses capacit\u00e9s athl\u00e9tiques et sur son charisme.<\/div>\n<div>Issu d\u2019une famille nombreuses originaire de la Nouvelle Cal\u00e9donie, Karembeu d\u00e9marre son parcours sportif en France en 1990 avec l\u2019\u00e9quipe de Nantes, jouant le championnat fran\u00e7ais jusqu\u2019en 1995, lorsqu\u2019il est transf\u00e9r\u00e9 \u00e0 l\u2019\u00e9quipe italienne de Sampdoria. En 1997, il passe au Real Madrid, o\u00f9 il gagne la Ligue des Champions en 1998 et en 2000. Pendant ces ann\u00e9es, Christian joue \u00e9galement avec l\u2019\u00e9quipe nationale fran\u00e7aise, au sein de laquelle il est titularis\u00e9 53 fois et gagne la Coupe du Monde en 1998. Apr\u00e8s une br\u00e8ve exp\u00e9rience avec Middlesborough en British Premier League, il rejoint l\u2019Olympiakos o\u00f9 il reste jusqu\u2019en 2004, avant son transfert \u00e0 Servette (Gen\u00e8ve). Sa carri\u00e8re sportive prend officiellement fin en 2005.<\/div>\n<div>Il est aujourd\u2019hui Ambassadeur pour la F\u00e9d\u00e9ration Internationale de Football pour toute l\u2019Oc\u00e9anie. Christian Karembeu est \u00e9galement un parrain actif pour deux organisations caritatives, Les Pi\u00e8ces Jaunes et Peace and Sport.<\/div>\n<div>Il travaille aussi \u00e0 la t\u00e9l\u00e9vision comme reporter, notamment pour l\u2019\u00e9mission \u00ab Des Iles et des Hommes \u00bb sur la cha\u00eene Plan\u00e8te.<\/div>\n<\/div>\n<\/div>\n<\/div>\n<ul>\n<li><img decoding=\"async\" src=\"https:\/\/www.my-watchsite.fr\/blog\/wp-content\/uploads\/2020\/08\/442_1184.jpg\" alt=\"Christian Karembeu, ambassadeur fid\u00e8le de Perrelet.\" \/><\/li>\n<\/ul>\n","protected":false},"excerpt":{"rendered":"<p>Il a choisi de porter des montres Perrelet pour l\u2019accompagner \u00e0 chaque instant de ses journ\u00e9es tr\u00e9pidantes. Aujourd\u2019hui, Christian Karembeu alterne entre deux mod\u00e8les qui expriment \u00e0 la fois l\u2019esprit de Perrelet ainsi que la personnalit\u00e9 agr\u00e9able, sobre et sportive de l\u2019athl\u00e8te. Pour son travail quotidien en milieu urbain, Christian a choisi la version acier [&hellip;]<\/p>\n","protected":false},"author":1,"featured_media":1648,"comment_status":"closed","ping_status":"closed","sticky":false,"template":"","format":"standard","meta":{"footnotes":""},"categories":[2],"tags":[70],"acf":[],"yoast_head":"<!-- This site is optimized with the Yoast SEO plugin v20.4 - https:\/\/yoast.com\/wordpress\/plugins\/seo\/ -->\n<title>Les montres Perrelet de Christian Karembeu, fid\u00e8le ambassadeur de la marque - MyWatch FR<\/title>\n<meta name=\"robots\" content=\"index, follow, max-snippet:-1, max-image-preview:large, max-video-preview:-1\" \/>\n<link rel=\"canonical\" href=\"https:\/\/www.my-watchsite.fr\/blog\/les-montres-perrelet-de-christian-karembeu-fidele-ambassadeur-de-la-marque-n442\/\" \/>\n<meta property=\"og:locale\" content=\"fr_FR\" \/>\n<meta property=\"og:type\" content=\"article\" \/>\n<meta property=\"og:title\" content=\"Les montres Perrelet de Christian Karembeu, fid\u00e8le ambassadeur de la marque - MyWatch FR\" \/>\n<meta property=\"og:description\" content=\"Il a choisi de porter des montres Perrelet pour l\u2019accompagner \u00e0 chaque instant de ses journ\u00e9es tr\u00e9pidantes. Aujourd\u2019hui, Christian Karembeu alterne entre deux mod\u00e8les qui expriment \u00e0 la fois l\u2019esprit de Perrelet ainsi que la personnalit\u00e9 agr\u00e9able, sobre et sportive de l\u2019athl\u00e8te. Pour son travail quotidien en milieu urbain, Christian a choisi la version acier [&hellip;]\" \/>\n<meta property=\"og:url\" content=\"https:\/\/www.my-watchsite.fr\/blog\/les-montres-perrelet-de-christian-karembeu-fidele-ambassadeur-de-la-marque-n442\/\" \/>\n<meta property=\"og:site_name\" content=\"MyWatch FR\" \/>\n<meta property=\"article:publisher\" content=\"https:\/\/www.facebook.com\/mywatchsite\/\" \/>\n<meta property=\"article:published_time\" content=\"2013-02-19T23:00:00+00:00\" \/>\n<meta property=\"og:image\" content=\"https:\/\/www.my-watchsite.fr\/blog\/wp-content\/uploads\/2020\/08\/thumb_442.jpg\" \/>\n\t<meta property=\"og:image:width\" content=\"654\" \/>\n\t<meta property=\"og:image:height\" content=\"435\" \/>\n\t<meta property=\"og:image:type\" content=\"image\/jpeg\" \/>\n<meta name=\"author\" content=\"MyWatch\" \/>\n<meta name=\"twitter:card\" content=\"summary_large_image\" \/>\n<meta name=\"twitter:creator\" content=\"@mywatchsite\" \/>\n<meta name=\"twitter:site\" content=\"@mywatchsite\" \/>\n<meta name=\"twitter:label1\" content=\"\u00c9crit par\" \/>\n\t<meta name=\"twitter:data1\" content=\"MyWatch\" \/>\n\t<meta name=\"twitter:label2\" content=\"Dur\u00e9e de lecture estim\u00e9e\" \/>\n\t<meta name=\"twitter:data2\" content=\"2 minutes\" \/>\n<script type=\"application\/ld+json\" class=\"yoast-schema-graph\">{\"@context\":\"https:\/\/schema.org\",\"@graph\":[{\"@type\":\"WebPage\",\"@id\":\"https:\/\/www.my-watchsite.fr\/blog\/les-montres-perrelet-de-christian-karembeu-fidele-ambassadeur-de-la-marque-n442\/\",\"url\":\"https:\/\/www.my-watchsite.fr\/blog\/les-montres-perrelet-de-christian-karembeu-fidele-ambassadeur-de-la-marque-n442\/\",\"name\":\"Les montres Perrelet de Christian Karembeu, fid\u00e8le ambassadeur de la marque - MyWatch FR\",\"isPartOf\":{\"@id\":\"https:\/\/www.my-watchsite.fr\/blog\/#website\"},\"datePublished\":\"2013-02-19T23:00:00+00:00\",\"dateModified\":\"2013-02-19T23:00:00+00:00\",\"author\":{\"@id\":\"https:\/\/www.my-watchsite.fr\/blog\/#\/schema\/person\/67e19b3e3d014465042ff1be1c9fcf44\"},\"breadcrumb\":{\"@id\":\"https:\/\/www.my-watchsite.fr\/blog\/les-montres-perrelet-de-christian-karembeu-fidele-ambassadeur-de-la-marque-n442\/#breadcrumb\"},\"inLanguage\":\"fr-FR\",\"potentialAction\":[{\"@type\":\"ReadAction\",\"target\":[\"https:\/\/www.my-watchsite.fr\/blog\/les-montres-perrelet-de-christian-karembeu-fidele-ambassadeur-de-la-marque-n442\/\"]}]},{\"@type\":\"BreadcrumbList\",\"@id\":\"https:\/\/www.my-watchsite.fr\/blog\/les-montres-perrelet-de-christian-karembeu-fidele-ambassadeur-de-la-marque-n442\/#breadcrumb\",\"itemListElement\":[{\"@type\":\"ListItem\",\"position\":1,\"name\":\"Accueil\",\"item\":\"https:\/\/www.my-watchsite.fr\/blog\/\"},{\"@type\":\"ListItem\",\"position\":2,\"name\":\"Les montres Perrelet de Christian Karembeu, fid\u00e8le ambassadeur de la marque\"}]},{\"@type\":\"WebSite\",\"@id\":\"https:\/\/www.my-watchsite.fr\/blog\/#website\",\"url\":\"https:\/\/www.my-watchsite.fr\/blog\/\",\"name\":\"MyWatch FR\",\"description\":\"Make Time a Lifestyle\",\"potentialAction\":[{\"@type\":\"SearchAction\",\"target\":{\"@type\":\"EntryPoint\",\"urlTemplate\":\"https:\/\/www.my-watchsite.fr\/blog\/?s={search_term_string}\"},\"query-input\":\"required name=search_term_string\"}],\"inLanguage\":\"fr-FR\"},{\"@type\":\"Person\",\"@id\":\"https:\/\/www.my-watchsite.fr\/blog\/#\/schema\/person\/67e19b3e3d014465042ff1be1c9fcf44\",\"name\":\"MyWatch\",\"image\":{\"@type\":\"ImageObject\",\"inLanguage\":\"fr-FR\",\"@id\":\"https:\/\/www.my-watchsite.fr\/blog\/#\/schema\/person\/image\/\",\"url\":\"https:\/\/secure.gravatar.com\/avatar\/e52d1e94806c54826c863f554ca1dd2a?s=96&d=mm&r=g\",\"contentUrl\":\"https:\/\/secure.gravatar.com\/avatar\/e52d1e94806c54826c863f554ca1dd2a?s=96&d=mm&r=g\",\"caption\":\"MyWatch\"},\"sameAs\":[\"https:\/\/www.my-watchsite.fr\/blog\"]}]}<\/script>\n<!-- \/ Yoast SEO plugin. -->","yoast_head_json":{"title":"Les montres Perrelet de Christian Karembeu, fid\u00e8le ambassadeur de la marque - MyWatch FR","robots":{"index":"index","follow":"follow","max-snippet":"max-snippet:-1","max-image-preview":"max-image-preview:large","max-video-preview":"max-video-preview:-1"},"canonical":"https:\/\/www.my-watchsite.fr\/blog\/les-montres-perrelet-de-christian-karembeu-fidele-ambassadeur-de-la-marque-n442\/","og_locale":"fr_FR","og_type":"article","og_title":"Les montres Perrelet de Christian Karembeu, fid\u00e8le ambassadeur de la marque - MyWatch FR","og_description":"Il a choisi de porter des montres Perrelet pour l\u2019accompagner \u00e0 chaque instant de ses journ\u00e9es tr\u00e9pidantes. Aujourd\u2019hui, Christian Karembeu alterne entre deux mod\u00e8les qui expriment \u00e0 la fois l\u2019esprit de Perrelet ainsi que la personnalit\u00e9 agr\u00e9able, sobre et sportive de l\u2019athl\u00e8te. Pour son travail quotidien en milieu urbain, Christian a choisi la version acier [&hellip;]","og_url":"https:\/\/www.my-watchsite.fr\/blog\/les-montres-perrelet-de-christian-karembeu-fidele-ambassadeur-de-la-marque-n442\/","og_site_name":"MyWatch FR","article_publisher":"https:\/\/www.facebook.com\/mywatchsite\/","article_published_time":"2013-02-19T23:00:00+00:00","og_image":[{"width":654,"height":435,"url":"https:\/\/www.my-watchsite.fr\/blog\/wp-content\/uploads\/2020\/08\/thumb_442.jpg","type":"image\/jpeg"}],"author":"MyWatch","twitter_card":"summary_large_image","twitter_creator":"@mywatchsite","twitter_site":"@mywatchsite","twitter_misc":{"\u00c9crit par":"MyWatch","Dur\u00e9e de lecture estim\u00e9e":"2 minutes"},"schema":{"@context":"https:\/\/schema.org","@graph":[{"@type":"WebPage","@id":"https:\/\/www.my-watchsite.fr\/blog\/les-montres-perrelet-de-christian-karembeu-fidele-ambassadeur-de-la-marque-n442\/","url":"https:\/\/www.my-watchsite.fr\/blog\/les-montres-perrelet-de-christian-karembeu-fidele-ambassadeur-de-la-marque-n442\/","name":"Les montres Perrelet de Christian Karembeu, fid\u00e8le ambassadeur de la marque - MyWatch FR","isPartOf":{"@id":"https:\/\/www.my-watchsite.fr\/blog\/#website"},"datePublished":"2013-02-19T23:00:00+00:00","dateModified":"2013-02-19T23:00:00+00:00","author":{"@id":"https:\/\/www.my-watchsite.fr\/blog\/#\/schema\/person\/67e19b3e3d014465042ff1be1c9fcf44"},"breadcrumb":{"@id":"https:\/\/www.my-watchsite.fr\/blog\/les-montres-perrelet-de-christian-karembeu-fidele-ambassadeur-de-la-marque-n442\/#breadcrumb"},"inLanguage":"fr-FR","potentialAction":[{"@type":"ReadAction","target":["https:\/\/www.my-watchsite.fr\/blog\/les-montres-perrelet-de-christian-karembeu-fidele-ambassadeur-de-la-marque-n442\/"]}]},{"@type":"BreadcrumbList","@id":"https:\/\/www.my-watchsite.fr\/blog\/les-montres-perrelet-de-christian-karembeu-fidele-ambassadeur-de-la-marque-n442\/#breadcrumb","itemListElement":[{"@type":"ListItem","position":1,"name":"Accueil","item":"https:\/\/www.my-watchsite.fr\/blog\/"},{"@type":"ListItem","position":2,"name":"Les montres Perrelet de Christian Karembeu, fid\u00e8le ambassadeur de la marque"}]},{"@type":"WebSite","@id":"https:\/\/www.my-watchsite.fr\/blog\/#website","url":"https:\/\/www.my-watchsite.fr\/blog\/","name":"MyWatch FR","description":"Make Time a Lifestyle","potentialAction":[{"@type":"SearchAction","target":{"@type":"EntryPoint","urlTemplate":"https:\/\/www.my-watchsite.fr\/blog\/?s={search_term_string}"},"query-input":"required name=search_term_string"}],"inLanguage":"fr-FR"},{"@type":"Person","@id":"https:\/\/www.my-watchsite.fr\/blog\/#\/schema\/person\/67e19b3e3d014465042ff1be1c9fcf44","name":"MyWatch","image":{"@type":"ImageObject","inLanguage":"fr-FR","@id":"https:\/\/www.my-watchsite.fr\/blog\/#\/schema\/person\/image\/","url":"https:\/\/secure.gravatar.com\/avatar\/e52d1e94806c54826c863f554ca1dd2a?s=96&d=mm&r=g","contentUrl":"https:\/\/secure.gravatar.com\/avatar\/e52d1e94806c54826c863f554ca1dd2a?s=96&d=mm&r=g","caption":"MyWatch"},"sameAs":["https:\/\/www.my-watchsite.fr\/blog"]}]}},"_links":{"self":[{"href":"https:\/\/www.my-watchsite.fr\/blog\/wp-json\/wp\/v2\/posts\/1646"}],"collection":[{"href":"https:\/\/www.my-watchsite.fr\/blog\/wp-json\/wp\/v2\/posts"}],"about":[{"href":"https:\/\/www.my-watchsite.fr\/blog\/wp-json\/wp\/v2\/types\/post"}],"author":[{"embeddable":true,"href":"https:\/\/www.my-watchsite.fr\/blog\/wp-json\/wp\/v2\/users\/1"}],"replies":[{"embeddable":true,"href":"https:\/\/www.my-watchsite.fr\/blog\/wp-json\/wp\/v2\/comments?post=1646"}],"version-history":[{"count":0,"href":"https:\/\/www.my-watchsite.fr\/blog\/wp-json\/wp\/v2\/posts\/1646\/revisions"}],"wp:featuredmedia":[{"embeddable":true,"href":"https:\/\/www.my-watchsite.fr\/blog\/wp-json\/wp\/v2\/media\/1648"}],"wp:attachment":[{"href":"https:\/\/www.my-watchsite.fr\/blog\/wp-json\/wp\/v2\/media?parent=1646"}],"wp:term":[{"taxonomy":"category","embeddable":true,"href":"https:\/\/www.my-watchsite.fr\/blog\/wp-json\/wp\/v2\/categories?post=1646"},{"taxonomy":"post_tag","embeddable":true,"href":"https:\/\/www.my-watchsite.fr\/blog\/wp-json\/wp\/v2\/tags?post=1646"}],"curies":[{"name":"wp","href":"https:\/\/api.w.org\/{rel}","templated":true}]}}