{"id":17203,"date":"2021-10-19T16:04:51","date_gmt":"2021-10-19T14:04:51","guid":{"rendered":"https:\/\/www.my-watchsite.fr\/blog\/?p=17203"},"modified":"2021-10-22T16:54:48","modified_gmt":"2021-10-22T14:54:48","slug":"quand-le-double-c-se-dechaine","status":"publish","type":"post","link":"https:\/\/www.my-watchsite.fr\/blog\/quand-le-double-c-se-dechaine\/","title":{"rendered":"Quand le Double C se d\u00e9cha\u00eene."},"content":{"rendered":"\n<figure class=\"wp-block-embed is-type-video is-provider-youtube wp-block-embed-youtube wp-embed-aspect-16-9 wp-has-aspect-ratio\"><div class=\"wp-block-embed__wrapper\">\n<iframe loading=\"lazy\" title=\"Double C de Cartier: The new collection\" width=\"500\" height=\"281\" src=\"https:\/\/www.youtube.com\/embed\/210bnt3Hduc?feature=oembed\" frameborder=\"0\" allow=\"accelerometer; autoplay; clipboard-write; encrypted-media; gyroscope; picture-in-picture\" allowfullscreen><\/iframe>\n<\/div><\/figure>\n\n\n\n<h2 class=\"wp-block-heading\"><strong>Un sac Cartier d\u00e9cha\u00eene les foules<\/strong><\/h2>\n\n\n\n<p>Adopt\u00e9 par l\u2019actrice principale d\u2019<em>Emily in Paris<\/em>, cet indispensable accessoire tr\u00e8s citadin se pare d\u00e9sormais d\u2019une d\u00e9licate cha\u00eene dor\u00e9e. Port\u00e9e \u00e0 l\u2019\u00e9paule ou crois\u00e9e le long du corps, elle sophistique la silhouette et pimpe l\u2019allure.<\/p>\n\n\n\n<figure class=\"wp-block-image size-large\"><img decoding=\"async\" width=\"900\" height=\"640\" loading=\"lazy\" src=\"https:\/\/www.my-watchsite.fr\/blog\/wp-content\/uploads\/2021\/10\/cartier1.jpg\" alt=\"\" class=\"wp-image-17217\" \/><figcaption>Nouvelle ambassadrice de la maison Cartier, l&rsquo;actrice Lily Collins a d\u00e9j\u00e0 adopt\u00e9 ce grand classique  du vestiaire f\u00e9minin.<\/figcaption><\/figure>\n\n\n\n<p>Pens\u00e9 comme un bijou et fid\u00e8le aux codes identitaires de la Maison, ce d\u00e9tail qui fait toute la diff\u00e9rence, s\u2019invite sur deux Double C petit format &#8211; noir intense et rouge cerise &#8211; ainsi que sur cinq mini mod\u00e8les dont deux nouvelles teintes pop et givr\u00e9es.<\/p>\n\n\n\n<figure class=\"wp-block-image size-large\"><img decoding=\"async\" width=\"900\" height=\"640\" loading=\"lazy\" src=\"https:\/\/www.my-watchsite.fr\/blog\/wp-content\/uploads\/2021\/10\/cartier4.jpg\" alt=\"\" class=\"wp-image-17219\" \/><figcaption>Le Double C petit format en version rouge cerise.<\/figcaption><\/figure>\n\n\n\n<h2 class=\"wp-block-heading\"><strong>Le Double C de Cartier se met au vert\u2026 et au bleu.<\/strong><\/h2>\n\n\n\n<figure class=\"wp-block-image size-large\"><img decoding=\"async\" width=\"900\" height=\"640\" loading=\"lazy\" src=\"https:\/\/www.my-watchsite.fr\/blog\/wp-content\/uploads\/2021\/10\/cartier7.jpg\" alt=\"\" class=\"wp-image-17218\" \/><figcaption>Un sac cha\u00eene ultra f\u00e9minin qui inaugure le vert menthe et le bleu Capri, les deux nouvelles couleurs du Double C de Cartier.<\/figcaption><\/figure>\n\n\n\n<p>Noir, rouge cerise, rose poudr\u00e9 et fuchsia, le nouveau it-bag de Cartier est sans conteste d\u00e9clinable \u00e0 l\u2019infini (<a href=\"https:\/\/www.my-watchsite.fr\/blog\/le-sac-double-c-de-cartier\/\" target=\"_blank\" rel=\"noreferrer noopener\">lire notre article sur <em>le sac Double C de Cartier<\/em><\/a>). Cartier l\u2019a bien compris en proposant deux nouvelles nuances \u00e0 la fois douces et vives. La version vert menthe ou \u00ab&nbsp;mint&nbsp;\u00bb apporte style et coup d\u2019\u00e9clat \u00e0 une tenue sobre et \u00e9l\u00e9gante. C\u2019est aussi une des couleurs de cet automne que l\u2019on aimera associer volontiers \u00e0 une veste oversize, un jean slim et des sneakers bigarr\u00e9es. <\/p>\n\n\n\n<figure class=\"wp-block-image size-large\"><img decoding=\"async\" width=\"900\" height=\"640\" loading=\"lazy\" src=\"https:\/\/www.my-watchsite.fr\/blog\/wp-content\/uploads\/2021\/10\/cartiervert.jpg\" alt=\"\" class=\"wp-image-17228\" \/><figcaption>\u00c0 l&rsquo;image de tous les mod\u00e8les, la version vert menthe est orn\u00e9e d&rsquo;un fermoir bijou aux initiales de Cartier soulign\u00e9 d&rsquo;une touche de laque ton sur ton.<\/figcaption><\/figure>\n\n\n\n<p>Tandis que le bleu Capri nous renvoie \u00e0 nos tendres souvenirs d\u2019\u00e9t\u00e9 pour aborder l\u2019hiver en toute gaiet\u00e9. Il est aussi l\u2019alli\u00e9 parfait pour contraster avec les teintes chaudes de cette saison.<\/p>\n\n\n\n<h2 class=\"wp-block-heading\"><strong>Le luxe responsable chez Cartier<\/strong><\/h2>\n\n\n\n<figure class=\"wp-block-image size-large\"><img decoding=\"async\" width=\"900\" height=\"640\" loading=\"lazy\" src=\"https:\/\/www.my-watchsite.fr\/blog\/wp-content\/uploads\/2021\/10\/cartier5.jpg\" alt=\"\" class=\"wp-image-17220\" \/><figcaption>Le sac Double C illustre l&rsquo;engagement de Cartier dans la tra\u00e7abilit\u00e9 du cuir et ses liens \u00e9troits que la Maison entretient avec les fournisseurs de maroquinerie.<\/figcaption><\/figure>\n\n\n\n<p>Petit, ergonomique et ultra-minimaliste, ce sac signature s\u2019inscrit dans l\u2019approche responsable de Cartier qui s\u2019est donn\u00e9 les moyens d\u2019adopter des principes et des pratiques durables. En effet, l\u2019origine du cuir est une priorit\u00e9 pour la marque de luxe qui assure sa tra\u00e7abilit\u00e9 dans le respect des ressources humaines en s\u2019approvisionnant au sein m\u00eame de l\u2019Union Europ\u00e9enne.<\/p>\n\n\n\n<p><strong><a href=\"https:\/\/www.cartier.com\/fr-fr\/sac-chaine-petit-modele-double-c-de-cartier_cod20346390236443584.html#dept=EU_Bags-for-her\" target=\"_blank\" rel=\"noreferrer noopener\">Petit mod\u00e8le<\/a> \u2013 Disponible en noir et rouge cerise \u2013 2 800&nbsp;euros.<br><a href=\"https:\/\/www.cartier.com\/fr-fr\/sac-chaine-mini-modele-double-c-de-cartier_cod20346390236443581.html#dept=EU_Bags-for-her\" target=\"_blank\" rel=\"noreferrer noopener\">Mini mod\u00e8le <\/a>\u2013 Disponible en noir, rouge cerise, rose poudr\u00e9, vert menthe et bleu Capri \u2013 2&nbsp;500&nbsp;euros.<\/strong><\/p>\n\n\n\n<p><a href=\"https:\/\/www.cartier.com\/fr-fr\/sacs\/sacs-pour-elle\" target=\"_blank\" rel=\"noreferrer noopener\">www.cartier.com<\/a><\/p>\n\n\n\n<figure class=\"wp-block-embed is-type-wp-embed is-provider-mywatch-fr wp-block-embed-mywatch-fr\"><div class=\"wp-block-embed__wrapper\">\n<blockquote class=\"wp-embedded-content\" data-secret=\"p7bbs2AqTB\"><a href=\"https:\/\/www.my-watchsite.fr\/blog\/le-sac-double-c-de-cartier\/\">Le sac Double C de Cartier<\/a><\/blockquote><iframe class=\"wp-embedded-content\" sandbox=\"allow-scripts\" security=\"restricted\" style=\"position: absolute; clip: rect(1px, 1px, 1px, 1px);\" title=\"\u00ab\u00a0Le sac Double C de Cartier\u00a0\u00bb &#8212; MyWatch FR\" src=\"https:\/\/www.my-watchsite.fr\/blog\/le-sac-double-c-de-cartier\/embed\/#?secret=p7bbs2AqTB\" data-secret=\"p7bbs2AqTB\" width=\"500\" height=\"282\" frameborder=\"0\" marginwidth=\"0\" marginheight=\"0\" scrolling=\"no\"><\/iframe>\n<\/div><\/figure>\n\n\n\n<figure class=\"wp-block-embed is-type-wp-embed is-provider-mywatch-fr wp-block-embed-mywatch-fr\"><div class=\"wp-block-embed__wrapper\">\n<blockquote class=\"wp-embedded-content\" data-secret=\"zzG2HvPn5b\"><a href=\"https:\/\/www.my-watchsite.fr\/blog\/cartier-tank-solarbeat-pas-une-must-un-must\/\">Cartier Tank SolarBeat : pas une Must, un must !<\/a><\/blockquote><iframe class=\"wp-embedded-content\" sandbox=\"allow-scripts\" security=\"restricted\" style=\"position: absolute; clip: rect(1px, 1px, 1px, 1px);\" title=\"\u00ab\u00a0Cartier Tank SolarBeat : pas une Must, un must !\u00a0\u00bb &#8212; MyWatch FR\" src=\"https:\/\/www.my-watchsite.fr\/blog\/cartier-tank-solarbeat-pas-une-must-un-must\/embed\/#?secret=zzG2HvPn5b\" data-secret=\"zzG2HvPn5b\" width=\"500\" height=\"282\" frameborder=\"0\" marginwidth=\"0\" marginheight=\"0\" scrolling=\"no\"><\/iframe>\n<\/div><\/figure>\n","protected":false},"excerpt":{"rendered":"<p>En ao\u00fbt dernier, nous pr\u00e9disions un grand avenir pour le Double C de Cartier. Aujourd\u2019hui toute la modosph\u00e8re se l\u2019arrache. La maison de luxe surfe sur ce succ\u00e8s en proposant une nouvelle version sur cha\u00eene et deux couleurs in\u00e9dites avec pour ambassadrice la tr\u00e8s preppy Lily Collins.<\/p>\n","protected":false},"author":3,"featured_media":17248,"comment_status":"closed","ping_status":"closed","sticky":false,"template":"","format":"standard","meta":{"footnotes":""},"categories":[82],"tags":[5,206],"acf":[],"yoast_head":"<!-- This site is optimized with the Yoast SEO plugin v20.4 - https:\/\/yoast.com\/wordpress\/plugins\/seo\/ -->\n<title>Quand le Double C se d\u00e9cha\u00eene. - MyWatch FR<\/title>\n<meta name=\"description\" content=\"Imagin\u00e9 par Marlin Yuson, le sac Double C de Cartier se pare d&#039;une cha\u00eene bijou et de deux coloris, vert menthe et bleu Capri.\" \/>\n<meta name=\"robots\" content=\"index, follow, max-snippet:-1, max-image-preview:large, max-video-preview:-1\" \/>\n<link rel=\"canonical\" href=\"https:\/\/www.my-watchsite.fr\/blog\/quand-le-double-c-se-dechaine\/\" \/>\n<meta property=\"og:locale\" content=\"fr_FR\" \/>\n<meta property=\"og:type\" content=\"article\" \/>\n<meta property=\"og:title\" content=\"Quand le Double C se d\u00e9cha\u00eene. - MyWatch FR\" \/>\n<meta property=\"og:description\" content=\"Imagin\u00e9 par Marlin Yuson, le sac Double C de Cartier se pare d&#039;une cha\u00eene bijou et de deux coloris, vert menthe et bleu Capri.\" \/>\n<meta property=\"og:url\" content=\"https:\/\/www.my-watchsite.fr\/blog\/quand-le-double-c-se-dechaine\/\" \/>\n<meta property=\"og:site_name\" content=\"MyWatch FR\" \/>\n<meta property=\"article:publisher\" content=\"https:\/\/www.facebook.com\/mywatchsite\/\" \/>\n<meta property=\"article:published_time\" content=\"2021-10-19T14:04:51+00:00\" \/>\n<meta property=\"article:modified_time\" content=\"2021-10-22T14:54:48+00:00\" \/>\n<meta property=\"og:image\" content=\"https:\/\/www.my-watchsite.fr\/blog\/wp-content\/uploads\/2021\/10\/doubleccartierhomepage1.jpg\" \/>\n\t<meta property=\"og:image:width\" content=\"750\" \/>\n\t<meta property=\"og:image:height\" content=\"465\" \/>\n\t<meta property=\"og:image:type\" content=\"image\/jpeg\" \/>\n<meta name=\"author\" content=\"Chlo\u00e9 Redler\" \/>\n<meta name=\"twitter:card\" content=\"summary_large_image\" \/>\n<meta name=\"twitter:creator\" content=\"@mywatchsite\" \/>\n<meta name=\"twitter:site\" content=\"@mywatchsite\" \/>\n<meta name=\"twitter:label1\" content=\"\u00c9crit par\" \/>\n\t<meta name=\"twitter:data1\" content=\"Chlo\u00e9 Redler\" \/>\n\t<meta name=\"twitter:label2\" content=\"Dur\u00e9e de lecture estim\u00e9e\" \/>\n\t<meta name=\"twitter:data2\" content=\"3 minutes\" \/>\n<script type=\"application\/ld+json\" class=\"yoast-schema-graph\">{\"@context\":\"https:\/\/schema.org\",\"@graph\":[{\"@type\":\"WebPage\",\"@id\":\"https:\/\/www.my-watchsite.fr\/blog\/quand-le-double-c-se-dechaine\/\",\"url\":\"https:\/\/www.my-watchsite.fr\/blog\/quand-le-double-c-se-dechaine\/\",\"name\":\"Quand le Double C se d\u00e9cha\u00eene. - MyWatch FR\",\"isPartOf\":{\"@id\":\"https:\/\/www.my-watchsite.fr\/blog\/#website\"},\"datePublished\":\"2021-10-19T14:04:51+00:00\",\"dateModified\":\"2021-10-22T14:54:48+00:00\",\"author\":{\"@id\":\"https:\/\/www.my-watchsite.fr\/blog\/#\/schema\/person\/d0a71aaf376997c19bcc32876032e616\"},\"description\":\"Imagin\u00e9 par Marlin Yuson, le sac Double C de Cartier se pare d'une cha\u00eene bijou et de deux coloris, vert menthe et bleu Capri.\",\"breadcrumb\":{\"@id\":\"https:\/\/www.my-watchsite.fr\/blog\/quand-le-double-c-se-dechaine\/#breadcrumb\"},\"inLanguage\":\"fr-FR\",\"potentialAction\":[{\"@type\":\"ReadAction\",\"target\":[\"https:\/\/www.my-watchsite.fr\/blog\/quand-le-double-c-se-dechaine\/\"]}]},{\"@type\":\"BreadcrumbList\",\"@id\":\"https:\/\/www.my-watchsite.fr\/blog\/quand-le-double-c-se-dechaine\/#breadcrumb\",\"itemListElement\":[{\"@type\":\"ListItem\",\"position\":1,\"name\":\"Accueil\",\"item\":\"https:\/\/www.my-watchsite.fr\/blog\/\"},{\"@type\":\"ListItem\",\"position\":2,\"name\":\"Quand le Double C se d\u00e9cha\u00eene.\"}]},{\"@type\":\"WebSite\",\"@id\":\"https:\/\/www.my-watchsite.fr\/blog\/#website\",\"url\":\"https:\/\/www.my-watchsite.fr\/blog\/\",\"name\":\"MyWatch FR\",\"description\":\"Make Time a Lifestyle\",\"potentialAction\":[{\"@type\":\"SearchAction\",\"target\":{\"@type\":\"EntryPoint\",\"urlTemplate\":\"https:\/\/www.my-watchsite.fr\/blog\/?s={search_term_string}\"},\"query-input\":\"required name=search_term_string\"}],\"inLanguage\":\"fr-FR\"},{\"@type\":\"Person\",\"@id\":\"https:\/\/www.my-watchsite.fr\/blog\/#\/schema\/person\/d0a71aaf376997c19bcc32876032e616\",\"name\":\"Chlo\u00e9 Redler\",\"image\":{\"@type\":\"ImageObject\",\"inLanguage\":\"fr-FR\",\"@id\":\"https:\/\/www.my-watchsite.fr\/blog\/#\/schema\/person\/image\/\",\"url\":\"https:\/\/secure.gravatar.com\/avatar\/68b11128a6aeda527d5c85fdfe99d5ab?s=96&d=mm&r=g\",\"contentUrl\":\"https:\/\/secure.gravatar.com\/avatar\/68b11128a6aeda527d5c85fdfe99d5ab?s=96&d=mm&r=g\",\"caption\":\"Chlo\u00e9 Redler\"}}]}<\/script>\n<!-- \/ Yoast SEO plugin. -->","yoast_head_json":{"title":"Quand le Double C se d\u00e9cha\u00eene. - MyWatch FR","description":"Imagin\u00e9 par Marlin Yuson, le sac Double C de Cartier se pare d'une cha\u00eene bijou et de deux coloris, vert menthe et bleu Capri.","robots":{"index":"index","follow":"follow","max-snippet":"max-snippet:-1","max-image-preview":"max-image-preview:large","max-video-preview":"max-video-preview:-1"},"canonical":"https:\/\/www.my-watchsite.fr\/blog\/quand-le-double-c-se-dechaine\/","og_locale":"fr_FR","og_type":"article","og_title":"Quand le Double C se d\u00e9cha\u00eene. - MyWatch FR","og_description":"Imagin\u00e9 par Marlin Yuson, le sac Double C de Cartier se pare d'une cha\u00eene bijou et de deux coloris, vert menthe et bleu Capri.","og_url":"https:\/\/www.my-watchsite.fr\/blog\/quand-le-double-c-se-dechaine\/","og_site_name":"MyWatch FR","article_publisher":"https:\/\/www.facebook.com\/mywatchsite\/","article_published_time":"2021-10-19T14:04:51+00:00","article_modified_time":"2021-10-22T14:54:48+00:00","og_image":[{"width":750,"height":465,"url":"https:\/\/www.my-watchsite.fr\/blog\/wp-content\/uploads\/2021\/10\/doubleccartierhomepage1.jpg","type":"image\/jpeg"}],"author":"Chlo\u00e9 Redler","twitter_card":"summary_large_image","twitter_creator":"@mywatchsite","twitter_site":"@mywatchsite","twitter_misc":{"\u00c9crit par":"Chlo\u00e9 Redler","Dur\u00e9e de lecture estim\u00e9e":"3 minutes"},"schema":{"@context":"https:\/\/schema.org","@graph":[{"@type":"WebPage","@id":"https:\/\/www.my-watchsite.fr\/blog\/quand-le-double-c-se-dechaine\/","url":"https:\/\/www.my-watchsite.fr\/blog\/quand-le-double-c-se-dechaine\/","name":"Quand le Double C se d\u00e9cha\u00eene. - MyWatch FR","isPartOf":{"@id":"https:\/\/www.my-watchsite.fr\/blog\/#website"},"datePublished":"2021-10-19T14:04:51+00:00","dateModified":"2021-10-22T14:54:48+00:00","author":{"@id":"https:\/\/www.my-watchsite.fr\/blog\/#\/schema\/person\/d0a71aaf376997c19bcc32876032e616"},"description":"Imagin\u00e9 par Marlin Yuson, le sac Double C de Cartier se pare d'une cha\u00eene bijou et de deux coloris, vert menthe et bleu Capri.","breadcrumb":{"@id":"https:\/\/www.my-watchsite.fr\/blog\/quand-le-double-c-se-dechaine\/#breadcrumb"},"inLanguage":"fr-FR","potentialAction":[{"@type":"ReadAction","target":["https:\/\/www.my-watchsite.fr\/blog\/quand-le-double-c-se-dechaine\/"]}]},{"@type":"BreadcrumbList","@id":"https:\/\/www.my-watchsite.fr\/blog\/quand-le-double-c-se-dechaine\/#breadcrumb","itemListElement":[{"@type":"ListItem","position":1,"name":"Accueil","item":"https:\/\/www.my-watchsite.fr\/blog\/"},{"@type":"ListItem","position":2,"name":"Quand le Double C se d\u00e9cha\u00eene."}]},{"@type":"WebSite","@id":"https:\/\/www.my-watchsite.fr\/blog\/#website","url":"https:\/\/www.my-watchsite.fr\/blog\/","name":"MyWatch FR","description":"Make Time a Lifestyle","potentialAction":[{"@type":"SearchAction","target":{"@type":"EntryPoint","urlTemplate":"https:\/\/www.my-watchsite.fr\/blog\/?s={search_term_string}"},"query-input":"required name=search_term_string"}],"inLanguage":"fr-FR"},{"@type":"Person","@id":"https:\/\/www.my-watchsite.fr\/blog\/#\/schema\/person\/d0a71aaf376997c19bcc32876032e616","name":"Chlo\u00e9 Redler","image":{"@type":"ImageObject","inLanguage":"fr-FR","@id":"https:\/\/www.my-watchsite.fr\/blog\/#\/schema\/person\/image\/","url":"https:\/\/secure.gravatar.com\/avatar\/68b11128a6aeda527d5c85fdfe99d5ab?s=96&d=mm&r=g","contentUrl":"https:\/\/secure.gravatar.com\/avatar\/68b11128a6aeda527d5c85fdfe99d5ab?s=96&d=mm&r=g","caption":"Chlo\u00e9 Redler"}}]}},"_links":{"self":[{"href":"https:\/\/www.my-watchsite.fr\/blog\/wp-json\/wp\/v2\/posts\/17203"}],"collection":[{"href":"https:\/\/www.my-watchsite.fr\/blog\/wp-json\/wp\/v2\/posts"}],"about":[{"href":"https:\/\/www.my-watchsite.fr\/blog\/wp-json\/wp\/v2\/types\/post"}],"author":[{"embeddable":true,"href":"https:\/\/www.my-watchsite.fr\/blog\/wp-json\/wp\/v2\/users\/3"}],"replies":[{"embeddable":true,"href":"https:\/\/www.my-watchsite.fr\/blog\/wp-json\/wp\/v2\/comments?post=17203"}],"version-history":[{"count":35,"href":"https:\/\/www.my-watchsite.fr\/blog\/wp-json\/wp\/v2\/posts\/17203\/revisions"}],"predecessor-version":[{"id":17260,"href":"https:\/\/www.my-watchsite.fr\/blog\/wp-json\/wp\/v2\/posts\/17203\/revisions\/17260"}],"wp:featuredmedia":[{"embeddable":true,"href":"https:\/\/www.my-watchsite.fr\/blog\/wp-json\/wp\/v2\/media\/17248"}],"wp:attachment":[{"href":"https:\/\/www.my-watchsite.fr\/blog\/wp-json\/wp\/v2\/media?parent=17203"}],"wp:term":[{"taxonomy":"category","embeddable":true,"href":"https:\/\/www.my-watchsite.fr\/blog\/wp-json\/wp\/v2\/categories?post=17203"},{"taxonomy":"post_tag","embeddable":true,"href":"https:\/\/www.my-watchsite.fr\/blog\/wp-json\/wp\/v2\/tags?post=17203"}],"curies":[{"name":"wp","href":"https:\/\/api.w.org\/{rel}","templated":true}]}}