{"id":1729,"date":"2013-03-20T00:00:00","date_gmt":"2013-03-19T23:00:00","guid":{"rendered":"https:\/\/www.my-watchsite.fr\/blog\/blog\/ines-sastre-ambassadrice-de-loeuvre-caritative-de-frederique-constant-n464\/"},"modified":"2013-03-20T00:00:00","modified_gmt":"2013-03-19T23:00:00","slug":"ines-sastre-ambassadrice-de-loeuvre-caritative-de-frederique-constant-n464","status":"publish","type":"post","link":"https:\/\/www.my-watchsite.fr\/blog\/ines-sastre-ambassadrice-de-loeuvre-caritative-de-frederique-constant-n464\/","title":{"rendered":"In\u00e8s Sastre, ambassadrice de l&rsquo;oeuvre caritative de Fr\u00e9d\u00e9rique Constant"},"content":{"rendered":"<div>Concr\u00e8tement, <strong>In\u00e9s Sastre<\/strong> \u2013 mannequin et actrice mondialement connue, repr\u00e9sentante de l\u2019UNICEF &#8211; jouera un r\u00f4le majeur dans le soutien qu\u2019apporte Fr\u00e9d\u00e9rique Constant \u00e0 la F\u00e9d\u00e9ration mondiale du C\u0153ur pour la campagne \u00ab Le C\u0153ur des enfants \u00bb. Dans cette perspective, le fabricant suisse de montres d\u00e9voilera, au salon mondial de l\u2019Horlogerie \u00e0 B\u00e2le, une <strong>collection \u00ab World Heart Federation \u00bb<\/strong>. 100 montres seront offertes en dons aux organisations membres de la F\u00e9d\u00e9ration mondiale du Coeur pour soutenir leurs actions visant \u00e0 pr\u00e9venir les maladies cardiovasculaires chez les femmes et les enfants du monde entier.<\/p>\n<p><strong>Une collection de montres f\u00e9minines d\u00e9di\u00e9es \u00e0 la \u00ab F\u00e9d\u00e9ration mondiale du C\u0153ur \u00bb <\/strong><\/p>\n<p>Pour soutenir la F\u00e9d\u00e9ration Mondiale du c\u0153ur dans sa campagne\u00ab Le Coeur des enfants \u00bb, la manufacture horlog\u00e8re Fr\u00e9d\u00e9rique Constant a con\u00e7u une collection de <strong>montres automatiques<\/strong> compos\u00e9e de quatre mod\u00e8les uniques. S\u2019adaptant parfaitement aux poignets les plus d\u00e9licats, un gracieux bo\u00eetierde<strong> 34 mm<\/strong>, disponible en <strong>acier<\/strong> ou <strong>plaqu\u00e9 or rose<\/strong>, met en lumi\u00e8re un cadran travaill\u00e9 dans les moindres d\u00e9tails : cercl\u00e9 d\u2019un anneau de nacre ponctu\u00e9 de huit index diamants, il r\u00e9v\u00e8le en son centre le logo de la F\u00e9d\u00e9ration mondiale du C\u0153ur, discr\u00e8tement d\u00e9multipli\u00e9 pour un effet des plus visuels. Positionn\u00e9 \u00e0 douze heures, <strong>une<\/strong><strong>ouverture Double Heart Beat<\/strong> laisse entrevoir le c\u0153ur battant de la montre faisant virevolter, au rythme du temps qui passe, des aiguilles au charme classique. Epur\u00e9s ou dot\u00e9s d\u2019une lunette sertie de 48 diamants, ces mod\u00e8les poursuivent leur offensive de charme avec des bracelets dont la doublure int\u00e9rieure affiche une teinte rouge passion\u2026 signe de reconnaissance unissant les porteuses de ces pr\u00e9cieux garde-temps.<\/p>\n<p>Anim\u00e9es par le <strong>mouvement automatique FC-310<\/strong>, ces montres permettent d\u2019admirer, par le fond de bo\u00eetier transparent, le rotor unique plaqu\u00e9 \u00e0 l\u2019or rose, d\u00e9licatement grav\u00e9 du logo de la F\u00e9d\u00e9ration mondiale du C\u0153ur, l\u2019ornement sp\u00e9cial \u00ab Le C\u0153ur des enfants \u00bb et des ponts en rayons de soleil.<\/p>\n<p>Lov\u00e9es dans un <strong>coffret en forme de c\u0153ur<\/strong> sp\u00e9cialement con\u00e7u pour la F\u00e9d\u00e9ration Mondiale du C\u0153ur, ces amours de montres ach\u00e8veront de conqu\u00e9rir les femmes ayant \u00e0 c\u0153ur de lutter contre les maladies cardiovasculaires.<\/p>\n<p><strong>La cause est juste, le besoin est grand <\/strong><\/p>\n<p>Fr\u00e9d\u00e9rique Constant est fi\u00e8re de soutenir la F\u00e9d\u00e9ration mondiale du Coeur dans son combat contre les maladies cardiovasculaires, comme les maladies cardiaques et les attaques, premi\u00e8re cause de mortalit\u00e9 au monde. Ce partenariat est un engagement commun en faveur de la sensibilisation mondiale, et se concentre sur les femmes et les enfants, qui sont les populations les plus vuln\u00e9rables.<em>Nous avons \u00e0 coeur d\u2019informer les gens sur leurs risques et d\u2019aider \u00e0 \u00e9viter les millions de d\u00e9c\u00e8s inutiles se produisant chaque ann\u00e9e. En unissant nos efforts, nous pourrons permettre aux familles de passer plus de temps ensemble.<\/em><\/p>\n<p>En plus des 50 000 dollars dont la marque Fr\u00e9d\u00e9rique Constant a fait don en septembre 2012 lors de la Journ\u00e9e mondiale du C\u0153ur \u00e0 Los Angeles, <em>nous sommes aujourd\u2019hui impatients de travailler en collaboration avec In\u00e9s et la F\u00e9d\u00e9ration mondiale du Coeur pour la campagne \u00ab Le Coeur des enfants \u00bb. Les maladies cardiaques tuent une personne toutes les deux secondes, mais \u00e0 travers des activit\u00e9s de sensibilisation et d\u2019\u00e9ducation, nous esp\u00e9rons g\u00e9n\u00e9rer un impact positif dans la bataille contre les maladies cardiovasculaires.<\/em><\/p>\n<p><strong>\u00c0 propos d\u2019In\u00e9s Sastre <\/strong><\/p>\n<p>In\u00e9s Sastre n\u2019est pas \u00e9trang\u00e8re aux bonnes causes. N\u00e9e en novembre 1973 \u00e0 Valladolid, en Espagne, In\u00e9s \u00e9tait destin\u00e9e \u00e0 devenir un top mod\u00e8le en remportant le concours \u00ab Look de l\u2019ann\u00e9e \u00bb organis\u00e9 par l\u2019agence Elite Model en 1989, puis le troph\u00e9e de la beaut\u00e9 aux Prix de la mode (Fashion Awards) \u00e0 Paris en 1997. Toutefois, elle s\u2019int\u00e9resse davantage \u00e0 son \u00e9ducation et \u00e0 sa carri\u00e8re d\u2019actrice et \u00e0 l\u2019\u00e2ge de 15 ans, elle obtient un r\u00f4le dans le film \u00ab El Dorado \u00bb de Carlos Saura..<\/p>\n<p><strong>A propos de la F\u00e9d\u00e9ration Mondiale du C\u0153ur<\/strong><\/p>\n<p>La F\u00e9d\u00e9ration Mondiale du C\u0153ur dirige le combat global contre les maladies du c\u0153ur et les accidents vasculaires c\u00e9r\u00e9braux, avec une attention particuli\u00e8re pour les pays \u00e0 faibles et moyens revenus via une communaut\u00e9 unie de plus de 200 associations membres. Avec ses membres, la FMC travaille \u00e0 un engagement global pour \u00e9lever la sant\u00e9 cardiovasculaire au niveau politique, g\u00e9n\u00e8re et \u00e9change des id\u00e9es, partage les meilleures pratiques, fait avancer la connaissance scientifique et promeut le transfert\/partage des connaissances pour contrer les maladies cardiovasculaires, plus grandes causes de d\u00e9c\u00e8s au monde.<\/p>\n<p><strong>A propos de Fr\u00e9d\u00e9rique Constant <\/strong><\/p>\n<p>Fond\u00e9e en 1988 et dirig\u00e9e avec passion par Aletta et Peter Stas, Fr\u00e9d\u00e9rique Constant s\u2019est d\u00e9velopp\u00e9e parmi les plus grandes manufactures horlog\u00e8res Suisse. En 2012, la production annuelle a atteint 120 000 montres, distribu\u00e9es dans 2 700 points de vente \u00e0 travers plus de 100 pays dans le monde. Fr\u00e9d\u00e9rique Constant se positionne dans le segment du luxe accessible, avec un prix de vente compris entre 800 \u20ac et 4 000 \u20ac pour la plupart de ses montres. L\u2019entreprise pr\u00e9voit d\u2019atteindre une croissance annuelle de 25%, en doublant sa taille tous les 3 ans.<\/p><\/div>\n<ul>\n<li><img decoding=\"async\" src=\"https:\/\/www.my-watchsite.fr\/blog\/wp-content\/uploads\/2020\/08\/464_1241.jpg\" alt=\"In\u00e8s Sastre, ambassadrice de l'oeuvre caritative de Fr\u00e9d\u00e9rique Constant, et l'une des montres de la collection d\u00e9di\u00e9e \u00e0 la F\u00e9d\u00e9ration mondiale du Coeur.\" \/><\/li>\n<li><img decoding=\"async\" src=\"https:\/\/www.my-watchsite.fr\/blog\/wp-content\/uploads\/2020\/08\/464_1242.jpg\" alt=\"Montre femme automatique World Heart Federation de Fr\u00e9d\u00e9rique Constant.\" \/><\/li>\n<li><img decoding=\"async\" src=\"https:\/\/www.my-watchsite.fr\/blog\/wp-content\/uploads\/2020\/08\/464_1243.jpg\" alt=\"Montre femme automatique World Heart Federation de Fr\u00e9d\u00e9rique Constant.\" \/><\/li>\n<li><img decoding=\"async\" src=\"https:\/\/www.my-watchsite.fr\/blog\/wp-content\/uploads\/2020\/08\/464_1244.jpg\" alt=\"Montre femme automatique World Heart Federation de Fr\u00e9d\u00e9rique Constant.\" \/><\/li>\n<\/ul>\n","protected":false},"excerpt":{"rendered":"<p>Concr\u00e8tement, In\u00e9s Sastre \u2013 mannequin et actrice mondialement connue, repr\u00e9sentante de l\u2019UNICEF &#8211; jouera un r\u00f4le majeur dans le soutien qu\u2019apporte Fr\u00e9d\u00e9rique Constant \u00e0 la F\u00e9d\u00e9ration mondiale du C\u0153ur pour la campagne \u00ab Le C\u0153ur des enfants \u00bb. Dans cette perspective, le fabricant suisse de montres d\u00e9voilera, au salon mondial de l\u2019Horlogerie \u00e0 B\u00e2le, une [&hellip;]<\/p>\n","protected":false},"author":1,"featured_media":1734,"comment_status":"closed","ping_status":"closed","sticky":false,"template":"","format":"standard","meta":{"footnotes":""},"categories":[2],"tags":[58],"acf":[],"yoast_head":"<!-- This site is optimized with the Yoast SEO plugin v20.4 - https:\/\/yoast.com\/wordpress\/plugins\/seo\/ -->\n<title>In\u00e8s Sastre, ambassadrice de l&#039;oeuvre caritative de Fr\u00e9d\u00e9rique Constant - MyWatch FR<\/title>\n<meta name=\"robots\" content=\"index, follow, max-snippet:-1, max-image-preview:large, max-video-preview:-1\" \/>\n<link rel=\"canonical\" href=\"https:\/\/www.my-watchsite.fr\/blog\/ines-sastre-ambassadrice-de-loeuvre-caritative-de-frederique-constant-n464\/\" \/>\n<meta property=\"og:locale\" content=\"fr_FR\" \/>\n<meta property=\"og:type\" content=\"article\" \/>\n<meta property=\"og:title\" content=\"In\u00e8s Sastre, ambassadrice de l&#039;oeuvre caritative de Fr\u00e9d\u00e9rique Constant - MyWatch FR\" \/>\n<meta property=\"og:description\" content=\"Concr\u00e8tement, In\u00e9s Sastre \u2013 mannequin et actrice mondialement connue, repr\u00e9sentante de l\u2019UNICEF &#8211; jouera un r\u00f4le majeur dans le soutien qu\u2019apporte Fr\u00e9d\u00e9rique Constant \u00e0 la F\u00e9d\u00e9ration mondiale du C\u0153ur pour la campagne \u00ab Le C\u0153ur des enfants \u00bb. Dans cette perspective, le fabricant suisse de montres d\u00e9voilera, au salon mondial de l\u2019Horlogerie \u00e0 B\u00e2le, une [&hellip;]\" \/>\n<meta property=\"og:url\" content=\"https:\/\/www.my-watchsite.fr\/blog\/ines-sastre-ambassadrice-de-loeuvre-caritative-de-frederique-constant-n464\/\" \/>\n<meta property=\"og:site_name\" content=\"MyWatch FR\" \/>\n<meta property=\"article:publisher\" content=\"https:\/\/www.facebook.com\/mywatchsite\/\" \/>\n<meta property=\"article:published_time\" content=\"2013-03-19T23:00:00+00:00\" \/>\n<meta property=\"og:image\" content=\"https:\/\/www.my-watchsite.fr\/blog\/wp-content\/uploads\/2020\/08\/thumb_464.jpg\" \/>\n\t<meta property=\"og:image:width\" content=\"654\" \/>\n\t<meta property=\"og:image:height\" content=\"435\" \/>\n\t<meta property=\"og:image:type\" content=\"image\/jpeg\" \/>\n<meta name=\"author\" content=\"MyWatch\" \/>\n<meta name=\"twitter:card\" content=\"summary_large_image\" \/>\n<meta name=\"twitter:creator\" content=\"@mywatchsite\" \/>\n<meta name=\"twitter:site\" content=\"@mywatchsite\" \/>\n<meta name=\"twitter:label1\" content=\"\u00c9crit par\" \/>\n\t<meta name=\"twitter:data1\" content=\"MyWatch\" \/>\n\t<meta name=\"twitter:label2\" content=\"Dur\u00e9e de lecture estim\u00e9e\" \/>\n\t<meta name=\"twitter:data2\" content=\"5 minutes\" \/>\n<script type=\"application\/ld+json\" class=\"yoast-schema-graph\">{\"@context\":\"https:\/\/schema.org\",\"@graph\":[{\"@type\":\"WebPage\",\"@id\":\"https:\/\/www.my-watchsite.fr\/blog\/ines-sastre-ambassadrice-de-loeuvre-caritative-de-frederique-constant-n464\/\",\"url\":\"https:\/\/www.my-watchsite.fr\/blog\/ines-sastre-ambassadrice-de-loeuvre-caritative-de-frederique-constant-n464\/\",\"name\":\"In\u00e8s Sastre, ambassadrice de l'oeuvre caritative de Fr\u00e9d\u00e9rique Constant - MyWatch FR\",\"isPartOf\":{\"@id\":\"https:\/\/www.my-watchsite.fr\/blog\/#website\"},\"datePublished\":\"2013-03-19T23:00:00+00:00\",\"dateModified\":\"2013-03-19T23:00:00+00:00\",\"author\":{\"@id\":\"https:\/\/www.my-watchsite.fr\/blog\/#\/schema\/person\/67e19b3e3d014465042ff1be1c9fcf44\"},\"breadcrumb\":{\"@id\":\"https:\/\/www.my-watchsite.fr\/blog\/ines-sastre-ambassadrice-de-loeuvre-caritative-de-frederique-constant-n464\/#breadcrumb\"},\"inLanguage\":\"fr-FR\",\"potentialAction\":[{\"@type\":\"ReadAction\",\"target\":[\"https:\/\/www.my-watchsite.fr\/blog\/ines-sastre-ambassadrice-de-loeuvre-caritative-de-frederique-constant-n464\/\"]}]},{\"@type\":\"BreadcrumbList\",\"@id\":\"https:\/\/www.my-watchsite.fr\/blog\/ines-sastre-ambassadrice-de-loeuvre-caritative-de-frederique-constant-n464\/#breadcrumb\",\"itemListElement\":[{\"@type\":\"ListItem\",\"position\":1,\"name\":\"Accueil\",\"item\":\"https:\/\/www.my-watchsite.fr\/blog\/\"},{\"@type\":\"ListItem\",\"position\":2,\"name\":\"In\u00e8s Sastre, ambassadrice de l&rsquo;oeuvre caritative de Fr\u00e9d\u00e9rique Constant\"}]},{\"@type\":\"WebSite\",\"@id\":\"https:\/\/www.my-watchsite.fr\/blog\/#website\",\"url\":\"https:\/\/www.my-watchsite.fr\/blog\/\",\"name\":\"MyWatch FR\",\"description\":\"Make Time a Lifestyle\",\"potentialAction\":[{\"@type\":\"SearchAction\",\"target\":{\"@type\":\"EntryPoint\",\"urlTemplate\":\"https:\/\/www.my-watchsite.fr\/blog\/?s={search_term_string}\"},\"query-input\":\"required name=search_term_string\"}],\"inLanguage\":\"fr-FR\"},{\"@type\":\"Person\",\"@id\":\"https:\/\/www.my-watchsite.fr\/blog\/#\/schema\/person\/67e19b3e3d014465042ff1be1c9fcf44\",\"name\":\"MyWatch\",\"image\":{\"@type\":\"ImageObject\",\"inLanguage\":\"fr-FR\",\"@id\":\"https:\/\/www.my-watchsite.fr\/blog\/#\/schema\/person\/image\/\",\"url\":\"https:\/\/secure.gravatar.com\/avatar\/e52d1e94806c54826c863f554ca1dd2a?s=96&d=mm&r=g\",\"contentUrl\":\"https:\/\/secure.gravatar.com\/avatar\/e52d1e94806c54826c863f554ca1dd2a?s=96&d=mm&r=g\",\"caption\":\"MyWatch\"},\"sameAs\":[\"https:\/\/www.my-watchsite.fr\/blog\"]}]}<\/script>\n<!-- \/ Yoast SEO plugin. -->","yoast_head_json":{"title":"In\u00e8s Sastre, ambassadrice de l'oeuvre caritative de Fr\u00e9d\u00e9rique Constant - MyWatch FR","robots":{"index":"index","follow":"follow","max-snippet":"max-snippet:-1","max-image-preview":"max-image-preview:large","max-video-preview":"max-video-preview:-1"},"canonical":"https:\/\/www.my-watchsite.fr\/blog\/ines-sastre-ambassadrice-de-loeuvre-caritative-de-frederique-constant-n464\/","og_locale":"fr_FR","og_type":"article","og_title":"In\u00e8s Sastre, ambassadrice de l'oeuvre caritative de Fr\u00e9d\u00e9rique Constant - MyWatch FR","og_description":"Concr\u00e8tement, In\u00e9s Sastre \u2013 mannequin et actrice mondialement connue, repr\u00e9sentante de l\u2019UNICEF &#8211; jouera un r\u00f4le majeur dans le soutien qu\u2019apporte Fr\u00e9d\u00e9rique Constant \u00e0 la F\u00e9d\u00e9ration mondiale du C\u0153ur pour la campagne \u00ab Le C\u0153ur des enfants \u00bb. Dans cette perspective, le fabricant suisse de montres d\u00e9voilera, au salon mondial de l\u2019Horlogerie \u00e0 B\u00e2le, une [&hellip;]","og_url":"https:\/\/www.my-watchsite.fr\/blog\/ines-sastre-ambassadrice-de-loeuvre-caritative-de-frederique-constant-n464\/","og_site_name":"MyWatch FR","article_publisher":"https:\/\/www.facebook.com\/mywatchsite\/","article_published_time":"2013-03-19T23:00:00+00:00","og_image":[{"width":654,"height":435,"url":"https:\/\/www.my-watchsite.fr\/blog\/wp-content\/uploads\/2020\/08\/thumb_464.jpg","type":"image\/jpeg"}],"author":"MyWatch","twitter_card":"summary_large_image","twitter_creator":"@mywatchsite","twitter_site":"@mywatchsite","twitter_misc":{"\u00c9crit par":"MyWatch","Dur\u00e9e de lecture estim\u00e9e":"5 minutes"},"schema":{"@context":"https:\/\/schema.org","@graph":[{"@type":"WebPage","@id":"https:\/\/www.my-watchsite.fr\/blog\/ines-sastre-ambassadrice-de-loeuvre-caritative-de-frederique-constant-n464\/","url":"https:\/\/www.my-watchsite.fr\/blog\/ines-sastre-ambassadrice-de-loeuvre-caritative-de-frederique-constant-n464\/","name":"In\u00e8s Sastre, ambassadrice de l'oeuvre caritative de Fr\u00e9d\u00e9rique Constant - MyWatch FR","isPartOf":{"@id":"https:\/\/www.my-watchsite.fr\/blog\/#website"},"datePublished":"2013-03-19T23:00:00+00:00","dateModified":"2013-03-19T23:00:00+00:00","author":{"@id":"https:\/\/www.my-watchsite.fr\/blog\/#\/schema\/person\/67e19b3e3d014465042ff1be1c9fcf44"},"breadcrumb":{"@id":"https:\/\/www.my-watchsite.fr\/blog\/ines-sastre-ambassadrice-de-loeuvre-caritative-de-frederique-constant-n464\/#breadcrumb"},"inLanguage":"fr-FR","potentialAction":[{"@type":"ReadAction","target":["https:\/\/www.my-watchsite.fr\/blog\/ines-sastre-ambassadrice-de-loeuvre-caritative-de-frederique-constant-n464\/"]}]},{"@type":"BreadcrumbList","@id":"https:\/\/www.my-watchsite.fr\/blog\/ines-sastre-ambassadrice-de-loeuvre-caritative-de-frederique-constant-n464\/#breadcrumb","itemListElement":[{"@type":"ListItem","position":1,"name":"Accueil","item":"https:\/\/www.my-watchsite.fr\/blog\/"},{"@type":"ListItem","position":2,"name":"In\u00e8s Sastre, ambassadrice de l&rsquo;oeuvre caritative de Fr\u00e9d\u00e9rique Constant"}]},{"@type":"WebSite","@id":"https:\/\/www.my-watchsite.fr\/blog\/#website","url":"https:\/\/www.my-watchsite.fr\/blog\/","name":"MyWatch FR","description":"Make Time a Lifestyle","potentialAction":[{"@type":"SearchAction","target":{"@type":"EntryPoint","urlTemplate":"https:\/\/www.my-watchsite.fr\/blog\/?s={search_term_string}"},"query-input":"required name=search_term_string"}],"inLanguage":"fr-FR"},{"@type":"Person","@id":"https:\/\/www.my-watchsite.fr\/blog\/#\/schema\/person\/67e19b3e3d014465042ff1be1c9fcf44","name":"MyWatch","image":{"@type":"ImageObject","inLanguage":"fr-FR","@id":"https:\/\/www.my-watchsite.fr\/blog\/#\/schema\/person\/image\/","url":"https:\/\/secure.gravatar.com\/avatar\/e52d1e94806c54826c863f554ca1dd2a?s=96&d=mm&r=g","contentUrl":"https:\/\/secure.gravatar.com\/avatar\/e52d1e94806c54826c863f554ca1dd2a?s=96&d=mm&r=g","caption":"MyWatch"},"sameAs":["https:\/\/www.my-watchsite.fr\/blog"]}]}},"_links":{"self":[{"href":"https:\/\/www.my-watchsite.fr\/blog\/wp-json\/wp\/v2\/posts\/1729"}],"collection":[{"href":"https:\/\/www.my-watchsite.fr\/blog\/wp-json\/wp\/v2\/posts"}],"about":[{"href":"https:\/\/www.my-watchsite.fr\/blog\/wp-json\/wp\/v2\/types\/post"}],"author":[{"embeddable":true,"href":"https:\/\/www.my-watchsite.fr\/blog\/wp-json\/wp\/v2\/users\/1"}],"replies":[{"embeddable":true,"href":"https:\/\/www.my-watchsite.fr\/blog\/wp-json\/wp\/v2\/comments?post=1729"}],"version-history":[{"count":0,"href":"https:\/\/www.my-watchsite.fr\/blog\/wp-json\/wp\/v2\/posts\/1729\/revisions"}],"wp:featuredmedia":[{"embeddable":true,"href":"https:\/\/www.my-watchsite.fr\/blog\/wp-json\/wp\/v2\/media\/1734"}],"wp:attachment":[{"href":"https:\/\/www.my-watchsite.fr\/blog\/wp-json\/wp\/v2\/media?parent=1729"}],"wp:term":[{"taxonomy":"category","embeddable":true,"href":"https:\/\/www.my-watchsite.fr\/blog\/wp-json\/wp\/v2\/categories?post=1729"},{"taxonomy":"post_tag","embeddable":true,"href":"https:\/\/www.my-watchsite.fr\/blog\/wp-json\/wp\/v2\/tags?post=1729"}],"curies":[{"name":"wp","href":"https:\/\/api.w.org\/{rel}","templated":true}]}}