{"id":1738,"date":"2013-03-21T00:00:00","date_gmt":"2013-03-20T23:00:00","guid":{"rendered":"https:\/\/www.my-watchsite.fr\/blog\/blog\/richard-mille-heureux-du-retour-gagnant-de-rafael-nadal-n467\/"},"modified":"2021-04-12T18:25:35","modified_gmt":"2021-04-12T16:25:35","slug":"richard-mille-heureux-du-retour-gagnant-de-rafael-nadal-n467","status":"publish","type":"post","link":"https:\/\/www.my-watchsite.fr\/blog\/richard-mille-heureux-du-retour-gagnant-de-rafael-nadal-n467\/","title":{"rendered":"Richard Mille heureux du retour gagnant de Rafael Nadal"},"content":{"rendered":"<div>En effet, apr\u00e8s sept mois d\u2019arr\u00eat pour une blessure au genou gauche et autant de moments tr\u00e8s difficiles, Rafael Nadal a confirm\u00e9 dimanche son magistral retour au tennis en battant l\u2019Argentin Juan Martin Del Potro en trois sets 4-6, 6-3, 6-4\u2026 sur un type de terrain (hard court) extr\u00eamement exigeant pour l\u2019organisme.\n<p>\u00a0<\/p>\n<p>Nadal remporte ainsi son 22\u00e8me titre en Masters ATP, son troisi\u00e8me \u00e0 Indian Wells apr\u00e8s ses deux pr\u00e9c\u00e9dentes victoires en 2007 et 2009. C\u2019est aussi son 53\u00e8me titre ATP et son 3\u00e8me titre depuis le d\u00e9but de l\u2019ann\u00e9e en quatre finales successives.<\/p>\n<p>Pour son prochain rendez-vous \u00e0 Monte Carlo, o\u00f9 il visera un 9\u00e8me titre cons\u00e9cutif, Rafa retrouvera sa RM 27-01. Il a en effet du renoncer \u00e0 jouer avec sa montre \u00e0 Indian Wells car cette derni\u00e8re avait \u00e9t\u00e9 endommag\u00e9e pendant le tournoi. Ce sont les risques du m\u00e9tier pour ces pi\u00e8ces d\u2019exception que Richard Mille met au poignet des plus grands champions afin de les tester dans des conditions extr\u00eames pour am\u00e9liorer encore et toujours leurs performances.<\/p>\n<\/div>\n<p><img decoding=\"async\" src=\"https:\/\/www.my-watchsite.fr\/blog\/wp-content\/uploads\/2020\/08\/467_1247.jpg\" alt=\"Raphael Nadal. \u00a9Getty Images\" \/><\/p>\n<p><img decoding=\"async\" src=\"https:\/\/www.my-watchsite.fr\/blog\/wp-content\/uploads\/2020\/08\/467_1248.jpg\" alt=\"Raphael Nadal. \u00a9Getty Images\" \/><\/p>\n<p><img decoding=\"async\" src=\"https:\/\/www.my-watchsite.fr\/blog\/wp-content\/uploads\/2020\/08\/467_1249.jpg\" alt=\"Raphael Nadal. \u00a9Getty Images\" \/><\/p>\n\n\n<p><a href=\"https:\/\/www.richardmille.com\/fr\" target=\"_blank\" rel=\"noreferrer noopener\">www.richardmille.com<\/a><\/p>\n\n\n\n<p>Lire aussi l\u2019article\u00a0<a href=\"https:\/\/www.my-watchsite.fr\/blog\/richard-mille-et-la-galerie-perrotin-associes-pour-le-hong-kong-art-basel-n501\/\" target=\"_blank\" rel=\"noreferrer noopener\">RICHARD MILLE ET LA GALERIE PERROTIN ASSOCI\u00c9S POUR LE HONG KONG ART BASEL<\/a><\/p>\n","protected":false},"excerpt":{"rendered":"<p>En effet, apr\u00e8s sept mois d\u2019arr\u00eat pour une blessure au genou gauche et autant de moments tr\u00e8s difficiles, Rafael Nadal a confirm\u00e9 dimanche son magistral retour au tennis en battant l\u2019Argentin Juan Martin Del Potro en trois sets 4-6, 6-3, 6-4\u2026 sur un type de terrain (hard court) extr\u00eamement exigeant pour l\u2019organisme. \u00a0 Nadal remporte [&hellip;]<\/p>\n","protected":false},"author":1,"featured_media":1739,"comment_status":"closed","ping_status":"closed","sticky":false,"template":"","format":"standard","meta":{"footnotes":""},"categories":[2],"tags":[40],"acf":[],"yoast_head":"<!-- This site is optimized with the Yoast SEO plugin v20.4 - https:\/\/yoast.com\/wordpress\/plugins\/seo\/ -->\n<title>Richard Mille heureux du retour gagnant de Rafael Nadal - MyWatch FR<\/title>\n<meta name=\"description\" content=\"Apr\u00e8s 7 mois d\u2019arr\u00eat pour une blessure au genou et autant de moments tr\u00e8s difficiles, Rafael Nadal a confirm\u00e9 son magistral retour au tennis\" \/>\n<meta name=\"robots\" content=\"index, follow, max-snippet:-1, max-image-preview:large, max-video-preview:-1\" \/>\n<link rel=\"canonical\" href=\"https:\/\/www.my-watchsite.fr\/blog\/richard-mille-heureux-du-retour-gagnant-de-rafael-nadal-n467\/\" \/>\n<meta property=\"og:locale\" content=\"fr_FR\" \/>\n<meta property=\"og:type\" content=\"article\" \/>\n<meta property=\"og:title\" content=\"Richard Mille heureux du retour gagnant de Rafael Nadal - MyWatch FR\" \/>\n<meta property=\"og:description\" content=\"Apr\u00e8s 7 mois d\u2019arr\u00eat pour une blessure au genou et autant de moments tr\u00e8s difficiles, Rafael Nadal a confirm\u00e9 son magistral retour au tennis\" \/>\n<meta property=\"og:url\" content=\"https:\/\/www.my-watchsite.fr\/blog\/richard-mille-heureux-du-retour-gagnant-de-rafael-nadal-n467\/\" \/>\n<meta property=\"og:site_name\" content=\"MyWatch FR\" \/>\n<meta property=\"article:publisher\" content=\"https:\/\/www.facebook.com\/mywatchsite\/\" \/>\n<meta property=\"article:published_time\" content=\"2013-03-20T23:00:00+00:00\" \/>\n<meta property=\"article:modified_time\" content=\"2021-04-12T16:25:35+00:00\" \/>\n<meta property=\"og:image\" content=\"https:\/\/www.my-watchsite.fr\/blog\/wp-content\/uploads\/2020\/08\/467_1247.jpg\" \/>\n\t<meta property=\"og:image:width\" content=\"450\" \/>\n\t<meta property=\"og:image:height\" content=\"317\" \/>\n\t<meta property=\"og:image:type\" content=\"image\/jpeg\" \/>\n<meta name=\"author\" content=\"MyWatch\" \/>\n<meta name=\"twitter:card\" content=\"summary_large_image\" \/>\n<meta name=\"twitter:creator\" content=\"@mywatchsite\" \/>\n<meta name=\"twitter:site\" content=\"@mywatchsite\" \/>\n<meta name=\"twitter:label1\" content=\"\u00c9crit par\" \/>\n\t<meta name=\"twitter:data1\" content=\"MyWatch\" \/>\n\t<meta name=\"twitter:label2\" content=\"Dur\u00e9e de lecture estim\u00e9e\" \/>\n\t<meta name=\"twitter:data2\" content=\"2 minutes\" \/>\n<script type=\"application\/ld+json\" class=\"yoast-schema-graph\">{\"@context\":\"https:\/\/schema.org\",\"@graph\":[{\"@type\":\"WebPage\",\"@id\":\"https:\/\/www.my-watchsite.fr\/blog\/richard-mille-heureux-du-retour-gagnant-de-rafael-nadal-n467\/\",\"url\":\"https:\/\/www.my-watchsite.fr\/blog\/richard-mille-heureux-du-retour-gagnant-de-rafael-nadal-n467\/\",\"name\":\"Richard Mille heureux du retour gagnant de Rafael Nadal - MyWatch FR\",\"isPartOf\":{\"@id\":\"https:\/\/www.my-watchsite.fr\/blog\/#website\"},\"datePublished\":\"2013-03-20T23:00:00+00:00\",\"dateModified\":\"2021-04-12T16:25:35+00:00\",\"author\":{\"@id\":\"https:\/\/www.my-watchsite.fr\/blog\/#\/schema\/person\/67e19b3e3d014465042ff1be1c9fcf44\"},\"description\":\"Apr\u00e8s 7 mois d\u2019arr\u00eat pour une blessure au genou et autant de moments tr\u00e8s difficiles, Rafael Nadal a confirm\u00e9 son magistral retour au tennis\",\"breadcrumb\":{\"@id\":\"https:\/\/www.my-watchsite.fr\/blog\/richard-mille-heureux-du-retour-gagnant-de-rafael-nadal-n467\/#breadcrumb\"},\"inLanguage\":\"fr-FR\",\"potentialAction\":[{\"@type\":\"ReadAction\",\"target\":[\"https:\/\/www.my-watchsite.fr\/blog\/richard-mille-heureux-du-retour-gagnant-de-rafael-nadal-n467\/\"]}]},{\"@type\":\"BreadcrumbList\",\"@id\":\"https:\/\/www.my-watchsite.fr\/blog\/richard-mille-heureux-du-retour-gagnant-de-rafael-nadal-n467\/#breadcrumb\",\"itemListElement\":[{\"@type\":\"ListItem\",\"position\":1,\"name\":\"Accueil\",\"item\":\"https:\/\/www.my-watchsite.fr\/blog\/\"},{\"@type\":\"ListItem\",\"position\":2,\"name\":\"Richard Mille heureux du retour gagnant de Rafael Nadal\"}]},{\"@type\":\"WebSite\",\"@id\":\"https:\/\/www.my-watchsite.fr\/blog\/#website\",\"url\":\"https:\/\/www.my-watchsite.fr\/blog\/\",\"name\":\"MyWatch FR\",\"description\":\"Make Time a Lifestyle\",\"potentialAction\":[{\"@type\":\"SearchAction\",\"target\":{\"@type\":\"EntryPoint\",\"urlTemplate\":\"https:\/\/www.my-watchsite.fr\/blog\/?s={search_term_string}\"},\"query-input\":\"required name=search_term_string\"}],\"inLanguage\":\"fr-FR\"},{\"@type\":\"Person\",\"@id\":\"https:\/\/www.my-watchsite.fr\/blog\/#\/schema\/person\/67e19b3e3d014465042ff1be1c9fcf44\",\"name\":\"MyWatch\",\"image\":{\"@type\":\"ImageObject\",\"inLanguage\":\"fr-FR\",\"@id\":\"https:\/\/www.my-watchsite.fr\/blog\/#\/schema\/person\/image\/\",\"url\":\"https:\/\/secure.gravatar.com\/avatar\/e52d1e94806c54826c863f554ca1dd2a?s=96&d=mm&r=g\",\"contentUrl\":\"https:\/\/secure.gravatar.com\/avatar\/e52d1e94806c54826c863f554ca1dd2a?s=96&d=mm&r=g\",\"caption\":\"MyWatch\"},\"sameAs\":[\"https:\/\/www.my-watchsite.fr\/blog\"]}]}<\/script>\n<!-- \/ Yoast SEO plugin. -->","yoast_head_json":{"title":"Richard Mille heureux du retour gagnant de Rafael Nadal - MyWatch FR","description":"Apr\u00e8s 7 mois d\u2019arr\u00eat pour une blessure au genou et autant de moments tr\u00e8s difficiles, Rafael Nadal a confirm\u00e9 son magistral retour au tennis","robots":{"index":"index","follow":"follow","max-snippet":"max-snippet:-1","max-image-preview":"max-image-preview:large","max-video-preview":"max-video-preview:-1"},"canonical":"https:\/\/www.my-watchsite.fr\/blog\/richard-mille-heureux-du-retour-gagnant-de-rafael-nadal-n467\/","og_locale":"fr_FR","og_type":"article","og_title":"Richard Mille heureux du retour gagnant de Rafael Nadal - MyWatch FR","og_description":"Apr\u00e8s 7 mois d\u2019arr\u00eat pour une blessure au genou et autant de moments tr\u00e8s difficiles, Rafael Nadal a confirm\u00e9 son magistral retour au tennis","og_url":"https:\/\/www.my-watchsite.fr\/blog\/richard-mille-heureux-du-retour-gagnant-de-rafael-nadal-n467\/","og_site_name":"MyWatch FR","article_publisher":"https:\/\/www.facebook.com\/mywatchsite\/","article_published_time":"2013-03-20T23:00:00+00:00","article_modified_time":"2021-04-12T16:25:35+00:00","og_image":[{"width":450,"height":317,"url":"https:\/\/www.my-watchsite.fr\/blog\/wp-content\/uploads\/2020\/08\/467_1247.jpg","type":"image\/jpeg"}],"author":"MyWatch","twitter_card":"summary_large_image","twitter_creator":"@mywatchsite","twitter_site":"@mywatchsite","twitter_misc":{"\u00c9crit par":"MyWatch","Dur\u00e9e de lecture estim\u00e9e":"2 minutes"},"schema":{"@context":"https:\/\/schema.org","@graph":[{"@type":"WebPage","@id":"https:\/\/www.my-watchsite.fr\/blog\/richard-mille-heureux-du-retour-gagnant-de-rafael-nadal-n467\/","url":"https:\/\/www.my-watchsite.fr\/blog\/richard-mille-heureux-du-retour-gagnant-de-rafael-nadal-n467\/","name":"Richard Mille heureux du retour gagnant de Rafael Nadal - MyWatch FR","isPartOf":{"@id":"https:\/\/www.my-watchsite.fr\/blog\/#website"},"datePublished":"2013-03-20T23:00:00+00:00","dateModified":"2021-04-12T16:25:35+00:00","author":{"@id":"https:\/\/www.my-watchsite.fr\/blog\/#\/schema\/person\/67e19b3e3d014465042ff1be1c9fcf44"},"description":"Apr\u00e8s 7 mois d\u2019arr\u00eat pour une blessure au genou et autant de moments tr\u00e8s difficiles, Rafael Nadal a confirm\u00e9 son magistral retour au tennis","breadcrumb":{"@id":"https:\/\/www.my-watchsite.fr\/blog\/richard-mille-heureux-du-retour-gagnant-de-rafael-nadal-n467\/#breadcrumb"},"inLanguage":"fr-FR","potentialAction":[{"@type":"ReadAction","target":["https:\/\/www.my-watchsite.fr\/blog\/richard-mille-heureux-du-retour-gagnant-de-rafael-nadal-n467\/"]}]},{"@type":"BreadcrumbList","@id":"https:\/\/www.my-watchsite.fr\/blog\/richard-mille-heureux-du-retour-gagnant-de-rafael-nadal-n467\/#breadcrumb","itemListElement":[{"@type":"ListItem","position":1,"name":"Accueil","item":"https:\/\/www.my-watchsite.fr\/blog\/"},{"@type":"ListItem","position":2,"name":"Richard Mille heureux du retour gagnant de Rafael Nadal"}]},{"@type":"WebSite","@id":"https:\/\/www.my-watchsite.fr\/blog\/#website","url":"https:\/\/www.my-watchsite.fr\/blog\/","name":"MyWatch FR","description":"Make Time a Lifestyle","potentialAction":[{"@type":"SearchAction","target":{"@type":"EntryPoint","urlTemplate":"https:\/\/www.my-watchsite.fr\/blog\/?s={search_term_string}"},"query-input":"required name=search_term_string"}],"inLanguage":"fr-FR"},{"@type":"Person","@id":"https:\/\/www.my-watchsite.fr\/blog\/#\/schema\/person\/67e19b3e3d014465042ff1be1c9fcf44","name":"MyWatch","image":{"@type":"ImageObject","inLanguage":"fr-FR","@id":"https:\/\/www.my-watchsite.fr\/blog\/#\/schema\/person\/image\/","url":"https:\/\/secure.gravatar.com\/avatar\/e52d1e94806c54826c863f554ca1dd2a?s=96&d=mm&r=g","contentUrl":"https:\/\/secure.gravatar.com\/avatar\/e52d1e94806c54826c863f554ca1dd2a?s=96&d=mm&r=g","caption":"MyWatch"},"sameAs":["https:\/\/www.my-watchsite.fr\/blog"]}]}},"_links":{"self":[{"href":"https:\/\/www.my-watchsite.fr\/blog\/wp-json\/wp\/v2\/posts\/1738"}],"collection":[{"href":"https:\/\/www.my-watchsite.fr\/blog\/wp-json\/wp\/v2\/posts"}],"about":[{"href":"https:\/\/www.my-watchsite.fr\/blog\/wp-json\/wp\/v2\/types\/post"}],"author":[{"embeddable":true,"href":"https:\/\/www.my-watchsite.fr\/blog\/wp-json\/wp\/v2\/users\/1"}],"replies":[{"embeddable":true,"href":"https:\/\/www.my-watchsite.fr\/blog\/wp-json\/wp\/v2\/comments?post=1738"}],"version-history":[{"count":2,"href":"https:\/\/www.my-watchsite.fr\/blog\/wp-json\/wp\/v2\/posts\/1738\/revisions"}],"predecessor-version":[{"id":12809,"href":"https:\/\/www.my-watchsite.fr\/blog\/wp-json\/wp\/v2\/posts\/1738\/revisions\/12809"}],"wp:featuredmedia":[{"embeddable":true,"href":"https:\/\/www.my-watchsite.fr\/blog\/wp-json\/wp\/v2\/media\/1739"}],"wp:attachment":[{"href":"https:\/\/www.my-watchsite.fr\/blog\/wp-json\/wp\/v2\/media?parent=1738"}],"wp:term":[{"taxonomy":"category","embeddable":true,"href":"https:\/\/www.my-watchsite.fr\/blog\/wp-json\/wp\/v2\/categories?post=1738"},{"taxonomy":"post_tag","embeddable":true,"href":"https:\/\/www.my-watchsite.fr\/blog\/wp-json\/wp\/v2\/tags?post=1738"}],"curies":[{"name":"wp","href":"https:\/\/api.w.org\/{rel}","templated":true}]}}