{"id":1810,"date":"2013-04-23T00:00:00","date_gmt":"2013-04-22T22:00:00","guid":{"rendered":"https:\/\/www.my-watchsite.fr\/blog\/blog\/vacheron-constantin-a-lheure-de-paris-n488\/"},"modified":"2013-04-23T00:00:00","modified_gmt":"2013-04-22T22:00:00","slug":"vacheron-constantin-a-lheure-de-paris-n488","status":"publish","type":"post","link":"https:\/\/www.my-watchsite.fr\/blog\/vacheron-constantin-a-lheure-de-paris-n488\/","title":{"rendered":"Vacheron Constantin \u00e0 l\u2019heure de Paris"},"content":{"rendered":"<p>Des fleurons de technique et d\u2019esth\u00e9tique o\u00f9 s\u2019incarnent toutes les valeurs et le savoir-faire de la manufacture genevoise.<\/p>\n<p>Vacheron Constantin renforce ses liens privil\u00e9gi\u00e9s avec la France en inaugurant sa premi\u00e8re Boutique \u00e0 Paris \u2013 la trente-sixi\u00e8me dans le monde. Adresse: 2, rue de la Paix, haut lieu du luxe, non loin de l\u2019Op\u00e9ra Garnier, dont la manufacture est le m\u00e9c\u00e8ne. Mariant mat\u00e9riaux nobles et \u00e9l\u00e9gance raffin\u00e9e, cet espace de 85 m2 s\u2019impose comme le nouveau rendez-vous des amateurs et collectionneurs de haute horlogerie.<br \/>Pour sa d\u00e9coration, Vacheron Constantin a fait appel \u00e0 de grands ma\u00eetres d\u2019art fran\u00e7ais cultivant, tout comme elle, les savoir-faire traditionnels \u2013 qu\u2019il s\u2019agisse de la lustrerie, des mosa\u00efques de marbre ou de la ferronnerie. Outre l\u2019ensemble des collections de la manufacture, la Boutique de Paris pr\u00e9sentera des pi\u00e8ces exclusives ainsi qu\u2019une ligne vintage baptis\u00e9e \u00abVacheron Constantin Les Collectionneurs\u00bb.<br \/>L\u2019inauguration de cet \u00e9crin intime et chaleureux constitue un nouveau rapprochement avec la France, qui est, depuis le d\u00e9but du XIX\u00e8me si\u00e8cle, l\u2019un des acteurs majeurs du rayonnement de la marque sur le plan international.<\/p>\n<p>Pour c\u00e9l\u00e9brer cet \u00e9v\u00e9nement, Vacheron Constantin pr\u00e9sente quatre garde-temps exclusifs en \u00e9ditions limit\u00e9es: <br \/>\u2022 une pi\u00e8ce unique de la grande complication Patrimony Traditionnelle calibre 2755 <br \/>\u2022 une \u00e9dition limit\u00e9e \u00e0 10 exemplaires de la Patrimony Traditionnelle chronographe <br \/>\u2022 une \u00e9dition limit\u00e9e \u00e0 75 pi\u00e8ces de la Patrimony Traditionnelle petite seconde <br \/>\u2022 une \u00e9dition limit\u00e9e \u00e0 75 pi\u00e8ces de la Patrimony Traditionnelle petit mod\u00e8le serti <\/p>\n<p>Ces pi\u00e8ces sp\u00e9ciales \u00abBoutique Paris\u00bb se distinguent par leur cadran finement guilloch\u00e9 \u00e0 la main \u2013 l\u2019un des nombreux m\u00e9tiers d\u2019art cultiv\u00e9s par la manufacture \u2013 ainsi que par leur bracelet en alligator Mississippiensis arborant une couleur ch\u00e2taigne. Au dos du bo\u00eetier sont grav\u00e9s l\u2019indication \u00ab2, rue de la Paix\u00bb ainsi que le num\u00e9ro individuel de s\u00e9rie limit\u00e9e.<\/p>\n<p>La pi\u00e8ce unique Patrimony Traditionnelle calibre 2755 ainsi que les \u00e9ditions limit\u00e9es Patrimony Traditionnelle petite seconde et Patrimony Traditionnelle petit mod\u00e8le sont estampill\u00e9es du prestigieux Poin\u00e7on de Gen\u00e8ve, embl\u00e8me par excellence de l\u2019horlogerie genevoise \u2013 une garantie d\u2019origine, de pr\u00e9cision, de durabilit\u00e9 et de savoir-faire qui porte \u00e0 la fois sur la technique et l\u2019esth\u00e9tique de la montre, ainsi que sur toutes ses phases de r\u00e9alisation.<\/p>\n<p>A l\u2019occasion de l\u2019ouverture de sa nouvelle Boutique parisienne, la manufacture a \u00e9galementdemand\u00e9 au photographe Thierry des Ouches d\u2019illustrer sa vision de Vacheron Constantin \u00e0 Paris. Sur le site internet www.2ruedelapaix.fr, cinq d\u00e9tenteurs de garde-temps de la marque racontent leurs montres, leur Paris, leur amour de l\u2019exception et les valeurs qu\u2019ils partagent avec la maison genevoise.<\/p>\n<ul>\n<li><img decoding=\"async\" src=\"https:\/\/www.my-watchsite.fr\/blog\/wp-content\/uploads\/2020\/08\/488_1309.jpg\" alt=\"Vacheron Constantin c\u00e9l\u00e8bre l'ouverture de sa nouvelle boutique au 2 rue de la Paix\" \/><\/li>\n<\/ul>\n","protected":false},"excerpt":{"rendered":"<p>Des fleurons de technique et d\u2019esth\u00e9tique o\u00f9 s\u2019incarnent toutes les valeurs et le savoir-faire de la manufacture genevoise. Vacheron Constantin renforce ses liens privil\u00e9gi\u00e9s avec la France en inaugurant sa premi\u00e8re Boutique \u00e0 Paris \u2013 la trente-sixi\u00e8me dans le monde. Adresse: 2, rue de la Paix, haut lieu du luxe, non loin de l\u2019Op\u00e9ra Garnier, [&hellip;]<\/p>\n","protected":false},"author":1,"featured_media":1811,"comment_status":"closed","ping_status":"closed","sticky":false,"template":"","format":"standard","meta":{"footnotes":""},"categories":[2],"tags":[35],"acf":[],"yoast_head":"<!-- This site is optimized with the Yoast SEO plugin v20.4 - https:\/\/yoast.com\/wordpress\/plugins\/seo\/ -->\n<title>Vacheron Constantin \u00e0 l\u2019heure de Paris - MyWatch FR<\/title>\n<meta name=\"robots\" content=\"index, follow, max-snippet:-1, max-image-preview:large, max-video-preview:-1\" \/>\n<link rel=\"canonical\" href=\"https:\/\/www.my-watchsite.fr\/blog\/vacheron-constantin-a-lheure-de-paris-n488\/\" \/>\n<meta property=\"og:locale\" content=\"fr_FR\" \/>\n<meta property=\"og:type\" content=\"article\" \/>\n<meta property=\"og:title\" content=\"Vacheron Constantin \u00e0 l\u2019heure de Paris - MyWatch FR\" \/>\n<meta property=\"og:description\" content=\"Des fleurons de technique et d\u2019esth\u00e9tique o\u00f9 s\u2019incarnent toutes les valeurs et le savoir-faire de la manufacture genevoise. Vacheron Constantin renforce ses liens privil\u00e9gi\u00e9s avec la France en inaugurant sa premi\u00e8re Boutique \u00e0 Paris \u2013 la trente-sixi\u00e8me dans le monde. Adresse: 2, rue de la Paix, haut lieu du luxe, non loin de l\u2019Op\u00e9ra Garnier, [&hellip;]\" \/>\n<meta property=\"og:url\" content=\"https:\/\/www.my-watchsite.fr\/blog\/vacheron-constantin-a-lheure-de-paris-n488\/\" \/>\n<meta property=\"og:site_name\" content=\"MyWatch FR\" \/>\n<meta property=\"article:publisher\" content=\"https:\/\/www.facebook.com\/mywatchsite\/\" \/>\n<meta property=\"article:published_time\" content=\"2013-04-22T22:00:00+00:00\" \/>\n<meta property=\"og:image\" content=\"https:\/\/www.my-watchsite.fr\/blog\/wp-content\/uploads\/2020\/08\/488_1309.jpg\" \/>\n\t<meta property=\"og:image:width\" content=\"450\" \/>\n\t<meta property=\"og:image:height\" content=\"280\" \/>\n\t<meta property=\"og:image:type\" content=\"image\/jpeg\" \/>\n<meta name=\"author\" content=\"MyWatch\" \/>\n<meta name=\"twitter:card\" content=\"summary_large_image\" \/>\n<meta name=\"twitter:creator\" content=\"@mywatchsite\" \/>\n<meta name=\"twitter:site\" content=\"@mywatchsite\" \/>\n<meta name=\"twitter:label1\" content=\"\u00c9crit par\" \/>\n\t<meta name=\"twitter:data1\" content=\"MyWatch\" \/>\n\t<meta name=\"twitter:label2\" content=\"Dur\u00e9e de lecture estim\u00e9e\" \/>\n\t<meta name=\"twitter:data2\" content=\"2 minutes\" \/>\n<script type=\"application\/ld+json\" class=\"yoast-schema-graph\">{\"@context\":\"https:\/\/schema.org\",\"@graph\":[{\"@type\":\"WebPage\",\"@id\":\"https:\/\/www.my-watchsite.fr\/blog\/vacheron-constantin-a-lheure-de-paris-n488\/\",\"url\":\"https:\/\/www.my-watchsite.fr\/blog\/vacheron-constantin-a-lheure-de-paris-n488\/\",\"name\":\"Vacheron Constantin \u00e0 l\u2019heure de Paris - MyWatch FR\",\"isPartOf\":{\"@id\":\"https:\/\/www.my-watchsite.fr\/blog\/#website\"},\"datePublished\":\"2013-04-22T22:00:00+00:00\",\"dateModified\":\"2013-04-22T22:00:00+00:00\",\"author\":{\"@id\":\"https:\/\/www.my-watchsite.fr\/blog\/#\/schema\/person\/67e19b3e3d014465042ff1be1c9fcf44\"},\"breadcrumb\":{\"@id\":\"https:\/\/www.my-watchsite.fr\/blog\/vacheron-constantin-a-lheure-de-paris-n488\/#breadcrumb\"},\"inLanguage\":\"fr-FR\",\"potentialAction\":[{\"@type\":\"ReadAction\",\"target\":[\"https:\/\/www.my-watchsite.fr\/blog\/vacheron-constantin-a-lheure-de-paris-n488\/\"]}]},{\"@type\":\"BreadcrumbList\",\"@id\":\"https:\/\/www.my-watchsite.fr\/blog\/vacheron-constantin-a-lheure-de-paris-n488\/#breadcrumb\",\"itemListElement\":[{\"@type\":\"ListItem\",\"position\":1,\"name\":\"Accueil\",\"item\":\"https:\/\/www.my-watchsite.fr\/blog\/\"},{\"@type\":\"ListItem\",\"position\":2,\"name\":\"Vacheron Constantin \u00e0 l\u2019heure de Paris\"}]},{\"@type\":\"WebSite\",\"@id\":\"https:\/\/www.my-watchsite.fr\/blog\/#website\",\"url\":\"https:\/\/www.my-watchsite.fr\/blog\/\",\"name\":\"MyWatch FR\",\"description\":\"Make Time a Lifestyle\",\"potentialAction\":[{\"@type\":\"SearchAction\",\"target\":{\"@type\":\"EntryPoint\",\"urlTemplate\":\"https:\/\/www.my-watchsite.fr\/blog\/?s={search_term_string}\"},\"query-input\":\"required name=search_term_string\"}],\"inLanguage\":\"fr-FR\"},{\"@type\":\"Person\",\"@id\":\"https:\/\/www.my-watchsite.fr\/blog\/#\/schema\/person\/67e19b3e3d014465042ff1be1c9fcf44\",\"name\":\"MyWatch\",\"image\":{\"@type\":\"ImageObject\",\"inLanguage\":\"fr-FR\",\"@id\":\"https:\/\/www.my-watchsite.fr\/blog\/#\/schema\/person\/image\/\",\"url\":\"https:\/\/secure.gravatar.com\/avatar\/e52d1e94806c54826c863f554ca1dd2a?s=96&d=mm&r=g\",\"contentUrl\":\"https:\/\/secure.gravatar.com\/avatar\/e52d1e94806c54826c863f554ca1dd2a?s=96&d=mm&r=g\",\"caption\":\"MyWatch\"},\"sameAs\":[\"https:\/\/www.my-watchsite.fr\/blog\"]}]}<\/script>\n<!-- \/ Yoast SEO plugin. -->","yoast_head_json":{"title":"Vacheron Constantin \u00e0 l\u2019heure de Paris - MyWatch FR","robots":{"index":"index","follow":"follow","max-snippet":"max-snippet:-1","max-image-preview":"max-image-preview:large","max-video-preview":"max-video-preview:-1"},"canonical":"https:\/\/www.my-watchsite.fr\/blog\/vacheron-constantin-a-lheure-de-paris-n488\/","og_locale":"fr_FR","og_type":"article","og_title":"Vacheron Constantin \u00e0 l\u2019heure de Paris - MyWatch FR","og_description":"Des fleurons de technique et d\u2019esth\u00e9tique o\u00f9 s\u2019incarnent toutes les valeurs et le savoir-faire de la manufacture genevoise. Vacheron Constantin renforce ses liens privil\u00e9gi\u00e9s avec la France en inaugurant sa premi\u00e8re Boutique \u00e0 Paris \u2013 la trente-sixi\u00e8me dans le monde. Adresse: 2, rue de la Paix, haut lieu du luxe, non loin de l\u2019Op\u00e9ra Garnier, [&hellip;]","og_url":"https:\/\/www.my-watchsite.fr\/blog\/vacheron-constantin-a-lheure-de-paris-n488\/","og_site_name":"MyWatch FR","article_publisher":"https:\/\/www.facebook.com\/mywatchsite\/","article_published_time":"2013-04-22T22:00:00+00:00","og_image":[{"width":450,"height":280,"url":"https:\/\/www.my-watchsite.fr\/blog\/wp-content\/uploads\/2020\/08\/488_1309.jpg","type":"image\/jpeg"}],"author":"MyWatch","twitter_card":"summary_large_image","twitter_creator":"@mywatchsite","twitter_site":"@mywatchsite","twitter_misc":{"\u00c9crit par":"MyWatch","Dur\u00e9e de lecture estim\u00e9e":"2 minutes"},"schema":{"@context":"https:\/\/schema.org","@graph":[{"@type":"WebPage","@id":"https:\/\/www.my-watchsite.fr\/blog\/vacheron-constantin-a-lheure-de-paris-n488\/","url":"https:\/\/www.my-watchsite.fr\/blog\/vacheron-constantin-a-lheure-de-paris-n488\/","name":"Vacheron Constantin \u00e0 l\u2019heure de Paris - MyWatch FR","isPartOf":{"@id":"https:\/\/www.my-watchsite.fr\/blog\/#website"},"datePublished":"2013-04-22T22:00:00+00:00","dateModified":"2013-04-22T22:00:00+00:00","author":{"@id":"https:\/\/www.my-watchsite.fr\/blog\/#\/schema\/person\/67e19b3e3d014465042ff1be1c9fcf44"},"breadcrumb":{"@id":"https:\/\/www.my-watchsite.fr\/blog\/vacheron-constantin-a-lheure-de-paris-n488\/#breadcrumb"},"inLanguage":"fr-FR","potentialAction":[{"@type":"ReadAction","target":["https:\/\/www.my-watchsite.fr\/blog\/vacheron-constantin-a-lheure-de-paris-n488\/"]}]},{"@type":"BreadcrumbList","@id":"https:\/\/www.my-watchsite.fr\/blog\/vacheron-constantin-a-lheure-de-paris-n488\/#breadcrumb","itemListElement":[{"@type":"ListItem","position":1,"name":"Accueil","item":"https:\/\/www.my-watchsite.fr\/blog\/"},{"@type":"ListItem","position":2,"name":"Vacheron Constantin \u00e0 l\u2019heure de Paris"}]},{"@type":"WebSite","@id":"https:\/\/www.my-watchsite.fr\/blog\/#website","url":"https:\/\/www.my-watchsite.fr\/blog\/","name":"MyWatch FR","description":"Make Time a Lifestyle","potentialAction":[{"@type":"SearchAction","target":{"@type":"EntryPoint","urlTemplate":"https:\/\/www.my-watchsite.fr\/blog\/?s={search_term_string}"},"query-input":"required name=search_term_string"}],"inLanguage":"fr-FR"},{"@type":"Person","@id":"https:\/\/www.my-watchsite.fr\/blog\/#\/schema\/person\/67e19b3e3d014465042ff1be1c9fcf44","name":"MyWatch","image":{"@type":"ImageObject","inLanguage":"fr-FR","@id":"https:\/\/www.my-watchsite.fr\/blog\/#\/schema\/person\/image\/","url":"https:\/\/secure.gravatar.com\/avatar\/e52d1e94806c54826c863f554ca1dd2a?s=96&d=mm&r=g","contentUrl":"https:\/\/secure.gravatar.com\/avatar\/e52d1e94806c54826c863f554ca1dd2a?s=96&d=mm&r=g","caption":"MyWatch"},"sameAs":["https:\/\/www.my-watchsite.fr\/blog"]}]}},"_links":{"self":[{"href":"https:\/\/www.my-watchsite.fr\/blog\/wp-json\/wp\/v2\/posts\/1810"}],"collection":[{"href":"https:\/\/www.my-watchsite.fr\/blog\/wp-json\/wp\/v2\/posts"}],"about":[{"href":"https:\/\/www.my-watchsite.fr\/blog\/wp-json\/wp\/v2\/types\/post"}],"author":[{"embeddable":true,"href":"https:\/\/www.my-watchsite.fr\/blog\/wp-json\/wp\/v2\/users\/1"}],"replies":[{"embeddable":true,"href":"https:\/\/www.my-watchsite.fr\/blog\/wp-json\/wp\/v2\/comments?post=1810"}],"version-history":[{"count":0,"href":"https:\/\/www.my-watchsite.fr\/blog\/wp-json\/wp\/v2\/posts\/1810\/revisions"}],"wp:featuredmedia":[{"embeddable":true,"href":"https:\/\/www.my-watchsite.fr\/blog\/wp-json\/wp\/v2\/media\/1811"}],"wp:attachment":[{"href":"https:\/\/www.my-watchsite.fr\/blog\/wp-json\/wp\/v2\/media?parent=1810"}],"wp:term":[{"taxonomy":"category","embeddable":true,"href":"https:\/\/www.my-watchsite.fr\/blog\/wp-json\/wp\/v2\/categories?post=1810"},{"taxonomy":"post_tag","embeddable":true,"href":"https:\/\/www.my-watchsite.fr\/blog\/wp-json\/wp\/v2\/tags?post=1810"}],"curies":[{"name":"wp","href":"https:\/\/api.w.org\/{rel}","templated":true}]}}