{"id":1878,"date":"2013-05-31T00:00:00","date_gmt":"2013-05-30T22:00:00","guid":{"rendered":"https:\/\/www.my-watchsite.fr\/blog\/blog\/une-boutique-ephemere-chanel-pour-la-nouvelle-premiere-n500\/"},"modified":"2021-03-29T18:23:54","modified_gmt":"2021-03-29T16:23:54","slug":"une-boutique-ephemere-chanel-pour-la-nouvelle-premiere-n500","status":"publish","type":"post","link":"https:\/\/www.my-watchsite.fr\/blog\/une-boutique-ephemere-chanel-pour-la-nouvelle-premiere-n500\/","title":{"rendered":"Une boutique \u00e9ph\u00e9m\u00e8re Chanel pour la nouvelle Premi\u00e8re"},"content":{"rendered":"<p><strong>MONTRE PREMIERE<br \/>PREMIERE BOUTIQUE EPHEMERE HORLOGERE<\/strong><\/p>\n<p>A l&rsquo;occasion du lancement de la nouvelle montre \u00ab\u00a0Premi\u00e8re\u00a0\u00bb qui r\u00e9interpr\u00e8te la version originale sur bracelet cha\u00eene, CHANEL ouvre aujourd&rsquo;hui, au 19 rue Cambon, une boutique \u00e9ph\u00e9m\u00e8re enti\u00e8rement d\u00e9di\u00e9e \u00e0 sa premi\u00e8re ic\u00f4ne horlog\u00e8re.<\/p>\n<p>Aux c\u00f4t\u00e9s de la nouvelle collection, seront \u00e9galement pr\u00e9sent\u00e9s les diff\u00e9rents mod\u00e8les qui ont marqu\u00e9 l&rsquo;histoire de la Premi\u00e8re depuis 1987: en c\u00e9ramique, noire ou blanche, sur bracelet cha\u00eene tress\u00e9 de cuir ou sur bracelet en caoutchouc.<\/p>\n<p>Jouant sur les contrastes, murs bruts blancs et parquet noir, l&rsquo;espace de 20 m2 est am\u00e9nag\u00e9 dans un esprit tr\u00e8s contemporain. Une verri\u00e8re int\u00e9rieure s&rsquo;ouvre sur une vue en trompe l&rsquo;\u0153il de la place Vend\u00f4me, dont la forme octogonale a inspir\u00e9 le bo\u00eetier de la montre.<\/p>\n<p>CHANEL \u2013 BOUTIQUE EPHEMERE \u00ab\u00a0PREMIERE\u00a0\u00bb<br \/>19 rue Cambon \u2013 75001 Paris<br \/>Ouverture jusqu&rsquo;au 31 d\u00e9cembre 2013<br \/>Du lundi au samedi, de 10 heures \u00e0 19 heures.<\/p>\n<ul>\n<li><img decoding=\"async\" src=\"https:\/\/www.my-watchsite.fr\/blog\/wp-content\/uploads\/2020\/08\/500_1360.jpg\" alt=\"Boutique \u00e9ph\u00e9m\u00e8re Chanel d\u00e9di\u00e9e \u00e0 la Permi\u00e8re \" \/><\/li>\n<li><img decoding=\"async\" src=\"https:\/\/www.my-watchsite.fr\/blog\/wp-content\/uploads\/2020\/08\/500_1361.jpg\" alt=\"Boutique \u00e9ph\u00e9m\u00e8re Chanel d\u00e9di\u00e9e \u00e0 la Permi\u00e8re\" \/><\/li>\n<li><img decoding=\"async\" src=\"https:\/\/www.my-watchsite.fr\/blog\/wp-content\/uploads\/2020\/08\/500_1362.jpg\" alt=\"Boutique \u00e9ph\u00e9m\u00e8re Chanel d\u00e9di\u00e9e \u00e0 la Permi\u00e8re\" \/><\/li>\n<\/ul>\n\n\n<p><a href=\"https:\/\/www.chanel.com\/fr\/\" target=\"_blank\" rel=\"noreferrer noopener\">www.chanel.com<\/a><\/p>\n\n\n\n<p>Lire aussi l&rsquo;article <a href=\"https:\/\/www.my-watchsite.fr\/blog\/gphg-chanel-mademoiselle-prive-n568\/\" target=\"_blank\" rel=\"noreferrer noopener\">Grand Prix d\u2019Horlogerie de Gen\u00e8ve (GPHG) \u2013 CHANEL Horlogerie a \u00e9t\u00e9 r\u00e9compens\u00e9<\/a><\/p>\n","protected":false},"excerpt":{"rendered":"<p>MONTRE PREMIEREPREMIERE BOUTIQUE EPHEMERE HORLOGERE A l&rsquo;occasion du lancement de la nouvelle montre \u00ab\u00a0Premi\u00e8re\u00a0\u00bb qui r\u00e9interpr\u00e8te la version originale sur bracelet cha\u00eene, CHANEL ouvre aujourd&rsquo;hui, au 19 rue Cambon, une boutique \u00e9ph\u00e9m\u00e8re enti\u00e8rement d\u00e9di\u00e9e \u00e0 sa premi\u00e8re ic\u00f4ne horlog\u00e8re. Aux c\u00f4t\u00e9s de la nouvelle collection, seront \u00e9galement pr\u00e9sent\u00e9s les diff\u00e9rents mod\u00e8les qui ont marqu\u00e9 l&rsquo;histoire [&hellip;]<\/p>\n","protected":false},"author":1,"featured_media":1882,"comment_status":"closed","ping_status":"closed","sticky":false,"template":"","format":"standard","meta":{"footnotes":""},"categories":[2],"tags":[10],"acf":[],"yoast_head":"<!-- This site is optimized with the Yoast SEO plugin v20.4 - https:\/\/yoast.com\/wordpress\/plugins\/seo\/ -->\n<title>Une boutique \u00e9ph\u00e9m\u00e8re Chanel pour la nouvelle Premi\u00e8re - MyWatch FR<\/title>\n<meta name=\"description\" content=\"A l&#039;occasion du lancement de la nouvelle montre &quot;Premi\u00e8re&quot; CHANEL ouvre une boutique \u00e9ph\u00e9m\u00e8re d\u00e9di\u00e9e \u00e0 sa premi\u00e8re ic\u00f4ne horlog\u00e8re.\" \/>\n<meta name=\"robots\" content=\"index, follow, max-snippet:-1, max-image-preview:large, max-video-preview:-1\" \/>\n<link rel=\"canonical\" href=\"https:\/\/www.my-watchsite.fr\/blog\/une-boutique-ephemere-chanel-pour-la-nouvelle-premiere-n500\/\" \/>\n<meta property=\"og:locale\" content=\"fr_FR\" \/>\n<meta property=\"og:type\" content=\"article\" \/>\n<meta property=\"og:title\" content=\"Une boutique \u00e9ph\u00e9m\u00e8re Chanel pour la nouvelle Premi\u00e8re - MyWatch FR\" \/>\n<meta property=\"og:description\" content=\"A l&#039;occasion du lancement de la nouvelle montre &quot;Premi\u00e8re&quot; CHANEL ouvre une boutique \u00e9ph\u00e9m\u00e8re d\u00e9di\u00e9e \u00e0 sa premi\u00e8re ic\u00f4ne horlog\u00e8re.\" \/>\n<meta property=\"og:url\" content=\"https:\/\/www.my-watchsite.fr\/blog\/une-boutique-ephemere-chanel-pour-la-nouvelle-premiere-n500\/\" \/>\n<meta property=\"og:site_name\" content=\"MyWatch FR\" \/>\n<meta property=\"article:publisher\" content=\"https:\/\/www.facebook.com\/mywatchsite\/\" \/>\n<meta property=\"article:published_time\" content=\"2013-05-30T22:00:00+00:00\" \/>\n<meta property=\"article:modified_time\" content=\"2021-03-29T16:23:54+00:00\" \/>\n<meta property=\"og:image\" content=\"https:\/\/www.my-watchsite.fr\/blog\/wp-content\/uploads\/2020\/08\/thumb_500.jpg\" \/>\n\t<meta property=\"og:image:width\" content=\"654\" \/>\n\t<meta property=\"og:image:height\" content=\"435\" \/>\n\t<meta property=\"og:image:type\" content=\"image\/jpeg\" \/>\n<meta name=\"author\" content=\"MyWatch\" \/>\n<meta name=\"twitter:card\" content=\"summary_large_image\" \/>\n<meta name=\"twitter:creator\" content=\"@mywatchsite\" \/>\n<meta name=\"twitter:site\" content=\"@mywatchsite\" \/>\n<meta name=\"twitter:label1\" content=\"\u00c9crit par\" \/>\n\t<meta name=\"twitter:data1\" content=\"MyWatch\" \/>\n\t<meta name=\"twitter:label2\" content=\"Dur\u00e9e de lecture estim\u00e9e\" \/>\n\t<meta name=\"twitter:data2\" content=\"2 minutes\" \/>\n<script type=\"application\/ld+json\" class=\"yoast-schema-graph\">{\"@context\":\"https:\/\/schema.org\",\"@graph\":[{\"@type\":\"WebPage\",\"@id\":\"https:\/\/www.my-watchsite.fr\/blog\/une-boutique-ephemere-chanel-pour-la-nouvelle-premiere-n500\/\",\"url\":\"https:\/\/www.my-watchsite.fr\/blog\/une-boutique-ephemere-chanel-pour-la-nouvelle-premiere-n500\/\",\"name\":\"Une boutique \u00e9ph\u00e9m\u00e8re Chanel pour la nouvelle Premi\u00e8re - MyWatch FR\",\"isPartOf\":{\"@id\":\"https:\/\/www.my-watchsite.fr\/blog\/#website\"},\"datePublished\":\"2013-05-30T22:00:00+00:00\",\"dateModified\":\"2021-03-29T16:23:54+00:00\",\"author\":{\"@id\":\"https:\/\/www.my-watchsite.fr\/blog\/#\/schema\/person\/67e19b3e3d014465042ff1be1c9fcf44\"},\"description\":\"A l'occasion du lancement de la nouvelle montre \\\"Premi\u00e8re\\\" CHANEL ouvre une boutique \u00e9ph\u00e9m\u00e8re d\u00e9di\u00e9e \u00e0 sa premi\u00e8re ic\u00f4ne horlog\u00e8re.\",\"breadcrumb\":{\"@id\":\"https:\/\/www.my-watchsite.fr\/blog\/une-boutique-ephemere-chanel-pour-la-nouvelle-premiere-n500\/#breadcrumb\"},\"inLanguage\":\"fr-FR\",\"potentialAction\":[{\"@type\":\"ReadAction\",\"target\":[\"https:\/\/www.my-watchsite.fr\/blog\/une-boutique-ephemere-chanel-pour-la-nouvelle-premiere-n500\/\"]}]},{\"@type\":\"BreadcrumbList\",\"@id\":\"https:\/\/www.my-watchsite.fr\/blog\/une-boutique-ephemere-chanel-pour-la-nouvelle-premiere-n500\/#breadcrumb\",\"itemListElement\":[{\"@type\":\"ListItem\",\"position\":1,\"name\":\"Accueil\",\"item\":\"https:\/\/www.my-watchsite.fr\/blog\/\"},{\"@type\":\"ListItem\",\"position\":2,\"name\":\"Une boutique \u00e9ph\u00e9m\u00e8re Chanel pour la nouvelle Premi\u00e8re\"}]},{\"@type\":\"WebSite\",\"@id\":\"https:\/\/www.my-watchsite.fr\/blog\/#website\",\"url\":\"https:\/\/www.my-watchsite.fr\/blog\/\",\"name\":\"MyWatch FR\",\"description\":\"Make Time a Lifestyle\",\"potentialAction\":[{\"@type\":\"SearchAction\",\"target\":{\"@type\":\"EntryPoint\",\"urlTemplate\":\"https:\/\/www.my-watchsite.fr\/blog\/?s={search_term_string}\"},\"query-input\":\"required name=search_term_string\"}],\"inLanguage\":\"fr-FR\"},{\"@type\":\"Person\",\"@id\":\"https:\/\/www.my-watchsite.fr\/blog\/#\/schema\/person\/67e19b3e3d014465042ff1be1c9fcf44\",\"name\":\"MyWatch\",\"image\":{\"@type\":\"ImageObject\",\"inLanguage\":\"fr-FR\",\"@id\":\"https:\/\/www.my-watchsite.fr\/blog\/#\/schema\/person\/image\/\",\"url\":\"https:\/\/secure.gravatar.com\/avatar\/e52d1e94806c54826c863f554ca1dd2a?s=96&d=mm&r=g\",\"contentUrl\":\"https:\/\/secure.gravatar.com\/avatar\/e52d1e94806c54826c863f554ca1dd2a?s=96&d=mm&r=g\",\"caption\":\"MyWatch\"},\"sameAs\":[\"https:\/\/www.my-watchsite.fr\/blog\"]}]}<\/script>\n<!-- \/ Yoast SEO plugin. -->","yoast_head_json":{"title":"Une boutique \u00e9ph\u00e9m\u00e8re Chanel pour la nouvelle Premi\u00e8re - MyWatch FR","description":"A l'occasion du lancement de la nouvelle montre \"Premi\u00e8re\" CHANEL ouvre une boutique \u00e9ph\u00e9m\u00e8re d\u00e9di\u00e9e \u00e0 sa premi\u00e8re ic\u00f4ne horlog\u00e8re.","robots":{"index":"index","follow":"follow","max-snippet":"max-snippet:-1","max-image-preview":"max-image-preview:large","max-video-preview":"max-video-preview:-1"},"canonical":"https:\/\/www.my-watchsite.fr\/blog\/une-boutique-ephemere-chanel-pour-la-nouvelle-premiere-n500\/","og_locale":"fr_FR","og_type":"article","og_title":"Une boutique \u00e9ph\u00e9m\u00e8re Chanel pour la nouvelle Premi\u00e8re - MyWatch FR","og_description":"A l'occasion du lancement de la nouvelle montre \"Premi\u00e8re\" CHANEL ouvre une boutique \u00e9ph\u00e9m\u00e8re d\u00e9di\u00e9e \u00e0 sa premi\u00e8re ic\u00f4ne horlog\u00e8re.","og_url":"https:\/\/www.my-watchsite.fr\/blog\/une-boutique-ephemere-chanel-pour-la-nouvelle-premiere-n500\/","og_site_name":"MyWatch FR","article_publisher":"https:\/\/www.facebook.com\/mywatchsite\/","article_published_time":"2013-05-30T22:00:00+00:00","article_modified_time":"2021-03-29T16:23:54+00:00","og_image":[{"width":654,"height":435,"url":"https:\/\/www.my-watchsite.fr\/blog\/wp-content\/uploads\/2020\/08\/thumb_500.jpg","type":"image\/jpeg"}],"author":"MyWatch","twitter_card":"summary_large_image","twitter_creator":"@mywatchsite","twitter_site":"@mywatchsite","twitter_misc":{"\u00c9crit par":"MyWatch","Dur\u00e9e de lecture estim\u00e9e":"2 minutes"},"schema":{"@context":"https:\/\/schema.org","@graph":[{"@type":"WebPage","@id":"https:\/\/www.my-watchsite.fr\/blog\/une-boutique-ephemere-chanel-pour-la-nouvelle-premiere-n500\/","url":"https:\/\/www.my-watchsite.fr\/blog\/une-boutique-ephemere-chanel-pour-la-nouvelle-premiere-n500\/","name":"Une boutique \u00e9ph\u00e9m\u00e8re Chanel pour la nouvelle Premi\u00e8re - MyWatch FR","isPartOf":{"@id":"https:\/\/www.my-watchsite.fr\/blog\/#website"},"datePublished":"2013-05-30T22:00:00+00:00","dateModified":"2021-03-29T16:23:54+00:00","author":{"@id":"https:\/\/www.my-watchsite.fr\/blog\/#\/schema\/person\/67e19b3e3d014465042ff1be1c9fcf44"},"description":"A l'occasion du lancement de la nouvelle montre \"Premi\u00e8re\" CHANEL ouvre une boutique \u00e9ph\u00e9m\u00e8re d\u00e9di\u00e9e \u00e0 sa premi\u00e8re ic\u00f4ne horlog\u00e8re.","breadcrumb":{"@id":"https:\/\/www.my-watchsite.fr\/blog\/une-boutique-ephemere-chanel-pour-la-nouvelle-premiere-n500\/#breadcrumb"},"inLanguage":"fr-FR","potentialAction":[{"@type":"ReadAction","target":["https:\/\/www.my-watchsite.fr\/blog\/une-boutique-ephemere-chanel-pour-la-nouvelle-premiere-n500\/"]}]},{"@type":"BreadcrumbList","@id":"https:\/\/www.my-watchsite.fr\/blog\/une-boutique-ephemere-chanel-pour-la-nouvelle-premiere-n500\/#breadcrumb","itemListElement":[{"@type":"ListItem","position":1,"name":"Accueil","item":"https:\/\/www.my-watchsite.fr\/blog\/"},{"@type":"ListItem","position":2,"name":"Une boutique \u00e9ph\u00e9m\u00e8re Chanel pour la nouvelle Premi\u00e8re"}]},{"@type":"WebSite","@id":"https:\/\/www.my-watchsite.fr\/blog\/#website","url":"https:\/\/www.my-watchsite.fr\/blog\/","name":"MyWatch FR","description":"Make Time a Lifestyle","potentialAction":[{"@type":"SearchAction","target":{"@type":"EntryPoint","urlTemplate":"https:\/\/www.my-watchsite.fr\/blog\/?s={search_term_string}"},"query-input":"required name=search_term_string"}],"inLanguage":"fr-FR"},{"@type":"Person","@id":"https:\/\/www.my-watchsite.fr\/blog\/#\/schema\/person\/67e19b3e3d014465042ff1be1c9fcf44","name":"MyWatch","image":{"@type":"ImageObject","inLanguage":"fr-FR","@id":"https:\/\/www.my-watchsite.fr\/blog\/#\/schema\/person\/image\/","url":"https:\/\/secure.gravatar.com\/avatar\/e52d1e94806c54826c863f554ca1dd2a?s=96&d=mm&r=g","contentUrl":"https:\/\/secure.gravatar.com\/avatar\/e52d1e94806c54826c863f554ca1dd2a?s=96&d=mm&r=g","caption":"MyWatch"},"sameAs":["https:\/\/www.my-watchsite.fr\/blog"]}]}},"_links":{"self":[{"href":"https:\/\/www.my-watchsite.fr\/blog\/wp-json\/wp\/v2\/posts\/1878"}],"collection":[{"href":"https:\/\/www.my-watchsite.fr\/blog\/wp-json\/wp\/v2\/posts"}],"about":[{"href":"https:\/\/www.my-watchsite.fr\/blog\/wp-json\/wp\/v2\/types\/post"}],"author":[{"embeddable":true,"href":"https:\/\/www.my-watchsite.fr\/blog\/wp-json\/wp\/v2\/users\/1"}],"replies":[{"embeddable":true,"href":"https:\/\/www.my-watchsite.fr\/blog\/wp-json\/wp\/v2\/comments?post=1878"}],"version-history":[{"count":2,"href":"https:\/\/www.my-watchsite.fr\/blog\/wp-json\/wp\/v2\/posts\/1878\/revisions"}],"predecessor-version":[{"id":12461,"href":"https:\/\/www.my-watchsite.fr\/blog\/wp-json\/wp\/v2\/posts\/1878\/revisions\/12461"}],"wp:featuredmedia":[{"embeddable":true,"href":"https:\/\/www.my-watchsite.fr\/blog\/wp-json\/wp\/v2\/media\/1882"}],"wp:attachment":[{"href":"https:\/\/www.my-watchsite.fr\/blog\/wp-json\/wp\/v2\/media?parent=1878"}],"wp:term":[{"taxonomy":"category","embeddable":true,"href":"https:\/\/www.my-watchsite.fr\/blog\/wp-json\/wp\/v2\/categories?post=1878"},{"taxonomy":"post_tag","embeddable":true,"href":"https:\/\/www.my-watchsite.fr\/blog\/wp-json\/wp\/v2\/tags?post=1878"}],"curies":[{"name":"wp","href":"https:\/\/api.w.org\/{rel}","templated":true}]}}