{"id":1917,"date":"2013-06-20T00:00:00","date_gmt":"2013-06-19T22:00:00","guid":{"rendered":"https:\/\/www.my-watchsite.fr\/blog\/blog\/antonio-calce-ceo-de-montres-corum-egalement-nomme-ceo-deterna-n506\/"},"modified":"2013-06-20T00:00:00","modified_gmt":"2013-06-19T22:00:00","slug":"antonio-calce-ceo-de-montres-corum-egalement-nomme-ceo-deterna-n506","status":"publish","type":"post","link":"https:\/\/www.my-watchsite.fr\/blog\/antonio-calce-ceo-de-montres-corum-egalement-nomme-ceo-deterna-n506\/","title":{"rendered":"Antonio Calce, CEO de Montres Corum \u00e9galement nomm\u00e9 CEO d\u2019Eterna"},"content":{"rendered":"<div><em>Impossible pour notre site de se contenter de relayer le communiqu\u00e9 officiel de cette nomination. Antonio Calce entretient avec nos \u00e9quipes des liens de confiance et d\u2019amiti\u00e9 depuis de nombreuses ann\u00e9es. On l\u2019a connu enthousiaste lors de son arriv\u00e9e chez Corum, parfois pr\u00e9occup\u00e9 par cette crise qui n\u2019en finit pas, mais toujours incroyablement optimiste, cr\u00e9atif et visionnaire. Cette nomination n\u2019est pas une surprise quand on conna\u00eet l\u2019estime et le respect r\u00e9ciproques qu\u2019il y a entre M. Antonio Calce et M. Hon Kwok Lung. Avec Corum et Eterna, Antonio Calce se trouve donc \u00e0 la t\u00eate de manufactures qui vont lui permettre de transformer des r\u00eaves en r\u00e9alit\u00e9. Ma\u00eetre-horlogers, designers, concepteurs\u2026 autant de professionnels de haute vol\u00e9e qui, parions-le, vont lui permettre de multiplier les merveilles qui vont arriver dans les collections. Pour notre plus grand plaisir, bien s\u00fbr.<\/em><strong>FD<\/strong><\/div>\n<div>&#8212;&#8212;&#8212;-<\/div>\n<p> Cette nomination strat\u00e9gique d\u00e9montre la vision \u00e0 long terme de China Haidian et la confiance des deux partenaires pour le d\u00e9veloppement et la croissance des deux marques.<\/p>\n<p><strong>M. Hon Kwok Lung<\/strong>, Pr\u00e9sident du Comit\u00e9 Ex\u00e9cutif de China Haidian, a d\u00e9clar\u00e9: \u00ab\u00a0C&rsquo;est un grand plaisir de voir M. Antonio Calce accepter ce d\u00e9fi. Depuis 2007, il a su repositionner Corum parmi les grands acteurs de Haute Horlogerie. J\u2019aurai plaisir \u00e0 travailler avec Antonio Calce en qui j\u2019ai toute confiance pour assurer une gestion efficace des deux soci\u00e9t\u00e9s\u00a0\u00bb.<br \/><strong><br \/>Antonio Calce<\/strong>, CEO de Corum, a d\u00e9clar\u00e9: \u00ab\u00a0Je suis tr\u00e8s heureux d&rsquo;avoir une relation forte bas\u00e9e sur la confiance avec M. Hon. Je suis attach\u00e9 \u00e0 l&rsquo;histoire incroyable d&rsquo;Eterna ainsi qu\u2019\u00e0 son outil industriel et je crois fermement en son potentiel. De nombreuses synergies seront \u00e0 exploiter et ma mission imm\u00e9diate est de remettre Eterna au premier plan du paysage horloger suisse.\u00a0\u00bb <br \/><strong>A propos d\u2019Eterna <\/strong><br \/>Depuis 1856, Eterna fabrique des montres m\u00e9caniques haut de gamme fond\u00e9es sur le savoir-faire de g\u00e9n\u00e9rations d&rsquo;artisans horlogers. Au cours de ses plus de 150 ans d\u2019existence, l\u2019entreprise a donn\u00e9 le jour \u00e0 un grand nombre de mod\u00e8les innovants.<\/p>\n<p><strong>A propos de Corum <\/strong><br \/>Reconnue tant pour l\u2019esth\u00e9tique de ses mod\u00e8les que pour son excellence technique, la Maison Corum est fi\u00e8re de contribuer \u00e0 perp\u00e9tuer les valeurs et les savoir-faire s\u00e9culaires de la haute horlogerie, et de les projeter dans l\u2019avenir en cr\u00e9ant aujourd\u2019hui l\u2019horlogerie de demain. Fond\u00e9e en 1955 \u00e0 La Chaux-de-Fonds (Suisse), la soci\u00e9t\u00e9 Corum a fait de la cr\u00e9ativit\u00e9, de la coh\u00e9rence et de la vision \u00e0 long terme ses lignes de conduite. Elle poursuit dans la voie trac\u00e9e par les fondateurs, plus que jamais fid\u00e8les aux collections iconiques qui ont fait la r\u00e9putation et la notori\u00e9t\u00e9 de la marque, mais en leur insufflant une puissante touche de modernit\u00e9 marqu\u00e9e au sceau de l\u2019innovation et des avanc\u00e9es techniques.<\/p>\n<p><strong>A propos de China Haidian <\/strong><\/p>\n<div>Chine Haidian Holdings Limited (\u00ab\u00a0China Haidian\u00a0\u00bb) (code boursier: 256) est une soci\u00e9t\u00e9 cot\u00e9e en Bourse de Hong Kong depuis 1991, qui est contr\u00f4l\u00e9e par M. Hon et sa famille. L&rsquo;activit\u00e9 principale du groupe est la fabrication pour les marques horlog\u00e8res qui lui appartiennent et la distribution tant de ses propres marques de montres que celles de quelques marques Suisse de luxe en Chine et dans toute l&rsquo;Asie.<\/div>\n<div>Le Groupe d\u00e9tient les marques horlog\u00e8res \u00ab\u00a0EBOHR\u00a0\u00bb et \u00ab\u00a0ROSSINI\u00a0\u00bb qui sont toutes deux parmi les 4 premi\u00e8res marques nationales de montres en Chine. Le Groupe d\u00e9tient \u00e9galement la marque suisse \u00ab\u00a0Eterna\u00a0\u00bb qui dispose d&rsquo;une licence pour fabriquer et distribuer les montres de \u00ab\u00a0Porsche Design\u00a0\u00bb dans le monde.<\/div>\n<ul>\n<li><img decoding=\"async\" src=\"https:\/\/www.my-watchsite.fr\/blog\/wp-content\/uploads\/2020\/08\/506_1391.jpg\" alt=\"Antonio Calce, CEO de Montres Corum et maintenant \u00e9galement CEO d\u2019Eterna \" \/><\/li>\n<li><img decoding=\"async\" src=\"https:\/\/www.my-watchsite.fr\/blog\/wp-content\/uploads\/2020\/08\/506_1392.jpg\" alt=\"Antonio Calce, CEO de Montres Corum et maintenant \u00e9galement CEO d\u2019Eterna\" \/><\/li>\n<\/ul>\n","protected":false},"excerpt":{"rendered":"<p>Impossible pour notre site de se contenter de relayer le communiqu\u00e9 officiel de cette nomination. Antonio Calce entretient avec nos \u00e9quipes des liens de confiance et d\u2019amiti\u00e9 depuis de nombreuses ann\u00e9es. On l\u2019a connu enthousiaste lors de son arriv\u00e9e chez Corum, parfois pr\u00e9occup\u00e9 par cette crise qui n\u2019en finit pas, mais toujours incroyablement optimiste, cr\u00e9atif [&hellip;]<\/p>\n","protected":false},"author":1,"featured_media":1920,"comment_status":"closed","ping_status":"closed","sticky":false,"template":"","format":"standard","meta":{"footnotes":""},"categories":[2],"tags":[41],"acf":[],"yoast_head":"<!-- This site is optimized with the Yoast SEO plugin v20.4 - https:\/\/yoast.com\/wordpress\/plugins\/seo\/ -->\n<title>Antonio Calce, CEO de Montres Corum \u00e9galement nomm\u00e9 CEO d\u2019Eterna - MyWatch FR<\/title>\n<meta name=\"robots\" content=\"index, follow, max-snippet:-1, max-image-preview:large, max-video-preview:-1\" \/>\n<link rel=\"canonical\" href=\"https:\/\/www.my-watchsite.fr\/blog\/antonio-calce-ceo-de-montres-corum-egalement-nomme-ceo-deterna-n506\/\" \/>\n<meta property=\"og:locale\" content=\"fr_FR\" \/>\n<meta property=\"og:type\" content=\"article\" \/>\n<meta property=\"og:title\" content=\"Antonio Calce, CEO de Montres Corum \u00e9galement nomm\u00e9 CEO d\u2019Eterna - MyWatch FR\" \/>\n<meta property=\"og:description\" content=\"Impossible pour notre site de se contenter de relayer le communiqu\u00e9 officiel de cette nomination. Antonio Calce entretient avec nos \u00e9quipes des liens de confiance et d\u2019amiti\u00e9 depuis de nombreuses ann\u00e9es. On l\u2019a connu enthousiaste lors de son arriv\u00e9e chez Corum, parfois pr\u00e9occup\u00e9 par cette crise qui n\u2019en finit pas, mais toujours incroyablement optimiste, cr\u00e9atif [&hellip;]\" \/>\n<meta property=\"og:url\" content=\"https:\/\/www.my-watchsite.fr\/blog\/antonio-calce-ceo-de-montres-corum-egalement-nomme-ceo-deterna-n506\/\" \/>\n<meta property=\"og:site_name\" content=\"MyWatch FR\" \/>\n<meta property=\"article:publisher\" content=\"https:\/\/www.facebook.com\/mywatchsite\/\" \/>\n<meta property=\"article:published_time\" content=\"2013-06-19T22:00:00+00:00\" \/>\n<meta property=\"og:image\" content=\"https:\/\/www.my-watchsite.fr\/blog\/wp-content\/uploads\/2020\/08\/thumb_506.jpg\" \/>\n\t<meta property=\"og:image:width\" content=\"654\" \/>\n\t<meta property=\"og:image:height\" content=\"435\" \/>\n\t<meta property=\"og:image:type\" content=\"image\/jpeg\" \/>\n<meta name=\"author\" content=\"MyWatch\" \/>\n<meta name=\"twitter:card\" content=\"summary_large_image\" \/>\n<meta name=\"twitter:creator\" content=\"@mywatchsite\" \/>\n<meta name=\"twitter:site\" content=\"@mywatchsite\" \/>\n<meta name=\"twitter:label1\" content=\"\u00c9crit par\" \/>\n\t<meta name=\"twitter:data1\" content=\"MyWatch\" \/>\n\t<meta name=\"twitter:label2\" content=\"Dur\u00e9e de lecture estim\u00e9e\" \/>\n\t<meta name=\"twitter:data2\" content=\"3 minutes\" \/>\n<script type=\"application\/ld+json\" class=\"yoast-schema-graph\">{\"@context\":\"https:\/\/schema.org\",\"@graph\":[{\"@type\":\"WebPage\",\"@id\":\"https:\/\/www.my-watchsite.fr\/blog\/antonio-calce-ceo-de-montres-corum-egalement-nomme-ceo-deterna-n506\/\",\"url\":\"https:\/\/www.my-watchsite.fr\/blog\/antonio-calce-ceo-de-montres-corum-egalement-nomme-ceo-deterna-n506\/\",\"name\":\"Antonio Calce, CEO de Montres Corum \u00e9galement nomm\u00e9 CEO d\u2019Eterna - MyWatch FR\",\"isPartOf\":{\"@id\":\"https:\/\/www.my-watchsite.fr\/blog\/#website\"},\"datePublished\":\"2013-06-19T22:00:00+00:00\",\"dateModified\":\"2013-06-19T22:00:00+00:00\",\"author\":{\"@id\":\"https:\/\/www.my-watchsite.fr\/blog\/#\/schema\/person\/67e19b3e3d014465042ff1be1c9fcf44\"},\"breadcrumb\":{\"@id\":\"https:\/\/www.my-watchsite.fr\/blog\/antonio-calce-ceo-de-montres-corum-egalement-nomme-ceo-deterna-n506\/#breadcrumb\"},\"inLanguage\":\"fr-FR\",\"potentialAction\":[{\"@type\":\"ReadAction\",\"target\":[\"https:\/\/www.my-watchsite.fr\/blog\/antonio-calce-ceo-de-montres-corum-egalement-nomme-ceo-deterna-n506\/\"]}]},{\"@type\":\"BreadcrumbList\",\"@id\":\"https:\/\/www.my-watchsite.fr\/blog\/antonio-calce-ceo-de-montres-corum-egalement-nomme-ceo-deterna-n506\/#breadcrumb\",\"itemListElement\":[{\"@type\":\"ListItem\",\"position\":1,\"name\":\"Accueil\",\"item\":\"https:\/\/www.my-watchsite.fr\/blog\/\"},{\"@type\":\"ListItem\",\"position\":2,\"name\":\"Antonio Calce, CEO de Montres Corum \u00e9galement nomm\u00e9 CEO d\u2019Eterna\"}]},{\"@type\":\"WebSite\",\"@id\":\"https:\/\/www.my-watchsite.fr\/blog\/#website\",\"url\":\"https:\/\/www.my-watchsite.fr\/blog\/\",\"name\":\"MyWatch FR\",\"description\":\"Make Time a Lifestyle\",\"potentialAction\":[{\"@type\":\"SearchAction\",\"target\":{\"@type\":\"EntryPoint\",\"urlTemplate\":\"https:\/\/www.my-watchsite.fr\/blog\/?s={search_term_string}\"},\"query-input\":\"required name=search_term_string\"}],\"inLanguage\":\"fr-FR\"},{\"@type\":\"Person\",\"@id\":\"https:\/\/www.my-watchsite.fr\/blog\/#\/schema\/person\/67e19b3e3d014465042ff1be1c9fcf44\",\"name\":\"MyWatch\",\"image\":{\"@type\":\"ImageObject\",\"inLanguage\":\"fr-FR\",\"@id\":\"https:\/\/www.my-watchsite.fr\/blog\/#\/schema\/person\/image\/\",\"url\":\"https:\/\/secure.gravatar.com\/avatar\/e52d1e94806c54826c863f554ca1dd2a?s=96&d=mm&r=g\",\"contentUrl\":\"https:\/\/secure.gravatar.com\/avatar\/e52d1e94806c54826c863f554ca1dd2a?s=96&d=mm&r=g\",\"caption\":\"MyWatch\"},\"sameAs\":[\"https:\/\/www.my-watchsite.fr\/blog\"]}]}<\/script>\n<!-- \/ Yoast SEO plugin. -->","yoast_head_json":{"title":"Antonio Calce, CEO de Montres Corum \u00e9galement nomm\u00e9 CEO d\u2019Eterna - MyWatch FR","robots":{"index":"index","follow":"follow","max-snippet":"max-snippet:-1","max-image-preview":"max-image-preview:large","max-video-preview":"max-video-preview:-1"},"canonical":"https:\/\/www.my-watchsite.fr\/blog\/antonio-calce-ceo-de-montres-corum-egalement-nomme-ceo-deterna-n506\/","og_locale":"fr_FR","og_type":"article","og_title":"Antonio Calce, CEO de Montres Corum \u00e9galement nomm\u00e9 CEO d\u2019Eterna - MyWatch FR","og_description":"Impossible pour notre site de se contenter de relayer le communiqu\u00e9 officiel de cette nomination. Antonio Calce entretient avec nos \u00e9quipes des liens de confiance et d\u2019amiti\u00e9 depuis de nombreuses ann\u00e9es. On l\u2019a connu enthousiaste lors de son arriv\u00e9e chez Corum, parfois pr\u00e9occup\u00e9 par cette crise qui n\u2019en finit pas, mais toujours incroyablement optimiste, cr\u00e9atif [&hellip;]","og_url":"https:\/\/www.my-watchsite.fr\/blog\/antonio-calce-ceo-de-montres-corum-egalement-nomme-ceo-deterna-n506\/","og_site_name":"MyWatch FR","article_publisher":"https:\/\/www.facebook.com\/mywatchsite\/","article_published_time":"2013-06-19T22:00:00+00:00","og_image":[{"width":654,"height":435,"url":"https:\/\/www.my-watchsite.fr\/blog\/wp-content\/uploads\/2020\/08\/thumb_506.jpg","type":"image\/jpeg"}],"author":"MyWatch","twitter_card":"summary_large_image","twitter_creator":"@mywatchsite","twitter_site":"@mywatchsite","twitter_misc":{"\u00c9crit par":"MyWatch","Dur\u00e9e de lecture estim\u00e9e":"3 minutes"},"schema":{"@context":"https:\/\/schema.org","@graph":[{"@type":"WebPage","@id":"https:\/\/www.my-watchsite.fr\/blog\/antonio-calce-ceo-de-montres-corum-egalement-nomme-ceo-deterna-n506\/","url":"https:\/\/www.my-watchsite.fr\/blog\/antonio-calce-ceo-de-montres-corum-egalement-nomme-ceo-deterna-n506\/","name":"Antonio Calce, CEO de Montres Corum \u00e9galement nomm\u00e9 CEO d\u2019Eterna - MyWatch FR","isPartOf":{"@id":"https:\/\/www.my-watchsite.fr\/blog\/#website"},"datePublished":"2013-06-19T22:00:00+00:00","dateModified":"2013-06-19T22:00:00+00:00","author":{"@id":"https:\/\/www.my-watchsite.fr\/blog\/#\/schema\/person\/67e19b3e3d014465042ff1be1c9fcf44"},"breadcrumb":{"@id":"https:\/\/www.my-watchsite.fr\/blog\/antonio-calce-ceo-de-montres-corum-egalement-nomme-ceo-deterna-n506\/#breadcrumb"},"inLanguage":"fr-FR","potentialAction":[{"@type":"ReadAction","target":["https:\/\/www.my-watchsite.fr\/blog\/antonio-calce-ceo-de-montres-corum-egalement-nomme-ceo-deterna-n506\/"]}]},{"@type":"BreadcrumbList","@id":"https:\/\/www.my-watchsite.fr\/blog\/antonio-calce-ceo-de-montres-corum-egalement-nomme-ceo-deterna-n506\/#breadcrumb","itemListElement":[{"@type":"ListItem","position":1,"name":"Accueil","item":"https:\/\/www.my-watchsite.fr\/blog\/"},{"@type":"ListItem","position":2,"name":"Antonio Calce, CEO de Montres Corum \u00e9galement nomm\u00e9 CEO d\u2019Eterna"}]},{"@type":"WebSite","@id":"https:\/\/www.my-watchsite.fr\/blog\/#website","url":"https:\/\/www.my-watchsite.fr\/blog\/","name":"MyWatch FR","description":"Make Time a Lifestyle","potentialAction":[{"@type":"SearchAction","target":{"@type":"EntryPoint","urlTemplate":"https:\/\/www.my-watchsite.fr\/blog\/?s={search_term_string}"},"query-input":"required name=search_term_string"}],"inLanguage":"fr-FR"},{"@type":"Person","@id":"https:\/\/www.my-watchsite.fr\/blog\/#\/schema\/person\/67e19b3e3d014465042ff1be1c9fcf44","name":"MyWatch","image":{"@type":"ImageObject","inLanguage":"fr-FR","@id":"https:\/\/www.my-watchsite.fr\/blog\/#\/schema\/person\/image\/","url":"https:\/\/secure.gravatar.com\/avatar\/e52d1e94806c54826c863f554ca1dd2a?s=96&d=mm&r=g","contentUrl":"https:\/\/secure.gravatar.com\/avatar\/e52d1e94806c54826c863f554ca1dd2a?s=96&d=mm&r=g","caption":"MyWatch"},"sameAs":["https:\/\/www.my-watchsite.fr\/blog"]}]}},"_links":{"self":[{"href":"https:\/\/www.my-watchsite.fr\/blog\/wp-json\/wp\/v2\/posts\/1917"}],"collection":[{"href":"https:\/\/www.my-watchsite.fr\/blog\/wp-json\/wp\/v2\/posts"}],"about":[{"href":"https:\/\/www.my-watchsite.fr\/blog\/wp-json\/wp\/v2\/types\/post"}],"author":[{"embeddable":true,"href":"https:\/\/www.my-watchsite.fr\/blog\/wp-json\/wp\/v2\/users\/1"}],"replies":[{"embeddable":true,"href":"https:\/\/www.my-watchsite.fr\/blog\/wp-json\/wp\/v2\/comments?post=1917"}],"version-history":[{"count":0,"href":"https:\/\/www.my-watchsite.fr\/blog\/wp-json\/wp\/v2\/posts\/1917\/revisions"}],"wp:featuredmedia":[{"embeddable":true,"href":"https:\/\/www.my-watchsite.fr\/blog\/wp-json\/wp\/v2\/media\/1920"}],"wp:attachment":[{"href":"https:\/\/www.my-watchsite.fr\/blog\/wp-json\/wp\/v2\/media?parent=1917"}],"wp:term":[{"taxonomy":"category","embeddable":true,"href":"https:\/\/www.my-watchsite.fr\/blog\/wp-json\/wp\/v2\/categories?post=1917"},{"taxonomy":"post_tag","embeddable":true,"href":"https:\/\/www.my-watchsite.fr\/blog\/wp-json\/wp\/v2\/tags?post=1917"}],"curies":[{"name":"wp","href":"https:\/\/api.w.org\/{rel}","templated":true}]}}