{"id":193,"date":"2010-12-16T00:00:00","date_gmt":"2010-12-15T23:00:00","guid":{"rendered":"https:\/\/www.my-watchsite.fr\/blog\/blog\/le-salon-international-de-la-haute-horlogerie-entre-dans-sa-troisieme-decennie-n41\/"},"modified":"2010-12-16T00:00:00","modified_gmt":"2010-12-15T23:00:00","slug":"le-salon-international-de-la-haute-horlogerie-entre-dans-sa-troisieme-decennie-n41","status":"publish","type":"post","link":"https:\/\/www.my-watchsite.fr\/blog\/le-salon-international-de-la-haute-horlogerie-entre-dans-sa-troisieme-decennie-n41\/","title":{"rendered":"Le Salon International de la Haute Horlogerie entre dans sa troisi\u00e8me d\u00e9cennie"},"content":{"rendered":"<p>C\u2019est avec le m\u00eame nombre de 19 participants qu\u2019en 2010 que se tiendra cette 21\u00e8me \u00e9dition, du 17 au 21 janvier 2011, sur une surface de 30&rsquo;000 m2 \u00e0 Palexpo, Gen\u00e8ve.<br \/>Pour l\u2019occasion, le Mus\u00e9e Beyer de Zurich pr\u00e9sentera lors du Salon une s\u00e9lection d\u2019environ quatre-vingts de ses pi\u00e8ces les plus significatives retra\u00e7ant l\u2019histoire horlog\u00e8re du cadran solaire \u00e0 la montre-bracelet du XXe si\u00e8cle. Cette exposition sera accompagn\u00e9e d\u2019un catalogue richement illustr\u00e9 en trois langues : fran\u00e7ais, allemand, anglais.<br \/>C\u2019est dans une conjoncture nettement plus favorable que va s\u2019ouvrir ce SIHH 2011. Apr\u00e8s avoir affront\u00e9 de forts vents adverses suite \u00e0 la crise \u00e9conomique mondiale, l\u2019horlogerie suisse conna\u00eet<br \/>en effet un regain d\u2019activit\u00e9s de bon augure pour la tenue du Salon. Cette prochaine \u00e9dition du SIHH devrait ainsi tenir toutes ses promesses en tant que manifestation priv\u00e9e et professionnelle incontournable dans l\u2019univers de la Haute Horlogerie et confirmer par l\u00e0 m\u00eame la sortie de crise observ\u00e9e depuis plusieurs mois.<br \/>Une politique d\u2019invitation encore plus s\u00e9lective permettra de r\u00e9unir une client\u00e8le exclusive de d\u00e9taillants, v\u00e9ritables ambassadeurs de la Haute Horlogerie dans le monde ainsi que des journalistes internationaux incontournables.<br \/>Cette 21\u00e8me \u00e9dition du SIHH prendra ainsi place dans un contexte permettant de donner \u00e0 nouveau pleine mesure aux m\u00e9tiers d\u2019art, \u00e0 la culture et l\u2019innovation, les fondements m\u00eames de la Haute Horlogerie technique et pr\u00e9cieuse.<\/p>\n<p>Pour tout renseignement compl\u00e9mentaire, veuillez consulter le site www.sihh.ch<\/p>\n<ul>\n<li><img decoding=\"async\" src=\"https:\/\/www.my-watchsite.fr\/blog\/wp-content\/uploads\/2020\/08\/41_80.jpg\" alt=\"Ambiance 1\" \/><\/li>\n<li><img decoding=\"async\" src=\"https:\/\/www.my-watchsite.fr\/blog\/wp-content\/uploads\/2020\/08\/41_81.jpg\" alt=\"Ambiance 2\" \/><\/li>\n<li><img decoding=\"async\" src=\"https:\/\/www.my-watchsite.fr\/blog\/wp-content\/uploads\/2020\/08\/41_82.jpg\" alt=\"Ambiance 3\" \/><\/li>\n<li><img decoding=\"async\" src=\"https:\/\/www.my-watchsite.fr\/blog\/wp-content\/uploads\/2020\/08\/41_83.jpg\" alt=\"Ambiance 4\" \/><\/li>\n<\/ul>\n","protected":false},"excerpt":{"rendered":"<p>C\u2019est avec le m\u00eame nombre de 19 participants qu\u2019en 2010 que se tiendra cette 21\u00e8me \u00e9dition, du 17 au 21 janvier 2011, sur une surface de 30&rsquo;000 m2 \u00e0 Palexpo, Gen\u00e8ve.Pour l\u2019occasion, le Mus\u00e9e Beyer de Zurich pr\u00e9sentera lors du Salon une s\u00e9lection d\u2019environ quatre-vingts de ses pi\u00e8ces les plus significatives retra\u00e7ant l\u2019histoire horlog\u00e8re du [&hellip;]<\/p>\n","protected":false},"author":1,"featured_media":194,"comment_status":"closed","ping_status":"closed","sticky":false,"template":"","format":"standard","meta":{"footnotes":""},"categories":[2],"tags":[],"acf":[],"yoast_head":"<!-- This site is optimized with the Yoast SEO plugin v20.4 - https:\/\/yoast.com\/wordpress\/plugins\/seo\/ -->\n<title>Le Salon International de la Haute Horlogerie entre dans sa troisi\u00e8me d\u00e9cennie - MyWatch FR<\/title>\n<meta name=\"robots\" content=\"index, follow, max-snippet:-1, max-image-preview:large, max-video-preview:-1\" \/>\n<link rel=\"canonical\" href=\"https:\/\/www.my-watchsite.fr\/blog\/le-salon-international-de-la-haute-horlogerie-entre-dans-sa-troisieme-decennie-n41\/\" \/>\n<meta property=\"og:locale\" content=\"fr_FR\" \/>\n<meta property=\"og:type\" content=\"article\" \/>\n<meta property=\"og:title\" content=\"Le Salon International de la Haute Horlogerie entre dans sa troisi\u00e8me d\u00e9cennie - MyWatch FR\" \/>\n<meta property=\"og:description\" content=\"C\u2019est avec le m\u00eame nombre de 19 participants qu\u2019en 2010 que se tiendra cette 21\u00e8me \u00e9dition, du 17 au 21 janvier 2011, sur une surface de 30&rsquo;000 m2 \u00e0 Palexpo, Gen\u00e8ve.Pour l\u2019occasion, le Mus\u00e9e Beyer de Zurich pr\u00e9sentera lors du Salon une s\u00e9lection d\u2019environ quatre-vingts de ses pi\u00e8ces les plus significatives retra\u00e7ant l\u2019histoire horlog\u00e8re du [&hellip;]\" \/>\n<meta property=\"og:url\" content=\"https:\/\/www.my-watchsite.fr\/blog\/le-salon-international-de-la-haute-horlogerie-entre-dans-sa-troisieme-decennie-n41\/\" \/>\n<meta property=\"og:site_name\" content=\"MyWatch FR\" \/>\n<meta property=\"article:publisher\" content=\"https:\/\/www.facebook.com\/mywatchsite\/\" \/>\n<meta property=\"article:published_time\" content=\"2010-12-15T23:00:00+00:00\" \/>\n<meta property=\"og:image\" content=\"https:\/\/www.my-watchsite.fr\/blog\/wp-content\/uploads\/2020\/08\/41_80.jpg\" \/>\n\t<meta property=\"og:image:width\" content=\"450\" \/>\n\t<meta property=\"og:image:height\" content=\"338\" \/>\n\t<meta property=\"og:image:type\" content=\"image\/jpeg\" \/>\n<meta name=\"author\" content=\"MyWatch\" \/>\n<meta name=\"twitter:card\" content=\"summary_large_image\" \/>\n<meta name=\"twitter:creator\" content=\"@mywatchsite\" \/>\n<meta name=\"twitter:site\" content=\"@mywatchsite\" \/>\n<meta name=\"twitter:label1\" content=\"\u00c9crit par\" \/>\n\t<meta name=\"twitter:data1\" content=\"MyWatch\" \/>\n\t<meta name=\"twitter:label2\" content=\"Dur\u00e9e de lecture estim\u00e9e\" \/>\n\t<meta name=\"twitter:data2\" content=\"1 minute\" \/>\n<script type=\"application\/ld+json\" class=\"yoast-schema-graph\">{\"@context\":\"https:\/\/schema.org\",\"@graph\":[{\"@type\":\"WebPage\",\"@id\":\"https:\/\/www.my-watchsite.fr\/blog\/le-salon-international-de-la-haute-horlogerie-entre-dans-sa-troisieme-decennie-n41\/\",\"url\":\"https:\/\/www.my-watchsite.fr\/blog\/le-salon-international-de-la-haute-horlogerie-entre-dans-sa-troisieme-decennie-n41\/\",\"name\":\"Le Salon International de la Haute Horlogerie entre dans sa troisi\u00e8me d\u00e9cennie - MyWatch FR\",\"isPartOf\":{\"@id\":\"https:\/\/www.my-watchsite.fr\/blog\/#website\"},\"datePublished\":\"2010-12-15T23:00:00+00:00\",\"dateModified\":\"2010-12-15T23:00:00+00:00\",\"author\":{\"@id\":\"https:\/\/www.my-watchsite.fr\/blog\/#\/schema\/person\/67e19b3e3d014465042ff1be1c9fcf44\"},\"breadcrumb\":{\"@id\":\"https:\/\/www.my-watchsite.fr\/blog\/le-salon-international-de-la-haute-horlogerie-entre-dans-sa-troisieme-decennie-n41\/#breadcrumb\"},\"inLanguage\":\"fr-FR\",\"potentialAction\":[{\"@type\":\"ReadAction\",\"target\":[\"https:\/\/www.my-watchsite.fr\/blog\/le-salon-international-de-la-haute-horlogerie-entre-dans-sa-troisieme-decennie-n41\/\"]}]},{\"@type\":\"BreadcrumbList\",\"@id\":\"https:\/\/www.my-watchsite.fr\/blog\/le-salon-international-de-la-haute-horlogerie-entre-dans-sa-troisieme-decennie-n41\/#breadcrumb\",\"itemListElement\":[{\"@type\":\"ListItem\",\"position\":1,\"name\":\"Accueil\",\"item\":\"https:\/\/www.my-watchsite.fr\/blog\/\"},{\"@type\":\"ListItem\",\"position\":2,\"name\":\"Le Salon International de la Haute Horlogerie entre dans sa troisi\u00e8me d\u00e9cennie\"}]},{\"@type\":\"WebSite\",\"@id\":\"https:\/\/www.my-watchsite.fr\/blog\/#website\",\"url\":\"https:\/\/www.my-watchsite.fr\/blog\/\",\"name\":\"MyWatch FR\",\"description\":\"Make Time a Lifestyle\",\"potentialAction\":[{\"@type\":\"SearchAction\",\"target\":{\"@type\":\"EntryPoint\",\"urlTemplate\":\"https:\/\/www.my-watchsite.fr\/blog\/?s={search_term_string}\"},\"query-input\":\"required name=search_term_string\"}],\"inLanguage\":\"fr-FR\"},{\"@type\":\"Person\",\"@id\":\"https:\/\/www.my-watchsite.fr\/blog\/#\/schema\/person\/67e19b3e3d014465042ff1be1c9fcf44\",\"name\":\"MyWatch\",\"image\":{\"@type\":\"ImageObject\",\"inLanguage\":\"fr-FR\",\"@id\":\"https:\/\/www.my-watchsite.fr\/blog\/#\/schema\/person\/image\/\",\"url\":\"https:\/\/secure.gravatar.com\/avatar\/e52d1e94806c54826c863f554ca1dd2a?s=96&d=mm&r=g\",\"contentUrl\":\"https:\/\/secure.gravatar.com\/avatar\/e52d1e94806c54826c863f554ca1dd2a?s=96&d=mm&r=g\",\"caption\":\"MyWatch\"},\"sameAs\":[\"https:\/\/www.my-watchsite.fr\/blog\"]}]}<\/script>\n<!-- \/ Yoast SEO plugin. -->","yoast_head_json":{"title":"Le Salon International de la Haute Horlogerie entre dans sa troisi\u00e8me d\u00e9cennie - MyWatch FR","robots":{"index":"index","follow":"follow","max-snippet":"max-snippet:-1","max-image-preview":"max-image-preview:large","max-video-preview":"max-video-preview:-1"},"canonical":"https:\/\/www.my-watchsite.fr\/blog\/le-salon-international-de-la-haute-horlogerie-entre-dans-sa-troisieme-decennie-n41\/","og_locale":"fr_FR","og_type":"article","og_title":"Le Salon International de la Haute Horlogerie entre dans sa troisi\u00e8me d\u00e9cennie - MyWatch FR","og_description":"C\u2019est avec le m\u00eame nombre de 19 participants qu\u2019en 2010 que se tiendra cette 21\u00e8me \u00e9dition, du 17 au 21 janvier 2011, sur une surface de 30&rsquo;000 m2 \u00e0 Palexpo, Gen\u00e8ve.Pour l\u2019occasion, le Mus\u00e9e Beyer de Zurich pr\u00e9sentera lors du Salon une s\u00e9lection d\u2019environ quatre-vingts de ses pi\u00e8ces les plus significatives retra\u00e7ant l\u2019histoire horlog\u00e8re du [&hellip;]","og_url":"https:\/\/www.my-watchsite.fr\/blog\/le-salon-international-de-la-haute-horlogerie-entre-dans-sa-troisieme-decennie-n41\/","og_site_name":"MyWatch FR","article_publisher":"https:\/\/www.facebook.com\/mywatchsite\/","article_published_time":"2010-12-15T23:00:00+00:00","og_image":[{"width":450,"height":338,"url":"https:\/\/www.my-watchsite.fr\/blog\/wp-content\/uploads\/2020\/08\/41_80.jpg","type":"image\/jpeg"}],"author":"MyWatch","twitter_card":"summary_large_image","twitter_creator":"@mywatchsite","twitter_site":"@mywatchsite","twitter_misc":{"\u00c9crit par":"MyWatch","Dur\u00e9e de lecture estim\u00e9e":"1 minute"},"schema":{"@context":"https:\/\/schema.org","@graph":[{"@type":"WebPage","@id":"https:\/\/www.my-watchsite.fr\/blog\/le-salon-international-de-la-haute-horlogerie-entre-dans-sa-troisieme-decennie-n41\/","url":"https:\/\/www.my-watchsite.fr\/blog\/le-salon-international-de-la-haute-horlogerie-entre-dans-sa-troisieme-decennie-n41\/","name":"Le Salon International de la Haute Horlogerie entre dans sa troisi\u00e8me d\u00e9cennie - MyWatch FR","isPartOf":{"@id":"https:\/\/www.my-watchsite.fr\/blog\/#website"},"datePublished":"2010-12-15T23:00:00+00:00","dateModified":"2010-12-15T23:00:00+00:00","author":{"@id":"https:\/\/www.my-watchsite.fr\/blog\/#\/schema\/person\/67e19b3e3d014465042ff1be1c9fcf44"},"breadcrumb":{"@id":"https:\/\/www.my-watchsite.fr\/blog\/le-salon-international-de-la-haute-horlogerie-entre-dans-sa-troisieme-decennie-n41\/#breadcrumb"},"inLanguage":"fr-FR","potentialAction":[{"@type":"ReadAction","target":["https:\/\/www.my-watchsite.fr\/blog\/le-salon-international-de-la-haute-horlogerie-entre-dans-sa-troisieme-decennie-n41\/"]}]},{"@type":"BreadcrumbList","@id":"https:\/\/www.my-watchsite.fr\/blog\/le-salon-international-de-la-haute-horlogerie-entre-dans-sa-troisieme-decennie-n41\/#breadcrumb","itemListElement":[{"@type":"ListItem","position":1,"name":"Accueil","item":"https:\/\/www.my-watchsite.fr\/blog\/"},{"@type":"ListItem","position":2,"name":"Le Salon International de la Haute Horlogerie entre dans sa troisi\u00e8me d\u00e9cennie"}]},{"@type":"WebSite","@id":"https:\/\/www.my-watchsite.fr\/blog\/#website","url":"https:\/\/www.my-watchsite.fr\/blog\/","name":"MyWatch FR","description":"Make Time a Lifestyle","potentialAction":[{"@type":"SearchAction","target":{"@type":"EntryPoint","urlTemplate":"https:\/\/www.my-watchsite.fr\/blog\/?s={search_term_string}"},"query-input":"required name=search_term_string"}],"inLanguage":"fr-FR"},{"@type":"Person","@id":"https:\/\/www.my-watchsite.fr\/blog\/#\/schema\/person\/67e19b3e3d014465042ff1be1c9fcf44","name":"MyWatch","image":{"@type":"ImageObject","inLanguage":"fr-FR","@id":"https:\/\/www.my-watchsite.fr\/blog\/#\/schema\/person\/image\/","url":"https:\/\/secure.gravatar.com\/avatar\/e52d1e94806c54826c863f554ca1dd2a?s=96&d=mm&r=g","contentUrl":"https:\/\/secure.gravatar.com\/avatar\/e52d1e94806c54826c863f554ca1dd2a?s=96&d=mm&r=g","caption":"MyWatch"},"sameAs":["https:\/\/www.my-watchsite.fr\/blog"]}]}},"_links":{"self":[{"href":"https:\/\/www.my-watchsite.fr\/blog\/wp-json\/wp\/v2\/posts\/193"}],"collection":[{"href":"https:\/\/www.my-watchsite.fr\/blog\/wp-json\/wp\/v2\/posts"}],"about":[{"href":"https:\/\/www.my-watchsite.fr\/blog\/wp-json\/wp\/v2\/types\/post"}],"author":[{"embeddable":true,"href":"https:\/\/www.my-watchsite.fr\/blog\/wp-json\/wp\/v2\/users\/1"}],"replies":[{"embeddable":true,"href":"https:\/\/www.my-watchsite.fr\/blog\/wp-json\/wp\/v2\/comments?post=193"}],"version-history":[{"count":0,"href":"https:\/\/www.my-watchsite.fr\/blog\/wp-json\/wp\/v2\/posts\/193\/revisions"}],"wp:featuredmedia":[{"embeddable":true,"href":"https:\/\/www.my-watchsite.fr\/blog\/wp-json\/wp\/v2\/media\/194"}],"wp:attachment":[{"href":"https:\/\/www.my-watchsite.fr\/blog\/wp-json\/wp\/v2\/media?parent=193"}],"wp:term":[{"taxonomy":"category","embeddable":true,"href":"https:\/\/www.my-watchsite.fr\/blog\/wp-json\/wp\/v2\/categories?post=193"},{"taxonomy":"post_tag","embeddable":true,"href":"https:\/\/www.my-watchsite.fr\/blog\/wp-json\/wp\/v2\/tags?post=193"}],"curies":[{"name":"wp","href":"https:\/\/api.w.org\/{rel}","templated":true}]}}