{"id":1982,"date":"2013-07-18T00:00:00","date_gmt":"2013-07-17T22:00:00","guid":{"rendered":"https:\/\/www.my-watchsite.fr\/blog\/blog\/montreux-jazz-festival-au-registre-de-lunesco-n517\/"},"modified":"2021-09-08T16:53:24","modified_gmt":"2021-09-08T14:53:24","slug":"montreux-jazz-festival-au-registre-de-lunesco-n517","status":"publish","type":"post","link":"https:\/\/www.my-watchsite.fr\/blog\/montreux-jazz-festival-au-registre-de-lunesco-n517\/","title":{"rendered":"Montreux Jazz Festival au registre de l&rsquo;UNESCO"},"content":{"rendered":"<p>Audemars Piguet applaudit l&rsquo;inscription des archives du Montreux Jazz Festival au registre de l&rsquo;UNESCO<\/p>\n<p><img decoding=\"async\" src=\"https:\/\/www.my-watchsite.fr\/blog\/wp-content\/uploads\/2020\/08\/517_1457.jpg\" alt=\"Claude Nobs\" \/><\/p>\n<p>En 2010, Audemars Piguet, Montreux Sounds et l&rsquo;\u00c9cole Polytechnique F\u00e9d\u00e9rale de Lausanne (EPFL) ont uni leurs forces dans le but de num\u00e9riser, restaurer et pr\u00e9server les pr\u00e9cieuses archives du Montreux Jazz Festival fond\u00e9 par le d\u00e9funt Claude Nobs. Une collection s&rsquo;\u00e9levant \u00e0 plusieurs milliers d&rsquo;heures d&rsquo;enregistrements des meilleurs musiciens de la plan\u00e8te vient de devenir la premi\u00e8re biblioth\u00e8que audiovisuelle \u00e0 \u00eatre inscrite au registre \u00ab M\u00e9moire du monde \u00bb de l&rsquo;UNESCO, en vue de prot\u00e9ger cet h\u00e9ritage intangible.<\/p>\n<p>Veillant \u00e0 ce que l&rsquo;h\u00e9ritage de Claude Nobs continue \u00e0 vivre pendant les ann\u00e9es \u00e0 venir, Thierry Amsallem, son compagnon, a annonc\u00e9 la cr\u00e9ation de la Fondation Claude Nobs, dont l&rsquo;objectif est de pr\u00e9server et rendre accessible \u00e0 tous une collection inestimable d&rsquo;enregistrements en direct couvrant pratiquement un demi-si\u00e8cle d&rsquo;histoire musicale.<\/p>\n<p>Pour Audemars Piguet, le projet Montreux Sounds Digital Project est en parfaite ad\u00e9quation avec les valeurs de la marque visant \u00e0 pr\u00e9server son h\u00e9ritage et sa tradition de longue date dans le domaine de l&rsquo;horlogerie fine. Ceci afin de conserver ce savoir-faire dans son lieu d&rsquo;origine, la Vall\u00e9e de Joux. \u00c0 propos de cette annonce r\u00e9cente, le directeur g\u00e9n\u00e9ral d&rsquo;Audemars Piguet, Fran\u00e7ois-Henry Bennahmias, affirmait que : \u00ab l&rsquo;\u0153uvre de Claude Nobs a inspir\u00e9 ce projet. Il \u00e9tait un ami fid\u00e8le d&rsquo;Audemars Piguet, c&rsquo;est pourquoi nous sommes ravis du point de vue personnel de faire partie du projet. Mais surtout, nous sommes fiers de nous joindre \u00e0 un effort colossal qui cherche \u00e0 transformer cet h\u00e9ritage unique en une ressource num\u00e9rique de premier ordre pour les g\u00e9n\u00e9rations \u00e0 venir \u00bb.<\/p>\n<p><img decoding=\"async\" src=\"https:\/\/www.my-watchsite.fr\/blog\/wp-content\/uploads\/2020\/08\/517_1458.jpg\" alt=\"Press Conference Thierry Amsallem Claude Nobs\" \/><\/p>\n<p>Le visionnaire Claude Nobs accordait \u00e9norm\u00e9ment d&rsquo;importance au monde de la musique, ce qui l&rsquo;a men\u00e9 \u00e0 cr\u00e9er le Montreux Jazz Festival, depuis devenu une v\u00e9ritable institution non seulement en Suisse, mais \u00e9galement dans le monde entier. Comme pour toute grande id\u00e9e, il a toutefois fallu \u00e0 Claude Nobs beaucoup de persuasion et d&rsquo;insistance pour r\u00e9ussir \u00e0 convaincre les cha\u00eenes de t\u00e9l\u00e9vision \u00e0 venir enregistrer les concerts. Il avait pour vision de construire un h\u00e9ritage musical pour les g\u00e9n\u00e9rations \u00e0 venir. Claude avait rachet\u00e9 les premi\u00e8res archives \u00e0 la T\u00e9l\u00e9vision Suisse quand il s&rsquo;\u00e9tait rendu compte qu&rsquo;elles \u00e9taient effac\u00e9es pour enregistrer par-dessus et, depuis lors, il s&rsquo;\u00e9tait personnellement assur\u00e9 que tous les concerts soient syst\u00e9matiquement enregistr\u00e9s et film\u00e9s.<\/p>\n<p>Cet h\u00e9ritage repr\u00e9sente pr\u00e8s de 5000 heures d&rsquo;enregistrements audiovisuels en direct englobant presque un demi-si\u00e8cle d&rsquo;histoire du festival s&rsquo;\u00e9tendant de 1967 \u00e0 2012. Il s&rsquo;agit l\u00e0 d&rsquo;une collection unique que Quincy Jones a d\u00e9crite comme \u00ab le plus grand t\u00e9moignage de l&rsquo;histoire de la musique, couvrant le jazz, le blues et le rock \u00bb.<\/p>\n<h3><img decoding=\"async\" src=\"https:\/\/www.my-watchsite.fr\/blog\/wp-content\/uploads\/2020\/08\/517_1459.jpg\" alt=\"Tim Sayler Audemars Piguet CMO\" \/><\/h3>\n<h3>\u00c0 propos d&rsquo;Audemars Piguet<\/h3>\n<p>Audemars Piguet reste la plus ancienne manufacture horlog\u00e8re toujours d\u00e9tenue par la famille de ses fondateurs (Audemars et Piguet). Depuis 1875, la soci\u00e9t\u00e9 a \u00e9crit certains des plus beaux chapitres de l&rsquo;histoire de la haute horlogerie auxquels viennent s&rsquo;ajouter des avant-premi\u00e8res mondiales. Dans la vall\u00e9e de Joux, au c\u0153ur du Jura suisse, de nombreux chefs-d&rsquo;\u0153uvre sont cr\u00e9\u00e9s en s\u00e9rie limit\u00e9e et incarnent un degr\u00e9 remarquable de perfection horlog\u00e8re. Ces v\u00e9ritables \u0153uvres d&rsquo;art comprennent des mod\u00e8les sport audacieux, des montres classiques et traditionnelles, de splendides montres-joailli\u00e8res pour dames ainsi que des cr\u00e9ations uniques. www.audemarspiguet.com<\/p>\n<h3>\u00c0 propos de Montreux Jazz Festival Archives<\/h3>\n<p>&#8211; 46 \u00e9ditions du festival de 1967 \u00e0 2012 <br \/>&#8211; plus de 5 millions de spectateurs depuis 1967<br \/>&#8211; 20&rsquo;000 musiciens se sont produits et ont \u00e9t\u00e9 film\u00e9s \u00e0 Montreux<br \/>&#8211; 5&rsquo;000 heures de vid\u00e9o dont 1&rsquo;500 en Haute D\u00e9finition<br \/>&#8211; 5&rsquo;000 heures d&rsquo;audio en multi-pistes<\/p>\n<p>Repr\u00e9sentant:<br \/>&#8211; 10&rsquo;000 supports magn\u00e9tiques<br \/>&#8211; 60 tonnes de supports<br \/>&#8211; 600 m\u00e8tres de rayons lin\u00e9aires<br \/>&#8211; Captation en HDTV (haute d\u00e9finition) depuis 1991, captation de certains concerts en 3D en 2010, puis en 4K 3D d\u00e8s 2012.<\/p>\n<h3>Ils ont jou\u00e9 et ont \u00e9t\u00e9 film\u00e9s \u00e0 Montreux (entre autres) :<\/h3>\n<p>Count Basie, George Benson, Chuck Berry, Black Eyed Peas, Art Blakey, James Blunt, David Bowie, James Brown, Johnny Cash, Ray Charles, Chemical Brothers, Eric Clapton, Jimmy Cliff, George Clinton, Joe Cocker, Leonard Cohen, Phil Collins, Chick Corea, Miles Davis, Deep Purple, Fats Domino, Faithless, Ella Fitzgerald, Roberta Flack, Aretha Franklin, Marvin Gaye, Gilberto Gil, Dizzy Gillespie, Herbie Hancock, Eddie Harris, Jamiroquai, Norah Jones, Quincy Jones, Alicia Keys, B.B. King, Korn, Diana Krall, Lenny Kravitz, Miriam Makeba, Wynton Marsalis, Massive Attack, Les McCann, The Modern Jazz Quartet, Gary Moore, Van Morrison, Muse, Youssou N&rsquo;Dour, Oscar Peterson, Astor Piazzolla, The Pretenders, Prince, Radiohead, Lou Reed, Elis Regina, R.E.M., Lionel Richie, Carlos Santana, Seal, Paul Simon, Nina Simone, Ringo Starr, Sting, James Taylor, Sarah Vaughan, Stevie Ray Vaughan, Caetano Veloso, Muddy Waters, Yes, Neil Young, ZZ Top\u2026<\/p>\n<h3>\u00c0 propos de la Fondation Claude Nobs<\/h3>\n<p>Elle aura pour but notamment de :<br \/>Conserver les bandes originales dans les meilleures conditions possibles.<br \/>Sauvegarder, pr\u00e9server \u00e0 tr\u00e8s long terme la collection documentaire en soutenant le projet de num\u00e9risation.<br \/>Mettre \u00e0 jour les documents num\u00e9ris\u00e9s au moyen des techniques de pointe d\u00e9velopp\u00e9es par l&rsquo;EPFL, permettant en particulier la restauration, voire m\u00eame une am\u00e9lioration de la r\u00e9solution d&rsquo;origine.<br \/>Rendre ces documents accessibles \u00e0 la recherche et \u00e0 l&rsquo;\u00e9ducation.<br \/>Construire un \u00e9crin \u00e0 ce patrimoine dans un espace physique qui lui sera d\u00e9di\u00e9 sur le campus de l&rsquo;EPFL, un laboratoire \u00e0 l&rsquo;interieur d&rsquo;un Montreux Jazz Caf\u00e9.<\/p>\n<p>Diffuser le contenu aupr\u00e8s d&rsquo;un plus large public, notamment par l&rsquo;\u00e9dition des concerts de la collection mais aussi au travers des Montreux Jazz Caf\u00e9 dans le monde.<br \/>Pr\u00e9senter\/Exposer\/Etudier l&rsquo;\u00e9volution d&rsquo;un style ou d&rsquo;un artiste par la cr\u00e9ation de documentaires fond\u00e9s sur les archives de la collection et enrichis d&rsquo;images actuelles.<br \/>Compl\u00e9ter ce patrimoine par les enregistements r\u00e9alis\u00e9s lors des prochaines \u00e9ditions du Montreux Jazz Festival.<\/p>\n\n\n<p><a href=\"https:\/\/www.audemarspiguet.com\/com\/en\/home.html\" target=\"_blank\" rel=\"noreferrer noopener\">www.audemarspiguet.com<\/a><\/p>\n\n\n\n<p>Lire aussi l&rsquo;article <a href=\"https:\/\/www.my-watchsite.fr\/blog\/la-marque-ouvre-les-portes-de-sa-nouvelle-manufacture-n12\/\" target=\"_blank\" rel=\"noreferrer noopener\">La marque ouvre les portes de sa nouvelle manufacture<\/a><\/p>\n","protected":false},"excerpt":{"rendered":"<p>Audemars Piguet applaudit l&rsquo;inscription des archives du Montreux Jazz Festival au registre de l&rsquo;UNESCO En 2010, Audemars Piguet, Montreux Sounds et l&rsquo;\u00c9cole Polytechnique F\u00e9d\u00e9rale de Lausanne (EPFL) ont uni leurs forces dans le but de num\u00e9riser, restaurer et pr\u00e9server les pr\u00e9cieuses archives du Montreux Jazz Festival fond\u00e9 par le d\u00e9funt Claude Nobs. Une collection s&rsquo;\u00e9levant [&hellip;]<\/p>\n","protected":false},"author":1,"featured_media":1986,"comment_status":"closed","ping_status":"closed","sticky":false,"template":"","format":"standard","meta":{"footnotes":""},"categories":[2],"tags":[39],"acf":[],"yoast_head":"<!-- This site is optimized with the Yoast SEO plugin v20.4 - https:\/\/yoast.com\/wordpress\/plugins\/seo\/ -->\n<title>Montreux Jazz Festival au registre de l&#039;UNESCO - MyWatch FR<\/title>\n<meta name=\"description\" content=\"Audemars Piguet applaudit l&#039;inscription des archives du Montreux Jazz Festival au registre de l&#039;UNESCO\" \/>\n<meta name=\"robots\" content=\"index, follow, max-snippet:-1, max-image-preview:large, max-video-preview:-1\" \/>\n<link rel=\"canonical\" href=\"https:\/\/www.my-watchsite.fr\/blog\/montreux-jazz-festival-au-registre-de-lunesco-n517\/\" \/>\n<meta property=\"og:locale\" content=\"fr_FR\" \/>\n<meta property=\"og:type\" content=\"article\" \/>\n<meta property=\"og:title\" content=\"Montreux Jazz Festival au registre de l&#039;UNESCO - MyWatch FR\" \/>\n<meta property=\"og:description\" content=\"Audemars Piguet applaudit l&#039;inscription des archives du Montreux Jazz Festival au registre de l&#039;UNESCO\" \/>\n<meta property=\"og:url\" content=\"https:\/\/www.my-watchsite.fr\/blog\/montreux-jazz-festival-au-registre-de-lunesco-n517\/\" \/>\n<meta property=\"og:site_name\" content=\"MyWatch FR\" \/>\n<meta property=\"article:publisher\" content=\"https:\/\/www.facebook.com\/mywatchsite\/\" \/>\n<meta property=\"article:published_time\" content=\"2013-07-17T22:00:00+00:00\" \/>\n<meta property=\"article:modified_time\" content=\"2021-09-08T14:53:24+00:00\" \/>\n<meta property=\"og:image\" content=\"https:\/\/www.my-watchsite.fr\/blog\/wp-content\/uploads\/2020\/08\/thumb_517.jpg\" \/>\n\t<meta property=\"og:image:width\" content=\"654\" \/>\n\t<meta property=\"og:image:height\" content=\"435\" \/>\n\t<meta property=\"og:image:type\" content=\"image\/jpeg\" \/>\n<meta name=\"author\" content=\"MyWatch\" \/>\n<meta name=\"twitter:card\" content=\"summary_large_image\" \/>\n<meta name=\"twitter:creator\" content=\"@mywatchsite\" \/>\n<meta name=\"twitter:site\" content=\"@mywatchsite\" \/>\n<meta name=\"twitter:label1\" content=\"\u00c9crit par\" \/>\n\t<meta name=\"twitter:data1\" content=\"MyWatch\" \/>\n\t<meta name=\"twitter:label2\" content=\"Dur\u00e9e de lecture estim\u00e9e\" \/>\n\t<meta name=\"twitter:data2\" content=\"5 minutes\" \/>\n<script type=\"application\/ld+json\" class=\"yoast-schema-graph\">{\"@context\":\"https:\/\/schema.org\",\"@graph\":[{\"@type\":\"WebPage\",\"@id\":\"https:\/\/www.my-watchsite.fr\/blog\/montreux-jazz-festival-au-registre-de-lunesco-n517\/\",\"url\":\"https:\/\/www.my-watchsite.fr\/blog\/montreux-jazz-festival-au-registre-de-lunesco-n517\/\",\"name\":\"Montreux Jazz Festival au registre de l'UNESCO - MyWatch FR\",\"isPartOf\":{\"@id\":\"https:\/\/www.my-watchsite.fr\/blog\/#website\"},\"datePublished\":\"2013-07-17T22:00:00+00:00\",\"dateModified\":\"2021-09-08T14:53:24+00:00\",\"author\":{\"@id\":\"https:\/\/www.my-watchsite.fr\/blog\/#\/schema\/person\/67e19b3e3d014465042ff1be1c9fcf44\"},\"description\":\"Audemars Piguet applaudit l'inscription des archives du Montreux Jazz Festival au registre de l'UNESCO\",\"breadcrumb\":{\"@id\":\"https:\/\/www.my-watchsite.fr\/blog\/montreux-jazz-festival-au-registre-de-lunesco-n517\/#breadcrumb\"},\"inLanguage\":\"fr-FR\",\"potentialAction\":[{\"@type\":\"ReadAction\",\"target\":[\"https:\/\/www.my-watchsite.fr\/blog\/montreux-jazz-festival-au-registre-de-lunesco-n517\/\"]}]},{\"@type\":\"BreadcrumbList\",\"@id\":\"https:\/\/www.my-watchsite.fr\/blog\/montreux-jazz-festival-au-registre-de-lunesco-n517\/#breadcrumb\",\"itemListElement\":[{\"@type\":\"ListItem\",\"position\":1,\"name\":\"Accueil\",\"item\":\"https:\/\/www.my-watchsite.fr\/blog\/\"},{\"@type\":\"ListItem\",\"position\":2,\"name\":\"Montreux Jazz Festival au registre de l&rsquo;UNESCO\"}]},{\"@type\":\"WebSite\",\"@id\":\"https:\/\/www.my-watchsite.fr\/blog\/#website\",\"url\":\"https:\/\/www.my-watchsite.fr\/blog\/\",\"name\":\"MyWatch FR\",\"description\":\"Make Time a Lifestyle\",\"potentialAction\":[{\"@type\":\"SearchAction\",\"target\":{\"@type\":\"EntryPoint\",\"urlTemplate\":\"https:\/\/www.my-watchsite.fr\/blog\/?s={search_term_string}\"},\"query-input\":\"required name=search_term_string\"}],\"inLanguage\":\"fr-FR\"},{\"@type\":\"Person\",\"@id\":\"https:\/\/www.my-watchsite.fr\/blog\/#\/schema\/person\/67e19b3e3d014465042ff1be1c9fcf44\",\"name\":\"MyWatch\",\"image\":{\"@type\":\"ImageObject\",\"inLanguage\":\"fr-FR\",\"@id\":\"https:\/\/www.my-watchsite.fr\/blog\/#\/schema\/person\/image\/\",\"url\":\"https:\/\/secure.gravatar.com\/avatar\/e52d1e94806c54826c863f554ca1dd2a?s=96&d=mm&r=g\",\"contentUrl\":\"https:\/\/secure.gravatar.com\/avatar\/e52d1e94806c54826c863f554ca1dd2a?s=96&d=mm&r=g\",\"caption\":\"MyWatch\"},\"sameAs\":[\"https:\/\/www.my-watchsite.fr\/blog\"]}]}<\/script>\n<!-- \/ Yoast SEO plugin. -->","yoast_head_json":{"title":"Montreux Jazz Festival au registre de l'UNESCO - MyWatch FR","description":"Audemars Piguet applaudit l'inscription des archives du Montreux Jazz Festival au registre de l'UNESCO","robots":{"index":"index","follow":"follow","max-snippet":"max-snippet:-1","max-image-preview":"max-image-preview:large","max-video-preview":"max-video-preview:-1"},"canonical":"https:\/\/www.my-watchsite.fr\/blog\/montreux-jazz-festival-au-registre-de-lunesco-n517\/","og_locale":"fr_FR","og_type":"article","og_title":"Montreux Jazz Festival au registre de l'UNESCO - MyWatch FR","og_description":"Audemars Piguet applaudit l'inscription des archives du Montreux Jazz Festival au registre de l'UNESCO","og_url":"https:\/\/www.my-watchsite.fr\/blog\/montreux-jazz-festival-au-registre-de-lunesco-n517\/","og_site_name":"MyWatch FR","article_publisher":"https:\/\/www.facebook.com\/mywatchsite\/","article_published_time":"2013-07-17T22:00:00+00:00","article_modified_time":"2021-09-08T14:53:24+00:00","og_image":[{"width":654,"height":435,"url":"https:\/\/www.my-watchsite.fr\/blog\/wp-content\/uploads\/2020\/08\/thumb_517.jpg","type":"image\/jpeg"}],"author":"MyWatch","twitter_card":"summary_large_image","twitter_creator":"@mywatchsite","twitter_site":"@mywatchsite","twitter_misc":{"\u00c9crit par":"MyWatch","Dur\u00e9e de lecture estim\u00e9e":"5 minutes"},"schema":{"@context":"https:\/\/schema.org","@graph":[{"@type":"WebPage","@id":"https:\/\/www.my-watchsite.fr\/blog\/montreux-jazz-festival-au-registre-de-lunesco-n517\/","url":"https:\/\/www.my-watchsite.fr\/blog\/montreux-jazz-festival-au-registre-de-lunesco-n517\/","name":"Montreux Jazz Festival au registre de l'UNESCO - MyWatch FR","isPartOf":{"@id":"https:\/\/www.my-watchsite.fr\/blog\/#website"},"datePublished":"2013-07-17T22:00:00+00:00","dateModified":"2021-09-08T14:53:24+00:00","author":{"@id":"https:\/\/www.my-watchsite.fr\/blog\/#\/schema\/person\/67e19b3e3d014465042ff1be1c9fcf44"},"description":"Audemars Piguet applaudit l'inscription des archives du Montreux Jazz Festival au registre de l'UNESCO","breadcrumb":{"@id":"https:\/\/www.my-watchsite.fr\/blog\/montreux-jazz-festival-au-registre-de-lunesco-n517\/#breadcrumb"},"inLanguage":"fr-FR","potentialAction":[{"@type":"ReadAction","target":["https:\/\/www.my-watchsite.fr\/blog\/montreux-jazz-festival-au-registre-de-lunesco-n517\/"]}]},{"@type":"BreadcrumbList","@id":"https:\/\/www.my-watchsite.fr\/blog\/montreux-jazz-festival-au-registre-de-lunesco-n517\/#breadcrumb","itemListElement":[{"@type":"ListItem","position":1,"name":"Accueil","item":"https:\/\/www.my-watchsite.fr\/blog\/"},{"@type":"ListItem","position":2,"name":"Montreux Jazz Festival au registre de l&rsquo;UNESCO"}]},{"@type":"WebSite","@id":"https:\/\/www.my-watchsite.fr\/blog\/#website","url":"https:\/\/www.my-watchsite.fr\/blog\/","name":"MyWatch FR","description":"Make Time a Lifestyle","potentialAction":[{"@type":"SearchAction","target":{"@type":"EntryPoint","urlTemplate":"https:\/\/www.my-watchsite.fr\/blog\/?s={search_term_string}"},"query-input":"required name=search_term_string"}],"inLanguage":"fr-FR"},{"@type":"Person","@id":"https:\/\/www.my-watchsite.fr\/blog\/#\/schema\/person\/67e19b3e3d014465042ff1be1c9fcf44","name":"MyWatch","image":{"@type":"ImageObject","inLanguage":"fr-FR","@id":"https:\/\/www.my-watchsite.fr\/blog\/#\/schema\/person\/image\/","url":"https:\/\/secure.gravatar.com\/avatar\/e52d1e94806c54826c863f554ca1dd2a?s=96&d=mm&r=g","contentUrl":"https:\/\/secure.gravatar.com\/avatar\/e52d1e94806c54826c863f554ca1dd2a?s=96&d=mm&r=g","caption":"MyWatch"},"sameAs":["https:\/\/www.my-watchsite.fr\/blog"]}]}},"_links":{"self":[{"href":"https:\/\/www.my-watchsite.fr\/blog\/wp-json\/wp\/v2\/posts\/1982"}],"collection":[{"href":"https:\/\/www.my-watchsite.fr\/blog\/wp-json\/wp\/v2\/posts"}],"about":[{"href":"https:\/\/www.my-watchsite.fr\/blog\/wp-json\/wp\/v2\/types\/post"}],"author":[{"embeddable":true,"href":"https:\/\/www.my-watchsite.fr\/blog\/wp-json\/wp\/v2\/users\/1"}],"replies":[{"embeddable":true,"href":"https:\/\/www.my-watchsite.fr\/blog\/wp-json\/wp\/v2\/comments?post=1982"}],"version-history":[{"count":2,"href":"https:\/\/www.my-watchsite.fr\/blog\/wp-json\/wp\/v2\/posts\/1982\/revisions"}],"predecessor-version":[{"id":15975,"href":"https:\/\/www.my-watchsite.fr\/blog\/wp-json\/wp\/v2\/posts\/1982\/revisions\/15975"}],"wp:featuredmedia":[{"embeddable":true,"href":"https:\/\/www.my-watchsite.fr\/blog\/wp-json\/wp\/v2\/media\/1986"}],"wp:attachment":[{"href":"https:\/\/www.my-watchsite.fr\/blog\/wp-json\/wp\/v2\/media?parent=1982"}],"wp:term":[{"taxonomy":"category","embeddable":true,"href":"https:\/\/www.my-watchsite.fr\/blog\/wp-json\/wp\/v2\/categories?post=1982"},{"taxonomy":"post_tag","embeddable":true,"href":"https:\/\/www.my-watchsite.fr\/blog\/wp-json\/wp\/v2\/tags?post=1982"}],"curies":[{"name":"wp","href":"https:\/\/api.w.org\/{rel}","templated":true}]}}