{"id":2094,"date":"2013-09-13T00:00:00","date_gmt":"2013-09-12T22:00:00","guid":{"rendered":"https:\/\/www.my-watchsite.fr\/blog\/blog\/exposition-piaget-altiplano-a-paris-au-printemps-haussmann-n542\/"},"modified":"2021-08-30T11:21:28","modified_gmt":"2021-08-30T09:21:28","slug":"exposition-piaget-altiplano-a-paris-au-printemps-haussmann-n542","status":"publish","type":"post","link":"https:\/\/www.my-watchsite.fr\/blog\/exposition-piaget-altiplano-a-paris-au-printemps-haussmann-n542\/","title":{"rendered":"Exposition Piaget Altiplano \u00e0 Paris au Printemps Haussmann"},"content":{"rendered":"<p><strong>Exposition Piaget Altiplano 2013 <\/strong><\/p>\n<h3><strong>Piaget retrace un demi-si\u00e8cle de conqu\u00eate de l\u2019extra-plat avec l\u2019exposition :<br \/>Piaget Altiplano 2013 : les records du monde de l\u2019extra-plat<\/strong><\/h3>\n<p><img decoding=\"async\" src=\"https:\/\/www.my-watchsite.fr\/blog\/wp-content\/uploads\/2020\/08\/542_1553.jpg\" alt=\"Exposition Piaget Altiplano \u00e0 Paris au Printemps Haussmann\" \/><\/p>\n<p>Perp\u00e9tuant son h\u00e9ritage de ma\u00eetre de l\u2019extra-plat, la Manufacture de Haute Horlogerie Piaget pr\u00e9sente pour la premi\u00e8re fois en France une exposition in\u00e9dite d\u00e9di\u00e9e \u00e0 sa ligne iconique : la collection Altiplano. Situ\u00e9e sur la passerelle du premier \u00e9tage du Luxe du Printemps Haussmann, l\u2019exposition retrace les grandes lignes de la saga Altiplano avec des pi\u00e8ces vintages, les mouvements historiques 9P et 12P et un nouveau mod\u00e8le d\u2019exception pr\u00e9sent\u00e9 en exclusivit\u00e9 en France qui signe un double record dans sa cat\u00e9gorie. A la fois classique et intemporel, le mod\u00e8le Piaget Altiplano Date, premi\u00e8re Altiplano \u00e0 se doter d\u2019un quanti\u00e8me abrite le calibre 1205P, mouvement automatique \u00e0 quanti\u00e8me le plus plat du monde avec seulement 3.00 mm d\u2019\u00e9paisseur dans un bo\u00eetier de 6.36 mm, autre record de finesse.<\/p>\n<p><img decoding=\"async\" src=\"https:\/\/www.my-watchsite.fr\/blog\/wp-content\/uploads\/2020\/08\/542_1554.jpg\" alt=\"Exposition Piaget Altiplano \u00e0 Paris au Printemps Haussmann\" \/><\/p>\n<p><img decoding=\"async\" src=\"https:\/\/www.my-watchsite.fr\/blog\/wp-content\/uploads\/2020\/08\/542_1555.jpg\" alt=\"Exposition Piaget Altiplano \u00e0 Paris au Printemps Haussmann\" \/><\/p>\n<h3><strong>Une l\u00e9gitimit\u00e9 historique<\/strong><\/h3>\n<p>La Manufacture de Haute Horlogerie Piaget, qui s\u2019appr\u00eate \u00e0 f\u00eater en 2014 ses 140 ans, a \u00e9crit depuis plus d\u2019un demi-si\u00e8cle certaines des plus belles pages de l\u2019histoire des mouvements extra-plats. D\u00e8s 1957 en effet, Piaget cr\u00e9e l\u2019\u00e9v\u00e9nement en d\u00e9veloppant le calibre 9P, mouvement m\u00e9canique \u00e0 remontage manuel un des plus plat de sa cat\u00e9gorie (2 mm). Deux ans plus tard, Valentin Piaget d\u00e9pose le brevet du calibre 12P qui, commercialis\u00e9 en 1960, d\u00e9croche un autre record, dans la cat\u00e9gorie des mouvements automatiques cette fois-ci. Forte de cette l\u00e9gitimit\u00e9 historique, la Maison Piaget n\u2019a eu de cesse depuis de se renouveler sur le segment hautement technique des mouvements extra-plats.<\/p>\n<p>En \u00e0 peine plus d\u2019une d\u00e9cennie, pr\u00e8s de 35 nouveaux mouvements int\u00e9gralement con\u00e7us et d\u00e9velopp\u00e9s en interne par les artisans horlogers de la Maison ont vus le jour, dont 23 calibres extra-plats, parmi lesquels figurent plusieurs complications horlog\u00e8res prestigieuses, records du monde de finesse dans leur cat\u00e9gorie \u2013 notamment un tourbillon, un chronographe flyback \u00e0 double fuseau horaire, un quanti\u00e8me perp\u00e9tuel, un squelette, une r\u00e9p\u00e9tition minutes\u2026<\/p>\n<p><img decoding=\"async\" src=\"https:\/\/www.my-watchsite.fr\/blog\/wp-content\/uploads\/2020\/08\/542_1556.jpg\" alt=\"Piaget Altiplano Date en or rose \" \/><\/p>\n<h3><strong>La ligne Altiplano l\u2019expression m\u00eame d\u2019un classicisme \u00e9l\u00e9gant<\/strong><\/h3>\n<p>En 2010, pour les cinquante ans de son l\u00e9gendaire calibre 12P, Piaget signe un nouveau double record avec le calibre 1200P, mouvement m\u00e9canique \u00e0 remontage automatique le plus plat du march\u00e9 avec seulement 2.35 mm d\u2019\u00e9paisseur et int\u00e9gr\u00e9e au nouveau bo\u00eetier Altiplano 43 mm, celui de la montre la plus plate de sa cat\u00e9gorie (5.25 mm). Entre puret\u00e9 et raffinement, la ligne Piaget Altiplano devient la signature de la Maison, l\u2019expression m\u00eame d\u2019un classicisme \u00e9l\u00e9gant dont les nouveaut\u00e9s consolident chaque ann\u00e9e sa position de leader dans l\u2019univers des calibres extra-plats.\u00a0Reconnue tant pour les comp\u00e9tences n\u00e9cessaires \u00e0 sa r\u00e9alisation que pour son esth\u00e9tique unique, la montre Altiplano de Piaget a gagn\u00e9 de nombreux prix d\u00e9cern\u00e9s par le public ou par les professionnels dont en 2003 le Prix du Design au Grand Prix de l\u2019Horlogerie de Gen\u00e8ve.<br \/><strong><br \/>Altiplano Date : Une avant-premi\u00e8re in\u00e9dite en France<\/strong><\/p>\n<p>Le dernier en date le mouvement 1205P ovationn\u00e9 par la presse au Salon International de la Haute Horlogerie 2013, signe un nouveau double record celui mouvement automatique \u00e0 quanti\u00e8me le plus plat du monde avec seulement 3.00 mm d\u2019\u00e9paisseur dans un bo\u00eetier de 6.36 mm, autre record de finesse. Pour la premi\u00e8re fois, une Altiplano se dote d\u2019un quanti\u00e8me et affiche ainsi la date \u00e0 8h.<br \/>Ce nouveau garde-temps ne permet pas seulement \u00e0 la Manufacture de Haute Horlogerie Piaget de battre un nouveau record dans la qu\u00eate de l\u2019extra-plat, il vient aussi compl\u00e9ter un portefeuille de mouvements d\u2019une richesse rare, le fruit de d\u00e9cennies de cr\u00e9ativit\u00e9, d\u2019inventions et d\u2019investissements tant techniques qu\u2019humains : un patrimoine horloger qui signe l\u2019appartenance d\u2019une Maison au cercle tr\u00e8s restreint des plus grandes Manufactures.<\/p>\n<p>Exposition du 12 Septembre au 10 Octobre, <br \/>Passerelle du 1er \u00e9tage du Luxe <br \/>Printemps Haussmann<br \/>64 boulevard Haussmann, Paris 9\u00e8me<\/p>\n<ul>\n<li><img decoding=\"async\" src=\"https:\/\/www.my-watchsite.fr\/blog\/wp-content\/uploads\/2020\/08\/542_1551.jpg\" alt=\"Exposition Piaget Altiplano \u00e0 Paris au Printemps Haussmann\" \/><img decoding=\"async\" src=\"https:\/\/www.my-watchsite.fr\/blog\/wp-content\/uploads\/2020\/08\/542_1552.jpg\" alt=\"Exposition Piaget Altiplano \u00e0 Paris au Printemps Haussmann\" \/><img decoding=\"async\" src=\"https:\/\/www.my-watchsite.fr\/blog\/wp-content\/uploads\/2020\/08\/542_1557.jpg\" alt=\"Piaget Altiplano Date en or gris\" \/><\/li>\n<\/ul>\n\n\n<p><a href=\"https:\/\/www.piaget.com\" target=\"_blank\" rel=\"noreferrer noopener\">www.piaget.com<\/a><\/p>\n\n\n\n<p>Lire aussi l&rsquo;article <a href=\"https:\/\/www.my-watchsite.fr\/blog\/piaget-cree-une-serie-limitee-pour-dubail-n516\/\" target=\"_blank\" rel=\"noreferrer noopener\">Piaget cr\u00e9e une s\u00e9rie limit\u00e9e pour Dubail<\/a><\/p>\n","protected":false},"excerpt":{"rendered":"<p>Exposition Piaget Altiplano 2013 Piaget retrace un demi-si\u00e8cle de conqu\u00eate de l\u2019extra-plat avec l\u2019exposition :Piaget Altiplano 2013 : les records du monde de l\u2019extra-plat Perp\u00e9tuant son h\u00e9ritage de ma\u00eetre de l\u2019extra-plat, la Manufacture de Haute Horlogerie Piaget pr\u00e9sente pour la premi\u00e8re fois en France une exposition in\u00e9dite d\u00e9di\u00e9e \u00e0 sa ligne iconique : la collection [&hellip;]<\/p>\n","protected":false},"author":1,"featured_media":2095,"comment_status":"closed","ping_status":"closed","sticky":false,"template":"","format":"standard","meta":{"footnotes":""},"categories":[2],"tags":[33],"acf":[],"yoast_head":"<!-- This site is optimized with the Yoast SEO plugin v20.4 - https:\/\/yoast.com\/wordpress\/plugins\/seo\/ -->\n<title>Exposition Piaget Altiplano \u00e0 Paris au Printemps Haussmann<\/title>\n<meta name=\"description\" content=\"Exposition Piaget Altiplano : Piaget retrace un demi-si\u00e8cle de conqu\u00eate de l\u2019extra-plat avec l\u2019exposition \u00e0 Paris\" \/>\n<meta name=\"robots\" content=\"index, follow, max-snippet:-1, max-image-preview:large, max-video-preview:-1\" \/>\n<link rel=\"canonical\" href=\"https:\/\/www.my-watchsite.fr\/blog\/exposition-piaget-altiplano-a-paris-au-printemps-haussmann-n542\/\" \/>\n<meta property=\"og:locale\" content=\"fr_FR\" \/>\n<meta property=\"og:type\" content=\"article\" \/>\n<meta property=\"og:title\" content=\"Exposition Piaget Altiplano \u00e0 Paris au Printemps Haussmann\" \/>\n<meta property=\"og:description\" content=\"Exposition Piaget Altiplano : Piaget retrace un demi-si\u00e8cle de conqu\u00eate de l\u2019extra-plat avec l\u2019exposition \u00e0 Paris\" \/>\n<meta property=\"og:url\" content=\"https:\/\/www.my-watchsite.fr\/blog\/exposition-piaget-altiplano-a-paris-au-printemps-haussmann-n542\/\" \/>\n<meta property=\"og:site_name\" content=\"MyWatch FR\" \/>\n<meta property=\"article:publisher\" content=\"https:\/\/www.facebook.com\/mywatchsite\/\" \/>\n<meta property=\"article:published_time\" content=\"2013-09-12T22:00:00+00:00\" \/>\n<meta property=\"article:modified_time\" content=\"2021-08-30T09:21:28+00:00\" \/>\n<meta property=\"og:image\" content=\"https:\/\/www.my-watchsite.fr\/blog\/wp-content\/uploads\/2020\/08\/542_1551.jpg\" \/>\n\t<meta property=\"og:image:width\" content=\"450\" \/>\n\t<meta property=\"og:image:height\" content=\"640\" \/>\n\t<meta property=\"og:image:type\" content=\"image\/jpeg\" \/>\n<meta name=\"author\" content=\"MyWatch\" \/>\n<meta name=\"twitter:card\" content=\"summary_large_image\" \/>\n<meta name=\"twitter:creator\" content=\"@mywatchsite\" \/>\n<meta name=\"twitter:site\" content=\"@mywatchsite\" \/>\n<meta name=\"twitter:label1\" content=\"\u00c9crit par\" \/>\n\t<meta name=\"twitter:data1\" content=\"MyWatch\" \/>\n\t<meta name=\"twitter:label2\" content=\"Dur\u00e9e de lecture estim\u00e9e\" \/>\n\t<meta name=\"twitter:data2\" content=\"5 minutes\" \/>\n<script type=\"application\/ld+json\" class=\"yoast-schema-graph\">{\"@context\":\"https:\/\/schema.org\",\"@graph\":[{\"@type\":\"WebPage\",\"@id\":\"https:\/\/www.my-watchsite.fr\/blog\/exposition-piaget-altiplano-a-paris-au-printemps-haussmann-n542\/\",\"url\":\"https:\/\/www.my-watchsite.fr\/blog\/exposition-piaget-altiplano-a-paris-au-printemps-haussmann-n542\/\",\"name\":\"Exposition Piaget Altiplano \u00e0 Paris au Printemps Haussmann\",\"isPartOf\":{\"@id\":\"https:\/\/www.my-watchsite.fr\/blog\/#website\"},\"datePublished\":\"2013-09-12T22:00:00+00:00\",\"dateModified\":\"2021-08-30T09:21:28+00:00\",\"author\":{\"@id\":\"https:\/\/www.my-watchsite.fr\/blog\/#\/schema\/person\/67e19b3e3d014465042ff1be1c9fcf44\"},\"description\":\"Exposition Piaget Altiplano : Piaget retrace un demi-si\u00e8cle de conqu\u00eate de l\u2019extra-plat avec l\u2019exposition \u00e0 Paris\",\"breadcrumb\":{\"@id\":\"https:\/\/www.my-watchsite.fr\/blog\/exposition-piaget-altiplano-a-paris-au-printemps-haussmann-n542\/#breadcrumb\"},\"inLanguage\":\"fr-FR\",\"potentialAction\":[{\"@type\":\"ReadAction\",\"target\":[\"https:\/\/www.my-watchsite.fr\/blog\/exposition-piaget-altiplano-a-paris-au-printemps-haussmann-n542\/\"]}]},{\"@type\":\"BreadcrumbList\",\"@id\":\"https:\/\/www.my-watchsite.fr\/blog\/exposition-piaget-altiplano-a-paris-au-printemps-haussmann-n542\/#breadcrumb\",\"itemListElement\":[{\"@type\":\"ListItem\",\"position\":1,\"name\":\"Accueil\",\"item\":\"https:\/\/www.my-watchsite.fr\/blog\/\"},{\"@type\":\"ListItem\",\"position\":2,\"name\":\"Exposition Piaget Altiplano \u00e0 Paris au Printemps Haussmann\"}]},{\"@type\":\"WebSite\",\"@id\":\"https:\/\/www.my-watchsite.fr\/blog\/#website\",\"url\":\"https:\/\/www.my-watchsite.fr\/blog\/\",\"name\":\"MyWatch FR\",\"description\":\"Make Time a Lifestyle\",\"potentialAction\":[{\"@type\":\"SearchAction\",\"target\":{\"@type\":\"EntryPoint\",\"urlTemplate\":\"https:\/\/www.my-watchsite.fr\/blog\/?s={search_term_string}\"},\"query-input\":\"required name=search_term_string\"}],\"inLanguage\":\"fr-FR\"},{\"@type\":\"Person\",\"@id\":\"https:\/\/www.my-watchsite.fr\/blog\/#\/schema\/person\/67e19b3e3d014465042ff1be1c9fcf44\",\"name\":\"MyWatch\",\"image\":{\"@type\":\"ImageObject\",\"inLanguage\":\"fr-FR\",\"@id\":\"https:\/\/www.my-watchsite.fr\/blog\/#\/schema\/person\/image\/\",\"url\":\"https:\/\/secure.gravatar.com\/avatar\/e52d1e94806c54826c863f554ca1dd2a?s=96&d=mm&r=g\",\"contentUrl\":\"https:\/\/secure.gravatar.com\/avatar\/e52d1e94806c54826c863f554ca1dd2a?s=96&d=mm&r=g\",\"caption\":\"MyWatch\"},\"sameAs\":[\"https:\/\/www.my-watchsite.fr\/blog\"]}]}<\/script>\n<!-- \/ Yoast SEO plugin. -->","yoast_head_json":{"title":"Exposition Piaget Altiplano \u00e0 Paris au Printemps Haussmann","description":"Exposition Piaget Altiplano : Piaget retrace un demi-si\u00e8cle de conqu\u00eate de l\u2019extra-plat avec l\u2019exposition \u00e0 Paris","robots":{"index":"index","follow":"follow","max-snippet":"max-snippet:-1","max-image-preview":"max-image-preview:large","max-video-preview":"max-video-preview:-1"},"canonical":"https:\/\/www.my-watchsite.fr\/blog\/exposition-piaget-altiplano-a-paris-au-printemps-haussmann-n542\/","og_locale":"fr_FR","og_type":"article","og_title":"Exposition Piaget Altiplano \u00e0 Paris au Printemps Haussmann","og_description":"Exposition Piaget Altiplano : Piaget retrace un demi-si\u00e8cle de conqu\u00eate de l\u2019extra-plat avec l\u2019exposition \u00e0 Paris","og_url":"https:\/\/www.my-watchsite.fr\/blog\/exposition-piaget-altiplano-a-paris-au-printemps-haussmann-n542\/","og_site_name":"MyWatch FR","article_publisher":"https:\/\/www.facebook.com\/mywatchsite\/","article_published_time":"2013-09-12T22:00:00+00:00","article_modified_time":"2021-08-30T09:21:28+00:00","og_image":[{"width":450,"height":640,"url":"https:\/\/www.my-watchsite.fr\/blog\/wp-content\/uploads\/2020\/08\/542_1551.jpg","type":"image\/jpeg"}],"author":"MyWatch","twitter_card":"summary_large_image","twitter_creator":"@mywatchsite","twitter_site":"@mywatchsite","twitter_misc":{"\u00c9crit par":"MyWatch","Dur\u00e9e de lecture estim\u00e9e":"5 minutes"},"schema":{"@context":"https:\/\/schema.org","@graph":[{"@type":"WebPage","@id":"https:\/\/www.my-watchsite.fr\/blog\/exposition-piaget-altiplano-a-paris-au-printemps-haussmann-n542\/","url":"https:\/\/www.my-watchsite.fr\/blog\/exposition-piaget-altiplano-a-paris-au-printemps-haussmann-n542\/","name":"Exposition Piaget Altiplano \u00e0 Paris au Printemps Haussmann","isPartOf":{"@id":"https:\/\/www.my-watchsite.fr\/blog\/#website"},"datePublished":"2013-09-12T22:00:00+00:00","dateModified":"2021-08-30T09:21:28+00:00","author":{"@id":"https:\/\/www.my-watchsite.fr\/blog\/#\/schema\/person\/67e19b3e3d014465042ff1be1c9fcf44"},"description":"Exposition Piaget Altiplano : Piaget retrace un demi-si\u00e8cle de conqu\u00eate de l\u2019extra-plat avec l\u2019exposition \u00e0 Paris","breadcrumb":{"@id":"https:\/\/www.my-watchsite.fr\/blog\/exposition-piaget-altiplano-a-paris-au-printemps-haussmann-n542\/#breadcrumb"},"inLanguage":"fr-FR","potentialAction":[{"@type":"ReadAction","target":["https:\/\/www.my-watchsite.fr\/blog\/exposition-piaget-altiplano-a-paris-au-printemps-haussmann-n542\/"]}]},{"@type":"BreadcrumbList","@id":"https:\/\/www.my-watchsite.fr\/blog\/exposition-piaget-altiplano-a-paris-au-printemps-haussmann-n542\/#breadcrumb","itemListElement":[{"@type":"ListItem","position":1,"name":"Accueil","item":"https:\/\/www.my-watchsite.fr\/blog\/"},{"@type":"ListItem","position":2,"name":"Exposition Piaget Altiplano \u00e0 Paris au Printemps Haussmann"}]},{"@type":"WebSite","@id":"https:\/\/www.my-watchsite.fr\/blog\/#website","url":"https:\/\/www.my-watchsite.fr\/blog\/","name":"MyWatch FR","description":"Make Time a Lifestyle","potentialAction":[{"@type":"SearchAction","target":{"@type":"EntryPoint","urlTemplate":"https:\/\/www.my-watchsite.fr\/blog\/?s={search_term_string}"},"query-input":"required name=search_term_string"}],"inLanguage":"fr-FR"},{"@type":"Person","@id":"https:\/\/www.my-watchsite.fr\/blog\/#\/schema\/person\/67e19b3e3d014465042ff1be1c9fcf44","name":"MyWatch","image":{"@type":"ImageObject","inLanguage":"fr-FR","@id":"https:\/\/www.my-watchsite.fr\/blog\/#\/schema\/person\/image\/","url":"https:\/\/secure.gravatar.com\/avatar\/e52d1e94806c54826c863f554ca1dd2a?s=96&d=mm&r=g","contentUrl":"https:\/\/secure.gravatar.com\/avatar\/e52d1e94806c54826c863f554ca1dd2a?s=96&d=mm&r=g","caption":"MyWatch"},"sameAs":["https:\/\/www.my-watchsite.fr\/blog"]}]}},"_links":{"self":[{"href":"https:\/\/www.my-watchsite.fr\/blog\/wp-json\/wp\/v2\/posts\/2094"}],"collection":[{"href":"https:\/\/www.my-watchsite.fr\/blog\/wp-json\/wp\/v2\/posts"}],"about":[{"href":"https:\/\/www.my-watchsite.fr\/blog\/wp-json\/wp\/v2\/types\/post"}],"author":[{"embeddable":true,"href":"https:\/\/www.my-watchsite.fr\/blog\/wp-json\/wp\/v2\/users\/1"}],"replies":[{"embeddable":true,"href":"https:\/\/www.my-watchsite.fr\/blog\/wp-json\/wp\/v2\/comments?post=2094"}],"version-history":[{"count":5,"href":"https:\/\/www.my-watchsite.fr\/blog\/wp-json\/wp\/v2\/posts\/2094\/revisions"}],"predecessor-version":[{"id":15458,"href":"https:\/\/www.my-watchsite.fr\/blog\/wp-json\/wp\/v2\/posts\/2094\/revisions\/15458"}],"wp:featuredmedia":[{"embeddable":true,"href":"https:\/\/www.my-watchsite.fr\/blog\/wp-json\/wp\/v2\/media\/2095"}],"wp:attachment":[{"href":"https:\/\/www.my-watchsite.fr\/blog\/wp-json\/wp\/v2\/media?parent=2094"}],"wp:term":[{"taxonomy":"category","embeddable":true,"href":"https:\/\/www.my-watchsite.fr\/blog\/wp-json\/wp\/v2\/categories?post=2094"},{"taxonomy":"post_tag","embeddable":true,"href":"https:\/\/www.my-watchsite.fr\/blog\/wp-json\/wp\/v2\/tags?post=2094"}],"curies":[{"name":"wp","href":"https:\/\/api.w.org\/{rel}","templated":true}]}}