{"id":21263,"date":"2022-05-09T17:00:00","date_gmt":"2022-05-09T15:00:00","guid":{"rendered":"https:\/\/www.my-watchsite.fr\/blog\/?p=21263"},"modified":"2022-07-04T15:18:09","modified_gmt":"2022-07-04T13:18:09","slug":"star-watch-episode-3-watches-wonders-2022","status":"publish","type":"post","link":"https:\/\/www.my-watchsite.fr\/blog\/star-watch-episode-3-watches-wonders-2022\/","title":{"rendered":"Star Watch  Episode III (Act I) &#8211; La manufacture contre-attaque"},"content":{"rendered":"\n<figure class=\"wp-block-embed is-type-video is-provider-youtube wp-block-embed-youtube wp-embed-aspect-16-9 wp-has-aspect-ratio\"><div class=\"wp-block-embed__wrapper\">\n<iframe loading=\"lazy\" title=\"STAR WATCH - LA MANUFACTURE CONTRE-ATTAQUE avec TAG Heuer et IWC. Episode III - Act I \u00e0 Gen\u00e8ve...\" width=\"500\" height=\"281\" src=\"https:\/\/www.youtube.com\/embed\/Q5GMAZeJ9Ho?feature=oembed\" frameborder=\"0\" allow=\"accelerometer; autoplay; clipboard-write; encrypted-media; gyroscope; picture-in-picture\" allowfullscreen><\/iframe>\n<\/div><\/figure>\n\n\n\n<p>Frank Sans C prolonge le plaisir des d\u00e9couvertes au coeur du salon  Watches and Wonders 2022 \u00e0 Gen\u00e8ve pour une \u00e9mission 3 pleine de surprises ! En effet, il a \u00e9t\u00e9 d\u00e9cid\u00e9 tant les nouveaut\u00e9s sont nombreuses et int\u00e9ressantes de faire un EPISODE III &#8211;  Act II qui sera mis en ligne dans 3 jours soit le jeudi 12 mai&#8230; Difficile de faire court avec des CEOs qui sont tous tr\u00e8s int\u00e9ressants et qui livrent des informations souvent exclusives&#8230;   <\/p>\n\n\n\n<h2 class=\"wp-block-heading\"><strong>TAG HEUER<\/strong><\/h2>\n\n\n\n<h2 class=\"wp-block-heading\"><strong>Carrera x Porsche Edition Limit\u00e9e<\/strong><\/h2>\n\n\n\n<p>Ceux qui nous suivent assidument savent que nous avons d\u00e9j\u00e0 consacr\u00e9 un article complet et une vid\u00e9o de Frank Sans C, en Laponie, sur cette petite merveille de chronographe.&nbsp;<\/p>\n\n\n\n<p>Toutes les infos sur ce deuxi\u00e8me opus collaboratif entre TAG Heuer et Porsche en suivant ce lien :&nbsp;<\/p>\n\n\n\n<figure class=\"wp-block-embed is-type-wp-embed is-provider-mywatch-fr wp-block-embed-mywatch-fr\"><div class=\"wp-block-embed__wrapper\">\n<blockquote class=\"wp-embedded-content\" data-secret=\"oPow98sRq1\"><a href=\"https:\/\/www.my-watchsite.fr\/blog\/tag-heuer-x-porsche-limited-edition\/\">TAG HEUER x PORSCHE : une \u00ab\u00a0Limited Edition\u00a0\u00bb\u00a0pour l&rsquo;opus 2<\/a><\/blockquote><iframe class=\"wp-embedded-content\" sandbox=\"allow-scripts\" security=\"restricted\" style=\"position: absolute; clip: rect(1px, 1px, 1px, 1px);\" title=\"\u00ab\u00a0TAG HEUER x PORSCHE : une \u00ab\u00a0Limited Edition\u00a0\u00bb\u00a0pour l&rsquo;opus 2\u00a0\u00bb &#8212; MyWatch FR\" src=\"https:\/\/www.my-watchsite.fr\/blog\/tag-heuer-x-porsche-limited-edition\/embed\/#?secret=o7WfIhKSqc#?secret=oPow98sRq1\" data-secret=\"oPow98sRq1\" width=\"500\" height=\"282\" frameborder=\"0\" marginwidth=\"0\" marginheight=\"0\" scrolling=\"no\"><\/iframe>\n<\/div><\/figure>\n\n\n\n<p>Ou en vous plongeant dans la vid\u00e9o de Frank Sans C ici : <\/p>\n\n\n\n<figure class=\"wp-block-embed is-type-video is-provider-youtube wp-block-embed-youtube wp-embed-aspect-16-9 wp-has-aspect-ratio\"><div class=\"wp-block-embed__wrapper\">\n<iframe loading=\"lazy\" title=\"La nouvelle TAG Heuer Porsche avec interview de Patrick Dempsey !\" width=\"500\" height=\"281\" src=\"https:\/\/www.youtube.com\/embed\/3zhyCyRDVgk?feature=oembed\" frameborder=\"0\" allow=\"accelerometer; autoplay; clipboard-write; encrypted-media; gyroscope; picture-in-picture\" allowfullscreen><\/iframe>\n<\/div><\/figure>\n\n\n\n<p> Et, bien s\u00fbr, pour conna\u00eetre tous les infos techniques, il y a <a href=\"https:\/\/www.my-watchsite.fr\/carrera\/7845-tag-heuer-carrera-x-porsche.html\" target=\"_blank\" rel=\"noreferrer noopener\">notre fiche d\u00e9taill\u00e9e de la nouvelle TAG Heuer Carrera x Porsche  <\/a><\/p>\n\n\n\n<h2 class=\"wp-block-heading\"><strong>Carrera Plasma, au salon Watches and Wonders 2022, le futur \u00e9tait d\u00e9j\u00e0 l\u00e0&nbsp;<\/strong>!<\/h2>\n\n\n\n<figure class=\"wp-block-embed is-type-video is-provider-youtube wp-block-embed-youtube wp-embed-aspect-16-9 wp-has-aspect-ratio\"><div class=\"wp-block-embed__wrapper\">\n<iframe loading=\"lazy\" title=\"TAG Heuer | TAG Heuer Carrera Plasma\" width=\"500\" height=\"281\" src=\"https:\/\/www.youtube.com\/embed\/Fooxng5HoeY?feature=oembed\" frameborder=\"0\" allow=\"accelerometer; autoplay; clipboard-write; encrypted-media; gyroscope; picture-in-picture\" allowfullscreen><\/iframe>\n<\/div><\/figure>\n\n\n\n<p>Ici, TAG Heuer repousse les limites de l\u2019horlogerie traditionnelle. En utilisant des diamants de synth\u00e8se dits de \u00ab&nbsp;laboratoire&nbsp;\u00bb pour fa\u00e7onner sa nouvelle TAG Heuer Carrera Plasma Tourbillon Nanograph, la manufacture de la Chaux-de-Fonds met en avant son esprit novateur et avant-gardiste. Log\u00e9e dans le design d\u2019un mod\u00e8le Carrera, la montre attire le regard par son cadran fabriqu\u00e9 en diamant polycristallin gr\u00e2ce \u00e0 la technologie CVD (d\u00e9p\u00f4t chimique en phase vapeur) ou encore appel\u00e9e \u00ab&nbsp;Diamant d\u2019Avant-Garde&nbsp;\u00bb. En effet, de nombreux cristaux sont appos\u00e9s en couches successives cr\u00e9ant ainsi un effet diamant aux multiples reflets. M\u00eame proc\u00e9d\u00e9 pour les compteurs du chronographe, mais cette fois-ci en diamants polycristallin noirs offrant un contraste saisissant avec l\u2019ensemble. <\/p>\n\n\n\n<figure class=\"wp-block-image size-full\"><img decoding=\"async\" width=\"900\" height=\"560\" loading=\"lazy\" src=\"https:\/\/www.my-watchsite.fr\/blog\/wp-content\/uploads\/2022\/05\/tagheuercarreraplasma.jpg\" alt=\"\" class=\"wp-image-21457\" \/><figcaption>Incrust\u00e9e de 48 diamants de laboratoire, la carrure est \u00e9quip\u00e9e d&rsquo;une couronne spectaculaire enti\u00e8rement en diamant.<\/figcaption><\/figure>\n\n\n\n<p>De plus, cet instrument poss\u00e8de un bo\u00eetier en aluminium anodis\u00e9 sabl\u00e9 noir de 44 mm de diam\u00e8tre dont la carrure est incrust\u00e9e de 48 diamants de laboratoire. Tandis que la couronne est enti\u00e8rement en diamant est confectionn\u00e9e par Capsoul, une start-up experte dans le domaine du design de ce pr\u00e9cieux mat\u00e9riau.<\/p>\n\n\n\n<figure class=\"wp-block-image size-full\"><img decoding=\"async\" width=\"900\" height=\"900\" loading=\"lazy\" src=\"https:\/\/www.my-watchsite.fr\/blog\/wp-content\/uploads\/2022\/05\/tagcarreraplasma.jpg\" alt=\"\" class=\"wp-image-21481\" \/><figcaption>Visible au dos, le calibre de la Carrera Plasma se pare d&rsquo;un spiral en carbone antimagn\u00e9tique.<\/figcaption><\/figure>\n\n\n\n<p>Certifi\u00e9 chronom\u00e8tre par le tr\u00e8s s\u00e9rieux COSC, l&rsquo;instrument est anim\u00e9 par un calibre aux performances chronom\u00e9triques \u00e9tonnantes. Il est dot\u00e9 d\u2019un spiral en carbone usin\u00e9 avec la m\u00eame technique CVD que les diamants de laboratoire. Cela lui conf\u00e8re de grandes capacit\u00e9s amagn\u00e9tiques, une r\u00e9sistance aux chocs et aux temp\u00e9ratures. Un v\u00e9ritable petit concentr\u00e9 de haute technologie.<\/p>\n\n\n\n<p><strong>Prix&nbsp;: 350 000 CHF<\/strong><\/p>\n\n\n\n<h2 class=\"wp-block-heading\"><strong>D\u00e9tails techniques&nbsp;:<\/strong><\/h2>\n\n\n\n<p><strong>Mouvement&nbsp;<\/strong><br>HEUER 02 Tourbillon Nanograph, certifi\u00e9 COSC&nbsp;<br><strong>Bo\u00eetier&nbsp;<\/strong><br>Diam\u00e8tre de 44 mm&nbsp;<br>En aluminium anodis\u00e9 sabl\u00e9 noir serti de 48 diamants de laboratoire (4,2 ct au total)&nbsp;<br>Lunette tachym\u00e9trique fixe en c\u00e9ramique noire polie \/ satin\u00e9e&nbsp;<br>Glace saphir bomb\u00e9e&nbsp;<br>Couronne en diamants de laboratoire (2,5 ct au total) \u00e0 3 heures&nbsp;<br>Boutons poussoirs sabl\u00e9s et protections des poussoirs en acier avec rev\u00eatement ADLC noir&nbsp;<br>Fond de bo\u00eetier sabl\u00e9 noir en aluminium anodis\u00e9 avec 4 vis en titane anodis\u00e9 noir&nbsp;<br><strong>Cadran&nbsp;<\/strong><br>Avec base en laiton rhodi\u00e9 surmont\u00e9 d\u2019une platine en diamant polycristallin (3,9 ct)&nbsp;<br>3 heures : compteur des minutes, platine en diamant polycristallin noir (0,25 ct) et anneau en laiton avec fini opalin noir, aiguille rhodi\u00e9e polie&nbsp;<br>9 heures : compteur des heures, platine en diamant polycristallin noir (0,25 ct) et anneau en laiton avec fini opalin noir, aiguille rhodi\u00e9e polie&nbsp;<br><strong>Bracelet&nbsp;<\/strong><br>Grain\u00e9 en cuir de veau noir avec doublure noire<br>Fermoir ardillon sabl\u00e9 noir en titane Grade 2 avec rev\u00eatement DLC&nbsp;<\/p>\n\n\n\n<h2 class=\"wp-block-heading\"><strong>Aquaracer Professional 200 Solargraph, la puissance du soleil au salon Watches and Wonders 2022<\/strong><\/h2>\n\n\n\n<figure class=\"wp-block-image size-full\"><img decoding=\"async\" width=\"900\" height=\"900\" loading=\"lazy\" src=\"https:\/\/www.my-watchsite.fr\/blog\/wp-content\/uploads\/2022\/05\/tagheuersolargraph.jpg\" alt=\"Aquaracer Professional 200 Solargraph Watches &amp; Wonders 2022\" class=\"wp-image-21459\" \/><figcaption>L&rsquo;Aquaracer Professional 200 Solargraph est une v\u00e9ritable montre-outil de temps modernes.<\/figcaption><\/figure>\n\n\n\n<p>Quel bel exemple de fusion parfaitement ma\u00eetris\u00e9e entre savoir-faire horloger et innovation technologique. Cette Aquaracer Solargraph (2 800 \u20ac), comme son nom le laisse supposer, fonctionne bien gr\u00e2ce \u00e0 l&rsquo;\u00e9nergie solaire : une premi\u00e8re dans l&rsquo;histoire de TAG Heuer. Il faut m\u00eame ajouter qu&rsquo;elle utilise aussi la lumi\u00e8re artificielle pour faire tourner ses aiguilles. C&rsquo;est son cadran qui capte l&rsquo;\u00e9nergie : 20 heures sous le soleil et vous voil\u00e0 parti pour 6 mois d&rsquo;autonomie. <\/p>\n\n\n\n<figure class=\"wp-block-image size-full\"><img decoding=\"async\" width=\"900\" height=\"560\" loading=\"lazy\" src=\"https:\/\/www.my-watchsite.fr\/blog\/wp-content\/uploads\/2022\/05\/tagheuersolargraph2.jpg\" alt=\"Tag Heuer Aquaracer Professional 200 Solargraph Watches &amp; Wonders 2022\" class=\"wp-image-21460\" \/><figcaption>L&rsquo;Aquaracer Professional 200 Solargraph poss\u00e8de des capteurs solaires sous son cadran.<\/figcaption><\/figure>\n\n\n\n<p>D&rsquo;un diam\u00e8tre de 40 mm, cette montre en acier trait\u00e9 DLC noir est \u00e9tanche \u00e0 200 m\u00e8tres. C&rsquo;est une vraie montre de plong\u00e9e avec tous les attributs idoines : aiguilles et index luminescents, couronne et fond viss\u00e9s, bracelet caoutchouc avec boucle d\u00e9ployante \u00e9quip\u00e9e d&rsquo;un syst\u00e8me d&rsquo;extension&#8230;<\/p>\n\n\n\n<figure class=\"wp-block-image size-full\"><img decoding=\"async\" width=\"900\" height=\"560\" loading=\"lazy\" src=\"https:\/\/www.my-watchsite.fr\/blog\/wp-content\/uploads\/2022\/05\/tagheuersolargraph3.jpg\" alt=\"TAG Heuer Aquaracer Professional 200 Solargraph Watches &amp; Wonders 2022\" class=\"wp-image-21505\" \/><figcaption>Aucune montre Solargraph ne ressemble \u00e0 une autre car chaque lunette en carbone et superluminova produit un effet visuel unique.<\/figcaption><\/figure>\n\n\n\n<p>&#8230;Et la lunette tournante unidirectionnelle ? Elle est en carbone inject\u00e9 de Superluminova vert, un m\u00e9lange qui ne produit jamais le m\u00eame un effet d&rsquo;un mod\u00e8le \u00e0 l&rsquo;autre, faisant de chaque montre une pi\u00e8ce unique.<\/p>\n\n\n\n<h2 class=\"wp-block-heading\"><strong>Aquaracer Professional 1000 Superdiver, pour les plongeurs superprofessionnels&nbsp;&nbsp;<\/strong><\/h2>\n\n\n\n<p>Cette \u00e9dition \u00ab\u00a0Superdiver\u00a0\u00bb ne ment pas, c&rsquo;est bien une montre de plong\u00e9e taill\u00e9e pour les immersions \u00e0 grande profondeur. Son bo\u00eetier garantit en effet une \u00e9tanch\u00e9it\u00e9 jusqu&rsquo;\u00e0 1 000 m\u00e8tres !&nbsp;&nbsp;Ce n&rsquo;est pas le record mais au-del\u00e0 de 500 m\u00e8tres, les instruments horlogers capables de r\u00e9sister \u00e0 une telle pression (100 kg au cm<sup>2<\/sup>&nbsp;ou 100 bars). <\/p>\n\n\n\n<figure class=\"wp-block-image size-full\"><img decoding=\"async\" width=\"900\" height=\"900\" loading=\"lazy\" src=\"https:\/\/www.my-watchsite.fr\/blog\/wp-content\/uploads\/2022\/05\/tagheueraquaracersuperdiver.jpg\" alt=\"Watches &amp; Wonders 2022 TAG Heuer Aquaracer Professional 1000 Superdiver\" class=\"wp-image-21456\" \/><figcaption>Taill\u00e9e pour les plong\u00e9es extr\u00eames, l&rsquo;Aquaracer Professional 1000 Superdiver est \u00e9tanche \u00e0 1 000 m\u00e8tres de profondeurs.<\/figcaption><\/figure>\n\n\n\n<p>Usin\u00e9e en titane grade 5, l&rsquo;Aquaracer Professional 1000 Superdiver affiche un imposant diam\u00e8tre de 45 mm et elle poss\u00e8de, sur la carrure \u00e0 9h, une valve d&rsquo;\u00e9chappement pour h\u00e9lium. <\/p>\n\n\n\n<h3 class=\"wp-block-heading\">Une valve \u00e0 h\u00e9lium pour les plong\u00e9es \u00ab\u00a0\u00e0 saturation\u00a0\u00bb<\/h3>\n\n\n\n<p>Elle est donc destin\u00e9e aux plong\u00e9es dites \u00ab\u00a0\u00e0 saturation\u00a0\u00bb : une pratique r\u00e9serv\u00e9e aux professionnels habitu\u00e9s aux profondeurs les plus extr\u00eames. Ce domaine tr\u00e8s sp\u00e9cialis\u00e9 n\u00e9cessite un entra\u00eenement particulier. Avant de pouvoir \u00e9voluer entre 200 et 500 m\u00e8tres sous la surface, les plongeurs doivent passer plusieurs jours dans des caissons o\u00f9 ils respirent de l&rsquo;h\u00e9lium pour s\u2019habituer \u00e0 la pression. <\/p>\n\n\n\n<figure class=\"wp-block-image size-full\"><img decoding=\"async\" width=\"900\" height=\"560\" loading=\"lazy\" src=\"https:\/\/www.my-watchsite.fr\/blog\/wp-content\/uploads\/2022\/05\/tagheueraquaracersuperdiver3.jpg\" alt=\"Watches &amp; Wonders 2022 TAG Heuer Aquaracer Professional 1000 Superdiver\" class=\"wp-image-21510\" \/><figcaption>La fameuse valve \u00e0 h\u00e9lium est situ\u00e9 sur le flanc de carrure de la TAG Heuer Aquaracer Professional 1000 Superdiver.<\/figcaption><\/figure>\n\n\n\n<p>C&rsquo;est lors des phases de d\u00e9compression que ce gaz va cr\u00e9er une pression \u00e0 l&rsquo;int\u00e9rieur de la montre. Ce qui, \u00e9videmment est potentiellement dangereux pour le mouvement comme pour le bo\u00eetier puisque le risque d&rsquo;implosion est bien pr\u00e9sent. D&rsquo;o\u00f9 la n\u00e9cessit\u00e9 d&rsquo;une valve \u00e0 h\u00e9lium.&nbsp;&nbsp;&nbsp;&nbsp;<\/p>\n\n\n\n<h3 class=\"wp-block-heading\">Une v\u00e9ritable montre-outil professionnelle&nbsp;<\/h3>\n\n\n\n<p>Certifi\u00e9e ISO 6425 montre de plong\u00e9e et montre de plong\u00e9e en saturation, cet instrument b\u00e9n\u00e9ficie d&rsquo;une protection de couronne pro\u00e9minente en forme de pont et poss\u00e8de, bien s\u00fbr, une lunette tournante unidirectionnelle gradu\u00e9e 60 minutes pour les calculs des temps de plong\u00e9e. Celle-ci est en c\u00e9ramique bicolore avec les 15 premi\u00e8res minutes bien visibles en orange. Toute sa graduation est luminescente et \u00e9met une lueur bleue dans l&rsquo;obscurit\u00e9, tout comme l&rsquo;aiguille des minutes. Ce qui n&rsquo;est pas le cas des autres aiguilles et des index qui, eux, sont recouverts de mati\u00e8re luminescente verte. Pour info, quelle que soit la couleur, il s&rsquo;agit du Superluminova X1, le plus puissant du march\u00e9. <\/p>\n\n\n\n<figure class=\"wp-block-image size-full\"><img decoding=\"async\" width=\"900\" height=\"560\" loading=\"lazy\" src=\"https:\/\/www.my-watchsite.fr\/blog\/wp-content\/uploads\/2022\/05\/tagheueraquaracersuperdiver2.jpg\" alt=\"Watches &amp; Wonders 2022 TAG Heuer Aquaracer Professional 1000 Superdiver\" class=\"wp-image-21461\" \/><figcaption>La super montre de TAG Heuer est en titane, m\u00e9tal \u00e0 la fois l\u00e9ger, robuste et extr\u00eamement r\u00e9sistant \u00e0 la corrosion.<\/figcaption><\/figure>\n\n\n\n<p>C\u00f4t\u00e9 m\u00e9canique, la montre prot\u00e8ge le nouveau calibre automatique TH30-00 exclusif, certifi\u00e9 chronom\u00e8tre (COSC) et fabriqu\u00e9 par Kenissi Manufacture SA en selon les sp\u00e9cifications pr\u00e9cises de TAG Heuer. Propos\u00e9e \u00e0 6 300 \u20ac, elle est livr\u00e9e dans une valise de&nbsp;protection personnalis\u00e9e, aussi r\u00e9sistante que la montre&nbsp;et \u00e9quip\u00e9e&nbsp;d\u2019une&nbsp;lampe&nbsp;de&nbsp;plong\u00e9e&nbsp;de&nbsp;secours. What else.<\/p>\n\n\n\n<h2 class=\"wp-block-heading\"><strong>Monaco Gulf Edition Sp\u00e9ciale, carr\u00e9ment belle !<\/strong><\/h2>\n\n\n\n<p>Entr\u00e9 dans la l\u00e9gende au poignet de Steve McQueen dans le film Le Mans (1971), l&#8217;embl\u00e9matique chronographe Monaco revient sur le devant de la sc\u00e8ne dans une nouvelle version cr\u00e9\u00e9e avec Gulf, partenaire de longue date de TAG Heuer. Pour la petite histoire, il faut savoir c&rsquo;est lors du tournage de ce film \u00e9pique que se sont cr\u00e9\u00e9s les liens entre Gulf, TAG Heuer et Porsche.&nbsp;&nbsp;&nbsp;&nbsp;&nbsp;<\/p>\n\n\n\n<figure class=\"wp-block-image size-full\"><img decoding=\"async\" width=\"900\" height=\"560\" loading=\"lazy\" src=\"https:\/\/www.my-watchsite.fr\/blog\/wp-content\/uploads\/2022\/05\/tagheuermonacogulf.jpg\" alt=\"Watches &amp; Wonders 2022 Monaco Gulf Edition Sp\u00e9ciale\" class=\"wp-image-21458\" \/><figcaption>On reconna\u00eet l&rsquo;ic\u00f4ne sportive de TAG Heuer et son bo\u00eetier carr\u00e9 au premier coup d&rsquo;oeil. <\/figcaption><\/figure>\n\n\n\n<p>Aujourd&rsquo;hui, cette Monaco Gulf Edition Sp\u00e9ciale en acier de 39 mm de c\u00f4t\u00e9 (6 700 \u20ac) reprend les couleurs embl\u00e9matiques bleu ciel et orange ainsi que le logo de Gulf sur son cadran \u00e0 trois compteurs. Trente minutes et douze heures de chrono, respectivement \u00e0 3h et 9h, petite seconde et guichet de date \u00e0 6h : la position des diff\u00e9rents \u00e9l\u00e9ments indique la pr\u00e9sence du mouvement automatique Heuer 02 au c\u0153ur de l&rsquo;instrument. Ce calibre de derni\u00e8re g\u00e9n\u00e9ration, garantissant 80 heures de r\u00e9serve de marche, est en effet visible au dos du bo\u00eetier \u00e9tanche \u00e0 100 m\u00e8tres. <\/p>\n\n\n\n<figure class=\"wp-block-image size-full\"><img decoding=\"async\" width=\"900\" height=\"560\" loading=\"lazy\" src=\"https:\/\/www.my-watchsite.fr\/blog\/wp-content\/uploads\/2022\/05\/tagheuermonacogulf2.jpg\" alt=\"Watches &amp; Wonders 2022 Monaco Gulf Edition Sp\u00e9ciale\" class=\"wp-image-21465\" \/><figcaption>Au verso, le mouvement Heuer est \u00e9quip\u00e9 d&rsquo;une masse oscillante noircie et d&rsquo;une roue \u00e0 colonne teint\u00e9e orange.  <\/figcaption><\/figure>\n\n\n\n<p><a href=\"https:\/\/www.tagheuer.com\/fr\/fr\/\" target=\"_blank\" rel=\"noreferrer noopener\">LE SITE DES MONTRES TAG HEUER<\/a><\/p>\n\n\n\n<h2 class=\"wp-block-heading\"><strong> IWC Schaffhausen <\/strong><\/h2>\n\n\n\n<h2 class=\"wp-block-heading\"><strong> Une palette de couleurs Pantone<\/strong><\/h2>\n\n\n\n<p class=\"wp-embed-aspect-16-9 wp-has-aspect-ratio\">\u00c0 l\u2019occasion du salon Wonders and Wonders 2022 qui s\u2019est d\u00e9roul\u00e9 \u00e0 Gen\u00e8ve il y a quelques semaines, IWC a eu le plaisir de pr\u00e9senter plusieurs nouveaut\u00e9s \u00e0 Frank sans C dont quatre mod\u00e8les de la collection Top Gun&nbsp;: la Grande Montre d\u2019Aviateur 43 Top Gun, la Montre d\u2019Aviateur Chronographe 41 Top Gun Ceratanium\u00ae, la Montre d\u2019Aviateur Chronographe Top Gun \u00c9dition \u00ab&nbsp;Lake Tahoe&nbsp;\u00bb et la Montre d\u2019Aviateur Chronographe Top Gun \u00c9dition \u00ab&nbsp;Woodland&nbsp;\u00bb. Pr\u00e9sentation.<\/p>\n\n\n\n<h2 class=\"wp-embed-aspect-16-9 wp-has-aspect-ratio wp-block-heading\"><strong>La Grande Montre d\u2019Aviateur 43 Top Gun, la montre des pilotes<\/strong><\/h2>\n\n\n\n<figure class=\"wp-block-image size-full\"><img decoding=\"async\" width=\"900\" height=\"560\" loading=\"lazy\" src=\"https:\/\/www.my-watchsite.fr\/blog\/wp-content\/uploads\/2022\/04\/iwc5.jpg\" alt=\"La Grande Montre d'Aviateur 43 Top Gun d'IWC\" class=\"wp-image-21162\" \/><figcaption>La Grande Montre d&rsquo;Aviateur 43 Top Gun est disponible sur bracelet kaki ou noir.<\/figcaption><\/figure>\n\n\n\n<p class=\"wp-embed-aspect-16-9 wp-has-aspect-ratio\">Une premi\u00e8re dans la collection Top Gun d\u2019IWC, le diam\u00e8tre de 43 mm s\u2019impose sur cette Grande Montre d\u2019Aviateur au bo\u00eetier fa\u00e7onn\u00e9 en c\u00e9ramique d\u2019oxyde de zirconium noire. Une couleur intense qui, pour l\u2019anecdote, a \u00e9t\u00e9 cr\u00e9\u00e9e par la manufacture en \u00e9troite collaboration avec le c\u00e9l\u00e8bre nuancier Pantone. D\u00e9sormais, cette teinte de c\u00e9ramique porte le nom de \u00ab&nbsp;IWC Jet Black&nbsp;\u00bb. On y retrouve ainsi un clin d\u2019\u0153il au monde de l\u2019aviation dont la ligne s&rsquo;inspire fortement. De plus, cette \u00e9dition poss\u00e8de un calibre \u00e9quip\u00e9 du syst\u00e8me de remontage automatique Pellaton qui lui assure une r\u00e9serve de marche confortable d\u2019environ 60 heures. Le mouvement est prot\u00e9g\u00e9 par un bo\u00eetier interne en fer doux qui garantit une protection contre les champs magn\u00e9tiques. Tandis que le verre saphir est trait\u00e9 pour r\u00e9sister \u00e0 la d\u00e9pressurisation.<\/p>\n\n\n\n<p class=\"wp-embed-aspect-16-9 wp-has-aspect-ratio\"><strong>Prix : 11 300 \u20ac<\/strong><\/p>\n\n\n\n<p class=\"wp-embed-aspect-16-9 wp-has-aspect-ratio\"><strong>D\u00e9tails techniques&nbsp;:<\/strong> <br>Mouvement m\u00e9canique &#8211; Calibre de manufacture IWC 82100<br>R\u00e9serve de marche&nbsp;: 60 h<br>Syst\u00e8me de remontage automatique Pellaton<br>Seconde au centre avec dispositif d\u2019arr\u00eat<br>Couronne viss\u00e9e<br>Verre r\u00e9sistant \u00e0 la d\u00e9pressurisation<br>Bo\u00eetier interne en fer doux assurant une protection contre les champs magn\u00e9tiques<br>Bo\u00eetier en c\u00e9ramique<br>Couronne en titane<br>Fond en titane<br>Cadran noir<br>Bracelet textile vert ou noir avec boucle d\u00e9ployante<br>Verre saphir, bomb\u00e9, traitement antireflet sur les deux faces<br>\u00c9tanch\u00e9it\u00e9&nbsp;: 10 bars \/ 100 m<br>Diam\u00e8tre&nbsp;: 43,8 mm<br>\u00c9paisseur&nbsp;: 13,9 mm<\/p>\n\n\n\n<h2 class=\"wp-embed-aspect-16-9 wp-has-aspect-ratio wp-block-heading\"><strong>Montre d\u2019Aviateur Chronographe Top Gun \u00c9dition \u00ab&nbsp;Lake Tahoe&nbsp;\u00bb : un bel instrument en mode noir et blanc \u00e0 Watches and Wonders 2022<\/strong>  <\/h2>\n\n\n\n<figure class=\"wp-block-image size-full\"><img decoding=\"async\" width=\"900\" height=\"1450\" loading=\"lazy\" src=\"https:\/\/www.my-watchsite.fr\/blog\/wp-content\/uploads\/2022\/04\/iwc3.jpg\" alt=\"La Montre d'Aviateur Chronographe Top Gun \u00c9dition &quot;Lake Tahoe d'IWC\" class=\"wp-image-21164\" \/><figcaption>Les paysages hivernaux du lac et les uniformes blancs des aviateurs ont inspir\u00e9 le design de la Montre d&rsquo;Aviateur Chronographe Top Gun \u00c9dition \u00ab\u00a0Lake Tahoe\u00a0\u00bb.<\/figcaption><\/figure>\n\n\n\n<p class=\"wp-embed-aspect-16-9 wp-has-aspect-ratio\">Dans sa vid\u00e9o sur les <a href=\"https:\/\/youtu.be\/kNJq_dRPiv8\" target=\"_blank\" rel=\"noreferrer noopener\">montres militaires<\/a>, Frank sans C nous pr\u00e9sentait la Montre d\u2019Aviateur Chronographe Top Gun \u00c9dition \u00ab&nbsp;Mojave Desert&nbsp;\u00bb en c\u00e9ramique de couleur sable dont sa prononciation avait fait l\u2019objet d\u2019une certaine discordance au sein de la r\u00e9daction&nbsp;! Ceci \u00e9tant dit, IWC enrichit aujourd\u2019hui sa collection de nouvelles couleurs de c\u00e9ramique avec cette \u00e9dition blanche. Au nom \u00e9vocateur, la Montre d\u2019Aviateur Chronographe Top Gun \u00c9dition \u00ab&nbsp;Lake Tahoe&nbsp;\u00bb s\u2019inspire des montagnes enneig\u00e9es qui entourent ce lac fabuleux situ\u00e9 aux \u00c9tats-Unis. In\u00e9dit pour la maison, ce coloris lumineux a \u00e9t\u00e9 l\u2019objet d\u2019un v\u00e9ritable challenge pour la manufacture&nbsp;: l\u2019adapter aux autres \u00e9l\u00e9ments de la montre usin\u00e9s dans diff\u00e9rents mat\u00e9riaux. D\u00e9fi relev\u00e9 pour cette variation de 44,5 mm dont le cadran noir contraste avec l\u2019ensemble.<\/p>\n\n\n\n<p class=\"wp-embed-aspect-16-9 wp-has-aspect-ratio\"><strong>Prix : 11 600 \u20ac<\/strong><\/p>\n\n\n\n<p class=\"wp-embed-aspect-16-9 wp-has-aspect-ratio\"><strong>D\u00e9tails techniques&nbsp;:<\/strong> <br>Mouvement chronographe m\u00e9canique<br>Calibre de manufacture IWC 69380<br>R\u00e9serve de marche&nbsp;: 46 h<br>Remontage automatique<br>Affichage de la date et du jour <br>Fonction chronographe heures, minutes et secondes<br>Petite seconde avec dispositif d\u2019arr\u00eat<br>Bo\u00eetier interne en fer doux assurant une protection contre les champs magn\u00e9tiques<br>Couronne viss\u00e9e<br>Verre r\u00e9sistant \u00e0 la d\u00e9pressurisation<br>Production annuelle limit\u00e9e \u00e0 1 000 exemplaires<br>Bo\u00eetier en c\u00e9ramique&nbsp;<br>Fond de bo\u00eetier en titane<br>Couronne et poussoirs en acier inoxydable<br>Cadran noir<br>Bracelet en caoutchouc blanc avec insert en textile et boucle d\u00e9ployante<br>Verre saphir, bomb\u00e9, traitement antireflet sur les deux faces<br>\u00c9tanch\u00e9it\u00e9&nbsp;: 6 bars \/ 60 m<br>Diam\u00e8tre&nbsp;: 44,5 mm<br>\u00c9paisseur&nbsp;: 15,7 mm<\/p>\n\n\n\n<h2 class=\"wp-embed-aspect-16-9 wp-has-aspect-ratio wp-block-heading\"><strong>La Montre d\u2019Aviateur Chronographe Top Gun \u00c9dition \u00ab&nbsp;Woodland&nbsp;\u00bb, se met au vert<\/strong><\/h2>\n\n\n\n<figure class=\"wp-block-image size-full\"><img decoding=\"async\" width=\"900\" height=\"900\" loading=\"lazy\" src=\"https:\/\/www.my-watchsite.fr\/blog\/wp-content\/uploads\/2022\/04\/iwc2.jpg\" alt=\"La Montre d'Aviateur Chronographe Top Gun \u00c9dition&quot;Woodland&quot; d'IWC\" class=\"wp-image-21165\" \/><figcaption>R\u00e9cemment mis au point par IWC, ce vert \u00ab\u00a0IWC Woodland\u00a0\u00bb est utilis\u00e9 pour le bo\u00eetier et le cadran en c\u00e9ramique de la Montre d&rsquo;Aviateur Chronographe Top Gun \u00c9dition\u00a0\u00bbWoodland\u00a0\u00bb.<\/figcaption><\/figure>\n\n\n\n<p class=\"wp-embed-aspect-16-9 wp-has-aspect-ratio\">Autre nom significatif, ce chronographe \u00ab&nbsp;Woodland&nbsp;\u00bb affiche une teinte vert fonc\u00e9 ou devrait-on dire vert for\u00eat pour rester dans le th\u00e8me. En c\u00e9ramique, le cadran arbore des chiffres, des aiguilles et des index imprim\u00e9s dans une teinte plus claire. La montre affiche trois compteurs distincts correspondants aux heures, aux minutes et aux secondes ainsi qu\u2019un guichet d\u00e9livrant la date et le jour plac\u00e9 \u00e0 3 h. Tr\u00e8s harmonieuse, la montre est livr\u00e9e sur un bracelet en caoutchouc vert avec un insert en textile.<\/p>\n\n\n\n<p class=\"wp-embed-aspect-16-9 wp-has-aspect-ratio\"><strong>Prix : 11 600 \u20ac\u00a0<\/strong><\/p>\n\n\n\n<p class=\"wp-embed-aspect-16-9 wp-has-aspect-ratio\"><strong>D\u00e9tails techniques&nbsp;:<\/strong> <br>Mouvement chronographe m\u00e9canique<br>Calibre de manufacture IWC 69380<br>R\u00e9serve de marche&nbsp;: 46h<br>Remontage automatique<br>Bo\u00eetier en c\u00e9ramique<br>Fond de bo\u00eetier, couronne et poussoirs en Ceratanium\u00ae<br>Cadran vert<br>Bracelet en caoutchouc vert avec insert en textile et boucle ardillon<br>Verre saphir, bomb\u00e9, traitement antireflet sur les deux faces<br>\u00c9tanch\u00e9it\u00e9&nbsp;: 6 bars \/ 60 m<br>Diam\u00e8tre&nbsp;: 44,5 mm<br>\u00c9paisseur&nbsp;: 15,7 mm<\/p>\n\n\n\n<h2 class=\"wp-embed-aspect-16-9 wp-has-aspect-ratio wp-block-heading\"><strong>La Montre d\u2019Aviateur Chronographe 41 Top Gun Ceratanium\u00ae, le total look noir<\/strong><\/h2>\n\n\n\n<figure class=\"wp-block-image size-full\"><img decoding=\"async\" width=\"900\" height=\"560\" loading=\"lazy\" src=\"https:\/\/www.my-watchsite.fr\/blog\/wp-content\/uploads\/2022\/04\/iwc6.jpg\" alt=\"La Montre d'Aviateur Chronographe 41 Top Gun Ceratanium\u00ae d'IWC\" class=\"wp-image-21163\" \/><figcaption>Au total look noir, la Montre d&rsquo;Aviateur Chronographe 41 Top Gun Ceratanium\u00ae est fa\u00e7onn\u00e9e dans un alliage exclusif de titane et de c\u00e9ramique.<\/figcaption><\/figure>\n\n\n\n<p class=\"wp-embed-aspect-16-9 wp-has-aspect-ratio\">Petite merveille d\u2019ing\u00e9nierie, le bo\u00eetier de la nouvelle Montre d\u2019Aviateur Chronographe 41 est en Ceratanium\u00ae. D\u00e9voil\u00e9 en 2019 par la maison IWC, ce mat\u00e9riau innovant, comme son nom peut nous le faire deviner, est un alliage de titane et de c\u00e9ramique. Il pr\u00e9sente des propri\u00e9t\u00e9s remarquables telles que la l\u00e9g\u00e8ret\u00e9, la robustesse et la r\u00e9sistance aux rayures. Tout comme le mod\u00e8le pr\u00e9c\u00e9dent, Pantone a nomm\u00e9 \u2013 sans surprise &#8211; cette couleur noire \u00ab\u00a0IWC Ceratanium\u00ae\u00a0\u00bb. Discr\u00e8tement m\u00e9tallique, cette profonde nuance r\u00e9sulte d\u2019une technique de fabrication exclusive qui appara\u00eet lorsque les composants du bo\u00eetier sont cuits \u00e0 de tr\u00e8s hautes temp\u00e9ratures. Ce chronographe est associ\u00e9 \u00e0 un bracelet en caoutchouc noir avec un insert en textile qui lui conf\u00e8re une allure sportive.<\/p>\n\n\n\n<p class=\"wp-embed-aspect-16-9 wp-has-aspect-ratio\"><strong>Prix : 13 800 \u20ac<\/strong><\/p>\n\n\n\n<p class=\"wp-embed-aspect-16-9 wp-has-aspect-ratio\"><strong>D\u00e9tails techniques&nbsp;:<\/strong> <br>Mouvement m\u00e9canique<br>Fonction chronographe heures, minutes et secondes<br>Calibre de manufacture IWC 69385<br>R\u00e9serve de marche&nbsp;: 36 h<br>Affichage de la date et du jour <br>Petite seconde avec dispositif d\u2019arr\u00eat<br>Couronne viss\u00e9e<br>Verre r\u00e9sistant \u00e0 la d\u00e9pressurisation<br>Fond transparent en verre saphir<br>Bo\u00eetier, poussoirs et couronne en Ceratanium\u00ae<br>Cadran noir<br>Bracelet en caoutchouc noir avec insert en textile et boucle ardillon en Ceratanium\u00ae<br>Verre saphir, bomb\u00e9, traitement antireflet sur les deux faces<br>\u00c9tanch\u00e9it\u00e9&nbsp;: 10 bars \/ 100 m<br>Diam\u00e8tre&nbsp;: 41,1 mm<br>\u00c9paisseur&nbsp;: 14,5 mm<\/p>\n\n\n\n<p class=\"wp-embed-aspect-16-9 wp-has-aspect-ratio\"><a href=\"https:\/\/www.iwc.com\/fr\/fr\/home.html\" target=\"_blank\" rel=\"noreferrer noopener\">SITE DES MONTRES IWC<\/a><\/p>\n\n\n\n<p>A lire aussi : <\/p>\n\n\n\n<figure class=\"wp-block-embed is-type-wp-embed is-provider-mywatch-fr wp-block-embed-mywatch-fr\"><div class=\"wp-block-embed__wrapper\">\n<blockquote class=\"wp-embedded-content\" data-secret=\"5J3avlM10m\"><a href=\"https:\/\/www.my-watchsite.fr\/blog\/nouveautes-watches-wonders-2022-episode-2\/\">Star Watch &#8211; Episode 2 : l&rsquo;attaque des chronos<\/a><\/blockquote><iframe class=\"wp-embedded-content\" sandbox=\"allow-scripts\" security=\"restricted\" style=\"position: absolute; clip: rect(1px, 1px, 1px, 1px);\" title=\"\u00ab\u00a0Star Watch &#8211; Episode 2 : l&rsquo;attaque des chronos\u00a0\u00bb &#8212; MyWatch FR\" src=\"https:\/\/www.my-watchsite.fr\/blog\/nouveautes-watches-wonders-2022-episode-2\/embed\/#?secret=gK9YY1HitQ#?secret=5J3avlM10m\" data-secret=\"5J3avlM10m\" width=\"500\" height=\"282\" frameborder=\"0\" marginwidth=\"0\" marginheight=\"0\" scrolling=\"no\"><\/iframe>\n<\/div><\/figure>\n\n\n\n<figure class=\"wp-block-embed is-type-wp-embed is-provider-mywatch-fr wp-block-embed-mywatch-fr\"><div class=\"wp-block-embed__wrapper\">\n<blockquote class=\"wp-embedded-content\" data-secret=\"QHP8qCFkcc\"><a href=\"https:\/\/www.my-watchsite.fr\/blog\/cartier-trilobe-et-van-cleef-arpels-au-salon-de-geneve\/\">Cartier, Trilobe et Van Cleef &amp; Arpels au Salon de Gen\u00e8ve<\/a><\/blockquote><iframe class=\"wp-embedded-content\" sandbox=\"allow-scripts\" security=\"restricted\" style=\"position: absolute; clip: rect(1px, 1px, 1px, 1px);\" title=\"\u00ab\u00a0Cartier, Trilobe et Van Cleef &amp; Arpels au Salon de Gen\u00e8ve\u00a0\u00bb &#8212; MyWatch FR\" src=\"https:\/\/www.my-watchsite.fr\/blog\/cartier-trilobe-et-van-cleef-arpels-au-salon-de-geneve\/embed\/#?secret=Nq8HmiYRHa#?secret=QHP8qCFkcc\" data-secret=\"QHP8qCFkcc\" width=\"500\" height=\"282\" frameborder=\"0\" marginwidth=\"0\" marginheight=\"0\" scrolling=\"no\"><\/iframe>\n<\/div><\/figure>\n","protected":false},"excerpt":{"rendered":"<p>Troisi\u00e8me \u00e9mission en immersion dans les all\u00e9es du salon Watches and Wonders 2022 \u00e0 Gen\u00e8ve. Frank Sans C part cette fois \u00e0 la d\u00e9couverte des plus belles nouveaut\u00e9s sign\u00e9es par TAG Heuer et IWC. Des cr\u00e9ations hautes en couleurs&#8230;<\/p>\n","protected":false},"author":2,"featured_media":21529,"comment_status":"closed","ping_status":"closed","sticky":false,"template":"","format":"standard","meta":{"footnotes":""},"categories":[2],"tags":[26,17],"acf":[],"yoast_head":"<!-- This site is optimized with the Yoast SEO plugin v20.4 - https:\/\/yoast.com\/wordpress\/plugins\/seo\/ -->\n<title>Watches and Wonders 2022, Vid\u00e9o Frank Sans C \u00e9pisode 3<\/title>\n<meta name=\"description\" content=\"La troisi\u00e8me \u00e9mission de Frank Sans C \u00e0 Watches and Wonders 2022 s&#039;int\u00e9resse aux nouveaut\u00e9s des manufactures TAG Heuer et IWC.\" \/>\n<meta name=\"robots\" content=\"index, follow, max-snippet:-1, max-image-preview:large, max-video-preview:-1\" \/>\n<link rel=\"canonical\" href=\"https:\/\/www.my-watchsite.fr\/blog\/star-watch-episode-3-watches-wonders-2022\/\" \/>\n<meta property=\"og:locale\" content=\"fr_FR\" \/>\n<meta property=\"og:type\" content=\"article\" \/>\n<meta property=\"og:title\" content=\"Watches and Wonders 2022, Vid\u00e9o Frank Sans C \u00e9pisode 3\" \/>\n<meta property=\"og:description\" content=\"La troisi\u00e8me \u00e9mission de Frank Sans C \u00e0 Watches and Wonders 2022 s&#039;int\u00e9resse aux nouveaut\u00e9s des manufactures TAG Heuer et IWC.\" \/>\n<meta property=\"og:url\" content=\"https:\/\/www.my-watchsite.fr\/blog\/star-watch-episode-3-watches-wonders-2022\/\" \/>\n<meta property=\"og:site_name\" content=\"MyWatch FR\" \/>\n<meta property=\"article:publisher\" content=\"https:\/\/www.facebook.com\/mywatchsite\/\" \/>\n<meta property=\"article:published_time\" content=\"2022-05-09T15:00:00+00:00\" \/>\n<meta property=\"article:modified_time\" content=\"2022-07-04T13:18:09+00:00\" \/>\n<meta property=\"og:image\" content=\"https:\/\/www.my-watchsite.fr\/blog\/wp-content\/uploads\/2022\/05\/tagpp.jpg\" \/>\n\t<meta property=\"og:image:width\" content=\"750\" \/>\n\t<meta property=\"og:image:height\" content=\"465\" \/>\n\t<meta property=\"og:image:type\" content=\"image\/jpeg\" \/>\n<meta name=\"author\" content=\"Nicolas Yvon\" \/>\n<meta name=\"twitter:card\" content=\"summary_large_image\" \/>\n<meta name=\"twitter:creator\" content=\"@mywatchsite\" \/>\n<meta name=\"twitter:site\" content=\"@mywatchsite\" \/>\n<meta name=\"twitter:label1\" content=\"\u00c9crit par\" \/>\n\t<meta name=\"twitter:data1\" content=\"Nicolas Yvon\" \/>\n\t<meta name=\"twitter:label2\" content=\"Dur\u00e9e de lecture estim\u00e9e\" \/>\n\t<meta name=\"twitter:data2\" content=\"16 minutes\" \/>\n<script type=\"application\/ld+json\" class=\"yoast-schema-graph\">{\"@context\":\"https:\/\/schema.org\",\"@graph\":[{\"@type\":\"WebPage\",\"@id\":\"https:\/\/www.my-watchsite.fr\/blog\/star-watch-episode-3-watches-wonders-2022\/\",\"url\":\"https:\/\/www.my-watchsite.fr\/blog\/star-watch-episode-3-watches-wonders-2022\/\",\"name\":\"Watches and Wonders 2022, Vid\u00e9o Frank Sans C \u00e9pisode 3\",\"isPartOf\":{\"@id\":\"https:\/\/www.my-watchsite.fr\/blog\/#website\"},\"datePublished\":\"2022-05-09T15:00:00+00:00\",\"dateModified\":\"2022-07-04T13:18:09+00:00\",\"author\":{\"@id\":\"https:\/\/www.my-watchsite.fr\/blog\/#\/schema\/person\/0203ed307aba44d49e8aaf4a319fdda7\"},\"description\":\"La troisi\u00e8me \u00e9mission de Frank Sans C \u00e0 Watches and Wonders 2022 s'int\u00e9resse aux nouveaut\u00e9s des manufactures TAG Heuer et IWC.\",\"breadcrumb\":{\"@id\":\"https:\/\/www.my-watchsite.fr\/blog\/star-watch-episode-3-watches-wonders-2022\/#breadcrumb\"},\"inLanguage\":\"fr-FR\",\"potentialAction\":[{\"@type\":\"ReadAction\",\"target\":[\"https:\/\/www.my-watchsite.fr\/blog\/star-watch-episode-3-watches-wonders-2022\/\"]}]},{\"@type\":\"BreadcrumbList\",\"@id\":\"https:\/\/www.my-watchsite.fr\/blog\/star-watch-episode-3-watches-wonders-2022\/#breadcrumb\",\"itemListElement\":[{\"@type\":\"ListItem\",\"position\":1,\"name\":\"Accueil\",\"item\":\"https:\/\/www.my-watchsite.fr\/blog\/\"},{\"@type\":\"ListItem\",\"position\":2,\"name\":\"Star Watch Episode III (Act I) &#8211; La manufacture contre-attaque\"}]},{\"@type\":\"WebSite\",\"@id\":\"https:\/\/www.my-watchsite.fr\/blog\/#website\",\"url\":\"https:\/\/www.my-watchsite.fr\/blog\/\",\"name\":\"MyWatch FR\",\"description\":\"Make Time a Lifestyle\",\"potentialAction\":[{\"@type\":\"SearchAction\",\"target\":{\"@type\":\"EntryPoint\",\"urlTemplate\":\"https:\/\/www.my-watchsite.fr\/blog\/?s={search_term_string}\"},\"query-input\":\"required name=search_term_string\"}],\"inLanguage\":\"fr-FR\"},{\"@type\":\"Person\",\"@id\":\"https:\/\/www.my-watchsite.fr\/blog\/#\/schema\/person\/0203ed307aba44d49e8aaf4a319fdda7\",\"name\":\"Nicolas Yvon\",\"image\":{\"@type\":\"ImageObject\",\"inLanguage\":\"fr-FR\",\"@id\":\"https:\/\/www.my-watchsite.fr\/blog\/#\/schema\/person\/image\/\",\"url\":\"https:\/\/secure.gravatar.com\/avatar\/8333953d186659503c21425ba3681b2e?s=96&d=mm&r=g\",\"contentUrl\":\"https:\/\/secure.gravatar.com\/avatar\/8333953d186659503c21425ba3681b2e?s=96&d=mm&r=g\",\"caption\":\"Nicolas Yvon\"}}]}<\/script>\n<!-- \/ Yoast SEO plugin. -->","yoast_head_json":{"title":"Watches and Wonders 2022, Vid\u00e9o Frank Sans C \u00e9pisode 3","description":"La troisi\u00e8me \u00e9mission de Frank Sans C \u00e0 Watches and Wonders 2022 s'int\u00e9resse aux nouveaut\u00e9s des manufactures TAG Heuer et IWC.","robots":{"index":"index","follow":"follow","max-snippet":"max-snippet:-1","max-image-preview":"max-image-preview:large","max-video-preview":"max-video-preview:-1"},"canonical":"https:\/\/www.my-watchsite.fr\/blog\/star-watch-episode-3-watches-wonders-2022\/","og_locale":"fr_FR","og_type":"article","og_title":"Watches and Wonders 2022, Vid\u00e9o Frank Sans C \u00e9pisode 3","og_description":"La troisi\u00e8me \u00e9mission de Frank Sans C \u00e0 Watches and Wonders 2022 s'int\u00e9resse aux nouveaut\u00e9s des manufactures TAG Heuer et IWC.","og_url":"https:\/\/www.my-watchsite.fr\/blog\/star-watch-episode-3-watches-wonders-2022\/","og_site_name":"MyWatch FR","article_publisher":"https:\/\/www.facebook.com\/mywatchsite\/","article_published_time":"2022-05-09T15:00:00+00:00","article_modified_time":"2022-07-04T13:18:09+00:00","og_image":[{"width":750,"height":465,"url":"https:\/\/www.my-watchsite.fr\/blog\/wp-content\/uploads\/2022\/05\/tagpp.jpg","type":"image\/jpeg"}],"author":"Nicolas Yvon","twitter_card":"summary_large_image","twitter_creator":"@mywatchsite","twitter_site":"@mywatchsite","twitter_misc":{"\u00c9crit par":"Nicolas Yvon","Dur\u00e9e de lecture estim\u00e9e":"16 minutes"},"schema":{"@context":"https:\/\/schema.org","@graph":[{"@type":"WebPage","@id":"https:\/\/www.my-watchsite.fr\/blog\/star-watch-episode-3-watches-wonders-2022\/","url":"https:\/\/www.my-watchsite.fr\/blog\/star-watch-episode-3-watches-wonders-2022\/","name":"Watches and Wonders 2022, Vid\u00e9o Frank Sans C \u00e9pisode 3","isPartOf":{"@id":"https:\/\/www.my-watchsite.fr\/blog\/#website"},"datePublished":"2022-05-09T15:00:00+00:00","dateModified":"2022-07-04T13:18:09+00:00","author":{"@id":"https:\/\/www.my-watchsite.fr\/blog\/#\/schema\/person\/0203ed307aba44d49e8aaf4a319fdda7"},"description":"La troisi\u00e8me \u00e9mission de Frank Sans C \u00e0 Watches and Wonders 2022 s'int\u00e9resse aux nouveaut\u00e9s des manufactures TAG Heuer et IWC.","breadcrumb":{"@id":"https:\/\/www.my-watchsite.fr\/blog\/star-watch-episode-3-watches-wonders-2022\/#breadcrumb"},"inLanguage":"fr-FR","potentialAction":[{"@type":"ReadAction","target":["https:\/\/www.my-watchsite.fr\/blog\/star-watch-episode-3-watches-wonders-2022\/"]}]},{"@type":"BreadcrumbList","@id":"https:\/\/www.my-watchsite.fr\/blog\/star-watch-episode-3-watches-wonders-2022\/#breadcrumb","itemListElement":[{"@type":"ListItem","position":1,"name":"Accueil","item":"https:\/\/www.my-watchsite.fr\/blog\/"},{"@type":"ListItem","position":2,"name":"Star Watch Episode III (Act I) &#8211; La manufacture contre-attaque"}]},{"@type":"WebSite","@id":"https:\/\/www.my-watchsite.fr\/blog\/#website","url":"https:\/\/www.my-watchsite.fr\/blog\/","name":"MyWatch FR","description":"Make Time a Lifestyle","potentialAction":[{"@type":"SearchAction","target":{"@type":"EntryPoint","urlTemplate":"https:\/\/www.my-watchsite.fr\/blog\/?s={search_term_string}"},"query-input":"required name=search_term_string"}],"inLanguage":"fr-FR"},{"@type":"Person","@id":"https:\/\/www.my-watchsite.fr\/blog\/#\/schema\/person\/0203ed307aba44d49e8aaf4a319fdda7","name":"Nicolas Yvon","image":{"@type":"ImageObject","inLanguage":"fr-FR","@id":"https:\/\/www.my-watchsite.fr\/blog\/#\/schema\/person\/image\/","url":"https:\/\/secure.gravatar.com\/avatar\/8333953d186659503c21425ba3681b2e?s=96&d=mm&r=g","contentUrl":"https:\/\/secure.gravatar.com\/avatar\/8333953d186659503c21425ba3681b2e?s=96&d=mm&r=g","caption":"Nicolas Yvon"}}]}},"_links":{"self":[{"href":"https:\/\/www.my-watchsite.fr\/blog\/wp-json\/wp\/v2\/posts\/21263"}],"collection":[{"href":"https:\/\/www.my-watchsite.fr\/blog\/wp-json\/wp\/v2\/posts"}],"about":[{"href":"https:\/\/www.my-watchsite.fr\/blog\/wp-json\/wp\/v2\/types\/post"}],"author":[{"embeddable":true,"href":"https:\/\/www.my-watchsite.fr\/blog\/wp-json\/wp\/v2\/users\/2"}],"replies":[{"embeddable":true,"href":"https:\/\/www.my-watchsite.fr\/blog\/wp-json\/wp\/v2\/comments?post=21263"}],"version-history":[{"count":81,"href":"https:\/\/www.my-watchsite.fr\/blog\/wp-json\/wp\/v2\/posts\/21263\/revisions"}],"predecessor-version":[{"id":22626,"href":"https:\/\/www.my-watchsite.fr\/blog\/wp-json\/wp\/v2\/posts\/21263\/revisions\/22626"}],"wp:featuredmedia":[{"embeddable":true,"href":"https:\/\/www.my-watchsite.fr\/blog\/wp-json\/wp\/v2\/media\/21529"}],"wp:attachment":[{"href":"https:\/\/www.my-watchsite.fr\/blog\/wp-json\/wp\/v2\/media?parent=21263"}],"wp:term":[{"taxonomy":"category","embeddable":true,"href":"https:\/\/www.my-watchsite.fr\/blog\/wp-json\/wp\/v2\/categories?post=21263"},{"taxonomy":"post_tag","embeddable":true,"href":"https:\/\/www.my-watchsite.fr\/blog\/wp-json\/wp\/v2\/tags?post=21263"}],"curies":[{"name":"wp","href":"https:\/\/api.w.org\/{rel}","templated":true}]}}