{"id":216,"date":"2011-01-13T00:00:00","date_gmt":"2011-01-12T23:00:00","guid":{"rendered":"https:\/\/www.my-watchsite.fr\/blog\/blog\/la-marque-parraine-set-in-style-the-jewelry-of-van-cleef-and-arpels-n49\/"},"modified":"2011-01-13T00:00:00","modified_gmt":"2011-01-12T23:00:00","slug":"la-marque-parraine-set-in-style-the-jewelry-of-van-cleef-and-arpels-n49","status":"publish","type":"post","link":"https:\/\/www.my-watchsite.fr\/blog\/la-marque-parraine-set-in-style-the-jewelry-of-van-cleef-and-arpels-n49\/","title":{"rendered":"La marque parraine \u201cSet in Style: The Jewelry of Van Cleef &#038; Arpels\u201d."},"content":{"rendered":"<p>Cette exposition, organis\u00e9e par Sarah Coffin, conservatrice du d\u00e9partement Product Design and Decorative Arts, pr\u00e9sentera les principales cr\u00e9ations de Van Cleef &amp; Arpels ayant marqu\u00e9 l\u2019histoire du design du XXe si\u00e8cle. Elle r\u00e9unira plus de 300 pi\u00e8ces de joaillerie, horlogerie, accessoires de mode et objets d\u2019art. Seront \u00e9galement expos\u00e9s des livres de commandes sp\u00e9ciales, des pancartes de fabrication et de nombreuses archives de la Maison.<\/p>\n<p>La sc\u00e9nographie originale de l\u2019architecte et designer fran\u00e7ais Patrick Jouin invitera le visiteur \u00e0 une promenade onirique, c\u00e9l\u00e9brant six th\u00e8mes qui refl\u00e8tent l\u2019esprit de Van Cleef &amp; Arpels :<br \/>&#8211; Innovation avec notamment les plus belles r\u00e9alisations du Serti Myst\u00e9rieux, technique de sertissage r\u00e9volutionnaire mise au point par la Maison en 1933,<br \/>&#8211; Transformation, mettant en sc\u00e8ne des bijoux m\u00e9tamorphosables, tel le collier Zip,<br \/>&#8211; Nature, ou comment la Maison saisit ce prodigieux \u00e9lan vital pour faire \u00e9clore des cr\u00e9ations pr\u00e9cieuses,<br \/>&#8211; Exotisme permettra de r\u00e9v\u00e9ler de nombreux joyaux et objets d\u2019art aux influences multiples o\u00f9 se m\u00ealent des r\u00eaves d\u2019Egypte, d\u2019Inde, de Chine, du Japon\u2026<br \/>&#8211; Couture, dentelles, noeuds, rubans \u2026 deviennent parures exquises,<br \/>&#8211; C\u00e9l\u00e9brit\u00e9s, place aux histoires devenues l\u00e9gendes, Grace Kelly, Daisy Fellowes, Marlene Dietrich\u2026<br \/>Et si cette balade au coeur du style de Van Cleef &amp; Arpels est un \u00e9merveillement, elle est aussi l\u2019occasion de d\u00e9couvrir le savoir-faire de la Maison, la f\u00e9\u00e9rie de pierres pr\u00e9cieuses exceptionnelles, et la virtuosit\u00e9 de ses artisans experts ou \u201cMains d\u2019Or\u201d.<\/p>\n<p>Depuis sa cr\u00e9ation en 1906, Place Vend\u00f4me \u00e0 Paris, la signature Van Cleef &amp; Arpels \u00e9voque \u00e0 la fois la p\u00e9rennit\u00e9 d\u2019un patrimoine recherch\u00e9 par les collectionneurs et une cr\u00e9ativit\u00e9 sans cesse renouvel\u00e9e.<\/p>\n<ul>\n<li><img decoding=\"async\" src=\"https:\/\/www.my-watchsite.fr\/blog\/wp-content\/uploads\/2020\/08\/49_104.jpg\" alt=\"Set in style\" \/><\/li>\n<\/ul>\n","protected":false},"excerpt":{"rendered":"<p>Cette exposition, organis\u00e9e par Sarah Coffin, conservatrice du d\u00e9partement Product Design and Decorative Arts, pr\u00e9sentera les principales cr\u00e9ations de Van Cleef &amp; Arpels ayant marqu\u00e9 l\u2019histoire du design du XXe si\u00e8cle. Elle r\u00e9unira plus de 300 pi\u00e8ces de joaillerie, horlogerie, accessoires de mode et objets d\u2019art. Seront \u00e9galement expos\u00e9s des livres de commandes sp\u00e9ciales, des [&hellip;]<\/p>\n","protected":false},"author":1,"featured_media":217,"comment_status":"closed","ping_status":"closed","sticky":false,"template":"","format":"standard","meta":{"footnotes":""},"categories":[2],"tags":[46],"acf":[],"yoast_head":"<!-- This site is optimized with the Yoast SEO plugin v20.4 - https:\/\/yoast.com\/wordpress\/plugins\/seo\/ -->\n<title>La marque parraine \u201cSet in Style: The Jewelry of Van Cleef &amp; Arpels\u201d. - MyWatch FR<\/title>\n<meta name=\"robots\" content=\"index, follow, max-snippet:-1, max-image-preview:large, max-video-preview:-1\" \/>\n<link rel=\"canonical\" href=\"https:\/\/www.my-watchsite.fr\/blog\/la-marque-parraine-set-in-style-the-jewelry-of-van-cleef-and-arpels-n49\/\" \/>\n<meta property=\"og:locale\" content=\"fr_FR\" \/>\n<meta property=\"og:type\" content=\"article\" \/>\n<meta property=\"og:title\" content=\"La marque parraine \u201cSet in Style: The Jewelry of Van Cleef &amp; Arpels\u201d. - MyWatch FR\" \/>\n<meta property=\"og:description\" content=\"Cette exposition, organis\u00e9e par Sarah Coffin, conservatrice du d\u00e9partement Product Design and Decorative Arts, pr\u00e9sentera les principales cr\u00e9ations de Van Cleef &amp; Arpels ayant marqu\u00e9 l\u2019histoire du design du XXe si\u00e8cle. Elle r\u00e9unira plus de 300 pi\u00e8ces de joaillerie, horlogerie, accessoires de mode et objets d\u2019art. Seront \u00e9galement expos\u00e9s des livres de commandes sp\u00e9ciales, des [&hellip;]\" \/>\n<meta property=\"og:url\" content=\"https:\/\/www.my-watchsite.fr\/blog\/la-marque-parraine-set-in-style-the-jewelry-of-van-cleef-and-arpels-n49\/\" \/>\n<meta property=\"og:site_name\" content=\"MyWatch FR\" \/>\n<meta property=\"article:publisher\" content=\"https:\/\/www.facebook.com\/mywatchsite\/\" \/>\n<meta property=\"article:published_time\" content=\"2011-01-12T23:00:00+00:00\" \/>\n<meta property=\"og:image\" content=\"https:\/\/www.my-watchsite.fr\/blog\/wp-content\/uploads\/2020\/08\/49_104.jpg\" \/>\n\t<meta property=\"og:image:width\" content=\"450\" \/>\n\t<meta property=\"og:image:height\" content=\"317\" \/>\n\t<meta property=\"og:image:type\" content=\"image\/jpeg\" \/>\n<meta name=\"author\" content=\"MyWatch\" \/>\n<meta name=\"twitter:card\" content=\"summary_large_image\" \/>\n<meta name=\"twitter:creator\" content=\"@mywatchsite\" \/>\n<meta name=\"twitter:site\" content=\"@mywatchsite\" \/>\n<meta name=\"twitter:label1\" content=\"\u00c9crit par\" \/>\n\t<meta name=\"twitter:data1\" content=\"MyWatch\" \/>\n\t<meta name=\"twitter:label2\" content=\"Dur\u00e9e de lecture estim\u00e9e\" \/>\n\t<meta name=\"twitter:data2\" content=\"2 minutes\" \/>\n<script type=\"application\/ld+json\" class=\"yoast-schema-graph\">{\"@context\":\"https:\/\/schema.org\",\"@graph\":[{\"@type\":\"WebPage\",\"@id\":\"https:\/\/www.my-watchsite.fr\/blog\/la-marque-parraine-set-in-style-the-jewelry-of-van-cleef-and-arpels-n49\/\",\"url\":\"https:\/\/www.my-watchsite.fr\/blog\/la-marque-parraine-set-in-style-the-jewelry-of-van-cleef-and-arpels-n49\/\",\"name\":\"La marque parraine \u201cSet in Style: The Jewelry of Van Cleef & Arpels\u201d. - MyWatch FR\",\"isPartOf\":{\"@id\":\"https:\/\/www.my-watchsite.fr\/blog\/#website\"},\"datePublished\":\"2011-01-12T23:00:00+00:00\",\"dateModified\":\"2011-01-12T23:00:00+00:00\",\"author\":{\"@id\":\"https:\/\/www.my-watchsite.fr\/blog\/#\/schema\/person\/67e19b3e3d014465042ff1be1c9fcf44\"},\"breadcrumb\":{\"@id\":\"https:\/\/www.my-watchsite.fr\/blog\/la-marque-parraine-set-in-style-the-jewelry-of-van-cleef-and-arpels-n49\/#breadcrumb\"},\"inLanguage\":\"fr-FR\",\"potentialAction\":[{\"@type\":\"ReadAction\",\"target\":[\"https:\/\/www.my-watchsite.fr\/blog\/la-marque-parraine-set-in-style-the-jewelry-of-van-cleef-and-arpels-n49\/\"]}]},{\"@type\":\"BreadcrumbList\",\"@id\":\"https:\/\/www.my-watchsite.fr\/blog\/la-marque-parraine-set-in-style-the-jewelry-of-van-cleef-and-arpels-n49\/#breadcrumb\",\"itemListElement\":[{\"@type\":\"ListItem\",\"position\":1,\"name\":\"Accueil\",\"item\":\"https:\/\/www.my-watchsite.fr\/blog\/\"},{\"@type\":\"ListItem\",\"position\":2,\"name\":\"La marque parraine \u201cSet in Style: The Jewelry of Van Cleef &#038; Arpels\u201d.\"}]},{\"@type\":\"WebSite\",\"@id\":\"https:\/\/www.my-watchsite.fr\/blog\/#website\",\"url\":\"https:\/\/www.my-watchsite.fr\/blog\/\",\"name\":\"MyWatch FR\",\"description\":\"Make Time a Lifestyle\",\"potentialAction\":[{\"@type\":\"SearchAction\",\"target\":{\"@type\":\"EntryPoint\",\"urlTemplate\":\"https:\/\/www.my-watchsite.fr\/blog\/?s={search_term_string}\"},\"query-input\":\"required name=search_term_string\"}],\"inLanguage\":\"fr-FR\"},{\"@type\":\"Person\",\"@id\":\"https:\/\/www.my-watchsite.fr\/blog\/#\/schema\/person\/67e19b3e3d014465042ff1be1c9fcf44\",\"name\":\"MyWatch\",\"image\":{\"@type\":\"ImageObject\",\"inLanguage\":\"fr-FR\",\"@id\":\"https:\/\/www.my-watchsite.fr\/blog\/#\/schema\/person\/image\/\",\"url\":\"https:\/\/secure.gravatar.com\/avatar\/e52d1e94806c54826c863f554ca1dd2a?s=96&d=mm&r=g\",\"contentUrl\":\"https:\/\/secure.gravatar.com\/avatar\/e52d1e94806c54826c863f554ca1dd2a?s=96&d=mm&r=g\",\"caption\":\"MyWatch\"},\"sameAs\":[\"https:\/\/www.my-watchsite.fr\/blog\"]}]}<\/script>\n<!-- \/ Yoast SEO plugin. -->","yoast_head_json":{"title":"La marque parraine \u201cSet in Style: The Jewelry of Van Cleef & Arpels\u201d. - MyWatch FR","robots":{"index":"index","follow":"follow","max-snippet":"max-snippet:-1","max-image-preview":"max-image-preview:large","max-video-preview":"max-video-preview:-1"},"canonical":"https:\/\/www.my-watchsite.fr\/blog\/la-marque-parraine-set-in-style-the-jewelry-of-van-cleef-and-arpels-n49\/","og_locale":"fr_FR","og_type":"article","og_title":"La marque parraine \u201cSet in Style: The Jewelry of Van Cleef & Arpels\u201d. - MyWatch FR","og_description":"Cette exposition, organis\u00e9e par Sarah Coffin, conservatrice du d\u00e9partement Product Design and Decorative Arts, pr\u00e9sentera les principales cr\u00e9ations de Van Cleef &amp; Arpels ayant marqu\u00e9 l\u2019histoire du design du XXe si\u00e8cle. Elle r\u00e9unira plus de 300 pi\u00e8ces de joaillerie, horlogerie, accessoires de mode et objets d\u2019art. Seront \u00e9galement expos\u00e9s des livres de commandes sp\u00e9ciales, des [&hellip;]","og_url":"https:\/\/www.my-watchsite.fr\/blog\/la-marque-parraine-set-in-style-the-jewelry-of-van-cleef-and-arpels-n49\/","og_site_name":"MyWatch FR","article_publisher":"https:\/\/www.facebook.com\/mywatchsite\/","article_published_time":"2011-01-12T23:00:00+00:00","og_image":[{"width":450,"height":317,"url":"https:\/\/www.my-watchsite.fr\/blog\/wp-content\/uploads\/2020\/08\/49_104.jpg","type":"image\/jpeg"}],"author":"MyWatch","twitter_card":"summary_large_image","twitter_creator":"@mywatchsite","twitter_site":"@mywatchsite","twitter_misc":{"\u00c9crit par":"MyWatch","Dur\u00e9e de lecture estim\u00e9e":"2 minutes"},"schema":{"@context":"https:\/\/schema.org","@graph":[{"@type":"WebPage","@id":"https:\/\/www.my-watchsite.fr\/blog\/la-marque-parraine-set-in-style-the-jewelry-of-van-cleef-and-arpels-n49\/","url":"https:\/\/www.my-watchsite.fr\/blog\/la-marque-parraine-set-in-style-the-jewelry-of-van-cleef-and-arpels-n49\/","name":"La marque parraine \u201cSet in Style: The Jewelry of Van Cleef & Arpels\u201d. - MyWatch FR","isPartOf":{"@id":"https:\/\/www.my-watchsite.fr\/blog\/#website"},"datePublished":"2011-01-12T23:00:00+00:00","dateModified":"2011-01-12T23:00:00+00:00","author":{"@id":"https:\/\/www.my-watchsite.fr\/blog\/#\/schema\/person\/67e19b3e3d014465042ff1be1c9fcf44"},"breadcrumb":{"@id":"https:\/\/www.my-watchsite.fr\/blog\/la-marque-parraine-set-in-style-the-jewelry-of-van-cleef-and-arpels-n49\/#breadcrumb"},"inLanguage":"fr-FR","potentialAction":[{"@type":"ReadAction","target":["https:\/\/www.my-watchsite.fr\/blog\/la-marque-parraine-set-in-style-the-jewelry-of-van-cleef-and-arpels-n49\/"]}]},{"@type":"BreadcrumbList","@id":"https:\/\/www.my-watchsite.fr\/blog\/la-marque-parraine-set-in-style-the-jewelry-of-van-cleef-and-arpels-n49\/#breadcrumb","itemListElement":[{"@type":"ListItem","position":1,"name":"Accueil","item":"https:\/\/www.my-watchsite.fr\/blog\/"},{"@type":"ListItem","position":2,"name":"La marque parraine \u201cSet in Style: The Jewelry of Van Cleef &#038; Arpels\u201d."}]},{"@type":"WebSite","@id":"https:\/\/www.my-watchsite.fr\/blog\/#website","url":"https:\/\/www.my-watchsite.fr\/blog\/","name":"MyWatch FR","description":"Make Time a Lifestyle","potentialAction":[{"@type":"SearchAction","target":{"@type":"EntryPoint","urlTemplate":"https:\/\/www.my-watchsite.fr\/blog\/?s={search_term_string}"},"query-input":"required name=search_term_string"}],"inLanguage":"fr-FR"},{"@type":"Person","@id":"https:\/\/www.my-watchsite.fr\/blog\/#\/schema\/person\/67e19b3e3d014465042ff1be1c9fcf44","name":"MyWatch","image":{"@type":"ImageObject","inLanguage":"fr-FR","@id":"https:\/\/www.my-watchsite.fr\/blog\/#\/schema\/person\/image\/","url":"https:\/\/secure.gravatar.com\/avatar\/e52d1e94806c54826c863f554ca1dd2a?s=96&d=mm&r=g","contentUrl":"https:\/\/secure.gravatar.com\/avatar\/e52d1e94806c54826c863f554ca1dd2a?s=96&d=mm&r=g","caption":"MyWatch"},"sameAs":["https:\/\/www.my-watchsite.fr\/blog"]}]}},"_links":{"self":[{"href":"https:\/\/www.my-watchsite.fr\/blog\/wp-json\/wp\/v2\/posts\/216"}],"collection":[{"href":"https:\/\/www.my-watchsite.fr\/blog\/wp-json\/wp\/v2\/posts"}],"about":[{"href":"https:\/\/www.my-watchsite.fr\/blog\/wp-json\/wp\/v2\/types\/post"}],"author":[{"embeddable":true,"href":"https:\/\/www.my-watchsite.fr\/blog\/wp-json\/wp\/v2\/users\/1"}],"replies":[{"embeddable":true,"href":"https:\/\/www.my-watchsite.fr\/blog\/wp-json\/wp\/v2\/comments?post=216"}],"version-history":[{"count":0,"href":"https:\/\/www.my-watchsite.fr\/blog\/wp-json\/wp\/v2\/posts\/216\/revisions"}],"wp:featuredmedia":[{"embeddable":true,"href":"https:\/\/www.my-watchsite.fr\/blog\/wp-json\/wp\/v2\/media\/217"}],"wp:attachment":[{"href":"https:\/\/www.my-watchsite.fr\/blog\/wp-json\/wp\/v2\/media?parent=216"}],"wp:term":[{"taxonomy":"category","embeddable":true,"href":"https:\/\/www.my-watchsite.fr\/blog\/wp-json\/wp\/v2\/categories?post=216"},{"taxonomy":"post_tag","embeddable":true,"href":"https:\/\/www.my-watchsite.fr\/blog\/wp-json\/wp\/v2\/tags?post=216"}],"curies":[{"name":"wp","href":"https:\/\/api.w.org\/{rel}","templated":true}]}}