{"id":2192,"date":"2013-10-24T00:00:00","date_gmt":"2013-10-23T22:00:00","guid":{"rendered":"https:\/\/www.my-watchsite.fr\/blog\/blog\/raymond-weil-devoile-son-partenariat-officiel-avec-the-sse-hydro-n558\/"},"modified":"2013-10-24T00:00:00","modified_gmt":"2013-10-23T22:00:00","slug":"raymond-weil-devoile-son-partenariat-officiel-avec-the-sse-hydro-n558","status":"publish","type":"post","link":"https:\/\/www.my-watchsite.fr\/blog\/raymond-weil-devoile-son-partenariat-officiel-avec-the-sse-hydro-n558\/","title":{"rendered":"Raymond Weil d\u00e9voile son partenariat officiel avec the SSE Hydro"},"content":{"rendered":"<div>RAYMOND WEIL a renforc\u00e9 son soutien \u00e0 l&rsquo;univers musical lors de l&rsquo;annonce de son partenariat avec The SSE Hydro pour une dur\u00e9e de trois ans. En tant qu&rsquo;Official Timing Partner la Marque a inaugur\u00e9 une campagne \u00e0 haute visibilit\u00e9 et \u00e0 fort impact bas\u00e9e sur le temps. Des horloges RAYMOND WEIL maestro ont \u00e9t\u00e9 r\u00e9parties dans l&rsquo;ar\u00e8ne tandis qu&rsquo;un compte \u00e0 rebours unique \u00e0 l&rsquo;image de la Marque a pr\u00e9c\u00e9d\u00e9 de cinq secondes l&rsquo;apparition de Rod Stewart sur sc\u00e8ne. En outre, RAYMOND WEIL a d\u00e9voil\u00e9 une importante campagne publicitaire digitale en projetant notamment une image unique de son c\u00e9l\u00e8bre garde-temps, la freelancer 7730-ST-20041, sur l&rsquo;int\u00e9gralit\u00e9 de la fa\u00e7ade de la nouvelle ar\u00e8ne d\u00e9di\u00e9e \u00e0 la musique, visible \u00e0 30 kilom\u00e8tres.<\/div>\n<div>\u00abNous sommes ravis d&rsquo;avoir inaugur\u00e9 notre partenariat avec The SSE Hydro la nuit derni\u00e8re. La musique et l&rsquo;horlogerie ont de nombreux points communs, que ce soit l&rsquo;inspiration qui vient de l&rsquo;artiste ou du cr\u00e9ateur et de l&rsquo;horloger ou la pr\u00e9cision n\u00e9cessaire pour r\u00e9aliser des prestations d&rsquo;exception. Ce partenariat est le second dans le domaine musical au cours des six derniers mois, apr\u00e8s celui avec la c\u00e9l\u00e8bre salle londonienne d\u00e9di\u00e9e \u00e0 la musique, le Royal Albert Hall. Nous sommes certains que notre partenariat sera un \u00e9norme succ\u00e8s et nous savons qu&rsquo;il constitue un pas en avant important pour notre strat\u00e9gie marketing mondiale ax\u00e9e sur la musique.\u00bb \u2013 a d\u00e9clar\u00e9 Olivier Bernheim, CEO et Pr\u00e9sident de RAYMOND WEIL.<\/div>\n<div>Peter Duthie, Directeur commercial chez SEC Ltd, a comment\u00e9 : \u00abCe partenariat est une fantastique nouvelle, le moment choisi ne pouvait \u00eatre plus appropri\u00e9 et, comme chacun sait, le choix du bon moment est un \u00e9l\u00e9ment essentiel de tout spectacle. Nous souhaitons la bienvenue \u00e0 RAYMOND WEIL en tant qu&rsquo;Official Timing Partner et nous sommes enchant\u00e9s de b\u00e9n\u00e9ficier du soutien d&rsquo;une marque aussi connue \u00e0 l&rsquo;\u00e9chelle mondiale.\u00bb<\/div>\n<div>The SSE Hydro a transform\u00e9 un site de 32 hectares situ\u00e9 \u00e0 SECC en un complexe polyvalent d&rsquo;envergure nationale d\u00e9di\u00e9 aux expositions, conf\u00e9rences et spectacles. Culminant \u00e0 45 m de hauteur et con\u00e7u sur le mod\u00e8le des amphith\u00e9\u00e2tres grecs et romains, il est devenu le nouveau rep\u00e8re de la ligne d&rsquo;horizon de Glasgow. Construit en partant de l&rsquo;int\u00e9rieur les visiteurs b\u00e9n\u00e9ficieront de superbes perspectives depuis les si\u00e8ges d\u00e9montables, dispos\u00e9s en gradins. L&rsquo;acoustique r\u00e9pondra en outre aux plus hautes exigences.<\/div>\n<div>La musique a toujours \u00e9t\u00e9 au coeur de l&rsquo;univers de RAYMOND WEIL, comme en t\u00e9moignent les noms des collections de la Marque \u00e9voquant les histoires passionn\u00e9es et les m\u00e9lodies brillantes qui ont inspir\u00e9 la famille: parsifal, maestro, nabucco et jasmine.<\/div>\n<div><strong>RAYMOND WEIL<\/strong><\/div>\n<div>Les montres RAYMOND WEIL, Maison horlog\u00e8re suisse propri\u00e9t\u00e9 de la famille \u00e9ponyme, r\u00e9put\u00e9e pour sa cr\u00e9ativit\u00e9 ainsi que pour son excellence horlog\u00e8re, sont vendues par le biais d&rsquo;un r\u00e9seau de distribution exclusif de boutiques et de magasins r\u00e9partis \u00e0 travers le monde. L&rsquo;h\u00e9ritage de RAYMOND WEIL incarne une passion pour la musique et les arts, ce qui a naturellement conduit la Marque \u00e0 nouer un partenariat avec The SSE Hydro.<\/div>\n<div><strong>The SSE HYDRO<\/strong><\/div>\n<div>Cr\u00e9\u00e9e par Foster + Partners, The SSE Hydro est le nouveau centre du divertissement en live d&rsquo;\u00c9cosse, \u00e9tabli sur le site de SECC \u00e0 Glasgow. Structure v\u00e9ritablement iconique, elle accueillera des superstars nationales et internationales de la musique, ainsi que des \u00e9v\u00e9nements mondiaux li\u00e9s au sport et au divertissement. Elle sera en mesure d&rsquo;injecter annuellement 131 millions de livres sterling suppl\u00e9mentaires dans l&rsquo;\u00e9conomie locale et, avec une capacit\u00e9 de 13&rsquo;000 personnes, elle accueillera sur sc\u00e8ne environ 140 \u00e9v\u00e9nements par<\/div>\n<div>ann\u00e9e.<\/div>\n<div>Avec un public d&rsquo;un million de visiteurs par an, The SSE Hydro a pour ambition de devenir l&rsquo;une des ar\u00e8nes musicales les plus fr\u00e9quent\u00e9es au monde, aux c\u00f4t\u00e9s de sites tels que Madison Square Garden et O2 arena.<\/div>\n<ul>\n<li><img decoding=\"async\" src=\"https:\/\/www.my-watchsite.fr\/blog\/wp-content\/uploads\/2020\/08\/558_1646.jpg\" alt=\"The SSE Hydro\" \/><\/li>\n<\/ul>\n","protected":false},"excerpt":{"rendered":"<p>RAYMOND WEIL a renforc\u00e9 son soutien \u00e0 l&rsquo;univers musical lors de l&rsquo;annonce de son partenariat avec The SSE Hydro pour une dur\u00e9e de trois ans. En tant qu&rsquo;Official Timing Partner la Marque a inaugur\u00e9 une campagne \u00e0 haute visibilit\u00e9 et \u00e0 fort impact bas\u00e9e sur le temps. Des horloges RAYMOND WEIL maestro ont \u00e9t\u00e9 r\u00e9parties [&hellip;]<\/p>\n","protected":false},"author":1,"featured_media":2194,"comment_status":"closed","ping_status":"closed","sticky":false,"template":"","format":"standard","meta":{"footnotes":""},"categories":[2],"tags":[47],"acf":[],"yoast_head":"<!-- This site is optimized with the Yoast SEO plugin v20.4 - https:\/\/yoast.com\/wordpress\/plugins\/seo\/ -->\n<title>Raymond Weil d\u00e9voile son partenariat officiel avec the SSE Hydro - MyWatch FR<\/title>\n<meta name=\"robots\" content=\"index, follow, max-snippet:-1, max-image-preview:large, max-video-preview:-1\" \/>\n<link rel=\"canonical\" href=\"https:\/\/www.my-watchsite.fr\/blog\/raymond-weil-devoile-son-partenariat-officiel-avec-the-sse-hydro-n558\/\" \/>\n<meta property=\"og:locale\" content=\"fr_FR\" \/>\n<meta property=\"og:type\" content=\"article\" \/>\n<meta property=\"og:title\" content=\"Raymond Weil d\u00e9voile son partenariat officiel avec the SSE Hydro - MyWatch FR\" \/>\n<meta property=\"og:description\" content=\"RAYMOND WEIL a renforc\u00e9 son soutien \u00e0 l&rsquo;univers musical lors de l&rsquo;annonce de son partenariat avec The SSE Hydro pour une dur\u00e9e de trois ans. En tant qu&rsquo;Official Timing Partner la Marque a inaugur\u00e9 une campagne \u00e0 haute visibilit\u00e9 et \u00e0 fort impact bas\u00e9e sur le temps. Des horloges RAYMOND WEIL maestro ont \u00e9t\u00e9 r\u00e9parties [&hellip;]\" \/>\n<meta property=\"og:url\" content=\"https:\/\/www.my-watchsite.fr\/blog\/raymond-weil-devoile-son-partenariat-officiel-avec-the-sse-hydro-n558\/\" \/>\n<meta property=\"og:site_name\" content=\"MyWatch FR\" \/>\n<meta property=\"article:publisher\" content=\"https:\/\/www.facebook.com\/mywatchsite\/\" \/>\n<meta property=\"article:published_time\" content=\"2013-10-23T22:00:00+00:00\" \/>\n<meta property=\"og:image\" content=\"https:\/\/www.my-watchsite.fr\/blog\/wp-content\/uploads\/2020\/08\/thumb_558.jpg\" \/>\n\t<meta property=\"og:image:width\" content=\"654\" \/>\n\t<meta property=\"og:image:height\" content=\"435\" \/>\n\t<meta property=\"og:image:type\" content=\"image\/jpeg\" \/>\n<meta name=\"author\" content=\"MyWatch\" \/>\n<meta name=\"twitter:card\" content=\"summary_large_image\" \/>\n<meta name=\"twitter:creator\" content=\"@mywatchsite\" \/>\n<meta name=\"twitter:site\" content=\"@mywatchsite\" \/>\n<meta name=\"twitter:label1\" content=\"\u00c9crit par\" \/>\n\t<meta name=\"twitter:data1\" content=\"MyWatch\" \/>\n\t<meta name=\"twitter:label2\" content=\"Dur\u00e9e de lecture estim\u00e9e\" \/>\n\t<meta name=\"twitter:data2\" content=\"3 minutes\" \/>\n<script type=\"application\/ld+json\" class=\"yoast-schema-graph\">{\"@context\":\"https:\/\/schema.org\",\"@graph\":[{\"@type\":\"WebPage\",\"@id\":\"https:\/\/www.my-watchsite.fr\/blog\/raymond-weil-devoile-son-partenariat-officiel-avec-the-sse-hydro-n558\/\",\"url\":\"https:\/\/www.my-watchsite.fr\/blog\/raymond-weil-devoile-son-partenariat-officiel-avec-the-sse-hydro-n558\/\",\"name\":\"Raymond Weil d\u00e9voile son partenariat officiel avec the SSE Hydro - MyWatch FR\",\"isPartOf\":{\"@id\":\"https:\/\/www.my-watchsite.fr\/blog\/#website\"},\"datePublished\":\"2013-10-23T22:00:00+00:00\",\"dateModified\":\"2013-10-23T22:00:00+00:00\",\"author\":{\"@id\":\"https:\/\/www.my-watchsite.fr\/blog\/#\/schema\/person\/67e19b3e3d014465042ff1be1c9fcf44\"},\"breadcrumb\":{\"@id\":\"https:\/\/www.my-watchsite.fr\/blog\/raymond-weil-devoile-son-partenariat-officiel-avec-the-sse-hydro-n558\/#breadcrumb\"},\"inLanguage\":\"fr-FR\",\"potentialAction\":[{\"@type\":\"ReadAction\",\"target\":[\"https:\/\/www.my-watchsite.fr\/blog\/raymond-weil-devoile-son-partenariat-officiel-avec-the-sse-hydro-n558\/\"]}]},{\"@type\":\"BreadcrumbList\",\"@id\":\"https:\/\/www.my-watchsite.fr\/blog\/raymond-weil-devoile-son-partenariat-officiel-avec-the-sse-hydro-n558\/#breadcrumb\",\"itemListElement\":[{\"@type\":\"ListItem\",\"position\":1,\"name\":\"Accueil\",\"item\":\"https:\/\/www.my-watchsite.fr\/blog\/\"},{\"@type\":\"ListItem\",\"position\":2,\"name\":\"Raymond Weil d\u00e9voile son partenariat officiel avec the SSE Hydro\"}]},{\"@type\":\"WebSite\",\"@id\":\"https:\/\/www.my-watchsite.fr\/blog\/#website\",\"url\":\"https:\/\/www.my-watchsite.fr\/blog\/\",\"name\":\"MyWatch FR\",\"description\":\"Make Time a Lifestyle\",\"potentialAction\":[{\"@type\":\"SearchAction\",\"target\":{\"@type\":\"EntryPoint\",\"urlTemplate\":\"https:\/\/www.my-watchsite.fr\/blog\/?s={search_term_string}\"},\"query-input\":\"required name=search_term_string\"}],\"inLanguage\":\"fr-FR\"},{\"@type\":\"Person\",\"@id\":\"https:\/\/www.my-watchsite.fr\/blog\/#\/schema\/person\/67e19b3e3d014465042ff1be1c9fcf44\",\"name\":\"MyWatch\",\"image\":{\"@type\":\"ImageObject\",\"inLanguage\":\"fr-FR\",\"@id\":\"https:\/\/www.my-watchsite.fr\/blog\/#\/schema\/person\/image\/\",\"url\":\"https:\/\/secure.gravatar.com\/avatar\/e52d1e94806c54826c863f554ca1dd2a?s=96&d=mm&r=g\",\"contentUrl\":\"https:\/\/secure.gravatar.com\/avatar\/e52d1e94806c54826c863f554ca1dd2a?s=96&d=mm&r=g\",\"caption\":\"MyWatch\"},\"sameAs\":[\"https:\/\/www.my-watchsite.fr\/blog\"]}]}<\/script>\n<!-- \/ Yoast SEO plugin. -->","yoast_head_json":{"title":"Raymond Weil d\u00e9voile son partenariat officiel avec the SSE Hydro - MyWatch FR","robots":{"index":"index","follow":"follow","max-snippet":"max-snippet:-1","max-image-preview":"max-image-preview:large","max-video-preview":"max-video-preview:-1"},"canonical":"https:\/\/www.my-watchsite.fr\/blog\/raymond-weil-devoile-son-partenariat-officiel-avec-the-sse-hydro-n558\/","og_locale":"fr_FR","og_type":"article","og_title":"Raymond Weil d\u00e9voile son partenariat officiel avec the SSE Hydro - MyWatch FR","og_description":"RAYMOND WEIL a renforc\u00e9 son soutien \u00e0 l&rsquo;univers musical lors de l&rsquo;annonce de son partenariat avec The SSE Hydro pour une dur\u00e9e de trois ans. En tant qu&rsquo;Official Timing Partner la Marque a inaugur\u00e9 une campagne \u00e0 haute visibilit\u00e9 et \u00e0 fort impact bas\u00e9e sur le temps. Des horloges RAYMOND WEIL maestro ont \u00e9t\u00e9 r\u00e9parties [&hellip;]","og_url":"https:\/\/www.my-watchsite.fr\/blog\/raymond-weil-devoile-son-partenariat-officiel-avec-the-sse-hydro-n558\/","og_site_name":"MyWatch FR","article_publisher":"https:\/\/www.facebook.com\/mywatchsite\/","article_published_time":"2013-10-23T22:00:00+00:00","og_image":[{"width":654,"height":435,"url":"https:\/\/www.my-watchsite.fr\/blog\/wp-content\/uploads\/2020\/08\/thumb_558.jpg","type":"image\/jpeg"}],"author":"MyWatch","twitter_card":"summary_large_image","twitter_creator":"@mywatchsite","twitter_site":"@mywatchsite","twitter_misc":{"\u00c9crit par":"MyWatch","Dur\u00e9e de lecture estim\u00e9e":"3 minutes"},"schema":{"@context":"https:\/\/schema.org","@graph":[{"@type":"WebPage","@id":"https:\/\/www.my-watchsite.fr\/blog\/raymond-weil-devoile-son-partenariat-officiel-avec-the-sse-hydro-n558\/","url":"https:\/\/www.my-watchsite.fr\/blog\/raymond-weil-devoile-son-partenariat-officiel-avec-the-sse-hydro-n558\/","name":"Raymond Weil d\u00e9voile son partenariat officiel avec the SSE Hydro - MyWatch FR","isPartOf":{"@id":"https:\/\/www.my-watchsite.fr\/blog\/#website"},"datePublished":"2013-10-23T22:00:00+00:00","dateModified":"2013-10-23T22:00:00+00:00","author":{"@id":"https:\/\/www.my-watchsite.fr\/blog\/#\/schema\/person\/67e19b3e3d014465042ff1be1c9fcf44"},"breadcrumb":{"@id":"https:\/\/www.my-watchsite.fr\/blog\/raymond-weil-devoile-son-partenariat-officiel-avec-the-sse-hydro-n558\/#breadcrumb"},"inLanguage":"fr-FR","potentialAction":[{"@type":"ReadAction","target":["https:\/\/www.my-watchsite.fr\/blog\/raymond-weil-devoile-son-partenariat-officiel-avec-the-sse-hydro-n558\/"]}]},{"@type":"BreadcrumbList","@id":"https:\/\/www.my-watchsite.fr\/blog\/raymond-weil-devoile-son-partenariat-officiel-avec-the-sse-hydro-n558\/#breadcrumb","itemListElement":[{"@type":"ListItem","position":1,"name":"Accueil","item":"https:\/\/www.my-watchsite.fr\/blog\/"},{"@type":"ListItem","position":2,"name":"Raymond Weil d\u00e9voile son partenariat officiel avec the SSE Hydro"}]},{"@type":"WebSite","@id":"https:\/\/www.my-watchsite.fr\/blog\/#website","url":"https:\/\/www.my-watchsite.fr\/blog\/","name":"MyWatch FR","description":"Make Time a Lifestyle","potentialAction":[{"@type":"SearchAction","target":{"@type":"EntryPoint","urlTemplate":"https:\/\/www.my-watchsite.fr\/blog\/?s={search_term_string}"},"query-input":"required name=search_term_string"}],"inLanguage":"fr-FR"},{"@type":"Person","@id":"https:\/\/www.my-watchsite.fr\/blog\/#\/schema\/person\/67e19b3e3d014465042ff1be1c9fcf44","name":"MyWatch","image":{"@type":"ImageObject","inLanguage":"fr-FR","@id":"https:\/\/www.my-watchsite.fr\/blog\/#\/schema\/person\/image\/","url":"https:\/\/secure.gravatar.com\/avatar\/e52d1e94806c54826c863f554ca1dd2a?s=96&d=mm&r=g","contentUrl":"https:\/\/secure.gravatar.com\/avatar\/e52d1e94806c54826c863f554ca1dd2a?s=96&d=mm&r=g","caption":"MyWatch"},"sameAs":["https:\/\/www.my-watchsite.fr\/blog"]}]}},"_links":{"self":[{"href":"https:\/\/www.my-watchsite.fr\/blog\/wp-json\/wp\/v2\/posts\/2192"}],"collection":[{"href":"https:\/\/www.my-watchsite.fr\/blog\/wp-json\/wp\/v2\/posts"}],"about":[{"href":"https:\/\/www.my-watchsite.fr\/blog\/wp-json\/wp\/v2\/types\/post"}],"author":[{"embeddable":true,"href":"https:\/\/www.my-watchsite.fr\/blog\/wp-json\/wp\/v2\/users\/1"}],"replies":[{"embeddable":true,"href":"https:\/\/www.my-watchsite.fr\/blog\/wp-json\/wp\/v2\/comments?post=2192"}],"version-history":[{"count":0,"href":"https:\/\/www.my-watchsite.fr\/blog\/wp-json\/wp\/v2\/posts\/2192\/revisions"}],"wp:featuredmedia":[{"embeddable":true,"href":"https:\/\/www.my-watchsite.fr\/blog\/wp-json\/wp\/v2\/media\/2194"}],"wp:attachment":[{"href":"https:\/\/www.my-watchsite.fr\/blog\/wp-json\/wp\/v2\/media?parent=2192"}],"wp:term":[{"taxonomy":"category","embeddable":true,"href":"https:\/\/www.my-watchsite.fr\/blog\/wp-json\/wp\/v2\/categories?post=2192"},{"taxonomy":"post_tag","embeddable":true,"href":"https:\/\/www.my-watchsite.fr\/blog\/wp-json\/wp\/v2\/tags?post=2192"}],"curies":[{"name":"wp","href":"https:\/\/api.w.org\/{rel}","templated":true}]}}