{"id":2195,"date":"2013-10-29T00:00:00","date_gmt":"2013-10-28T23:00:00","guid":{"rendered":"https:\/\/www.my-watchsite.fr\/blog\/blog\/girard-perregaux-un-hommage-a-quentin-tarantino-prix-lumiere-2013-n559\/"},"modified":"2013-10-29T00:00:00","modified_gmt":"2013-10-28T23:00:00","slug":"girard-perregaux-un-hommage-a-quentin-tarantino-prix-lumiere-2013-n559","status":"publish","type":"post","link":"https:\/\/www.my-watchsite.fr\/blog\/girard-perregaux-un-hommage-a-quentin-tarantino-prix-lumiere-2013-n559\/","title":{"rendered":"Girard-Perregaux, un hommage \u00e0 Quentin Tarantino, prix Lumi\u00e8re 2013"},"content":{"rendered":"<p>Cette distinction a \u00e9t\u00e9 cr\u00e9\u00e9e par l\u2019Institut Lumi\u00e8re afin de c\u00e9l\u00e9brer \u00e0 Lyon un(e) cin\u00e9aste, \u00e0 l\u2019endroit m\u00eame o\u00f9 le Cin\u00e9matographe a \u00e9t\u00e9 invent\u00e9 par Louis et Auguste Lumi\u00e8re et o\u00f9 ils ont tourn\u00e9 leur premier film, Sortie d\u2019Usine, en 1895.<\/p>\n<div>Apr\u00e8s la c\u00e9r\u00e9monie de remise des prix, Quentin Tarantino a re\u00e7u une montre Girard-Perregaux 1966 Calendrier Annuel et Equation du Temps.\u00ab Quentin Tarantino a profond\u00e9ment marqu\u00e9 le cin\u00e9ma, devenant l\u2019un des r\u00e9alisateurs les plus influents et originaux de sa g\u00e9n\u00e9ration. Son esprit cr\u00e9atif et audacieux a apport\u00e9 un vrai coup de fouet au cin\u00e9ma moderne \u00bb, a d\u00e9clar\u00e9 Michele Sofisti.<\/div>\n<div>Gr\u00e2ce \u00e0 ce partenariat avec l\u2019Institut Lumi\u00e8re, Girard-Perregaux soutiendra les efforts engag\u00e9s par ce dernier pour promouvoir notre h\u00e9ritage cin\u00e9matographique \u00e0 tous.La Marque s\u2019implique activement pour promouvoir le septi\u00e8me art, et sa participation au Festival Lumi\u00e8re n\u2019est qu\u2019un exemple de cet engagement.<\/div>\n<div>Fin 2012, Girard-Perregaux avait annonc\u00e9 \u00eatre le Garde-Temps Exclusif et Partenaire Fondateur du nouveau Academy Museum of Motion Pictures (Mus\u00e9e de l\u2019Acad\u00e9mie du Cin\u00e9ma, ndt), qui devrait ouvrir ses portes \u00e0 Los Angeles en 2016.<\/div>\n<div><strong><strong>A PROPOS DE GIRARD-PERREGAUX<\/strong><\/strong><\/div>\n<div>Girard-Perregaux est une Manufacture suisse de Haute Horlogerie dont les origines remontent \u00e0 1791. L\u2019histoire de la Marque est jalonn\u00e9e de garde-temps l\u00e9gendaires qui allient design pointu et technologie innovante, comme la c\u00e9l\u00e8bre Tourbillon sous trois Ponts d\u2019or, pr\u00e9sent\u00e9e par Constant Girard-Perregaux en 1889 lors de l\u2019Exposition universelle de Paris, o\u00f9 elle a re\u00e7u la m\u00e9daille d\u2019or. Enti\u00e8rement tourn\u00e9e vers la cr\u00e9ation de Haute Horlogerie d\u2019exception, la Marque est l\u2019un des seuls fabricants de montres \u00e0 associer sous le m\u00eame toit tous les m\u00e9tiers pour concevoir et fabriquer ses pi\u00e8ces, y compris leur c\u0153ur m\u00eame: le mouvement. Avec plus de 80 brevets, Girard-Perregaux se consacre int\u00e9gralement \u00e0 la recherche et au d\u00e9veloppement pour inscrire de mani\u00e8re continue son h\u00e9ritage unique dans l\u2019horlogerie moderne. Girard-Perregaux appartient au groupe Kering, qui figure parmi les leaders mondiaux de l\u2019habillement et des accessoires et d\u00e9veloppe un ensemble de marques puissantes de Luxe et de Sport &amp; Lifestyle.<\/div>\n<div><strong>A PROPOS DU FESTIVAL LUMI\u00c8RE<\/strong><\/div>\n<div>Cr\u00e9\u00e9 en octobre 2009, le Festival Lumi\u00e8re est enti\u00e8rement consacr\u00e9 \u00e0 l\u2019histoire du cin\u00e9ma et s\u2019adresse au grand public. De nombreux artistes et personnalit\u00e9s y sont pr\u00e9sents. Une fois par an, Lyon invite le monde du cin\u00e9ma \u00e0 c\u00e9l\u00e9brer sa vitalit\u00e9 et ses grands moments. Le Prix Lumi\u00e8re, \u00e9v\u00e8nement au c\u0153ur du festival, est d\u00e9cern\u00e9 \u00e0 une personnalit\u00e9 de la sc\u00e8ne cin\u00e9matographique. Apr\u00e8s Clint Eastwood, Milos Forman, G\u00e9rard Depardieu et Ken Loach, le Prix Lumi\u00e8re sera attribu\u00e9 cette ann\u00e9e \u00e0 Quentin Tarantino.<\/div>\n<div>Le festival se d\u00e9roulera du lundi 14 octobre au dimanche 20 octobre 2013.<\/div>\n<ul>\n<li><img decoding=\"async\" src=\"https:\/\/www.my-watchsite.fr\/blog\/wp-content\/uploads\/2020\/08\/559_1647.jpg\" alt=\"Quentin Tarantino\" \/><\/li>\n<\/ul>\n","protected":false},"excerpt":{"rendered":"<p>Cette distinction a \u00e9t\u00e9 cr\u00e9\u00e9e par l\u2019Institut Lumi\u00e8re afin de c\u00e9l\u00e9brer \u00e0 Lyon un(e) cin\u00e9aste, \u00e0 l\u2019endroit m\u00eame o\u00f9 le Cin\u00e9matographe a \u00e9t\u00e9 invent\u00e9 par Louis et Auguste Lumi\u00e8re et o\u00f9 ils ont tourn\u00e9 leur premier film, Sortie d\u2019Usine, en 1895. Apr\u00e8s la c\u00e9r\u00e9monie de remise des prix, Quentin Tarantino a re\u00e7u une montre Girard-Perregaux [&hellip;]<\/p>\n","protected":false},"author":1,"featured_media":2197,"comment_status":"closed","ping_status":"closed","sticky":false,"template":"","format":"standard","meta":{"footnotes":""},"categories":[2],"tags":[23],"acf":[],"yoast_head":"<!-- This site is optimized with the Yoast SEO plugin v20.4 - https:\/\/yoast.com\/wordpress\/plugins\/seo\/ -->\n<title>Girard-Perregaux, un hommage \u00e0 Quentin Tarantino, prix Lumi\u00e8re 2013 - MyWatch FR<\/title>\n<meta name=\"robots\" content=\"index, follow, max-snippet:-1, max-image-preview:large, max-video-preview:-1\" \/>\n<link rel=\"canonical\" href=\"https:\/\/www.my-watchsite.fr\/blog\/girard-perregaux-un-hommage-a-quentin-tarantino-prix-lumiere-2013-n559\/\" \/>\n<meta property=\"og:locale\" content=\"fr_FR\" \/>\n<meta property=\"og:type\" content=\"article\" \/>\n<meta property=\"og:title\" content=\"Girard-Perregaux, un hommage \u00e0 Quentin Tarantino, prix Lumi\u00e8re 2013 - MyWatch FR\" \/>\n<meta property=\"og:description\" content=\"Cette distinction a \u00e9t\u00e9 cr\u00e9\u00e9e par l\u2019Institut Lumi\u00e8re afin de c\u00e9l\u00e9brer \u00e0 Lyon un(e) cin\u00e9aste, \u00e0 l\u2019endroit m\u00eame o\u00f9 le Cin\u00e9matographe a \u00e9t\u00e9 invent\u00e9 par Louis et Auguste Lumi\u00e8re et o\u00f9 ils ont tourn\u00e9 leur premier film, Sortie d\u2019Usine, en 1895. Apr\u00e8s la c\u00e9r\u00e9monie de remise des prix, Quentin Tarantino a re\u00e7u une montre Girard-Perregaux [&hellip;]\" \/>\n<meta property=\"og:url\" content=\"https:\/\/www.my-watchsite.fr\/blog\/girard-perregaux-un-hommage-a-quentin-tarantino-prix-lumiere-2013-n559\/\" \/>\n<meta property=\"og:site_name\" content=\"MyWatch FR\" \/>\n<meta property=\"article:publisher\" content=\"https:\/\/www.facebook.com\/mywatchsite\/\" \/>\n<meta property=\"article:published_time\" content=\"2013-10-28T23:00:00+00:00\" \/>\n<meta property=\"og:image\" content=\"https:\/\/www.my-watchsite.fr\/blog\/wp-content\/uploads\/2020\/08\/thumb_559.jpg\" \/>\n\t<meta property=\"og:image:width\" content=\"654\" \/>\n\t<meta property=\"og:image:height\" content=\"435\" \/>\n\t<meta property=\"og:image:type\" content=\"image\/jpeg\" \/>\n<meta name=\"author\" content=\"MyWatch\" \/>\n<meta name=\"twitter:card\" content=\"summary_large_image\" \/>\n<meta name=\"twitter:creator\" content=\"@mywatchsite\" \/>\n<meta name=\"twitter:site\" content=\"@mywatchsite\" \/>\n<meta name=\"twitter:label1\" content=\"\u00c9crit par\" \/>\n\t<meta name=\"twitter:data1\" content=\"MyWatch\" \/>\n\t<meta name=\"twitter:label2\" content=\"Dur\u00e9e de lecture estim\u00e9e\" \/>\n\t<meta name=\"twitter:data2\" content=\"3 minutes\" \/>\n<script type=\"application\/ld+json\" class=\"yoast-schema-graph\">{\"@context\":\"https:\/\/schema.org\",\"@graph\":[{\"@type\":\"WebPage\",\"@id\":\"https:\/\/www.my-watchsite.fr\/blog\/girard-perregaux-un-hommage-a-quentin-tarantino-prix-lumiere-2013-n559\/\",\"url\":\"https:\/\/www.my-watchsite.fr\/blog\/girard-perregaux-un-hommage-a-quentin-tarantino-prix-lumiere-2013-n559\/\",\"name\":\"Girard-Perregaux, un hommage \u00e0 Quentin Tarantino, prix Lumi\u00e8re 2013 - MyWatch FR\",\"isPartOf\":{\"@id\":\"https:\/\/www.my-watchsite.fr\/blog\/#website\"},\"datePublished\":\"2013-10-28T23:00:00+00:00\",\"dateModified\":\"2013-10-28T23:00:00+00:00\",\"author\":{\"@id\":\"https:\/\/www.my-watchsite.fr\/blog\/#\/schema\/person\/67e19b3e3d014465042ff1be1c9fcf44\"},\"breadcrumb\":{\"@id\":\"https:\/\/www.my-watchsite.fr\/blog\/girard-perregaux-un-hommage-a-quentin-tarantino-prix-lumiere-2013-n559\/#breadcrumb\"},\"inLanguage\":\"fr-FR\",\"potentialAction\":[{\"@type\":\"ReadAction\",\"target\":[\"https:\/\/www.my-watchsite.fr\/blog\/girard-perregaux-un-hommage-a-quentin-tarantino-prix-lumiere-2013-n559\/\"]}]},{\"@type\":\"BreadcrumbList\",\"@id\":\"https:\/\/www.my-watchsite.fr\/blog\/girard-perregaux-un-hommage-a-quentin-tarantino-prix-lumiere-2013-n559\/#breadcrumb\",\"itemListElement\":[{\"@type\":\"ListItem\",\"position\":1,\"name\":\"Accueil\",\"item\":\"https:\/\/www.my-watchsite.fr\/blog\/\"},{\"@type\":\"ListItem\",\"position\":2,\"name\":\"Girard-Perregaux, un hommage \u00e0 Quentin Tarantino, prix Lumi\u00e8re 2013\"}]},{\"@type\":\"WebSite\",\"@id\":\"https:\/\/www.my-watchsite.fr\/blog\/#website\",\"url\":\"https:\/\/www.my-watchsite.fr\/blog\/\",\"name\":\"MyWatch FR\",\"description\":\"Make Time a Lifestyle\",\"potentialAction\":[{\"@type\":\"SearchAction\",\"target\":{\"@type\":\"EntryPoint\",\"urlTemplate\":\"https:\/\/www.my-watchsite.fr\/blog\/?s={search_term_string}\"},\"query-input\":\"required name=search_term_string\"}],\"inLanguage\":\"fr-FR\"},{\"@type\":\"Person\",\"@id\":\"https:\/\/www.my-watchsite.fr\/blog\/#\/schema\/person\/67e19b3e3d014465042ff1be1c9fcf44\",\"name\":\"MyWatch\",\"image\":{\"@type\":\"ImageObject\",\"inLanguage\":\"fr-FR\",\"@id\":\"https:\/\/www.my-watchsite.fr\/blog\/#\/schema\/person\/image\/\",\"url\":\"https:\/\/secure.gravatar.com\/avatar\/e52d1e94806c54826c863f554ca1dd2a?s=96&d=mm&r=g\",\"contentUrl\":\"https:\/\/secure.gravatar.com\/avatar\/e52d1e94806c54826c863f554ca1dd2a?s=96&d=mm&r=g\",\"caption\":\"MyWatch\"},\"sameAs\":[\"https:\/\/www.my-watchsite.fr\/blog\"]}]}<\/script>\n<!-- \/ Yoast SEO plugin. -->","yoast_head_json":{"title":"Girard-Perregaux, un hommage \u00e0 Quentin Tarantino, prix Lumi\u00e8re 2013 - MyWatch FR","robots":{"index":"index","follow":"follow","max-snippet":"max-snippet:-1","max-image-preview":"max-image-preview:large","max-video-preview":"max-video-preview:-1"},"canonical":"https:\/\/www.my-watchsite.fr\/blog\/girard-perregaux-un-hommage-a-quentin-tarantino-prix-lumiere-2013-n559\/","og_locale":"fr_FR","og_type":"article","og_title":"Girard-Perregaux, un hommage \u00e0 Quentin Tarantino, prix Lumi\u00e8re 2013 - MyWatch FR","og_description":"Cette distinction a \u00e9t\u00e9 cr\u00e9\u00e9e par l\u2019Institut Lumi\u00e8re afin de c\u00e9l\u00e9brer \u00e0 Lyon un(e) cin\u00e9aste, \u00e0 l\u2019endroit m\u00eame o\u00f9 le Cin\u00e9matographe a \u00e9t\u00e9 invent\u00e9 par Louis et Auguste Lumi\u00e8re et o\u00f9 ils ont tourn\u00e9 leur premier film, Sortie d\u2019Usine, en 1895. Apr\u00e8s la c\u00e9r\u00e9monie de remise des prix, Quentin Tarantino a re\u00e7u une montre Girard-Perregaux [&hellip;]","og_url":"https:\/\/www.my-watchsite.fr\/blog\/girard-perregaux-un-hommage-a-quentin-tarantino-prix-lumiere-2013-n559\/","og_site_name":"MyWatch FR","article_publisher":"https:\/\/www.facebook.com\/mywatchsite\/","article_published_time":"2013-10-28T23:00:00+00:00","og_image":[{"width":654,"height":435,"url":"https:\/\/www.my-watchsite.fr\/blog\/wp-content\/uploads\/2020\/08\/thumb_559.jpg","type":"image\/jpeg"}],"author":"MyWatch","twitter_card":"summary_large_image","twitter_creator":"@mywatchsite","twitter_site":"@mywatchsite","twitter_misc":{"\u00c9crit par":"MyWatch","Dur\u00e9e de lecture estim\u00e9e":"3 minutes"},"schema":{"@context":"https:\/\/schema.org","@graph":[{"@type":"WebPage","@id":"https:\/\/www.my-watchsite.fr\/blog\/girard-perregaux-un-hommage-a-quentin-tarantino-prix-lumiere-2013-n559\/","url":"https:\/\/www.my-watchsite.fr\/blog\/girard-perregaux-un-hommage-a-quentin-tarantino-prix-lumiere-2013-n559\/","name":"Girard-Perregaux, un hommage \u00e0 Quentin Tarantino, prix Lumi\u00e8re 2013 - MyWatch FR","isPartOf":{"@id":"https:\/\/www.my-watchsite.fr\/blog\/#website"},"datePublished":"2013-10-28T23:00:00+00:00","dateModified":"2013-10-28T23:00:00+00:00","author":{"@id":"https:\/\/www.my-watchsite.fr\/blog\/#\/schema\/person\/67e19b3e3d014465042ff1be1c9fcf44"},"breadcrumb":{"@id":"https:\/\/www.my-watchsite.fr\/blog\/girard-perregaux-un-hommage-a-quentin-tarantino-prix-lumiere-2013-n559\/#breadcrumb"},"inLanguage":"fr-FR","potentialAction":[{"@type":"ReadAction","target":["https:\/\/www.my-watchsite.fr\/blog\/girard-perregaux-un-hommage-a-quentin-tarantino-prix-lumiere-2013-n559\/"]}]},{"@type":"BreadcrumbList","@id":"https:\/\/www.my-watchsite.fr\/blog\/girard-perregaux-un-hommage-a-quentin-tarantino-prix-lumiere-2013-n559\/#breadcrumb","itemListElement":[{"@type":"ListItem","position":1,"name":"Accueil","item":"https:\/\/www.my-watchsite.fr\/blog\/"},{"@type":"ListItem","position":2,"name":"Girard-Perregaux, un hommage \u00e0 Quentin Tarantino, prix Lumi\u00e8re 2013"}]},{"@type":"WebSite","@id":"https:\/\/www.my-watchsite.fr\/blog\/#website","url":"https:\/\/www.my-watchsite.fr\/blog\/","name":"MyWatch FR","description":"Make Time a Lifestyle","potentialAction":[{"@type":"SearchAction","target":{"@type":"EntryPoint","urlTemplate":"https:\/\/www.my-watchsite.fr\/blog\/?s={search_term_string}"},"query-input":"required name=search_term_string"}],"inLanguage":"fr-FR"},{"@type":"Person","@id":"https:\/\/www.my-watchsite.fr\/blog\/#\/schema\/person\/67e19b3e3d014465042ff1be1c9fcf44","name":"MyWatch","image":{"@type":"ImageObject","inLanguage":"fr-FR","@id":"https:\/\/www.my-watchsite.fr\/blog\/#\/schema\/person\/image\/","url":"https:\/\/secure.gravatar.com\/avatar\/e52d1e94806c54826c863f554ca1dd2a?s=96&d=mm&r=g","contentUrl":"https:\/\/secure.gravatar.com\/avatar\/e52d1e94806c54826c863f554ca1dd2a?s=96&d=mm&r=g","caption":"MyWatch"},"sameAs":["https:\/\/www.my-watchsite.fr\/blog"]}]}},"_links":{"self":[{"href":"https:\/\/www.my-watchsite.fr\/blog\/wp-json\/wp\/v2\/posts\/2195"}],"collection":[{"href":"https:\/\/www.my-watchsite.fr\/blog\/wp-json\/wp\/v2\/posts"}],"about":[{"href":"https:\/\/www.my-watchsite.fr\/blog\/wp-json\/wp\/v2\/types\/post"}],"author":[{"embeddable":true,"href":"https:\/\/www.my-watchsite.fr\/blog\/wp-json\/wp\/v2\/users\/1"}],"replies":[{"embeddable":true,"href":"https:\/\/www.my-watchsite.fr\/blog\/wp-json\/wp\/v2\/comments?post=2195"}],"version-history":[{"count":0,"href":"https:\/\/www.my-watchsite.fr\/blog\/wp-json\/wp\/v2\/posts\/2195\/revisions"}],"wp:featuredmedia":[{"embeddable":true,"href":"https:\/\/www.my-watchsite.fr\/blog\/wp-json\/wp\/v2\/media\/2197"}],"wp:attachment":[{"href":"https:\/\/www.my-watchsite.fr\/blog\/wp-json\/wp\/v2\/media?parent=2195"}],"wp:term":[{"taxonomy":"category","embeddable":true,"href":"https:\/\/www.my-watchsite.fr\/blog\/wp-json\/wp\/v2\/categories?post=2195"},{"taxonomy":"post_tag","embeddable":true,"href":"https:\/\/www.my-watchsite.fr\/blog\/wp-json\/wp\/v2\/tags?post=2195"}],"curies":[{"name":"wp","href":"https:\/\/api.w.org\/{rel}","templated":true}]}}