{"id":2209,"date":"2013-11-04T00:00:00","date_gmt":"2013-11-03T23:00:00","guid":{"rendered":"https:\/\/www.my-watchsite.fr\/blog\/blog\/salon-les-montres-10-ans-de-passion-n561\/"},"modified":"2013-11-04T00:00:00","modified_gmt":"2013-11-03T23:00:00","slug":"salon-les-montres-10-ans-de-passion-n561","status":"publish","type":"post","link":"https:\/\/www.my-watchsite.fr\/blog\/salon-les-montres-10-ans-de-passion-n561\/","title":{"rendered":"Salon Les Montres : 10 ans de passion"},"content":{"rendered":"<p><strong>Salon<\/strong> \u00ab <strong>Les Montres \u00bb <\/strong><br \/><strong>Un voyage d\u2019exception dans l\u2019univers de l\u2019Horlogerie<\/strong><\/p>\n<p>C\u00e9l\u00e9brant ses 10 ans d\u2019existence, le Salon \u00ab Les Montres \u00bb accueillera les amoureux de belles m\u00e9caniques horlog\u00e8res les <strong>7, 8 et 9 novembre<\/strong>, place Saint-Germain-des-Pr\u00e9s \u00e0 Paris. Cr\u00e9\u00e9 par Arnaud et Jean Lassaussois, propri\u00e9taires des boutiques Les Montres, cet \u00e9v\u00e9nement r\u00e9unit <strong>13 marques parmi les plus prestigieuses de l\u2019Horlogerie mondiale haut de gamme<\/strong>.<br \/>Gratuit et ouvert \u00e0 tous, cette 10\u00e8me \u00e9dition invite amateurs et n\u00e9ophytes \u00e0 s\u2019\u00e9merveiller devant le meilleur de la cr\u00e9ation horlog\u00e8re, \u00e0 d\u00e9couvrir les derni\u00e8res nouveaut\u00e9s des marques, \u00e0 s\u2019initier \u00e0 l\u2019Horlogerie, et m\u00eame \u00e0 acqu\u00e9rir sur place leurs coups de c\u0153ur\u2026 Immersion ! <\/p>\n<p><strong>A l\u2019heure des derni\u00e8res nouveaut\u00e9s<\/strong><br \/>Fid\u00e8les \u00e0 cette rencontre de passionn\u00e9s, Baume et Mercier, Bell &amp; Ross, Blancpain, Breitling, BRM, Chanel, Herm\u00e8s, Hublot, Jaeger LeCoultre, Panerai, Pequignet, Tag Heuer et Zenith pr\u00e9senteront leurs nouvelles cr\u00e9ations, aux c\u00f4t\u00e9s du fabricant de bracelets de montre Bouveret et du cr\u00e9ateur d\u2019horloges contemporaines Philippe Lebru. Dans un d\u00e9cor feutr\u00e9 et intimiste privil\u00e9giant une convivialit\u00e9 des \u00e9changes, les visiteurs pourront satisfaire leur curiosit\u00e9, b\u00e9n\u00e9ficier de l\u2019expertise des marques, essayer leurs mod\u00e8les favoris et m\u00eame repartir avec, puisqu\u2019il est possible d\u2019acqu\u00e9rir sur place les montres expos\u00e9es.<\/p>\n<p><strong>Entre initiation et d\u00e9couverte<br \/><\/strong>Empreint d\u2019un charme parisien, le salon \u00ab Les Montres \u00bb est ponctu\u00e9 de plusieurs animations d\u00e9voilant les coulisses de la fabrication d\u2019une montre. Un <strong>atelier d\u2019horlogerie<\/strong>, orchestr\u00e9 par les ma\u00eetres horlogers de Jaeger-LeCoultre, r\u00e9v\u00e8lera le minutieux travail requis pour monter un m\u00e9canisme de haute pr\u00e9cision. Des <strong>cours d\u2019initiation horlog\u00e8re<\/strong>, dispens\u00e9s gracieusement par Objectif Horlogerie sur inscription, donneront l\u2019occasion de passer aux travaux pratiques en apprenant \u00e0 monter une montre. Une <strong>librairie \u00e9ph\u00e9m\u00e8re<\/strong>, regorgeant d\u2019ouvrages de r\u00e9f\u00e9rence, permettra aux plus curieux de parfaire leur culture horlog\u00e8re. Enfin, les f\u00e9rus de Tic-Tac n\u2019oublieront pas de tenter leur chance au tirage au sort, organis\u00e9 par Jaeger LeCoultre. Les prix &lsquo; 12 places pour venir visiter la manufacture.<strong><\/p>\n<p>10 ans de passion et de partage<br \/><\/strong>N\u00e9 en 2003 \u00e0 l\u2019h\u00f4tel Lutetia, le salon \u00ab Les Montres \u00bb s\u2019est impos\u00e9 au fil du temps comme un rendez-vous incontournable des amateurs d\u2019horlogerie. Ayant connu un essor de fr\u00e9quentation lors de son d\u00e9placement place Saint-Germain des Pr\u00e9s, cet \u00e9v\u00e9nement horloger a rassembl\u00e9, l\u2019ann\u00e9e pr\u00e9c\u00e9dente, 3 500 visiteurs en trois jours\u2026 preuve d\u2019un engouement g\u00e9n\u00e9ral pour l\u2019Horlogerie et d\u2019une volont\u00e9 de proximit\u00e9 des marques avec le grand public\u2026 V\u00e9ritable voyage initiatique, le salon \u00ab Les Montres \u00bb est une invitation au c\u0153ur de la cr\u00e9ation et du savoir-faire horloger\u2026 A noter d\u2019ores et d\u00e9j\u00e0 dans votre agenda ! <\/p>\n<p><strong><em>Horaires d\u2019ouverture<\/em><\/strong> : <br \/>Jeudi 7 novembre : 11H00 \u2013 19H00 <br \/>Vendredi 8 novembre : 11H00 \u2013 19H00 <br \/> Samedi 9 novembre : 10H30 \u2013 18H30 <strong><em><br \/>Entr\u00e9e : <\/em><\/strong>gratuite <strong><em><br \/>Lieu d\u2019exposition<\/em><\/strong> : <br \/> 4 place Saint-Germain des Pr\u00e9s 75006 Paris<br \/>(<em>M\u00e9tro<\/em> : Saint-Germain des Pr\u00e9s \/ <em>Parking<\/em> : Saint-Germain des Pr\u00e9s \/ <em>V\u00e9lib<\/em> : Saint-Germain Copeau) <strong><br \/>Pour tout renseignement<\/strong> : <br \/>\u00ab LES MONTRES \u00bb : <br \/>T\u00e9l : 01 46 34 71 38<br \/><a href=\"http:\/\/www.boutiquelesmontres.com\">www.boutiquelesmontres.com<\/a><\/p>\n<ul>\n<li><img decoding=\"async\" src=\"https:\/\/www.my-watchsite.fr\/blog\/wp-content\/uploads\/2020\/08\/561_1661.jpg\" alt=\"Salon \" \/><\/li>\n<li><img decoding=\"async\" src=\"https:\/\/www.my-watchsite.fr\/blog\/wp-content\/uploads\/2020\/08\/561_1662.jpg\" alt=\"Salon \" \/><\/li>\n<li><img decoding=\"async\" src=\"https:\/\/www.my-watchsite.fr\/blog\/wp-content\/uploads\/2020\/08\/561_1663.jpg\" alt=\"Salon \" \/><\/li>\n<li><img decoding=\"async\" src=\"https:\/\/www.my-watchsite.fr\/blog\/wp-content\/uploads\/2020\/08\/561_1664.jpg\" alt=\"Salon \" \/><\/li>\n<li><img decoding=\"async\" src=\"https:\/\/www.my-watchsite.fr\/blog\/wp-content\/uploads\/2020\/08\/561_1665.jpg\" alt=\"Salon \" \/><\/li>\n<li><img decoding=\"async\" src=\"https:\/\/www.my-watchsite.fr\/blog\/wp-content\/uploads\/2020\/08\/561_1666.jpg\" alt=\"Salon \" \/><\/li>\n<li><img decoding=\"async\" src=\"https:\/\/www.my-watchsite.fr\/blog\/wp-content\/uploads\/2020\/08\/561_1667.jpg\" alt=\"Salon \" \/><\/li>\n<li><img decoding=\"async\" src=\"https:\/\/www.my-watchsite.fr\/blog\/wp-content\/uploads\/2020\/08\/561_1668.jpg\" alt=\"Salon \" \/><\/li>\n<li><img decoding=\"async\" src=\"https:\/\/www.my-watchsite.fr\/blog\/wp-content\/uploads\/2020\/08\/561_1669.jpg\" alt=\"Salon \" \/><\/li>\n<li><img decoding=\"async\" src=\"https:\/\/www.my-watchsite.fr\/blog\/wp-content\/uploads\/2020\/08\/561_1670.jpg\" alt=\"Salon \" \/><\/li>\n<li><img decoding=\"async\" src=\"https:\/\/www.my-watchsite.fr\/blog\/wp-content\/uploads\/2020\/08\/561_1671.jpg\" alt=\"Salon \" \/><\/li>\n<li><img decoding=\"async\" src=\"https:\/\/www.my-watchsite.fr\/blog\/wp-content\/uploads\/2020\/08\/561_1672.jpg\" alt=\"Salon \" \/><\/li>\n<li><img decoding=\"async\" src=\"https:\/\/www.my-watchsite.fr\/blog\/wp-content\/uploads\/2020\/08\/561_1673.jpg\" alt=\"Salon \" \/><\/li>\n<li><img decoding=\"async\" src=\"https:\/\/www.my-watchsite.fr\/blog\/wp-content\/uploads\/2020\/08\/561_1675.jpg\" alt=\"Salon \" \/><\/li>\n<li><img decoding=\"async\" src=\"https:\/\/www.my-watchsite.fr\/blog\/wp-content\/uploads\/2020\/08\/561_1676.jpg\" alt=\"Salon \" \/><\/li>\n<li><img decoding=\"async\" src=\"https:\/\/www.my-watchsite.fr\/blog\/wp-content\/uploads\/2020\/08\/561_1677.jpg\" alt=\"Salon \" \/><\/li>\n<\/ul>\n","protected":false},"excerpt":{"rendered":"<p>Salon \u00ab Les Montres \u00bb Un voyage d\u2019exception dans l\u2019univers de l\u2019Horlogerie C\u00e9l\u00e9brant ses 10 ans d\u2019existence, le Salon \u00ab Les Montres \u00bb accueillera les amoureux de belles m\u00e9caniques horlog\u00e8res les 7, 8 et 9 novembre, place Saint-Germain-des-Pr\u00e9s \u00e0 Paris. Cr\u00e9\u00e9 par Arnaud et Jean Lassaussois, propri\u00e9taires des boutiques Les Montres, cet \u00e9v\u00e9nement r\u00e9unit 13 [&hellip;]<\/p>\n","protected":false},"author":1,"featured_media":2226,"comment_status":"closed","ping_status":"closed","sticky":false,"template":"","format":"standard","meta":{"footnotes":""},"categories":[2],"tags":[10],"acf":[],"yoast_head":"<!-- This site is optimized with the Yoast SEO plugin v20.4 - https:\/\/yoast.com\/wordpress\/plugins\/seo\/ -->\n<title>Salon Les Montres : 10 ans de passion - MyWatch FR<\/title>\n<meta name=\"robots\" content=\"index, follow, max-snippet:-1, max-image-preview:large, max-video-preview:-1\" \/>\n<link rel=\"canonical\" href=\"https:\/\/www.my-watchsite.fr\/blog\/salon-les-montres-10-ans-de-passion-n561\/\" \/>\n<meta property=\"og:locale\" content=\"fr_FR\" \/>\n<meta property=\"og:type\" content=\"article\" \/>\n<meta property=\"og:title\" content=\"Salon Les Montres : 10 ans de passion - MyWatch FR\" \/>\n<meta property=\"og:description\" content=\"Salon \u00ab Les Montres \u00bb Un voyage d\u2019exception dans l\u2019univers de l\u2019Horlogerie C\u00e9l\u00e9brant ses 10 ans d\u2019existence, le Salon \u00ab Les Montres \u00bb accueillera les amoureux de belles m\u00e9caniques horlog\u00e8res les 7, 8 et 9 novembre, place Saint-Germain-des-Pr\u00e9s \u00e0 Paris. Cr\u00e9\u00e9 par Arnaud et Jean Lassaussois, propri\u00e9taires des boutiques Les Montres, cet \u00e9v\u00e9nement r\u00e9unit 13 [&hellip;]\" \/>\n<meta property=\"og:url\" content=\"https:\/\/www.my-watchsite.fr\/blog\/salon-les-montres-10-ans-de-passion-n561\/\" \/>\n<meta property=\"og:site_name\" content=\"MyWatch FR\" \/>\n<meta property=\"article:publisher\" content=\"https:\/\/www.facebook.com\/mywatchsite\/\" \/>\n<meta property=\"article:published_time\" content=\"2013-11-03T23:00:00+00:00\" \/>\n<meta property=\"og:image\" content=\"https:\/\/www.my-watchsite.fr\/blog\/wp-content\/uploads\/2020\/08\/thumb_561.jpg\" \/>\n\t<meta property=\"og:image:width\" content=\"654\" \/>\n\t<meta property=\"og:image:height\" content=\"435\" \/>\n\t<meta property=\"og:image:type\" content=\"image\/jpeg\" \/>\n<meta name=\"author\" content=\"MyWatch\" \/>\n<meta name=\"twitter:card\" content=\"summary_large_image\" \/>\n<meta name=\"twitter:creator\" content=\"@mywatchsite\" \/>\n<meta name=\"twitter:site\" content=\"@mywatchsite\" \/>\n<meta name=\"twitter:label1\" content=\"\u00c9crit par\" \/>\n\t<meta name=\"twitter:data1\" content=\"MyWatch\" \/>\n\t<meta name=\"twitter:label2\" content=\"Dur\u00e9e de lecture estim\u00e9e\" \/>\n\t<meta name=\"twitter:data2\" content=\"3 minutes\" \/>\n<script type=\"application\/ld+json\" class=\"yoast-schema-graph\">{\"@context\":\"https:\/\/schema.org\",\"@graph\":[{\"@type\":\"WebPage\",\"@id\":\"https:\/\/www.my-watchsite.fr\/blog\/salon-les-montres-10-ans-de-passion-n561\/\",\"url\":\"https:\/\/www.my-watchsite.fr\/blog\/salon-les-montres-10-ans-de-passion-n561\/\",\"name\":\"Salon Les Montres : 10 ans de passion - MyWatch FR\",\"isPartOf\":{\"@id\":\"https:\/\/www.my-watchsite.fr\/blog\/#website\"},\"datePublished\":\"2013-11-03T23:00:00+00:00\",\"dateModified\":\"2013-11-03T23:00:00+00:00\",\"author\":{\"@id\":\"https:\/\/www.my-watchsite.fr\/blog\/#\/schema\/person\/67e19b3e3d014465042ff1be1c9fcf44\"},\"breadcrumb\":{\"@id\":\"https:\/\/www.my-watchsite.fr\/blog\/salon-les-montres-10-ans-de-passion-n561\/#breadcrumb\"},\"inLanguage\":\"fr-FR\",\"potentialAction\":[{\"@type\":\"ReadAction\",\"target\":[\"https:\/\/www.my-watchsite.fr\/blog\/salon-les-montres-10-ans-de-passion-n561\/\"]}]},{\"@type\":\"BreadcrumbList\",\"@id\":\"https:\/\/www.my-watchsite.fr\/blog\/salon-les-montres-10-ans-de-passion-n561\/#breadcrumb\",\"itemListElement\":[{\"@type\":\"ListItem\",\"position\":1,\"name\":\"Accueil\",\"item\":\"https:\/\/www.my-watchsite.fr\/blog\/\"},{\"@type\":\"ListItem\",\"position\":2,\"name\":\"Salon Les Montres : 10 ans de passion\"}]},{\"@type\":\"WebSite\",\"@id\":\"https:\/\/www.my-watchsite.fr\/blog\/#website\",\"url\":\"https:\/\/www.my-watchsite.fr\/blog\/\",\"name\":\"MyWatch FR\",\"description\":\"Make Time a Lifestyle\",\"potentialAction\":[{\"@type\":\"SearchAction\",\"target\":{\"@type\":\"EntryPoint\",\"urlTemplate\":\"https:\/\/www.my-watchsite.fr\/blog\/?s={search_term_string}\"},\"query-input\":\"required name=search_term_string\"}],\"inLanguage\":\"fr-FR\"},{\"@type\":\"Person\",\"@id\":\"https:\/\/www.my-watchsite.fr\/blog\/#\/schema\/person\/67e19b3e3d014465042ff1be1c9fcf44\",\"name\":\"MyWatch\",\"image\":{\"@type\":\"ImageObject\",\"inLanguage\":\"fr-FR\",\"@id\":\"https:\/\/www.my-watchsite.fr\/blog\/#\/schema\/person\/image\/\",\"url\":\"https:\/\/secure.gravatar.com\/avatar\/e52d1e94806c54826c863f554ca1dd2a?s=96&d=mm&r=g\",\"contentUrl\":\"https:\/\/secure.gravatar.com\/avatar\/e52d1e94806c54826c863f554ca1dd2a?s=96&d=mm&r=g\",\"caption\":\"MyWatch\"},\"sameAs\":[\"https:\/\/www.my-watchsite.fr\/blog\"]}]}<\/script>\n<!-- \/ Yoast SEO plugin. -->","yoast_head_json":{"title":"Salon Les Montres : 10 ans de passion - MyWatch FR","robots":{"index":"index","follow":"follow","max-snippet":"max-snippet:-1","max-image-preview":"max-image-preview:large","max-video-preview":"max-video-preview:-1"},"canonical":"https:\/\/www.my-watchsite.fr\/blog\/salon-les-montres-10-ans-de-passion-n561\/","og_locale":"fr_FR","og_type":"article","og_title":"Salon Les Montres : 10 ans de passion - MyWatch FR","og_description":"Salon \u00ab Les Montres \u00bb Un voyage d\u2019exception dans l\u2019univers de l\u2019Horlogerie C\u00e9l\u00e9brant ses 10 ans d\u2019existence, le Salon \u00ab Les Montres \u00bb accueillera les amoureux de belles m\u00e9caniques horlog\u00e8res les 7, 8 et 9 novembre, place Saint-Germain-des-Pr\u00e9s \u00e0 Paris. Cr\u00e9\u00e9 par Arnaud et Jean Lassaussois, propri\u00e9taires des boutiques Les Montres, cet \u00e9v\u00e9nement r\u00e9unit 13 [&hellip;]","og_url":"https:\/\/www.my-watchsite.fr\/blog\/salon-les-montres-10-ans-de-passion-n561\/","og_site_name":"MyWatch FR","article_publisher":"https:\/\/www.facebook.com\/mywatchsite\/","article_published_time":"2013-11-03T23:00:00+00:00","og_image":[{"width":654,"height":435,"url":"https:\/\/www.my-watchsite.fr\/blog\/wp-content\/uploads\/2020\/08\/thumb_561.jpg","type":"image\/jpeg"}],"author":"MyWatch","twitter_card":"summary_large_image","twitter_creator":"@mywatchsite","twitter_site":"@mywatchsite","twitter_misc":{"\u00c9crit par":"MyWatch","Dur\u00e9e de lecture estim\u00e9e":"3 minutes"},"schema":{"@context":"https:\/\/schema.org","@graph":[{"@type":"WebPage","@id":"https:\/\/www.my-watchsite.fr\/blog\/salon-les-montres-10-ans-de-passion-n561\/","url":"https:\/\/www.my-watchsite.fr\/blog\/salon-les-montres-10-ans-de-passion-n561\/","name":"Salon Les Montres : 10 ans de passion - MyWatch FR","isPartOf":{"@id":"https:\/\/www.my-watchsite.fr\/blog\/#website"},"datePublished":"2013-11-03T23:00:00+00:00","dateModified":"2013-11-03T23:00:00+00:00","author":{"@id":"https:\/\/www.my-watchsite.fr\/blog\/#\/schema\/person\/67e19b3e3d014465042ff1be1c9fcf44"},"breadcrumb":{"@id":"https:\/\/www.my-watchsite.fr\/blog\/salon-les-montres-10-ans-de-passion-n561\/#breadcrumb"},"inLanguage":"fr-FR","potentialAction":[{"@type":"ReadAction","target":["https:\/\/www.my-watchsite.fr\/blog\/salon-les-montres-10-ans-de-passion-n561\/"]}]},{"@type":"BreadcrumbList","@id":"https:\/\/www.my-watchsite.fr\/blog\/salon-les-montres-10-ans-de-passion-n561\/#breadcrumb","itemListElement":[{"@type":"ListItem","position":1,"name":"Accueil","item":"https:\/\/www.my-watchsite.fr\/blog\/"},{"@type":"ListItem","position":2,"name":"Salon Les Montres : 10 ans de passion"}]},{"@type":"WebSite","@id":"https:\/\/www.my-watchsite.fr\/blog\/#website","url":"https:\/\/www.my-watchsite.fr\/blog\/","name":"MyWatch FR","description":"Make Time a Lifestyle","potentialAction":[{"@type":"SearchAction","target":{"@type":"EntryPoint","urlTemplate":"https:\/\/www.my-watchsite.fr\/blog\/?s={search_term_string}"},"query-input":"required name=search_term_string"}],"inLanguage":"fr-FR"},{"@type":"Person","@id":"https:\/\/www.my-watchsite.fr\/blog\/#\/schema\/person\/67e19b3e3d014465042ff1be1c9fcf44","name":"MyWatch","image":{"@type":"ImageObject","inLanguage":"fr-FR","@id":"https:\/\/www.my-watchsite.fr\/blog\/#\/schema\/person\/image\/","url":"https:\/\/secure.gravatar.com\/avatar\/e52d1e94806c54826c863f554ca1dd2a?s=96&d=mm&r=g","contentUrl":"https:\/\/secure.gravatar.com\/avatar\/e52d1e94806c54826c863f554ca1dd2a?s=96&d=mm&r=g","caption":"MyWatch"},"sameAs":["https:\/\/www.my-watchsite.fr\/blog"]}]}},"_links":{"self":[{"href":"https:\/\/www.my-watchsite.fr\/blog\/wp-json\/wp\/v2\/posts\/2209"}],"collection":[{"href":"https:\/\/www.my-watchsite.fr\/blog\/wp-json\/wp\/v2\/posts"}],"about":[{"href":"https:\/\/www.my-watchsite.fr\/blog\/wp-json\/wp\/v2\/types\/post"}],"author":[{"embeddable":true,"href":"https:\/\/www.my-watchsite.fr\/blog\/wp-json\/wp\/v2\/users\/1"}],"replies":[{"embeddable":true,"href":"https:\/\/www.my-watchsite.fr\/blog\/wp-json\/wp\/v2\/comments?post=2209"}],"version-history":[{"count":0,"href":"https:\/\/www.my-watchsite.fr\/blog\/wp-json\/wp\/v2\/posts\/2209\/revisions"}],"wp:featuredmedia":[{"embeddable":true,"href":"https:\/\/www.my-watchsite.fr\/blog\/wp-json\/wp\/v2\/media\/2226"}],"wp:attachment":[{"href":"https:\/\/www.my-watchsite.fr\/blog\/wp-json\/wp\/v2\/media?parent=2209"}],"wp:term":[{"taxonomy":"category","embeddable":true,"href":"https:\/\/www.my-watchsite.fr\/blog\/wp-json\/wp\/v2\/categories?post=2209"},{"taxonomy":"post_tag","embeddable":true,"href":"https:\/\/www.my-watchsite.fr\/blog\/wp-json\/wp\/v2\/tags?post=2209"}],"curies":[{"name":"wp","href":"https:\/\/api.w.org\/{rel}","templated":true}]}}