{"id":2239,"date":"2013-11-15T00:00:00","date_gmt":"2013-11-14T23:00:00","guid":{"rendered":"https:\/\/www.my-watchsite.fr\/blog\/blog\/tag-heuer-illumine-paris-n565\/"},"modified":"2021-09-06T18:42:36","modified_gmt":"2021-09-06T16:42:36","slug":"tag-heuer-illumine-paris-n565","status":"publish","type":"post","link":"https:\/\/www.my-watchsite.fr\/blog\/tag-heuer-illumine-paris-n565\/","title":{"rendered":"TAG Heuer illumine Paris"},"content":{"rendered":"<p>TAG Heuer f\u00eate les 50 ans de la Carrera et l\u2019ouverture de son tout nouveau flagship \u00e0 Paris<\/p>\n<p>St\u00e9phane Linder, nouveau CEO de TAG Heuer, et Leonardo DiCaprio, ambassadeur de longue date de la marque, ont donn\u00e9 le coup d\u2019envoi \u00e0 l\u2019une des soir\u00e9es de gala les plus prestigieuses de l\u2019ann\u00e9e dans la nouvelle boutique phare r\u00e9cemment ouverte pr\u00e8s de l\u2019Op\u00e9ra, \u00e0 Paris.<\/p>\n<p>Paris, 6 novembre 2013 &#8211; Mardi soir, les flashs des paparazzi ont embras\u00e9 la partie la plus chic du boulevard des Capucines, haut lieu des nuits parisiennes, lorsqu\u2019une multitude de c\u00e9l\u00e9brit\u00e9s venues du monde entier ont rejoint St\u00e9phane Linder, le CEO de TAG Heuer, pour la soir\u00e9e la plus courue de la saison. La longue liste des invit\u00e9s comportait bon nombre d\u2019acteurs &#8211; dont l\u2019ambassadeur vedette de la marque Leonardo DiCaprio &#8211; ainsi que des chanteurs, des r\u00e9dacteurs de mode, des politiciens et les plus grands noms de la course automobile.<\/p>\n<p>La marque horlog\u00e8re suisse d\u2019avant-garde avait deux excellentes raisons pour donner cette f\u00eate m\u00e9morable : l\u2019ouverture de son nouveau flagship pr\u00e8s de l\u2019Op\u00e9ra Garnier et le 50\u00e8me anniversaire de l\u2019embl\u00e9matique collection CARRERA, compos\u00e9e de chronographes inspir\u00e9s de l\u2019univers des courses autombiles.<\/p>\n<p>La coupure de ruban a eu lieu au 12, boulevard des Capucines, adresse de la nouvelle boutique TAG Heuer &#8211; un \u00e9crin de 120 m2 par\u00e9 de verre, d\u2019acier et de bois exotique qui se situe entre les boutiques Bucherer et Cartier sur un triangle d\u2019or de la distribution de luxe. La c\u00e9r\u00e9monie \u00e9tait pr\u00e9sid\u00e9e par la pilote automobile Margot Lafitte. Elle partageait la sc\u00e8ne avec St\u00e9phane Linder, le champion de rallye S\u00e9bastien Ogier et le pilote de Formule 1 franco-suisse Romain Grosjean.<\/p>\n<p>Le CEO de la marque a d\u00e9clar\u00e9 : \u00ab TAG Heuer a le vent en poupe. Paris Op\u00e9ra porte \u00e0 180 le nombre de nos boutiques r\u00e9parties dans 57 pays et 20 autres ouvriront leurs portes en 2014 dont une troisi\u00e8me \u00e0 Paris, sur les Champs-Elys\u00e9es. Nous comptons plus d\u2019ouvertures r\u00e9centes que toute autre marque de luxe. Et ce n\u2019est qu\u2019un d\u00e9but. \u00bb<\/p>\n<p>Un des temps forts de la soir\u00e9e fut le moment o\u00f9 l\u2019on a vu la foule des personnalit\u00e9s pr\u00e9sentes \u00e0 la f\u00eate, dont le nouveau champion du monde de rallye et le pilote de F1 Romain Grosjean, se presser vers le Pavillon Vend\u00f4me, \u00e0 proximit\u00e9 de la boutique pour une after party en pr\u00e9sence de L\u00e9onardo DiCaprio, Michel Denisot, Kad Merad, Aure Atika, Emma de Caunes\u2026et anim\u00e9e par la c\u00e9l\u00e8bre DJ C\u00e9cile Togni qui a fait tourner les platines jusqu\u2019\u00e0 l\u2019aube.<\/p>\n<p>Avec bient\u00f4t trois adresses de prestige \u00e0 Paris et les nouveaux flagships qui vont s\u2019ouvrir \u00e0 Londres, Milan, Madrid, San Francisco, Los Angeles, Honolulu, Macao, Singapour et P\u00e9kin, TAG Heuer surfe sur la vague du succ\u00e8s. Ses montres et chronographes, les plus rapides et les plus pr\u00e9cis jamais r\u00e9alis\u00e9s, figurent parmi les objets les plus convoit\u00e9s sur le march\u00e9 du luxe \u00e0 l\u2019instar de l\u2019iconique CARRERA, une collection de prestige inspir\u00e9e du monde automobile, constamment r\u00e9invent\u00e9e depuis son lancement en 1963. Tout au long de l\u2019ann\u00e9e, les c\u00e9l\u00e9brations du 50\u00e8me anniversaire ont illumin\u00e9 diff\u00e9rentes capitales \u00e0 travers l\u2019Asie, l\u2019Am\u00e9rique du Nord et l\u2019Europe.<\/p>\n<ul>\n<li><img decoding=\"async\" src=\"https:\/\/www.my-watchsite.fr\/blog\/wp-content\/uploads\/2020\/08\/565_1692.jpg\" alt=\"Gala TAG HEUER\" \/><\/li>\n<li><img decoding=\"async\" src=\"https:\/\/www.my-watchsite.fr\/blog\/wp-content\/uploads\/2020\/08\/565_1693.jpg\" alt=\"L\u00e9onardo DiCaprio - St\u00e9phane Linder - S\u00e9bastien Ogier - Romain Grosjean\" \/><\/li>\n<li><img decoding=\"async\" src=\"https:\/\/www.my-watchsite.fr\/blog\/wp-content\/uploads\/2020\/08\/565_1702.jpg\" alt=\"Michel Denisot\" \/><\/li>\n<\/ul>\n<p><a href=\"https:\/\/www.tagheuer.com\/fr\/fr\/\" target=\"_blank\" rel=\"noopener\">www.tagheuer.com<\/a><\/p>\n<p>Lire aussi l&rsquo;article\u00a0<a href=\"https:\/\/www.my-watchsite.fr\/blog\/un-partenariat-elargi-et-renforce-entre-tag-heuer-et-mclaren-n459\/\" target=\"_blank\" rel=\"noopener\">Un partenariat \u00e9largi et renforc\u00e9 entre TAG Heuer et McLaren<\/a><\/p>\n","protected":false},"excerpt":{"rendered":"<p>TAG Heuer f\u00eate les 50 ans de la Carrera et l\u2019ouverture de son tout nouveau flagship \u00e0 Paris St\u00e9phane Linder, nouveau CEO de TAG Heuer, et Leonardo DiCaprio, ambassadeur de longue date de la marque, ont donn\u00e9 le coup d\u2019envoi \u00e0 l\u2019une des soir\u00e9es de gala les plus prestigieuses de l\u2019ann\u00e9e dans la nouvelle boutique [&hellip;]<\/p>\n","protected":false},"author":1,"featured_media":2240,"comment_status":"closed","ping_status":"closed","sticky":false,"template":"","format":"standard","meta":{"footnotes":""},"categories":[2],"tags":[17],"acf":[],"yoast_head":"<!-- This site is optimized with the Yoast SEO plugin v20.4 - https:\/\/yoast.com\/wordpress\/plugins\/seo\/ -->\n<title>TAG Heuer illumine Paris avec son flagship - MyWatch FR<\/title>\n<meta name=\"description\" content=\"TAG Heuer f\u00eate les 50 ans de la Carrera et l\u2019ouverture de son tout nouveau flagship \u00e0 Paris. St\u00e9phane Linder, nouveau CEO de TAG Heuer...\" \/>\n<meta name=\"robots\" content=\"index, follow, max-snippet:-1, max-image-preview:large, max-video-preview:-1\" \/>\n<link rel=\"canonical\" href=\"https:\/\/www.my-watchsite.fr\/blog\/tag-heuer-illumine-paris-n565\/\" \/>\n<meta property=\"og:locale\" content=\"fr_FR\" \/>\n<meta property=\"og:type\" content=\"article\" \/>\n<meta property=\"og:title\" content=\"TAG Heuer illumine Paris avec son flagship - MyWatch FR\" \/>\n<meta property=\"og:description\" content=\"TAG Heuer f\u00eate les 50 ans de la Carrera et l\u2019ouverture de son tout nouveau flagship \u00e0 Paris. St\u00e9phane Linder, nouveau CEO de TAG Heuer...\" \/>\n<meta property=\"og:url\" content=\"https:\/\/www.my-watchsite.fr\/blog\/tag-heuer-illumine-paris-n565\/\" \/>\n<meta property=\"og:site_name\" content=\"MyWatch FR\" \/>\n<meta property=\"article:publisher\" content=\"https:\/\/www.facebook.com\/mywatchsite\/\" \/>\n<meta property=\"article:published_time\" content=\"2013-11-14T23:00:00+00:00\" \/>\n<meta property=\"article:modified_time\" content=\"2021-09-06T16:42:36+00:00\" \/>\n<meta property=\"og:image\" content=\"https:\/\/www.my-watchsite.fr\/blog\/wp-content\/uploads\/2020\/08\/565_1692.jpg\" \/>\n\t<meta property=\"og:image:width\" content=\"450\" \/>\n\t<meta property=\"og:image:height\" content=\"297\" \/>\n\t<meta property=\"og:image:type\" content=\"image\/jpeg\" \/>\n<meta name=\"author\" content=\"MyWatch\" \/>\n<meta name=\"twitter:card\" content=\"summary_large_image\" \/>\n<meta name=\"twitter:creator\" content=\"@mywatchsite\" \/>\n<meta name=\"twitter:site\" content=\"@mywatchsite\" \/>\n<meta name=\"twitter:label1\" content=\"\u00c9crit par\" \/>\n\t<meta name=\"twitter:data1\" content=\"MyWatch\" \/>\n\t<meta name=\"twitter:label2\" content=\"Dur\u00e9e de lecture estim\u00e9e\" \/>\n\t<meta name=\"twitter:data2\" content=\"3 minutes\" \/>\n<script type=\"application\/ld+json\" class=\"yoast-schema-graph\">{\"@context\":\"https:\/\/schema.org\",\"@graph\":[{\"@type\":\"WebPage\",\"@id\":\"https:\/\/www.my-watchsite.fr\/blog\/tag-heuer-illumine-paris-n565\/\",\"url\":\"https:\/\/www.my-watchsite.fr\/blog\/tag-heuer-illumine-paris-n565\/\",\"name\":\"TAG Heuer illumine Paris avec son flagship - MyWatch FR\",\"isPartOf\":{\"@id\":\"https:\/\/www.my-watchsite.fr\/blog\/#website\"},\"datePublished\":\"2013-11-14T23:00:00+00:00\",\"dateModified\":\"2021-09-06T16:42:36+00:00\",\"author\":{\"@id\":\"https:\/\/www.my-watchsite.fr\/blog\/#\/schema\/person\/67e19b3e3d014465042ff1be1c9fcf44\"},\"description\":\"TAG Heuer f\u00eate les 50 ans de la Carrera et l\u2019ouverture de son tout nouveau flagship \u00e0 Paris. St\u00e9phane Linder, nouveau CEO de TAG Heuer...\",\"breadcrumb\":{\"@id\":\"https:\/\/www.my-watchsite.fr\/blog\/tag-heuer-illumine-paris-n565\/#breadcrumb\"},\"inLanguage\":\"fr-FR\",\"potentialAction\":[{\"@type\":\"ReadAction\",\"target\":[\"https:\/\/www.my-watchsite.fr\/blog\/tag-heuer-illumine-paris-n565\/\"]}]},{\"@type\":\"BreadcrumbList\",\"@id\":\"https:\/\/www.my-watchsite.fr\/blog\/tag-heuer-illumine-paris-n565\/#breadcrumb\",\"itemListElement\":[{\"@type\":\"ListItem\",\"position\":1,\"name\":\"Accueil\",\"item\":\"https:\/\/www.my-watchsite.fr\/blog\/\"},{\"@type\":\"ListItem\",\"position\":2,\"name\":\"TAG Heuer illumine Paris\"}]},{\"@type\":\"WebSite\",\"@id\":\"https:\/\/www.my-watchsite.fr\/blog\/#website\",\"url\":\"https:\/\/www.my-watchsite.fr\/blog\/\",\"name\":\"MyWatch FR\",\"description\":\"Make Time a Lifestyle\",\"potentialAction\":[{\"@type\":\"SearchAction\",\"target\":{\"@type\":\"EntryPoint\",\"urlTemplate\":\"https:\/\/www.my-watchsite.fr\/blog\/?s={search_term_string}\"},\"query-input\":\"required name=search_term_string\"}],\"inLanguage\":\"fr-FR\"},{\"@type\":\"Person\",\"@id\":\"https:\/\/www.my-watchsite.fr\/blog\/#\/schema\/person\/67e19b3e3d014465042ff1be1c9fcf44\",\"name\":\"MyWatch\",\"image\":{\"@type\":\"ImageObject\",\"inLanguage\":\"fr-FR\",\"@id\":\"https:\/\/www.my-watchsite.fr\/blog\/#\/schema\/person\/image\/\",\"url\":\"https:\/\/secure.gravatar.com\/avatar\/e52d1e94806c54826c863f554ca1dd2a?s=96&d=mm&r=g\",\"contentUrl\":\"https:\/\/secure.gravatar.com\/avatar\/e52d1e94806c54826c863f554ca1dd2a?s=96&d=mm&r=g\",\"caption\":\"MyWatch\"},\"sameAs\":[\"https:\/\/www.my-watchsite.fr\/blog\"]}]}<\/script>\n<!-- \/ Yoast SEO plugin. -->","yoast_head_json":{"title":"TAG Heuer illumine Paris avec son flagship - MyWatch FR","description":"TAG Heuer f\u00eate les 50 ans de la Carrera et l\u2019ouverture de son tout nouveau flagship \u00e0 Paris. St\u00e9phane Linder, nouveau CEO de TAG Heuer...","robots":{"index":"index","follow":"follow","max-snippet":"max-snippet:-1","max-image-preview":"max-image-preview:large","max-video-preview":"max-video-preview:-1"},"canonical":"https:\/\/www.my-watchsite.fr\/blog\/tag-heuer-illumine-paris-n565\/","og_locale":"fr_FR","og_type":"article","og_title":"TAG Heuer illumine Paris avec son flagship - MyWatch FR","og_description":"TAG Heuer f\u00eate les 50 ans de la Carrera et l\u2019ouverture de son tout nouveau flagship \u00e0 Paris. St\u00e9phane Linder, nouveau CEO de TAG Heuer...","og_url":"https:\/\/www.my-watchsite.fr\/blog\/tag-heuer-illumine-paris-n565\/","og_site_name":"MyWatch FR","article_publisher":"https:\/\/www.facebook.com\/mywatchsite\/","article_published_time":"2013-11-14T23:00:00+00:00","article_modified_time":"2021-09-06T16:42:36+00:00","og_image":[{"width":450,"height":297,"url":"https:\/\/www.my-watchsite.fr\/blog\/wp-content\/uploads\/2020\/08\/565_1692.jpg","type":"image\/jpeg"}],"author":"MyWatch","twitter_card":"summary_large_image","twitter_creator":"@mywatchsite","twitter_site":"@mywatchsite","twitter_misc":{"\u00c9crit par":"MyWatch","Dur\u00e9e de lecture estim\u00e9e":"3 minutes"},"schema":{"@context":"https:\/\/schema.org","@graph":[{"@type":"WebPage","@id":"https:\/\/www.my-watchsite.fr\/blog\/tag-heuer-illumine-paris-n565\/","url":"https:\/\/www.my-watchsite.fr\/blog\/tag-heuer-illumine-paris-n565\/","name":"TAG Heuer illumine Paris avec son flagship - MyWatch FR","isPartOf":{"@id":"https:\/\/www.my-watchsite.fr\/blog\/#website"},"datePublished":"2013-11-14T23:00:00+00:00","dateModified":"2021-09-06T16:42:36+00:00","author":{"@id":"https:\/\/www.my-watchsite.fr\/blog\/#\/schema\/person\/67e19b3e3d014465042ff1be1c9fcf44"},"description":"TAG Heuer f\u00eate les 50 ans de la Carrera et l\u2019ouverture de son tout nouveau flagship \u00e0 Paris. St\u00e9phane Linder, nouveau CEO de TAG Heuer...","breadcrumb":{"@id":"https:\/\/www.my-watchsite.fr\/blog\/tag-heuer-illumine-paris-n565\/#breadcrumb"},"inLanguage":"fr-FR","potentialAction":[{"@type":"ReadAction","target":["https:\/\/www.my-watchsite.fr\/blog\/tag-heuer-illumine-paris-n565\/"]}]},{"@type":"BreadcrumbList","@id":"https:\/\/www.my-watchsite.fr\/blog\/tag-heuer-illumine-paris-n565\/#breadcrumb","itemListElement":[{"@type":"ListItem","position":1,"name":"Accueil","item":"https:\/\/www.my-watchsite.fr\/blog\/"},{"@type":"ListItem","position":2,"name":"TAG Heuer illumine Paris"}]},{"@type":"WebSite","@id":"https:\/\/www.my-watchsite.fr\/blog\/#website","url":"https:\/\/www.my-watchsite.fr\/blog\/","name":"MyWatch FR","description":"Make Time a Lifestyle","potentialAction":[{"@type":"SearchAction","target":{"@type":"EntryPoint","urlTemplate":"https:\/\/www.my-watchsite.fr\/blog\/?s={search_term_string}"},"query-input":"required name=search_term_string"}],"inLanguage":"fr-FR"},{"@type":"Person","@id":"https:\/\/www.my-watchsite.fr\/blog\/#\/schema\/person\/67e19b3e3d014465042ff1be1c9fcf44","name":"MyWatch","image":{"@type":"ImageObject","inLanguage":"fr-FR","@id":"https:\/\/www.my-watchsite.fr\/blog\/#\/schema\/person\/image\/","url":"https:\/\/secure.gravatar.com\/avatar\/e52d1e94806c54826c863f554ca1dd2a?s=96&d=mm&r=g","contentUrl":"https:\/\/secure.gravatar.com\/avatar\/e52d1e94806c54826c863f554ca1dd2a?s=96&d=mm&r=g","caption":"MyWatch"},"sameAs":["https:\/\/www.my-watchsite.fr\/blog"]}]}},"_links":{"self":[{"href":"https:\/\/www.my-watchsite.fr\/blog\/wp-json\/wp\/v2\/posts\/2239"}],"collection":[{"href":"https:\/\/www.my-watchsite.fr\/blog\/wp-json\/wp\/v2\/posts"}],"about":[{"href":"https:\/\/www.my-watchsite.fr\/blog\/wp-json\/wp\/v2\/types\/post"}],"author":[{"embeddable":true,"href":"https:\/\/www.my-watchsite.fr\/blog\/wp-json\/wp\/v2\/users\/1"}],"replies":[{"embeddable":true,"href":"https:\/\/www.my-watchsite.fr\/blog\/wp-json\/wp\/v2\/comments?post=2239"}],"version-history":[{"count":2,"href":"https:\/\/www.my-watchsite.fr\/blog\/wp-json\/wp\/v2\/posts\/2239\/revisions"}],"predecessor-version":[{"id":15806,"href":"https:\/\/www.my-watchsite.fr\/blog\/wp-json\/wp\/v2\/posts\/2239\/revisions\/15806"}],"wp:featuredmedia":[{"embeddable":true,"href":"https:\/\/www.my-watchsite.fr\/blog\/wp-json\/wp\/v2\/media\/2240"}],"wp:attachment":[{"href":"https:\/\/www.my-watchsite.fr\/blog\/wp-json\/wp\/v2\/media?parent=2239"}],"wp:term":[{"taxonomy":"category","embeddable":true,"href":"https:\/\/www.my-watchsite.fr\/blog\/wp-json\/wp\/v2\/categories?post=2239"},{"taxonomy":"post_tag","embeddable":true,"href":"https:\/\/www.my-watchsite.fr\/blog\/wp-json\/wp\/v2\/tags?post=2239"}],"curies":[{"name":"wp","href":"https:\/\/api.w.org\/{rel}","templated":true}]}}