{"id":229,"date":"2010-11-20T00:00:00","date_gmt":"2010-11-19T23:00:00","guid":{"rendered":"https:\/\/www.my-watchsite.fr\/blog\/blog\/lopera-national-de-paris-et-vacheron-constantin-celebrent-les-30-ans-de-lassociation-pour-le-rayonnement-de-lopera-de-paris-arop-n54\/"},"modified":"2010-11-20T00:00:00","modified_gmt":"2010-11-19T23:00:00","slug":"lopera-national-de-paris-et-vacheron-constantin-celebrent-les-30-ans-de-lassociation-pour-le-rayonnement-de-lopera-de-paris-arop-n54","status":"publish","type":"post","link":"https:\/\/www.my-watchsite.fr\/blog\/lopera-national-de-paris-et-vacheron-constantin-celebrent-les-30-ans-de-lassociation-pour-le-rayonnement-de-lopera-de-paris-arop-n54\/","title":{"rendered":"L\u2019Op\u00e9ra National de Paris et Vacheron Constantin c\u00e9l\u00e8brent les 30 ans de l\u2019Association pour le Rayonnement de l\u2019Op\u00e9ra de Paris (AROP)"},"content":{"rendered":"<p>C\u2019\u00e9tait samedi 20 novembre &#8211; \u00e0 Paris, au Palais Garnier, Vacheron Constantin, la plus ancienne manufacture horlog\u00e8re au monde sans interruption, recevait en tant que M\u00e9c\u00e8ne de l\u2019Op\u00e9ra National de Paris, plusieurs centaines d\u2019invit\u00e9s pour c\u00e9l\u00e9brer les 30 ans de l\u2019AROP, en pr\u00e9sence de Jean-Louis Beffa, Pr\u00e9sident de l\u2019AROP, Nicolas Joel, Directeur de l\u2019Op\u00e9ra National de Paris et de Brigitte Lef\u00e8vre, Directrice de la Danse ainsi que de Juan-Carlos Torres, Directeur G\u00e9n\u00e9ral de Vacheron Constantin, de Marc Guten, Directeur Retail et Marketing, et de Jean-Yves di Martino, Directeur France.<\/p>\n<p>Les invit\u00e9s ont pu admirer la montre Vacheron Constantin \u00ab M\u00e9tiers d\u2019Art \u2013 Chagall et l\u2019Op\u00e9ra Garnier \u00bb r\u00e9alis\u00e9e sp\u00e9cialement pour c\u00e9l\u00e9brer cet anniversaire. Ce garde-temps, pi\u00e8ce unique, reproduit dans son int\u00e9gralit\u00e9 le plafond de l\u2019Op\u00e9ra Garnier &#8211; cr\u00e9\u00e9 par Marc Chagall en 1964 &#8211; par la technique genevoise ancestrale de la peinture miniature en \u00e9mail \u00ab Grand Feu \u00bb. Apr\u00e8s une pr\u00e9sentation dans le monde entier, ce garde-temps rejoindra la collection du patrimoine de la Maison Vacheron Constantin.<\/p>\n<p>D\u00e8s l\u2019entr\u00e9e le ton est donn\u00e9. Les invit\u00e9s sont accueillis par une haie d\u2019honneur de la garde r\u00e9publicaine puis par un d\u00e9cor digne des mille et une nuits sign\u00e9 par le V\u00e9nitien Matteo Corvino. Parmi les invit\u00e9s on pouvait notamment remarquer Monsieur Fr\u00e9d\u00e9ric Mitterrand, Madame Fillon, Madame Roselyne Bachelot et Monsieur Jack Lang accompagn\u00e9 de son \u00e9pouse. Le maitre de c\u00e9r\u00e9monie de la soir\u00e9e n\u2019\u00e9tait autre que St\u00e9phane Bern.<\/p>\n<p>Sous l\u2019oeil \u00e9merveill\u00e9 de plus de 1600 personnes, des \u00e9toiles de l\u2019Op\u00e9ra de Paris et des divas venues du monde entier ont offert diff\u00e9rents tableaux tous plus magnifiques les uns que les autres. Citons tout de m\u00eame celui de Nicolas Le Riche qui a dans\u00e9 le Bol\u00e9ro de Ravel d\u2019apr\u00e8s une chor\u00e9graphie de Maurice B\u00e9jart et celui de la cantatrice Natalie Dessay qui avait choisi l\u2019air de la folie de Lucia de Lammermoor.<\/p>\n<p>A l\u2019issue de la repr\u00e9sentation pr\u00e8s de 1000 invit\u00e9s se sont rendus dans le grand foyer o\u00f9 un majestueux d\u00eener les attendait.<\/p>\n<ul>\n<li><img decoding=\"async\" src=\"https:\/\/www.my-watchsite.fr\/blog\/wp-content\/uploads\/2020\/08\/54_106.jpg\" alt=\"M\u00e9tiers d\u2019Art \u2013 Chagall &amp; l\u2019Op\u00e9ra de Paris \u00ab Hommage aux Compositeurs Illustres \u00bb\" \/><\/li>\n<li><img decoding=\"async\" src=\"https:\/\/www.my-watchsite.fr\/blog\/wp-content\/uploads\/2020\/08\/54_107.jpg\" alt=\"Jean-Louis Beffa, Juan-Carlos Torres, Fr\u00e9d\u00e9ric Mitterrand et Bernard Stirn, Pr\u00e9sident de l\u2019Op\u00e9ra\" \/><\/li>\n<\/ul>\n","protected":false},"excerpt":{"rendered":"<p>C\u2019\u00e9tait samedi 20 novembre &#8211; \u00e0 Paris, au Palais Garnier, Vacheron Constantin, la plus ancienne manufacture horlog\u00e8re au monde sans interruption, recevait en tant que M\u00e9c\u00e8ne de l\u2019Op\u00e9ra National de Paris, plusieurs centaines d\u2019invit\u00e9s pour c\u00e9l\u00e9brer les 30 ans de l\u2019AROP, en pr\u00e9sence de Jean-Louis Beffa, Pr\u00e9sident de l\u2019AROP, Nicolas Joel, Directeur de l\u2019Op\u00e9ra National [&hellip;]<\/p>\n","protected":false},"author":1,"featured_media":230,"comment_status":"closed","ping_status":"closed","sticky":false,"template":"","format":"standard","meta":{"footnotes":""},"categories":[2],"tags":[35],"acf":[],"yoast_head":"<!-- This site is optimized with the Yoast SEO plugin v20.4 - https:\/\/yoast.com\/wordpress\/plugins\/seo\/ -->\n<title>L\u2019Op\u00e9ra National de Paris et Vacheron Constantin c\u00e9l\u00e8brent les 30 ans de l\u2019Association pour le Rayonnement de l\u2019Op\u00e9ra de Paris (AROP) - MyWatch FR<\/title>\n<meta name=\"robots\" content=\"index, follow, max-snippet:-1, max-image-preview:large, max-video-preview:-1\" \/>\n<link rel=\"canonical\" href=\"https:\/\/www.my-watchsite.fr\/blog\/lopera-national-de-paris-et-vacheron-constantin-celebrent-les-30-ans-de-lassociation-pour-le-rayonnement-de-lopera-de-paris-arop-n54\/\" \/>\n<meta property=\"og:locale\" content=\"fr_FR\" \/>\n<meta property=\"og:type\" content=\"article\" \/>\n<meta property=\"og:title\" content=\"L\u2019Op\u00e9ra National de Paris et Vacheron Constantin c\u00e9l\u00e8brent les 30 ans de l\u2019Association pour le Rayonnement de l\u2019Op\u00e9ra de Paris (AROP) - MyWatch FR\" \/>\n<meta property=\"og:description\" content=\"C\u2019\u00e9tait samedi 20 novembre &#8211; \u00e0 Paris, au Palais Garnier, Vacheron Constantin, la plus ancienne manufacture horlog\u00e8re au monde sans interruption, recevait en tant que M\u00e9c\u00e8ne de l\u2019Op\u00e9ra National de Paris, plusieurs centaines d\u2019invit\u00e9s pour c\u00e9l\u00e9brer les 30 ans de l\u2019AROP, en pr\u00e9sence de Jean-Louis Beffa, Pr\u00e9sident de l\u2019AROP, Nicolas Joel, Directeur de l\u2019Op\u00e9ra National [&hellip;]\" \/>\n<meta property=\"og:url\" content=\"https:\/\/www.my-watchsite.fr\/blog\/lopera-national-de-paris-et-vacheron-constantin-celebrent-les-30-ans-de-lassociation-pour-le-rayonnement-de-lopera-de-paris-arop-n54\/\" \/>\n<meta property=\"og:site_name\" content=\"MyWatch FR\" \/>\n<meta property=\"article:publisher\" content=\"https:\/\/www.facebook.com\/mywatchsite\/\" \/>\n<meta property=\"article:published_time\" content=\"2010-11-19T23:00:00+00:00\" \/>\n<meta property=\"og:image\" content=\"https:\/\/www.my-watchsite.fr\/blog\/wp-content\/uploads\/2020\/08\/54_106.jpg\" \/>\n\t<meta property=\"og:image:width\" content=\"450\" \/>\n\t<meta property=\"og:image:height\" content=\"717\" \/>\n\t<meta property=\"og:image:type\" content=\"image\/jpeg\" \/>\n<meta name=\"author\" content=\"MyWatch\" \/>\n<meta name=\"twitter:card\" content=\"summary_large_image\" \/>\n<meta name=\"twitter:creator\" content=\"@mywatchsite\" \/>\n<meta name=\"twitter:site\" content=\"@mywatchsite\" \/>\n<meta name=\"twitter:label1\" content=\"\u00c9crit par\" \/>\n\t<meta name=\"twitter:data1\" content=\"MyWatch\" \/>\n\t<meta name=\"twitter:label2\" content=\"Dur\u00e9e de lecture estim\u00e9e\" \/>\n\t<meta name=\"twitter:data2\" content=\"2 minutes\" \/>\n<script type=\"application\/ld+json\" class=\"yoast-schema-graph\">{\"@context\":\"https:\/\/schema.org\",\"@graph\":[{\"@type\":\"WebPage\",\"@id\":\"https:\/\/www.my-watchsite.fr\/blog\/lopera-national-de-paris-et-vacheron-constantin-celebrent-les-30-ans-de-lassociation-pour-le-rayonnement-de-lopera-de-paris-arop-n54\/\",\"url\":\"https:\/\/www.my-watchsite.fr\/blog\/lopera-national-de-paris-et-vacheron-constantin-celebrent-les-30-ans-de-lassociation-pour-le-rayonnement-de-lopera-de-paris-arop-n54\/\",\"name\":\"L\u2019Op\u00e9ra National de Paris et Vacheron Constantin c\u00e9l\u00e8brent les 30 ans de l\u2019Association pour le Rayonnement de l\u2019Op\u00e9ra de Paris (AROP) - MyWatch FR\",\"isPartOf\":{\"@id\":\"https:\/\/www.my-watchsite.fr\/blog\/#website\"},\"datePublished\":\"2010-11-19T23:00:00+00:00\",\"dateModified\":\"2010-11-19T23:00:00+00:00\",\"author\":{\"@id\":\"https:\/\/www.my-watchsite.fr\/blog\/#\/schema\/person\/67e19b3e3d014465042ff1be1c9fcf44\"},\"breadcrumb\":{\"@id\":\"https:\/\/www.my-watchsite.fr\/blog\/lopera-national-de-paris-et-vacheron-constantin-celebrent-les-30-ans-de-lassociation-pour-le-rayonnement-de-lopera-de-paris-arop-n54\/#breadcrumb\"},\"inLanguage\":\"fr-FR\",\"potentialAction\":[{\"@type\":\"ReadAction\",\"target\":[\"https:\/\/www.my-watchsite.fr\/blog\/lopera-national-de-paris-et-vacheron-constantin-celebrent-les-30-ans-de-lassociation-pour-le-rayonnement-de-lopera-de-paris-arop-n54\/\"]}]},{\"@type\":\"BreadcrumbList\",\"@id\":\"https:\/\/www.my-watchsite.fr\/blog\/lopera-national-de-paris-et-vacheron-constantin-celebrent-les-30-ans-de-lassociation-pour-le-rayonnement-de-lopera-de-paris-arop-n54\/#breadcrumb\",\"itemListElement\":[{\"@type\":\"ListItem\",\"position\":1,\"name\":\"Accueil\",\"item\":\"https:\/\/www.my-watchsite.fr\/blog\/\"},{\"@type\":\"ListItem\",\"position\":2,\"name\":\"L\u2019Op\u00e9ra National de Paris et Vacheron Constantin c\u00e9l\u00e8brent les 30 ans de l\u2019Association pour le Rayonnement de l\u2019Op\u00e9ra de Paris (AROP)\"}]},{\"@type\":\"WebSite\",\"@id\":\"https:\/\/www.my-watchsite.fr\/blog\/#website\",\"url\":\"https:\/\/www.my-watchsite.fr\/blog\/\",\"name\":\"MyWatch FR\",\"description\":\"Make Time a Lifestyle\",\"potentialAction\":[{\"@type\":\"SearchAction\",\"target\":{\"@type\":\"EntryPoint\",\"urlTemplate\":\"https:\/\/www.my-watchsite.fr\/blog\/?s={search_term_string}\"},\"query-input\":\"required name=search_term_string\"}],\"inLanguage\":\"fr-FR\"},{\"@type\":\"Person\",\"@id\":\"https:\/\/www.my-watchsite.fr\/blog\/#\/schema\/person\/67e19b3e3d014465042ff1be1c9fcf44\",\"name\":\"MyWatch\",\"image\":{\"@type\":\"ImageObject\",\"inLanguage\":\"fr-FR\",\"@id\":\"https:\/\/www.my-watchsite.fr\/blog\/#\/schema\/person\/image\/\",\"url\":\"https:\/\/secure.gravatar.com\/avatar\/e52d1e94806c54826c863f554ca1dd2a?s=96&d=mm&r=g\",\"contentUrl\":\"https:\/\/secure.gravatar.com\/avatar\/e52d1e94806c54826c863f554ca1dd2a?s=96&d=mm&r=g\",\"caption\":\"MyWatch\"},\"sameAs\":[\"https:\/\/www.my-watchsite.fr\/blog\"]}]}<\/script>\n<!-- \/ Yoast SEO plugin. -->","yoast_head_json":{"title":"L\u2019Op\u00e9ra National de Paris et Vacheron Constantin c\u00e9l\u00e8brent les 30 ans de l\u2019Association pour le Rayonnement de l\u2019Op\u00e9ra de Paris (AROP) - MyWatch FR","robots":{"index":"index","follow":"follow","max-snippet":"max-snippet:-1","max-image-preview":"max-image-preview:large","max-video-preview":"max-video-preview:-1"},"canonical":"https:\/\/www.my-watchsite.fr\/blog\/lopera-national-de-paris-et-vacheron-constantin-celebrent-les-30-ans-de-lassociation-pour-le-rayonnement-de-lopera-de-paris-arop-n54\/","og_locale":"fr_FR","og_type":"article","og_title":"L\u2019Op\u00e9ra National de Paris et Vacheron Constantin c\u00e9l\u00e8brent les 30 ans de l\u2019Association pour le Rayonnement de l\u2019Op\u00e9ra de Paris (AROP) - MyWatch FR","og_description":"C\u2019\u00e9tait samedi 20 novembre &#8211; \u00e0 Paris, au Palais Garnier, Vacheron Constantin, la plus ancienne manufacture horlog\u00e8re au monde sans interruption, recevait en tant que M\u00e9c\u00e8ne de l\u2019Op\u00e9ra National de Paris, plusieurs centaines d\u2019invit\u00e9s pour c\u00e9l\u00e9brer les 30 ans de l\u2019AROP, en pr\u00e9sence de Jean-Louis Beffa, Pr\u00e9sident de l\u2019AROP, Nicolas Joel, Directeur de l\u2019Op\u00e9ra National [&hellip;]","og_url":"https:\/\/www.my-watchsite.fr\/blog\/lopera-national-de-paris-et-vacheron-constantin-celebrent-les-30-ans-de-lassociation-pour-le-rayonnement-de-lopera-de-paris-arop-n54\/","og_site_name":"MyWatch FR","article_publisher":"https:\/\/www.facebook.com\/mywatchsite\/","article_published_time":"2010-11-19T23:00:00+00:00","og_image":[{"width":450,"height":717,"url":"https:\/\/www.my-watchsite.fr\/blog\/wp-content\/uploads\/2020\/08\/54_106.jpg","type":"image\/jpeg"}],"author":"MyWatch","twitter_card":"summary_large_image","twitter_creator":"@mywatchsite","twitter_site":"@mywatchsite","twitter_misc":{"\u00c9crit par":"MyWatch","Dur\u00e9e de lecture estim\u00e9e":"2 minutes"},"schema":{"@context":"https:\/\/schema.org","@graph":[{"@type":"WebPage","@id":"https:\/\/www.my-watchsite.fr\/blog\/lopera-national-de-paris-et-vacheron-constantin-celebrent-les-30-ans-de-lassociation-pour-le-rayonnement-de-lopera-de-paris-arop-n54\/","url":"https:\/\/www.my-watchsite.fr\/blog\/lopera-national-de-paris-et-vacheron-constantin-celebrent-les-30-ans-de-lassociation-pour-le-rayonnement-de-lopera-de-paris-arop-n54\/","name":"L\u2019Op\u00e9ra National de Paris et Vacheron Constantin c\u00e9l\u00e8brent les 30 ans de l\u2019Association pour le Rayonnement de l\u2019Op\u00e9ra de Paris (AROP) - MyWatch FR","isPartOf":{"@id":"https:\/\/www.my-watchsite.fr\/blog\/#website"},"datePublished":"2010-11-19T23:00:00+00:00","dateModified":"2010-11-19T23:00:00+00:00","author":{"@id":"https:\/\/www.my-watchsite.fr\/blog\/#\/schema\/person\/67e19b3e3d014465042ff1be1c9fcf44"},"breadcrumb":{"@id":"https:\/\/www.my-watchsite.fr\/blog\/lopera-national-de-paris-et-vacheron-constantin-celebrent-les-30-ans-de-lassociation-pour-le-rayonnement-de-lopera-de-paris-arop-n54\/#breadcrumb"},"inLanguage":"fr-FR","potentialAction":[{"@type":"ReadAction","target":["https:\/\/www.my-watchsite.fr\/blog\/lopera-national-de-paris-et-vacheron-constantin-celebrent-les-30-ans-de-lassociation-pour-le-rayonnement-de-lopera-de-paris-arop-n54\/"]}]},{"@type":"BreadcrumbList","@id":"https:\/\/www.my-watchsite.fr\/blog\/lopera-national-de-paris-et-vacheron-constantin-celebrent-les-30-ans-de-lassociation-pour-le-rayonnement-de-lopera-de-paris-arop-n54\/#breadcrumb","itemListElement":[{"@type":"ListItem","position":1,"name":"Accueil","item":"https:\/\/www.my-watchsite.fr\/blog\/"},{"@type":"ListItem","position":2,"name":"L\u2019Op\u00e9ra National de Paris et Vacheron Constantin c\u00e9l\u00e8brent les 30 ans de l\u2019Association pour le Rayonnement de l\u2019Op\u00e9ra de Paris (AROP)"}]},{"@type":"WebSite","@id":"https:\/\/www.my-watchsite.fr\/blog\/#website","url":"https:\/\/www.my-watchsite.fr\/blog\/","name":"MyWatch FR","description":"Make Time a Lifestyle","potentialAction":[{"@type":"SearchAction","target":{"@type":"EntryPoint","urlTemplate":"https:\/\/www.my-watchsite.fr\/blog\/?s={search_term_string}"},"query-input":"required name=search_term_string"}],"inLanguage":"fr-FR"},{"@type":"Person","@id":"https:\/\/www.my-watchsite.fr\/blog\/#\/schema\/person\/67e19b3e3d014465042ff1be1c9fcf44","name":"MyWatch","image":{"@type":"ImageObject","inLanguage":"fr-FR","@id":"https:\/\/www.my-watchsite.fr\/blog\/#\/schema\/person\/image\/","url":"https:\/\/secure.gravatar.com\/avatar\/e52d1e94806c54826c863f554ca1dd2a?s=96&d=mm&r=g","contentUrl":"https:\/\/secure.gravatar.com\/avatar\/e52d1e94806c54826c863f554ca1dd2a?s=96&d=mm&r=g","caption":"MyWatch"},"sameAs":["https:\/\/www.my-watchsite.fr\/blog"]}]}},"_links":{"self":[{"href":"https:\/\/www.my-watchsite.fr\/blog\/wp-json\/wp\/v2\/posts\/229"}],"collection":[{"href":"https:\/\/www.my-watchsite.fr\/blog\/wp-json\/wp\/v2\/posts"}],"about":[{"href":"https:\/\/www.my-watchsite.fr\/blog\/wp-json\/wp\/v2\/types\/post"}],"author":[{"embeddable":true,"href":"https:\/\/www.my-watchsite.fr\/blog\/wp-json\/wp\/v2\/users\/1"}],"replies":[{"embeddable":true,"href":"https:\/\/www.my-watchsite.fr\/blog\/wp-json\/wp\/v2\/comments?post=229"}],"version-history":[{"count":0,"href":"https:\/\/www.my-watchsite.fr\/blog\/wp-json\/wp\/v2\/posts\/229\/revisions"}],"wp:featuredmedia":[{"embeddable":true,"href":"https:\/\/www.my-watchsite.fr\/blog\/wp-json\/wp\/v2\/media\/230"}],"wp:attachment":[{"href":"https:\/\/www.my-watchsite.fr\/blog\/wp-json\/wp\/v2\/media?parent=229"}],"wp:term":[{"taxonomy":"category","embeddable":true,"href":"https:\/\/www.my-watchsite.fr\/blog\/wp-json\/wp\/v2\/categories?post=229"},{"taxonomy":"post_tag","embeddable":true,"href":"https:\/\/www.my-watchsite.fr\/blog\/wp-json\/wp\/v2\/tags?post=229"}],"curies":[{"name":"wp","href":"https:\/\/api.w.org\/{rel}","templated":true}]}}