{"id":23130,"date":"2022-09-18T14:48:54","date_gmt":"2022-09-18T12:48:54","guid":{"rendered":"https:\/\/www.my-watchsite.fr\/blog\/?p=23130"},"modified":"2022-09-26T14:01:58","modified_gmt":"2022-09-26T12:01:58","slug":"ainay-le-vieil-deux-chateaux-en-un-rien-que-pour-vous","status":"publish","type":"post","link":"https:\/\/www.my-watchsite.fr\/blog\/ainay-le-vieil-deux-chateaux-en-un-rien-que-pour-vous\/","title":{"rendered":"Ainay-le-Vieil : Deux ch\u00e2teaux en un rien que pour vous"},"content":{"rendered":"\n<figure class=\"wp-block-image size-full\"><img decoding=\"async\" width=\"900\" height=\"675\" loading=\"lazy\" src=\"https:\/\/www.my-watchsite.fr\/blog\/wp-content\/uploads\/2022\/09\/vue-arerienne-du-chateau-dainay-le-vieil-avec-ses-remparts-moyenageux-protegeant-un-logis-renaissance.gif\" alt=\"Vue a\u00e9rienne du Ch\u00e2teau d'Ainay-le-Vieil avec ses remparts moyen\u00e2geux prot\u00e9geant un logis renaissance.\" class=\"wp-image-23127\" \/><figcaption>Vue a\u00e9rienne du Ch\u00e2teau d&rsquo;Ainay-le-Vieil avec ses remparts moyen\u00e2geux prot\u00e9geant un logis renaissance.<\/figcaption><\/figure>\n\n\n\n<p>Ainay-le-Vieil s\u2019impose comme un ch\u00e2teau fort de conte de f\u00e9es avec ses neuf tours, ses douves en eau,&nbsp;son corps de garde, son chemin de ronde\u2026 Tout droit venue du Moyen-\u00c2ge, cette&nbsp;forteresse de plaine&nbsp;datant du XIII\u00e8me si\u00e8cle est situ\u00e9e dans le&nbsp;Cher entre Bourges et Montlu\u00e7on. Merveilleusement construite au niveau d\u00e9fensif, elle n\u2019a jamais \u00e9t\u00e9 prise, celle que l\u2019on surnomme le petit Carcassonne du Berry, r\u00e9serve \u00e0 ses visiteurs une surprise de taille.&nbsp;&nbsp;<\/p>\n\n\n\n<div class=\"wp-block-group is-layout-flow wp-block-group-is-layout-flow\"><div class=\"wp-block-group__inner-container\">\n<figure class=\"wp-block-image size-full\"><img decoding=\"async\" width=\"900\" height=\"601\" loading=\"lazy\" src=\"https:\/\/www.my-watchsite.fr\/blog\/wp-content\/uploads\/2022\/09\/vue-du-chateau-depuis-la-roseraie.gif\" alt=\"Vue du Ch\u00e2teau depuis la roseraie\" class=\"wp-image-23128\" \/><figcaption>La vue du Ch\u00e2teau depuis la roseraie est une invitation \u00e0 la fl\u00e2nerie.<\/figcaption><\/figure>\n<\/div><\/div>\n\n\n\n<p>Ce n\u2019est pas un, mais en fait deux ch\u00e2teaux qui tr\u00f4nent au centre du village d\u2019Ainay-le-Vieil. Les remparts du XIII\u00e8me si\u00e8cle prot\u00e8gent en effet un corps de logis, alliance du style gothique flamboyant et renaissance. En d\u2019autres termes, un second ch\u00e2teau construit \u00e0 la fin du XV\u00e8me si\u00e8cle est adoss\u00e9 aux remparts dans la cour int\u00e9rieure de la forteresse m\u00e9di\u00e9vale. <\/p>\n\n\n\n<figure class=\"wp-block-image size-full\"><img decoding=\"async\" width=\"900\" height=\"643\" loading=\"lazy\" src=\"https:\/\/www.my-watchsite.fr\/blog\/wp-content\/uploads\/2022\/09\/le-corps-de-logis-renaissance.gif\" alt=\"Le corps de logis Renaissance\" class=\"wp-image-23117\" \/><figcaption>Le corps de logis Renaissance impose la majest\u00e9 des lieux au coucher du soleil..<\/figcaption><\/figure>\n\n\n\n<p>Une id\u00e9e grandiose que l\u2019on doit au Seigneur de Bigny qui, apr\u00e8s avoir fait l\u2019acquisition en 1467 d\u2019Ainay-le-Vieil, d\u00e9cida de d\u00e9truire le donjon m\u00e9di\u00e9val tr\u00f4nant au centre de la cour int\u00e9rieure et d\u2019utiliser les pierres afin de construire une folie renaissance. Un seigneur ayant du go\u00fbt dont les descendants restent encore et toujours propri\u00e9taires de ce tr\u00e9sor. C\u2019est d\u2019ailleurs les repr\u00e9sentants de la 23\u00e8me g\u00e9n\u00e9ration des propri\u00e9taires d\u2019Ainay-le-Vieil qui aujourd\u2019hui continuent de le faire rayonner en le partageant avec le public.&nbsp;<\/p>\n\n\n\n<figure class=\"wp-block-image size-full\"><img decoding=\"async\" width=\"900\" height=\"600\" loading=\"lazy\" src=\"https:\/\/www.my-watchsite.fr\/blog\/wp-content\/uploads\/2022\/09\/leau-est-omnipresente-dans-les-jardins-crees-a-la-renaissance.gif\" alt=\"L'eau est omnipr\u00e9sente dans les jardins cr\u00e9\u00e9s \u00e0 la renaissance\" class=\"wp-image-23112\" \/><figcaption>L&rsquo;eau est omnipr\u00e9sente dans les jardins cr\u00e9\u00e9s \u00e0 la renaissance.<\/figcaption><\/figure>\n\n\n\n<p>Au programme, visite libre du parc paysager&nbsp;aux arbres centenaires, cypr\u00e8s chauves, platanes gigantesques, ch\u00eanes, des jardins d\u2019eau, d\u2019une roseraie regroupant plus de 400 esp\u00e8ces de roses anciennes, sans oublier une succession de cinq jardins clos&nbsp;proposant chacun un th\u00e8me pr\u00e9cis&nbsp;: le mixed-border, le verger sculpt\u00e9, le jardin de m\u00e9ditation, le clo\u00eetre des simples et les parterres de broderies inspir\u00e9s de ceux du ch\u00e2teau de Versailles. <\/p>\n\n\n\n<figure class=\"wp-block-image size-full\"><img decoding=\"async\" width=\"900\" height=\"675\" loading=\"lazy\" src=\"https:\/\/www.my-watchsite.fr\/blog\/wp-content\/uploads\/2022\/09\/le-salon-du-gite-de-la-capitainerie-et-sa-cheminee-rustique-du-xviieme-siecle.gif\" alt=\"Le salon du g\u00eete de la Capitainerie et sa chemin\u00e9e rustique du XVII\u00e8me si\u00e8cle\" class=\"wp-image-23120\" \/><figcaption>Cosy et convivial, le salon du g\u00eete de la Capitainerie et sa chemin\u00e9e rustique du XVII\u00e8me si\u00e8cle.<\/figcaption><\/figure>\n\n\n\n<p>Un parcours initiatique \u00e0 compl\u00e9ter par la visite guid\u00e9e du ch\u00e2teau afin de d\u00e9couvrir dans de somptueux salons les souvenirs&nbsp;des illustres personnages ayant s\u00e9journ\u00e9 \u00e0 Ainay-le-Vieil. Colbert, ministre de Louis XIV, Marie-Antoinette dont deux porte-bonheurs sont pr\u00e9cieusement conserv\u00e9s au ch\u00e2teau, une bo\u00eete \u00e0 musique et un pendentif, ou&nbsp;Napol\u00e9on, ami de la famille.<br>Mais une visite de quelques heures n\u2019est pas suffisante\u2026 <\/p>\n\n\n\n<figure class=\"wp-block-image size-full\"><img decoding=\"async\" width=\"900\" height=\"600\" loading=\"lazy\" src=\"https:\/\/www.my-watchsite.fr\/blog\/wp-content\/uploads\/2022\/09\/les-chartreuses-baignees-de-roses.gif\" alt=\"Les chartreuses baign\u00e9es de roses\" class=\"wp-image-23123\" \/><figcaption>Les chartreuses baign\u00e9es de roses donne envie de se transformer en jardinier du Roi..<\/figcaption><\/figure>\n\n\n\n<h2 class=\"wp-block-heading\"><strong>Le plus beau des mariages, le v\u00f4tre !<\/strong><\/h2>\n\n\n\n<p>Une salle de r\u00e9ception, la salle des archers, pouvant accueillir jusqu\u2019 \u00e0 250 personnes, s\u2019impose comme le lieu id\u00e9al pour une r\u00e9ception. Tous est organis\u00e9 selon les d\u00e9sirs des mari\u00e9s pour que de la c\u00e9r\u00e9monie \u00e0 la f\u00eate, l&rsquo;\u00e9v\u00e8nement soit inoubliable.<\/p>\n\n\n\n<figure class=\"wp-block-image size-full\"><img decoding=\"async\" width=\"900\" height=\"1200\" loading=\"lazy\" src=\"https:\/\/www.my-watchsite.fr\/blog\/wp-content\/uploads\/2022\/09\/chaque-chambre-offre-une-vue-imprenable-sur-le-parc-et-les-jardins.gif\" alt=\"Chaque chambre offre une vue imprenable sur le parc et les jardins.\" class=\"wp-image-23110\" \/><figcaption>Chaque chambre offre une vue imprenable sur le parc et les jardins.<\/figcaption><\/figure>\n\n\n\n<h2 class=\"wp-block-heading\"><strong>Travailler \u00e0 la cour<\/strong>&#8230;<\/h2>\n\n\n\n<p>Les espaces sont \u00e9videment \u00e9quip\u00e9s des derni\u00e8res innovations technologiques en mati\u00e8re de travail \u00e0 distance et de communication moderne pour que le ch\u00e2teau s&rsquo;impose comme un lieu propice \u00e0 l\u2019organisation d\u2019un s\u00e9minaire ou d&rsquo;une pr\u00e9sentation produit.<\/p>\n\n\n\n<figure class=\"wp-block-image size-full\"><img decoding=\"async\" width=\"900\" height=\"675\" loading=\"lazy\" src=\"https:\/\/www.my-watchsite.fr\/blog\/wp-content\/uploads\/2022\/09\/la-chambre-tourzel-et-son-splendide-baldaquin.gif\" alt=\"la chambre Tourzel et son splendide baldaquin\" class=\"wp-image-23114\" \/><figcaption>La chambre Tourzel et son splendide baldaquin invite au sommeil du juste.<\/figcaption><\/figure>\n\n\n\n<h2 class=\"wp-block-heading\"><strong>Appr\u00e9cier la vie de ch\u00e2teau&#8230;<\/strong><\/h2>\n\n\n\n<p>Afin de vivre une exp\u00e9rience \u00ab&nbsp;ch\u00e2teau&nbsp;\u00bb tout en remontant le temps, quatre chambres d\u2019h\u00f4tes, dont une suite, sont propos\u00e9es au premier \u00e9tage du corps de logis renaissance ainsi qu\u2019une cinqui\u00e8me. Un charmant duplex lov\u00e9 dans une des tours des remparts avec sa voute d\u2019origine datant du XIII\u00e8me si\u00e8cle. Aussi, ce ne sont pas moins de quatre g\u00eetes qui viennent renforcer l\u2019offre h\u00e9bergements. <\/p>\n\n\n\n<figure class=\"wp-block-image size-full\"><img decoding=\"async\" width=\"900\" height=\"601\" loading=\"lazy\" src=\"https:\/\/www.my-watchsite.fr\/blog\/wp-content\/uploads\/2022\/09\/les-gites-sont-situes-dans-les-communs-du-chateau-entierements-restaures.gif\" alt=\"Les g\u00eetes sont situ\u00e9s dans les communs du ch\u00e2teau enti\u00e8rements restaur\u00e9s\" class=\"wp-image-23124\" \/><figcaption>Extr\u00eamement confortables et enti\u00e8rement restaur\u00e9s, les g\u00eetes sont situ\u00e9s dans les communs du ch\u00e2teau.<\/figcaption><\/figure>\n\n\n\n<p>Situ\u00e9s dans les communs du domaine datant du XVII\u00e8me si\u00e8cle, la maison des gardiens, la maison de ferme, une grange ainsi qu\u2019un grenier \u00e0 bl\u00e9 se sont m\u00e9tamorphos\u00e9s en lieux de vill\u00e9giature \u00e9l\u00e9gants. De quoi passer des moments privil\u00e9gi\u00e9s en couple, en famille ou entre amis et profiter des nombreuses activit\u00e9s propos\u00e9es.<\/p>\n\n\n\n<figure class=\"wp-block-image size-full\"><img decoding=\"async\" width=\"900\" height=\"675\" loading=\"lazy\" src=\"https:\/\/www.my-watchsite.fr\/blog\/wp-content\/uploads\/2022\/09\/a-laccueil-du-domaine-une-boutique-de-souvenirs-de-decoration-et-darts-de-la-table.gif\" alt=\"\" class=\"wp-image-23126\" \/><figcaption>A l&rsquo;accueil du domaine, une boutique de souvenirs, de d\u00e9coration et d&rsquo;arts de la table.<\/figcaption><\/figure>\n\n\n\n<h2 class=\"wp-block-heading\"><strong>Du shopping de roi\u2026 <\/strong><\/h2>\n\n\n\n<p>Une boutique propose des objets de d\u00e9coration, de l\u2019\u00e9picerie fine, des livres pour adultes et enfants, des jouets, sans oublier une charmante brocante qui fait le bonheur des chineurs. A laquelle s\u2019ajoute un espace d\u00e9di\u00e9 \u00e0 l\u2019artisanat d\u2019art avec trois artisans qui exposent leurs cr\u00e9ations et partagent volontiers leur savoir-faire.<\/p>\n\n\n\n<figure class=\"wp-block-image size-full\"><img decoding=\"async\" width=\"900\" height=\"1133\" loading=\"lazy\" src=\"https:\/\/www.my-watchsite.fr\/blog\/wp-content\/uploads\/2022\/09\/le-musee-darts-et-traditions-populaires.gif\" alt=\"Le mus\u00e9e d'Arts et Traditions Populaires\" class=\"wp-image-23118\" \/><figcaption>Remonter le temps avec le mus\u00e9e d&rsquo;Arts et Traditions Populaires.<\/figcaption><\/figure>\n\n\n\n<h2 class=\"wp-block-heading\"><strong>Il faut s\u2019y cultiver\u2026 <\/strong><\/h2>\n\n\n\n<p>Un mus\u00e9e d\u2019Arts et Traditions Populaires retrace la vie au village d\u2019Ainay-le-Vieil \u00e0 la veille de la Guerre de 1914 alors que chaque ann\u00e9e est organis\u00e9e une exposition d\u2019art contemporain au fil d\u2019une carte blanche donn\u00e9e \u00e0 un artiste. Pour la saison 2023, c\u2019est l\u2019espagnol Juan Garaizabal qui exposera ses sculptures dans la roseraie.<\/p>\n\n\n\n<figure class=\"wp-block-image size-full\"><img decoding=\"async\" width=\"900\" height=\"1200\" loading=\"lazy\" src=\"https:\/\/www.my-watchsite.fr\/blog\/wp-content\/uploads\/2022\/09\/un-escape-game-est-propose-dans-des-caves-du-xiiieme-siecle.gif\" alt=\"Un Escape Game est propos\u00e9 dans des caves du XIII\u00e8me si\u00e8cle\" class=\"wp-image-23125\" \/><figcaption>Ludique, un Escape Game est propos\u00e9 dans des caves du XIII\u00e8me si\u00e8cle.<\/figcaption><\/figure>\n\n\n\n<p>En guise de conclusion, pour le fun, un escape game nich\u00e9 dans les plus anciennes caves du ch\u00e2teau. De quoi s\u2019immerger dans l\u2019histoire du domaine au fil d\u2019\u00e9nigmes \u00e0 r\u00e9soudre coute que coute. Une exp\u00e9rience \u00e0 la fois ludique et culturelle. <\/p>\n\n\n\n<figure class=\"wp-block-image size-full\"><img decoding=\"async\" width=\"900\" height=\"1183\" loading=\"lazy\" src=\"https:\/\/www.my-watchsite.fr\/blog\/wp-content\/uploads\/2022\/09\/le-restaurant-la-voliere-pour-un-dejeuner-a-lombre-des-roses.gif\" alt=\"Le restaurant La Voli\u00e8re pour un d\u00e9jeuner \u00e0 l'ombre des roses\" class=\"wp-image-23119\" \/><figcaption>Le restaurant La Voli\u00e8re pour un d\u00e9jeuner tout en saveurs \u00e0 l&rsquo;ombre des roses.<\/figcaption><\/figure>\n\n\n\n<h2 class=\"wp-block-heading\"><strong>Il faut manger au ch\u00e2teau&#8230;<\/strong><\/h2>\n\n\n\n<p>Et enfin, pour les papilles, le restaurant de La Voli\u00e8re install\u00e9 dans l\u2019un des deux pavillons datant du XVII\u00e8me qui marquent l\u2019entr\u00e9e du parc et dominent la roseraie. Il y fait bon de prendre un verre sous une terrasse ombrag\u00e9e, d\u00e9guster un th\u00e9 accompagn\u00e9 d\u2019une p\u00e2tisserie maison, d\u00e9jeuner avec une vue imprenable sur parc ou d\u00eener aux chandelles sous la charpente enti\u00e8rement restaur\u00e9e d\u2019un lavoir du XVII\u00e8me si\u00e8cle.<\/p>\n\n\n\n<figure class=\"wp-block-image size-full\"><img decoding=\"async\" width=\"900\" height=\"1200\" loading=\"lazy\" src=\"https:\/\/www.my-watchsite.fr\/blog\/wp-content\/uploads\/2022\/09\/les-canaux-longeant-les-chartreuses.gif\" alt=\"Les canaux longeant les chartreuses\" class=\"wp-image-23121\" \/><figcaption>Une marche paisible s&rsquo;impose le long des canaux longeant les chartreuses.<\/figcaption><\/figure>\n\n\n\n<p>Le ch\u00e2teau, devrions-nous dire les ch\u00e2teaux d\u2019Ainay-le-Vieil, est \u00e0 d\u00e9couvrir absolument. Un exemple de la richesse du patrimoine historique fran\u00e7ais mettant en majest\u00e9 la beaut\u00e9 d\u2019une architecture s\u00e9culaire qui ne serait plus sans la motivation d\u2019une famille passionn\u00e9e, propri\u00e9taire du domaine depuis plus de 550 ans.<\/p>\n\n\n\n<figure class=\"wp-block-image size-full\"><img decoding=\"async\" width=\"900\" height=\"675\" loading=\"lazy\" src=\"https:\/\/www.my-watchsite.fr\/blog\/wp-content\/uploads\/2022\/09\/la-salle-de-bains-de-la-chambre-empire-situee-dans-uns-tour-du-chateau.gif\" alt=\"La salle de bains de la chambre Empire situ\u00e9e dans uns tour du ch\u00e2teau\" class=\"wp-image-23115\" \/><figcaption>La salle de bains de la chambre Empire situ\u00e9e dans uns tour du ch\u00e2teau.<\/figcaption><\/figure>\n\n\n\n<figure class=\"wp-block-image size-full\"><img decoding=\"async\" width=\"900\" height=\"675\" loading=\"lazy\" src=\"https:\/\/www.my-watchsite.fr\/blog\/wp-content\/uploads\/2022\/09\/les-chambres-des-gites-ont-ete-decorees-avec-beaucoup-de-gout.gif\" alt=\"Les chambres des g\u00eetes ont \u00e9t\u00e9 d\u00e9cor\u00e9es avec beaucoup de go\u00fbt\" class=\"wp-image-23122\" \/><figcaption>Les chambres des g\u00eetes ont \u00e9t\u00e9 d\u00e9cor\u00e9es avec beaucoup de go\u00fbt.<\/figcaption><\/figure>\n\n\n\n<figure class=\"wp-block-image size-full\"><img decoding=\"async\" width=\"900\" height=\"600\" loading=\"lazy\" src=\"https:\/\/www.my-watchsite.fr\/blog\/wp-content\/uploads\/2022\/09\/le-chatelet-medieval-se-devoile-peu-a-peu-derriere-les-arbres-du-parc-a-langlaise.gif\" alt=\"Le ch\u00e2telet m\u00e9di\u00e9val se d\u00e9voile peu \u00e0 peu derri\u00e8re les arbres du parc \u00e0 l'anglaise\" class=\"wp-image-23116\" \/><figcaption>Le ch\u00e2teau m\u00e9di\u00e9val se d\u00e9voile peu \u00e0 peu derri\u00e8re les arbres du parc \u00e0 l&rsquo;anglaise.<\/figcaption><\/figure>\n\n\n\n<p>Pour la saison 2023, le ch\u00e2teau est ouvert du samedi 1er avril au dimanche 1er octobre.<\/p>\n\n\n\n<p><a href=\"http:\/\/www.chateau-ainaylevieil.fr\/\" target=\"_blank\" rel=\"noreferrer noopener\">www.chateau-ainaylevieil.fr<\/a><\/p>\n\n\n\n<p>T\u00e9l\u00e9phone : 02 48 63 36 14 <br>Mail : <a href=\"mailto:accueil@chateau-ainaylevieil.fr\" target=\"_blank\" rel=\"noreferrer noopener\">accueil@chateau-ainaylevieil.fr<\/a><\/p>\n","protected":false},"excerpt":{"rendered":"<p>Parmi les tr\u00e9sors du patrimoine fran\u00e7ais, le ch\u00e2teau d\u2019Ainay-le-Vieil. Une forteresse m\u00e9di\u00e9vale entour\u00e9e de jardins remarquables dissimulant en son sein un ch\u00e2teau Renaissance. A d\u00e9couvrir absolument pour un s\u00e9jour hors du temps.<\/p>\n","protected":false},"author":4,"featured_media":23149,"comment_status":"closed","ping_status":"closed","sticky":false,"template":"","format":"standard","meta":{"footnotes":""},"categories":[82],"tags":[386,387,254],"acf":[],"yoast_head":"<!-- This site is optimized with the Yoast SEO plugin v20.4 - https:\/\/yoast.com\/wordpress\/plugins\/seo\/ -->\n<title>Ainay-le-Vieil : Deux ch\u00e2teaux en un rien que pour vous - MyWatch FR<\/title>\n<meta name=\"description\" content=\"Tr\u00e9sor du patrimoine fran\u00e7ais, le ch\u00e2teau d\u2019Ainay-le-Vieil est une forteresse m\u00e9di\u00e9vale entour\u00e9e de jardins pour vivre un s\u00e9jour inoubliable.\" \/>\n<meta name=\"robots\" content=\"index, follow, max-snippet:-1, max-image-preview:large, max-video-preview:-1\" \/>\n<link rel=\"canonical\" href=\"https:\/\/www.my-watchsite.fr\/blog\/ainay-le-vieil-deux-chateaux-en-un-rien-que-pour-vous\/\" \/>\n<meta property=\"og:locale\" content=\"fr_FR\" \/>\n<meta property=\"og:type\" content=\"article\" \/>\n<meta property=\"og:title\" content=\"Ainay-le-Vieil : Deux ch\u00e2teaux en un rien que pour vous - MyWatch FR\" \/>\n<meta property=\"og:description\" content=\"Tr\u00e9sor du patrimoine fran\u00e7ais, le ch\u00e2teau d\u2019Ainay-le-Vieil est une forteresse m\u00e9di\u00e9vale entour\u00e9e de jardins pour vivre un s\u00e9jour inoubliable.\" \/>\n<meta property=\"og:url\" content=\"https:\/\/www.my-watchsite.fr\/blog\/ainay-le-vieil-deux-chateaux-en-un-rien-que-pour-vous\/\" \/>\n<meta property=\"og:site_name\" content=\"MyWatch FR\" \/>\n<meta property=\"article:publisher\" content=\"https:\/\/www.facebook.com\/mywatchsite\/\" \/>\n<meta property=\"article:published_time\" content=\"2022-09-18T12:48:54+00:00\" \/>\n<meta property=\"article:modified_time\" content=\"2022-09-26T12:01:58+00:00\" \/>\n<meta property=\"og:image\" content=\"https:\/\/www.my-watchsite.fr\/blog\/wp-content\/uploads\/2022\/09\/vue-du-chateau-depuis-la-roseraie-1.gif\" \/>\n\t<meta property=\"og:image:width\" content=\"900\" \/>\n\t<meta property=\"og:image:height\" content=\"601\" \/>\n\t<meta property=\"og:image:type\" content=\"image\/gif\" \/>\n<meta name=\"author\" content=\"Frank Declerck\" \/>\n<meta name=\"twitter:card\" content=\"summary_large_image\" \/>\n<meta name=\"twitter:creator\" content=\"@mywatchsite\" \/>\n<meta name=\"twitter:site\" content=\"@mywatchsite\" \/>\n<meta name=\"twitter:label1\" content=\"\u00c9crit par\" \/>\n\t<meta name=\"twitter:data1\" content=\"Frank Declerck\" \/>\n\t<meta name=\"twitter:label2\" content=\"Dur\u00e9e de lecture estim\u00e9e\" \/>\n\t<meta name=\"twitter:data2\" content=\"9 minutes\" \/>\n<script type=\"application\/ld+json\" class=\"yoast-schema-graph\">{\"@context\":\"https:\/\/schema.org\",\"@graph\":[{\"@type\":\"WebPage\",\"@id\":\"https:\/\/www.my-watchsite.fr\/blog\/ainay-le-vieil-deux-chateaux-en-un-rien-que-pour-vous\/\",\"url\":\"https:\/\/www.my-watchsite.fr\/blog\/ainay-le-vieil-deux-chateaux-en-un-rien-que-pour-vous\/\",\"name\":\"Ainay-le-Vieil : Deux ch\u00e2teaux en un rien que pour vous - MyWatch FR\",\"isPartOf\":{\"@id\":\"https:\/\/www.my-watchsite.fr\/blog\/#website\"},\"datePublished\":\"2022-09-18T12:48:54+00:00\",\"dateModified\":\"2022-09-26T12:01:58+00:00\",\"author\":{\"@id\":\"https:\/\/www.my-watchsite.fr\/blog\/#\/schema\/person\/c52c87f152ae0c432650d45a7483f4aa\"},\"description\":\"Tr\u00e9sor du patrimoine fran\u00e7ais, le ch\u00e2teau d\u2019Ainay-le-Vieil est une forteresse m\u00e9di\u00e9vale entour\u00e9e de jardins pour vivre un s\u00e9jour inoubliable.\",\"breadcrumb\":{\"@id\":\"https:\/\/www.my-watchsite.fr\/blog\/ainay-le-vieil-deux-chateaux-en-un-rien-que-pour-vous\/#breadcrumb\"},\"inLanguage\":\"fr-FR\",\"potentialAction\":[{\"@type\":\"ReadAction\",\"target\":[\"https:\/\/www.my-watchsite.fr\/blog\/ainay-le-vieil-deux-chateaux-en-un-rien-que-pour-vous\/\"]}]},{\"@type\":\"BreadcrumbList\",\"@id\":\"https:\/\/www.my-watchsite.fr\/blog\/ainay-le-vieil-deux-chateaux-en-un-rien-que-pour-vous\/#breadcrumb\",\"itemListElement\":[{\"@type\":\"ListItem\",\"position\":1,\"name\":\"Accueil\",\"item\":\"https:\/\/www.my-watchsite.fr\/blog\/\"},{\"@type\":\"ListItem\",\"position\":2,\"name\":\"Ainay-le-Vieil : Deux ch\u00e2teaux en un rien que pour vous\"}]},{\"@type\":\"WebSite\",\"@id\":\"https:\/\/www.my-watchsite.fr\/blog\/#website\",\"url\":\"https:\/\/www.my-watchsite.fr\/blog\/\",\"name\":\"MyWatch FR\",\"description\":\"Make Time a Lifestyle\",\"potentialAction\":[{\"@type\":\"SearchAction\",\"target\":{\"@type\":\"EntryPoint\",\"urlTemplate\":\"https:\/\/www.my-watchsite.fr\/blog\/?s={search_term_string}\"},\"query-input\":\"required name=search_term_string\"}],\"inLanguage\":\"fr-FR\"},{\"@type\":\"Person\",\"@id\":\"https:\/\/www.my-watchsite.fr\/blog\/#\/schema\/person\/c52c87f152ae0c432650d45a7483f4aa\",\"name\":\"Frank Declerck\",\"image\":{\"@type\":\"ImageObject\",\"inLanguage\":\"fr-FR\",\"@id\":\"https:\/\/www.my-watchsite.fr\/blog\/#\/schema\/person\/image\/\",\"url\":\"https:\/\/secure.gravatar.com\/avatar\/0b8169973e5432c6a66c03650bf177e9?s=96&d=mm&r=g\",\"contentUrl\":\"https:\/\/secure.gravatar.com\/avatar\/0b8169973e5432c6a66c03650bf177e9?s=96&d=mm&r=g\",\"caption\":\"Frank Declerck\"}}]}<\/script>\n<!-- \/ Yoast SEO plugin. -->","yoast_head_json":{"title":"Ainay-le-Vieil : Deux ch\u00e2teaux en un rien que pour vous - MyWatch FR","description":"Tr\u00e9sor du patrimoine fran\u00e7ais, le ch\u00e2teau d\u2019Ainay-le-Vieil est une forteresse m\u00e9di\u00e9vale entour\u00e9e de jardins pour vivre un s\u00e9jour inoubliable.","robots":{"index":"index","follow":"follow","max-snippet":"max-snippet:-1","max-image-preview":"max-image-preview:large","max-video-preview":"max-video-preview:-1"},"canonical":"https:\/\/www.my-watchsite.fr\/blog\/ainay-le-vieil-deux-chateaux-en-un-rien-que-pour-vous\/","og_locale":"fr_FR","og_type":"article","og_title":"Ainay-le-Vieil : Deux ch\u00e2teaux en un rien que pour vous - MyWatch FR","og_description":"Tr\u00e9sor du patrimoine fran\u00e7ais, le ch\u00e2teau d\u2019Ainay-le-Vieil est une forteresse m\u00e9di\u00e9vale entour\u00e9e de jardins pour vivre un s\u00e9jour inoubliable.","og_url":"https:\/\/www.my-watchsite.fr\/blog\/ainay-le-vieil-deux-chateaux-en-un-rien-que-pour-vous\/","og_site_name":"MyWatch FR","article_publisher":"https:\/\/www.facebook.com\/mywatchsite\/","article_published_time":"2022-09-18T12:48:54+00:00","article_modified_time":"2022-09-26T12:01:58+00:00","og_image":[{"width":900,"height":601,"url":"https:\/\/www.my-watchsite.fr\/blog\/wp-content\/uploads\/2022\/09\/vue-du-chateau-depuis-la-roseraie-1.gif","type":"image\/gif"}],"author":"Frank Declerck","twitter_card":"summary_large_image","twitter_creator":"@mywatchsite","twitter_site":"@mywatchsite","twitter_misc":{"\u00c9crit par":"Frank Declerck","Dur\u00e9e de lecture estim\u00e9e":"9 minutes"},"schema":{"@context":"https:\/\/schema.org","@graph":[{"@type":"WebPage","@id":"https:\/\/www.my-watchsite.fr\/blog\/ainay-le-vieil-deux-chateaux-en-un-rien-que-pour-vous\/","url":"https:\/\/www.my-watchsite.fr\/blog\/ainay-le-vieil-deux-chateaux-en-un-rien-que-pour-vous\/","name":"Ainay-le-Vieil : Deux ch\u00e2teaux en un rien que pour vous - MyWatch FR","isPartOf":{"@id":"https:\/\/www.my-watchsite.fr\/blog\/#website"},"datePublished":"2022-09-18T12:48:54+00:00","dateModified":"2022-09-26T12:01:58+00:00","author":{"@id":"https:\/\/www.my-watchsite.fr\/blog\/#\/schema\/person\/c52c87f152ae0c432650d45a7483f4aa"},"description":"Tr\u00e9sor du patrimoine fran\u00e7ais, le ch\u00e2teau d\u2019Ainay-le-Vieil est une forteresse m\u00e9di\u00e9vale entour\u00e9e de jardins pour vivre un s\u00e9jour inoubliable.","breadcrumb":{"@id":"https:\/\/www.my-watchsite.fr\/blog\/ainay-le-vieil-deux-chateaux-en-un-rien-que-pour-vous\/#breadcrumb"},"inLanguage":"fr-FR","potentialAction":[{"@type":"ReadAction","target":["https:\/\/www.my-watchsite.fr\/blog\/ainay-le-vieil-deux-chateaux-en-un-rien-que-pour-vous\/"]}]},{"@type":"BreadcrumbList","@id":"https:\/\/www.my-watchsite.fr\/blog\/ainay-le-vieil-deux-chateaux-en-un-rien-que-pour-vous\/#breadcrumb","itemListElement":[{"@type":"ListItem","position":1,"name":"Accueil","item":"https:\/\/www.my-watchsite.fr\/blog\/"},{"@type":"ListItem","position":2,"name":"Ainay-le-Vieil : Deux ch\u00e2teaux en un rien que pour vous"}]},{"@type":"WebSite","@id":"https:\/\/www.my-watchsite.fr\/blog\/#website","url":"https:\/\/www.my-watchsite.fr\/blog\/","name":"MyWatch FR","description":"Make Time a Lifestyle","potentialAction":[{"@type":"SearchAction","target":{"@type":"EntryPoint","urlTemplate":"https:\/\/www.my-watchsite.fr\/blog\/?s={search_term_string}"},"query-input":"required name=search_term_string"}],"inLanguage":"fr-FR"},{"@type":"Person","@id":"https:\/\/www.my-watchsite.fr\/blog\/#\/schema\/person\/c52c87f152ae0c432650d45a7483f4aa","name":"Frank Declerck","image":{"@type":"ImageObject","inLanguage":"fr-FR","@id":"https:\/\/www.my-watchsite.fr\/blog\/#\/schema\/person\/image\/","url":"https:\/\/secure.gravatar.com\/avatar\/0b8169973e5432c6a66c03650bf177e9?s=96&d=mm&r=g","contentUrl":"https:\/\/secure.gravatar.com\/avatar\/0b8169973e5432c6a66c03650bf177e9?s=96&d=mm&r=g","caption":"Frank Declerck"}}]}},"_links":{"self":[{"href":"https:\/\/www.my-watchsite.fr\/blog\/wp-json\/wp\/v2\/posts\/23130"}],"collection":[{"href":"https:\/\/www.my-watchsite.fr\/blog\/wp-json\/wp\/v2\/posts"}],"about":[{"href":"https:\/\/www.my-watchsite.fr\/blog\/wp-json\/wp\/v2\/types\/post"}],"author":[{"embeddable":true,"href":"https:\/\/www.my-watchsite.fr\/blog\/wp-json\/wp\/v2\/users\/4"}],"replies":[{"embeddable":true,"href":"https:\/\/www.my-watchsite.fr\/blog\/wp-json\/wp\/v2\/comments?post=23130"}],"version-history":[{"count":21,"href":"https:\/\/www.my-watchsite.fr\/blog\/wp-json\/wp\/v2\/posts\/23130\/revisions"}],"predecessor-version":[{"id":23164,"href":"https:\/\/www.my-watchsite.fr\/blog\/wp-json\/wp\/v2\/posts\/23130\/revisions\/23164"}],"wp:featuredmedia":[{"embeddable":true,"href":"https:\/\/www.my-watchsite.fr\/blog\/wp-json\/wp\/v2\/media\/23149"}],"wp:attachment":[{"href":"https:\/\/www.my-watchsite.fr\/blog\/wp-json\/wp\/v2\/media?parent=23130"}],"wp:term":[{"taxonomy":"category","embeddable":true,"href":"https:\/\/www.my-watchsite.fr\/blog\/wp-json\/wp\/v2\/categories?post=23130"},{"taxonomy":"post_tag","embeddable":true,"href":"https:\/\/www.my-watchsite.fr\/blog\/wp-json\/wp\/v2\/tags?post=23130"}],"curies":[{"name":"wp","href":"https:\/\/api.w.org\/{rel}","templated":true}]}}