{"id":23257,"date":"2022-10-03T12:30:41","date_gmt":"2022-10-03T10:30:41","guid":{"rendered":"https:\/\/www.my-watchsite.fr\/blog\/?p=23257"},"modified":"2022-10-24T10:20:38","modified_gmt":"2022-10-24T08:20:38","slug":"la-selection-des-montres-de-la-rentree-2022","status":"publish","type":"post","link":"https:\/\/www.my-watchsite.fr\/blog\/la-selection-des-montres-de-la-rentree-2022\/","title":{"rendered":"La s\u00e9lection de Jean Lassaussois pour les montres de la rentr\u00e9e"},"content":{"rendered":"\n<h2 class=\"wp-block-heading\"><strong>Cartier Santos Dumont<\/strong><br><strong>Une montre de haut vol<\/strong><\/h2>\n\n\n\n<figure class=\"wp-block-image size-full\"><img decoding=\"async\" width=\"900\" height=\"900\" loading=\"lazy\" src=\"https:\/\/www.my-watchsite.fr\/blog\/wp-content\/uploads\/2022\/10\/cartier4.jpg\" alt=\"Cartier Santos Dumont \" class=\"wp-image-23251\" \/><figcaption>Chic et \u00e9l\u00e9gante, la montre Cartier Santos Dumont est un classique de la Maison.<\/figcaption><\/figure>\n\n\n\n<p>On le sait tous, cette montre a \u00e9t\u00e9 cr\u00e9\u00e9e en 1904 par Louis Cartier pour Alberto Santos-Dumont, son ami et c\u00e9l\u00e8bre dandy parisien connu pour ses exploits a\u00e9ronautiques. Cette pi\u00e8ce, originale \u00e0 une \u00e9poque o\u00f9 r\u00e9gnaient sans partage les montres de poches,&nbsp;devait permettre \u00e0 cet aventurier de lire l\u2019heure en vol.&nbsp;<\/p>\n\n\n\n<figure class=\"wp-block-image size-full\"><img decoding=\"async\" width=\"900\" height=\"1222\" loading=\"lazy\" src=\"https:\/\/www.my-watchsite.fr\/blog\/wp-content\/uploads\/2022\/10\/cartier5.jpg\" alt=\"Cartier Santos Dumont \" class=\"wp-image-23239\" \/><figcaption>Le bo\u00eetier de la Cartier Santos Dumont alterne les surfaces polies et satin\u00e9es.<\/figcaption><\/figure>\n\n\n\n<p>D\u2019une grande originalit\u00e9 pour l\u2019\u00e9poque, elle s\u2019est impos\u00e9e comme la premi\u00e8re montre-bracelet pour homme de l\u2019histoire de l\u2019horlogerie moderne. Produit inspir\u00e9, cette r\u00e9f\u00e9rence au dessin puissant soulign\u00e9 par sa lunette carr\u00e9e aux vis apparentes est devenue un bijou symbole de libert\u00e9.&nbsp;<\/p>\n\n\n\n<figure class=\"wp-block-image size-full\"><img decoding=\"async\" width=\"900\" height=\"900\" loading=\"lazy\" src=\"https:\/\/www.my-watchsite.fr\/blog\/wp-content\/uploads\/2022\/10\/cartier2.jpg\" alt=\"Cartier Santos Dumont \" class=\"wp-image-23253\" \/><figcaption>La boucle de la Cartier Santos Dumont reprend le C du monogramme Cartier.<\/figcaption><\/figure>\n\n\n\n<p>Parce que sa forme intemporelle ne cesse d\u2019inspirer \u00e0 Cartier de nouvelles interpr\u00e9tations, la maison de la rue de la Paix renouvelle son hommage \u00e0 ce dandy d\u2019origine br\u00e9silienne et au style qu\u2019il incarnait \u00e0 travers la montre Santos-Dumont XL.&nbsp;<\/p>\n\n\n\n<figure class=\"wp-block-image size-full\"><img decoding=\"async\" width=\"900\" height=\"900\" loading=\"lazy\" src=\"https:\/\/www.my-watchsite.fr\/blog\/wp-content\/uploads\/2022\/10\/cartier3.jpg\" alt=\"Cartier Santos Dumont \" class=\"wp-image-23252\" \/><figcaption>Tr\u00e8s caract\u00e9ristique de la Cartier Santos Dumont, la couronne perl\u00e9e surplomb\u00e9e par le spinelle bleu. Dans le V du VII, la signature secr\u00e8te&#8230;<\/figcaption><\/figure>\n\n\n\n<p>La pi\u00e8ce, ici de 46,6 mm x 33,9 mm, et par\u00e9e d\u2019acier avec couronne de remontoir orn\u00e9e d\u2019un spinelle de synth\u00e8se est anim\u00e9e par un calibre m\u00e9canique \u00e0 remontage manuel 430 MC de manufacture. <\/p>\n\n\n\n<figure class=\"wp-block-image size-full\"><img decoding=\"async\" width=\"900\" height=\"900\" loading=\"lazy\" src=\"https:\/\/www.my-watchsite.fr\/blog\/wp-content\/uploads\/2022\/10\/cartier1.jpg\" alt=\"Cartier Santos Dumont \" class=\"wp-image-23254\" \/><figcaption>Le galbe de la Cartier Santos Dumont lui donne un confort au port\u00e9 exceptionnel.<\/figcaption><\/figure>\n\n\n\n<p>Sobre et r\u00e9solument citadine, elle se porte sur un bracelet en alligator ferm\u00e9 au poignet par une boucle d\u00e9ployante Cartier.&nbsp;<\/p>\n\n\n\n<p><strong>Prix&nbsp;: 6 150 \u20ac<\/strong><\/p>\n\n\n\n<p><a href=\"https:\/\/www.my-watchsite.fr\/121-cartier\" target=\"_blank\" rel=\"noreferrer noopener\">Cartier sur MyWatch<\/a><\/p>\n\n\n\n<p><a href=\"https:\/\/www.boutiquelesmontres.com\/fr\/p\/montre-santos-dumont-modele-extra-large-mouvement-mecanique-manuel-acier-cuir-0062\" target=\"_blank\" rel=\"noreferrer noopener\">Cette Cartier sur le site de Jean Lassaussois<\/a><\/p>\n\n\n\n<p><a href=\"https:\/\/www.cartier.com\/fr-fr\/\" target=\"_blank\" rel=\"noreferrer noopener\">CARTIER<\/a><\/p>\n\n\n\n<h2 class=\"wp-block-heading\"><strong>TAG Heuer Aquaracer Professional 1000 Superdiver<\/strong><br><strong>La montre de l\u2019ivresse des profondeurs<\/strong><\/h2>\n\n\n\n<figure class=\"wp-block-image size-full\"><img decoding=\"async\" width=\"900\" height=\"1222\" loading=\"lazy\" src=\"https:\/\/www.my-watchsite.fr\/blog\/wp-content\/uploads\/2022\/10\/tag3.jpg\" alt=\"TAG Heuer Aquaracer Professional 1000 Superdiver\" class=\"wp-image-23238\" \/><figcaption>La montre TAG Heuer Aquaracer Professional 1000 Superdiver est une vraie plongeuse destin\u00e9e aux professionnels ou aux amoureux des abysses.<\/figcaption><\/figure>\n\n\n\n<p>Propos\u00e9e en titane grade 5, cette Superdiver fait 45 mm de diam\u00e8tre et est garantie \u00e9tanche jusqu\u2019\u00e0 1000 m\u00e8tres. Certifi\u00e9e ISO 6425, elle est donc prot\u00e9g\u00e9e contre les rayonnements magn\u00e9tiques et dispose \u2013 entre autres &#8211; d\u2019un indicateur de fonctionnement (ici la grande trotteuse orange) et d\u2019un indicateur de temps de plong\u00e9e sous la forme d\u2019une lunette tournante unidirectionnelle.&nbsp;<\/p>\n\n\n\n<figure class=\"wp-block-image size-full\"><img decoding=\"async\" width=\"900\" height=\"640\" loading=\"lazy\" src=\"https:\/\/www.my-watchsite.fr\/blog\/wp-content\/uploads\/2022\/10\/tag1.jpg\" alt=\"TAG Heuer Aquaracer Professional 1000 Superdiver\" class=\"wp-image-23246\" \/><figcaption>la protection de la couronne se tire en m\u00eame temps que la couronne sur la TAG Heuer Aquaracer Professional 1000 Superdiver.<\/figcaption><\/figure>\n\n\n\n<p>Son calibre m\u00e9canique \u00e0 remontage automatique certifi\u00e9 chronom\u00e8tre par le COSC (Contr\u00f4le officiel suisse des chronom\u00e8tres) est prot\u00e9g\u00e9 de fait contre les&nbsp;&nbsp;intenses champs magn\u00e9tiques pour pouvoir r\u00e9pondre \u00e0 la norme.&nbsp;<\/p>\n\n\n\n<figure class=\"wp-block-image size-full\"><img decoding=\"async\" width=\"900\" height=\"640\" loading=\"lazy\" src=\"https:\/\/www.my-watchsite.fr\/blog\/wp-content\/uploads\/2022\/10\/gtag3.jpg\" alt=\"TAG Heuer Aquaracer Professional 1000 Superdiver\" class=\"wp-image-23244\" \/><figcaption>Astucieux : les deux couleurs de luminova pour ne pas confondre les aiguilles pendant la plong\u00e9e sur la TAG Heuer Aquaracer Professional 1000 Superdiver.<\/figcaption><\/figure>\n\n\n\n<p>En outre, elle est lisible durablement dans l\u2019obscurit\u00e9 gr\u00e2ce \u00e0 la pr\u00e9sence d\u2019index et d\u2019aiguilles largement dimensionn\u00e9s et charg\u00e9s d\u2019une importante quantit\u00e9 de mati\u00e8re luminescente. Afin de la rendre exploitable dans les pires conditions par des sp\u00e9cialistes de la plong\u00e9e, TAG Heuer l\u2019a \u00e9quip\u00e9e d\u2019une valve \u00e0 h\u00e9lium afin qu\u2019elle puisse \u00eatre utilis\u00e9e par des pros lors de plong\u00e9es en saturation sous cloches et dans le caisson de d\u00e9compression.&nbsp;<\/p>\n\n\n\n<figure class=\"wp-block-image size-full\"><img decoding=\"async\" width=\"900\" height=\"640\" loading=\"lazy\" src=\"https:\/\/www.my-watchsite.fr\/blog\/wp-content\/uploads\/2022\/10\/tag2.jpg\" alt=\"TAG Heuer Aquaracer Professional 1000 Superdiver\" class=\"wp-image-23245\" \/><figcaption>Sur le fond de la TAG Heuer Aquaracer Professional 1000 Superdiver une gravure de la mention \u00ab\u00a0Diver&rsquo;s Watch\u00a0\u00bb r\u00e9serv\u00e9e aux mod\u00e8les r\u00e9pondant \u00e0 la norme ISO 6425.<\/figcaption><\/figure>\n\n\n\n<p>La pi\u00e8ce est \u00e9galement dot\u00e9e d\u2019un prot\u00e8ge couronne totalement enveloppant afin d\u2019\u00e9viter tout accident en cas de chocs qui peuvent arriver lors des travaux&nbsp;&nbsp;\u00e0 grande profondeur. Le Fond plein viss\u00e9 porte en gravure un casque de plongeur au narguil\u00e9 de type \u00ab&nbsp;pieds lourds&nbsp;\u00bb et la t\u00eate de montre est associ\u00e9e \u00e0 un bracelet en acier avec fermoir r\u00e9glable en longueur.&nbsp;Comme tout instrument de mesure du temps de pr\u00e9cision d\u00e9di\u00e9 aux professionnels, ce dernier est livr\u00e9 dans un \u00e9crin noir sp\u00e9cial, \u00e9tanche de type Pelicase\u2122 assorti d\u2019une lampe de poche au cas o\u00f9 et d\u2019une housse de voyage.&nbsp;<\/p>\n\n\n\n<p><strong>Prix&nbsp;: 6 450 \u20ac<\/strong><\/p>\n\n\n\n<p><a href=\"https:\/\/www.my-watchsite.fr\/aquaracer\/7927-tag-heuer-aquaracer-professional-1000-superdiver.html\" target=\"_blank\" rel=\"noreferrer noopener\">La fiche de cette TAG Heuer sur MyWatch<\/a><\/p>\n\n\n\n<p><strong><a href=\"https:\/\/www.tagheuer.com\/fr\/fr\/montres\/collections\/tag-heuer-aquaracer\/45-mm-th30-00\/WBP5A8A.BF0619.html\" target=\"_blank\" rel=\"noreferrer noopener\">TAG Heuer<\/a><\/strong><\/p>\n\n\n\n<h2 class=\"wp-block-heading\"><strong>Breitling Superocean Automatic 36&nbsp;<\/strong><br><strong>Pour surfer la vague du vintage<\/strong><\/h2>\n\n\n\n<p>Conforme au principe que la fonction cr\u00e9e la forme, Breitling a fait le choix dans le courant des \u00ab&nbsp;sixties&nbsp;\u00bb d\u2019aller \u00e0 l\u2019essentiel pour ses montres techniques et pour celles de plong\u00e9e en particulier.&nbsp;<\/p>\n\n\n\n<figure class=\"wp-block-image size-full is-resized\"><img decoding=\"async\" loading=\"lazy\" src=\"https:\/\/www.my-watchsite.fr\/blog\/wp-content\/uploads\/2022\/10\/breitling3.jpg\" alt=\"Breitling Superocean Automatic 36\" class=\"wp-image-23242\" width=\"600\" height=\"426\" \/><figcaption>La montre Breitling Superocean Automatic 36 et son incroyable cadran turquoise.<\/figcaption><\/figure>\n\n\n\n<p>De cette r\u00e9flexion devait na\u00eetre la montre de plong\u00e9e essentielle baptis\u00e9e alors \u00ab&nbsp;Slow Motion&nbsp;\u00bb. La nouvelle Superocean Automatic 36 reprend ce principe tout en modernisant certains points comme la lunette tournante unidirectionnelle dont l\u2019insert est aujourd\u2019hui r\u00e9alis\u00e9 en c\u00e9ramique.&nbsp;<\/p>\n\n\n\n<figure class=\"wp-block-image size-full\"><img decoding=\"async\" width=\"900\" height=\"900\" loading=\"lazy\" src=\"https:\/\/www.my-watchsite.fr\/blog\/wp-content\/uploads\/2022\/10\/breitling-1.jpg\" alt=\"Breitling Superocean Automatic 36\" class=\"wp-image-23249\" \/><figcaption>Le lumina met en valeur la caract\u00e9ristique aiguille des minutes de la montre Breitling Superocean Automatic 36.<\/figcaption><\/figure>\n\n\n\n<p>Dans le m\u00eame esprit les cadrans s\u2019osent en blanc laque mais aussi dans des couleurs vives comme le turquoise et l\u2019orange signal. Habill\u00e9e d\u2019acier sur bracelet m\u00e9tal ou caoutchouc, la pi\u00e8ce \u00e9tanche jusqu\u2019\u00e0 300 m\u00e8tres est servie par un calibre automatique Breitling 17 dot\u00e9 de 38 heures de r\u00e9serve de marche.&nbsp;<\/p>\n\n\n\n<figure class=\"wp-block-image size-full\"><img decoding=\"async\" width=\"900\" height=\"640\" loading=\"lazy\" src=\"https:\/\/www.my-watchsite.fr\/blog\/wp-content\/uploads\/2022\/07\/slatter.jpg\" alt=\"\" class=\"wp-image-22762\" \/><figcaption>Kelly Slatter, un ambassadeur de choix pour la collection Superocean de  Breitling.<\/figcaption><\/figure>\n\n\n\n<p>A noter que la collection Superocean est une des plus demand\u00e9e en ce moment chez Breitling et le fait qu\u2019elle ait pour ambassadeur Kelly Slatter n\u2019est peut-\u00eatre pas \u00e9tranger \u00e0 cet \u00e9tat de fait. Notons \u00e9galement que la collection poss\u00e8de des mod\u00e8les en bronze de toute beaut\u00e9.&nbsp;<\/p>\n\n\n\n<p><strong>Prix&nbsp;: 4 550 \u20ac<\/strong><\/p>\n\n\n\n<p><a href=\"https:\/\/www.boutiquelesmontres.com\/fr\/p\/montres-montre-breitling-superocean-automatic-36-e305\" target=\"_blank\" rel=\"noreferrer noopener\">Cette Breitling sur le site de Jean Lassaussois<\/a><\/p>\n\n\n\n<p><strong><a href=\"https:\/\/www.breitling.com\/fr-fr\/watches\/superocean\/superocean-automatic-36-my22\/A17377211C1\/\" target=\"_blank\" rel=\"noreferrer noopener\">Sur le site Breitling<\/a><\/strong><\/p>\n\n\n\n<h2 class=\"wp-block-heading\"><strong>Chanel Boy-Friend<\/strong><br><strong>Le petit ami dont on r\u00eave\u2026<\/strong><\/h2>\n\n\n\n<p>L\u2019univers du luxe est la somme de paradigmes puissants n\u00e9s de l\u2019envie des consommateurs de poss\u00e9der des objets capables de donner de soi une image valorisante \u00e0 tous ceux qui les partagent. Fort de ce constat, on s\u2019accordera \u00e0 dire que tout le monde conna\u00eet le sac matelass\u00e9 de Chanel tout comme les amateurs savent tous la puissance d\u2019\u00e9vocation de l\u2019Octogone du bouchon du c\u00e9l\u00e8bre parfum N\u00b05.&nbsp;<\/p>\n\n\n\n<figure class=\"wp-block-image size-full\"><img decoding=\"async\" width=\"900\" height=\"900\" loading=\"lazy\" src=\"https:\/\/www.my-watchsite.fr\/blog\/wp-content\/uploads\/2022\/10\/chanel1.jpg\" alt=\"Chanel Boy-Friend\" class=\"wp-image-23256\" \/><figcaption>La montre Chanel Boy-Friend est une montre qui entre dans la cat\u00e9gorie des montres unisexe lorsqu&rsquo;elle est au format \u00ab\u00a0moyen mod\u00e8le\u00a0\u00bb.<\/figcaption><\/figure>\n\n\n\n<p>La montre Boy-Friend, en \u00e9tant la somme de ces codes du luxe, s\u2019impose comme un bijou donnant l\u2019heure, incontournable dans le paysage horloger. Propos\u00e9e ici avec un bo\u00eetier en acier de 34,6 x 26,7 x 7,3 mm, cette pi\u00e8ce \u00ab&nbsp;moyen mod\u00e8le&nbsp;\u00bb, \u00e9tanche \u00e0 30 m\u00e8tres o\u00f9 ne se lit que l\u2019heure, les minutes et la date en guichet \u00e0 6 heures sur fond de cadran noir lign\u00e9, est servie par un calibre \u00e0 quartz de haute facture suisse.&nbsp;<\/p>\n\n\n\n<figure class=\"wp-block-image size-full\"><img decoding=\"async\" width=\"900\" height=\"900\" loading=\"lazy\" src=\"https:\/\/www.my-watchsite.fr\/blog\/wp-content\/uploads\/2022\/10\/chanel-2.jpg\" alt=\"Chanel Boy-Friend Le petit ami dont on r\u00eave\u2026\" class=\"wp-image-23255\" \/><figcaption>Le bracelet de la Chanel Boy-Friend reprend le matelass\u00e9 du c\u00e9l\u00e8bre sac.<\/figcaption><\/figure>\n\n\n\n<p>D\u00e9licate et \u00e0 son aise aussi bien \u00e0 la ville qu\u2019en soir\u00e9e, elle est livr\u00e9e avec un second bracelet&nbsp;&nbsp;en plus de celui en veau \u00e0 motif matelass\u00e9.&nbsp;Une montre que l\u2019on peut d\u00e9couvrir dans la toute nouvelle boutique Chanel qui a fait l\u2019objet, rappelons-le, d\u2019une \u00e9mission sur la cha\u00eene Frank Sans C avec interview de Fr\u00e9d\u00e9ric Grangi\u00e9, le CEO de l\u2019horlogerie et de la joaillerie Chanel.<\/p>\n\n\n\n<p><strong>Prix&nbsp;: 4 350 \u20ac<\/strong><\/p>\n\n\n\n<p><a href=\"https:\/\/www.boutiquelesmontres.com\/fr\/p\/montre-chanel-j12-boy-friend-6a43\" target=\"_blank\" rel=\"noreferrer noopener\"><strong>Cette Chanel sur le site de Jean Lassaussois<\/strong><\/a><\/p>\n\n\n\n<p><a href=\"https:\/\/www.chanel.com\/fr\/\" target=\"_blank\" rel=\"noreferrer noopener\">Chanel<\/a><\/p>\n\n\n\n<h2 class=\"wp-block-heading\"><strong>Zenith Defy Skyline&nbsp;<\/strong><br><strong>Une seconde hypnotique et foudroyante<\/strong><\/h2>\n\n\n\n<p>Confront\u00e9 \u00e0 la jungle urbaine, il faut au citadin des montres capables, comme la Defy&nbsp;&nbsp;Skyline, d\u2019affronter toutes les situations du quotidien et de se faire oublier au poignet tout en restant identifiable au premier regard. La chose est entendue, gr\u00e2ce \u00e0 la pr\u00e9sence de son bracelet en acier int\u00e9gr\u00e9 interchangeable pour un lien en caoutchouc \u00e0 motifs noirs &#8211; et sa lunette tr\u00e8s dessin\u00e9e.&nbsp;<\/p>\n\n\n\n<figure class=\"wp-block-image size-full\"><img decoding=\"async\" width=\"900\" height=\"560\" loading=\"lazy\" src=\"https:\/\/www.my-watchsite.fr\/blog\/wp-content\/uploads\/2022\/06\/zenith5.jpg\" alt=\"La Defy Skyline de Zenith au cadran bleu\" class=\"wp-image-22058\" \/><figcaption>Audacieuse dans sa silhouette, la montre Defy Skyline s&rsquo;inspire de la g\u00e9om\u00e9trie octogonale unique des premiers mod\u00e8les Defy.<\/figcaption><\/figure>\n\n\n\n<p>Dans un monde o\u00f9 70 % des r\u00e9f\u00e9rences sont port\u00e9es sur bracelet m\u00e9tal, cette pi\u00e8ce ne passe donc pas inaper\u00e7ue car, en plus d\u2019\u00eatre graphique, elle est servie par un calibre m\u00e9canique \u00e0 remontage automatique \u00e0 haute fr\u00e9quence de r\u00e9f\u00e9rence&nbsp;: le fameux El Primero 3620. Pr\u00e9cis et pens\u00e9 pour le faire savoir, il affiche au cadran textur\u00e9 le 1\/10<sup>\u00e8me<\/sup>&nbsp;de seconde dans le compteur de secondes plac\u00e9 \u00e0 9 heures dans lequel la trotteuse fait un tour complet en 10 secondes. Etanche \u00e0 100 m\u00e8tres pour \u00eatre \u00e0 son aise partout dans le monde.&nbsp;<\/p>\n\n\n\n<figure class=\"wp-block-image size-full\"><img decoding=\"async\" width=\"900\" height=\"900\" loading=\"lazy\" src=\"https:\/\/www.my-watchsite.fr\/blog\/wp-content\/uploads\/2022\/06\/zenith4.jpg\" alt=\"La masse oscillante en forme d'\u00e9toile de la Defy Skyline\" class=\"wp-image-22057\" \/><figcaption>La masse oscillante en forme d&rsquo;\u00e9toile de la Defy Skyline<\/figcaption><\/figure>\n\n\n\n<p>Du coup c\u2019est un vrai spectacle que de voir cette petite seconde \u00ab&nbsp;foudroyante&nbsp;\u00bb battre la mesure du temps en tournant \u00e0 une vitesse folle. A noter \u00e9galement que le syst\u00e8me d\u2019interchangeabilit\u00e9 du bracelet est tr\u00e8s simple et permet de changer le look de la montre en un clin d\u2019\u0153il.<\/p>\n\n\n\n<p><strong>Prix&nbsp;: 8 300 \u20ac<\/strong><\/p>\n\n\n\n<p><a href=\"https:\/\/www.my-watchsite.fr\/defy\/7833-defy-skyline.html\" target=\"_blank\" rel=\"noreferrer noopener\">La fiche de cette Zenith sur MyWatch<\/a><\/p>\n\n\n\n<p><a href=\"https:\/\/www.boutiquelesmontres.com\/fr\/p\/montres-montre-zenith-defy-skyline-automatique-41mm-3b61\" target=\"_blank\" rel=\"noreferrer noopener\"><strong>Cette Zenith sur le site de Jean Lassaussois <\/strong><\/a><\/p>\n\n\n\n<p><strong><a href=\"https:\/\/www.zenith-watches.com\/fr_fr\">Zenith<\/a><\/strong><\/p>\n\n\n\n<h2 class=\"wp-block-heading\"><strong>Hublot Big Bang Meca-10 King Gold Blue&nbsp;<\/strong><br><strong>Une montre pleine d\u2019\u00e9nergie<\/strong><\/h2>\n\n\n\n<p>Par\u00e9e d\u2019un bo\u00eetier en king Gold, un alliage d\u2019or pr\u00e9sentant une teinte plus chaude que l\u2019or rose 5N en 18 carats, la montre Hublot Big Bang Meca-10 King Gold Blue emporte un calibre tout \u00e0 fait original. Portant la r\u00e9f\u00e9rence HUB1201, sa construction est in\u00e9dite car la platine est ici remplac\u00e9e par des ponts tout en longueur, fix\u00e9s de part et d\u2019autre d\u2019une bague servant de base au mouvement.&nbsp;<\/p>\n\n\n\n<figure class=\"wp-block-image size-full\"><img decoding=\"async\" width=\"900\" height=\"640\" loading=\"lazy\" src=\"https:\/\/www.my-watchsite.fr\/blog\/wp-content\/uploads\/2022\/10\/hublot2.jpg\" alt=\"Hublot Big Bang Meca-10 King Gold Blue\u00a0\" class=\"wp-image-23241\" \/><figcaption>La chaleur de l&rsquo;or m\u00e9lang\u00e9 \u00e0 du platine caract\u00e9rise la montre Hublot Big Bang Meca-10 King Gold Blue.<\/figcaption><\/figure>\n\n\n\n<p>Cet assemblage unique dans la profession, associ\u00e9e \u00e0 l\u2019ajourage des composants, donne \u00e0 ce mouvement de manufacture dot\u00e9 de 10 jours de r\u00e9serve de marche une transparence unique en son genre. Une transparence qui permet de voir cot\u00e9 pile une surprenante cr\u00e9maill\u00e8re et cot\u00e9 face les deux barillets qui permettent d\u2019emmagasiner l\u2019\u00e9nergie n\u00e9cessaire pour donner \u00e0 la pi\u00e8ce cette tr\u00e8s confortable r\u00e9serve de marche.<\/p>\n\n\n\n<figure class=\"wp-block-image size-full\"><img decoding=\"async\" width=\"900\" height=\"900\" loading=\"lazy\" src=\"https:\/\/www.my-watchsite.fr\/blog\/wp-content\/uploads\/2022\/10\/hublot1.jpg\" alt=\"Hublot Big Bang Meca-10 King Gold Blue\u00a0\" class=\"wp-image-23247\" \/><figcaption>La surprenante cr\u00e9maill\u00e8re du calibre de la Hublot Big Bang Meca-10 King Gold Blue.&nbsp;<\/figcaption><\/figure>\n\n\n\n<p>Pr\u00e9cieuse, cette montre a \u00e9t\u00e9 pens\u00e9e par les concepteurs de Hublot pour \u00eatre capable d\u2019accompagner son propri\u00e9taire dans toutes les aventures de la vie. Voil\u00e0 pourquoi, elle est \u00e9tanche \u00e0 100 m\u00e8tres et propos\u00e9e sur un bracelet en caoutchouc lign\u00e9 bleu et noir ais\u00e9ment interchangeable.&nbsp;<\/p>\n\n\n\n<p><strong>Prix&nbsp;: 43 500 \u20ac<\/strong><\/p>\n\n\n\n<h2 class=\"wp-block-heading\"><strong>Baume &amp; Mercier Riviera 10702 <\/strong><br><strong>Le charme revisit\u00e9<\/strong><\/h2>\n\n\n\n<p>Les cinquantenaires se rappellent aujourd\u2019hui encore de la Riviera pour les avoir fait r\u00eaver lorsqu\u2019ils avaient 20 ans. Cette montre mythique au puissant charisme h\u00e9rit\u00e9 du succ\u00e8s rencontr\u00e9 dans les ann\u00e9es 1990 est de retour avec un dessin subtilement repens\u00e9 pour s\u00e9duire les amateurs de produits aux lignes associant chic et virilit\u00e9 contenue.&nbsp;<\/p>\n\n\n\n<figure class=\"wp-block-image size-full\"><img decoding=\"async\" width=\"900\" height=\"1222\" loading=\"lazy\" src=\"https:\/\/www.my-watchsite.fr\/blog\/wp-content\/uploads\/2022\/10\/baume3.jpg\" alt=\"Baume &amp; Mercier \u2013 Riviera 10702\" class=\"wp-image-23237\" \/><figcaption>La montre Baume &amp; Mercier Riviera ou comment r\u00e9ussir le lifting d&rsquo;une ic\u00f4ne.<\/figcaption><\/figure>\n\n\n\n<p>Propos\u00e9e en acier sur acier et en 42 mm de diam\u00e8tre pour \u00eatre en phase avec la demande du march\u00e9 mondial, cette pi\u00e8ce sport-chic dot\u00e9e d\u2019un cadran en saphir fum\u00e9 embarque l\u2019excellent Baumatic, le calibre m\u00e9canique \u00e0 remontage automatique de manufacture qu\u2019il est possible de deviner en dessous.<\/p>\n\n\n\n<figure class=\"wp-block-image size-full\"><img decoding=\"async\" width=\"900\" height=\"640\" loading=\"lazy\" src=\"https:\/\/www.my-watchsite.fr\/blog\/wp-content\/uploads\/2022\/10\/baume2.jpg\" alt=\"Baume &amp; Mercier \u2013 Riviera 10702\" class=\"wp-image-23243\" \/><figcaption>A l&rsquo;int\u00e9rieur de la Baume &amp; Mercier Riviera 10702 bat un calibre de bel facture<\/figcaption><\/figure>\n\n\n\n<p>Affichant l\u2019heure, les minutes, les secondes \u00e0 l\u2019aide d\u2019une grande trotteuse et la date en guichet \u00e0 3 heures, cette merveille \u00e9tanche \u00e0 100 m\u00e8tres dispose \u00e9galement d\u2019un syst\u00e8me de bracelets interchangeables afin de lui assurer de pouvoir s\u2019adapter aux diff\u00e9rents besoins ou aux situations les plus vari\u00e9es.&nbsp;<\/p>\n\n\n\n<p><strong>Prix&nbsp;: 3 900 \u20ac<\/strong><\/p>\n\n\n\n<figure class=\"wp-block-embed is-type-wp-embed is-provider-mywatch-fr wp-block-embed-mywatch-fr\"><div class=\"wp-block-embed__wrapper\">\n<blockquote class=\"wp-embedded-content\" data-secret=\"E9HrXrLsci\"><a href=\"https:\/\/www.my-watchsite.fr\/blog\/les-montres-de-sports-divers\/\">Les montres de sports&#8230; divers !<\/a><\/blockquote><iframe class=\"wp-embedded-content\" sandbox=\"allow-scripts\" security=\"restricted\" style=\"position: absolute; clip: rect(1px, 1px, 1px, 1px);\" title=\"\u00ab\u00a0Les montres de sports&#8230; divers !\u00a0\u00bb &#8212; MyWatch FR\" src=\"https:\/\/www.my-watchsite.fr\/blog\/les-montres-de-sports-divers\/embed\/#?secret=z3hEc0dbXe#?secret=E9HrXrLsci\" data-secret=\"E9HrXrLsci\" width=\"500\" height=\"282\" frameborder=\"0\" marginwidth=\"0\" marginheight=\"0\" scrolling=\"no\"><\/iframe>\n<\/div><figcaption>Une autre Breitling Superocean dans cet article.<\/figcaption><\/figure>\n\n\n\n<figure class=\"wp-block-embed is-type-wp-embed is-provider-mywatch-fr wp-block-embed-mywatch-fr\"><div class=\"wp-block-embed__wrapper\">\n<blockquote class=\"wp-embedded-content\" data-secret=\"08tPCXHEbd\"><a href=\"https:\/\/www.my-watchsite.fr\/blog\/sept-montres-daviateur-a-decouvrir\/\">Heures de vol : les montres d&rsquo;aviateur<\/a><\/blockquote><iframe class=\"wp-embedded-content\" sandbox=\"allow-scripts\" security=\"restricted\" style=\"position: absolute; clip: rect(1px, 1px, 1px, 1px);\" title=\"\u00ab\u00a0Heures de vol : les montres d&rsquo;aviateur\u00a0\u00bb &#8212; MyWatch FR\" src=\"https:\/\/www.my-watchsite.fr\/blog\/sept-montres-daviateur-a-decouvrir\/embed\/#?secret=L9P8rfQS8s#?secret=08tPCXHEbd\" data-secret=\"08tPCXHEbd\" width=\"500\" height=\"282\" frameborder=\"0\" marginwidth=\"0\" marginheight=\"0\" scrolling=\"no\"><\/iframe>\n<\/div><figcaption>Une autre Cartier Santos dans cet article.<\/figcaption><\/figure>\n","protected":false},"excerpt":{"rendered":"<p>Avec la rentr\u00e9e de septembre, de nouvelles montres arrivent dans les vitrines des d\u00e9taillants. Voici la s\u00e9lection effectu\u00e9e par Jean Lassaussois de la boutique \u00ab Lassaussois \u2013 Les montres, les bijoux \u00bb et pr\u00e9sent\u00e9e lors d\u2019une \u00e9mission avec Frank Sans C.<\/p>\n","protected":false},"author":6,"featured_media":23251,"comment_status":"closed","ping_status":"closed","sticky":false,"template":"","format":"standard","meta":{"footnotes":""},"categories":[2],"tags":[20,50,5,10,15,17,18],"acf":[],"yoast_head":"<!-- This site is optimized with the Yoast SEO plugin v20.4 - https:\/\/yoast.com\/wordpress\/plugins\/seo\/ -->\n<title>Montre de la rentr\u00e9e<\/title>\n<meta name=\"description\" content=\"Voici la s\u00e9lection des montres de la rentr\u00e9e de Jean Lassaussois pr\u00e9sent\u00e9e lors d\u2019une \u00e9mission tr\u00e8s sympathique avec Frank Sans C.\" \/>\n<meta name=\"robots\" content=\"index, follow, max-snippet:-1, max-image-preview:large, max-video-preview:-1\" \/>\n<link rel=\"canonical\" href=\"https:\/\/www.my-watchsite.fr\/blog\/la-selection-des-montres-de-la-rentree-2022\/\" \/>\n<meta property=\"og:locale\" content=\"fr_FR\" \/>\n<meta property=\"og:type\" content=\"article\" \/>\n<meta property=\"og:title\" content=\"Montre de la rentr\u00e9e\" \/>\n<meta property=\"og:description\" content=\"Voici la s\u00e9lection des montres de la rentr\u00e9e de Jean Lassaussois pr\u00e9sent\u00e9e lors d\u2019une \u00e9mission tr\u00e8s sympathique avec Frank Sans C.\" \/>\n<meta property=\"og:url\" content=\"https:\/\/www.my-watchsite.fr\/blog\/la-selection-des-montres-de-la-rentree-2022\/\" \/>\n<meta property=\"og:site_name\" content=\"MyWatch FR\" \/>\n<meta property=\"article:publisher\" content=\"https:\/\/www.facebook.com\/mywatchsite\/\" \/>\n<meta property=\"article:published_time\" content=\"2022-10-03T10:30:41+00:00\" \/>\n<meta property=\"article:modified_time\" content=\"2022-10-24T08:20:38+00:00\" \/>\n<meta property=\"og:image\" content=\"https:\/\/www.my-watchsite.fr\/blog\/wp-content\/uploads\/2022\/10\/cartier4.jpg\" \/>\n\t<meta property=\"og:image:width\" content=\"900\" \/>\n\t<meta property=\"og:image:height\" content=\"900\" \/>\n\t<meta property=\"og:image:type\" content=\"image\/jpeg\" \/>\n<meta name=\"author\" content=\"Vincent Daveau\" \/>\n<meta name=\"twitter:card\" content=\"summary_large_image\" \/>\n<meta name=\"twitter:creator\" content=\"@mywatchsite\" \/>\n<meta name=\"twitter:site\" content=\"@mywatchsite\" \/>\n<meta name=\"twitter:label1\" content=\"\u00c9crit par\" \/>\n\t<meta name=\"twitter:data1\" content=\"Vincent Daveau\" \/>\n\t<meta name=\"twitter:label2\" content=\"Dur\u00e9e de lecture estim\u00e9e\" \/>\n\t<meta name=\"twitter:data2\" content=\"14 minutes\" \/>\n<script type=\"application\/ld+json\" class=\"yoast-schema-graph\">{\"@context\":\"https:\/\/schema.org\",\"@graph\":[{\"@type\":\"WebPage\",\"@id\":\"https:\/\/www.my-watchsite.fr\/blog\/la-selection-des-montres-de-la-rentree-2022\/\",\"url\":\"https:\/\/www.my-watchsite.fr\/blog\/la-selection-des-montres-de-la-rentree-2022\/\",\"name\":\"Montre de la rentr\u00e9e\",\"isPartOf\":{\"@id\":\"https:\/\/www.my-watchsite.fr\/blog\/#website\"},\"datePublished\":\"2022-10-03T10:30:41+00:00\",\"dateModified\":\"2022-10-24T08:20:38+00:00\",\"author\":{\"@id\":\"https:\/\/www.my-watchsite.fr\/blog\/#\/schema\/person\/5ee185f8077a68273ccee26522b59d97\"},\"description\":\"Voici la s\u00e9lection des montres de la rentr\u00e9e de Jean Lassaussois pr\u00e9sent\u00e9e lors d\u2019une \u00e9mission tr\u00e8s sympathique avec Frank Sans C.\",\"breadcrumb\":{\"@id\":\"https:\/\/www.my-watchsite.fr\/blog\/la-selection-des-montres-de-la-rentree-2022\/#breadcrumb\"},\"inLanguage\":\"fr-FR\",\"potentialAction\":[{\"@type\":\"ReadAction\",\"target\":[\"https:\/\/www.my-watchsite.fr\/blog\/la-selection-des-montres-de-la-rentree-2022\/\"]}]},{\"@type\":\"BreadcrumbList\",\"@id\":\"https:\/\/www.my-watchsite.fr\/blog\/la-selection-des-montres-de-la-rentree-2022\/#breadcrumb\",\"itemListElement\":[{\"@type\":\"ListItem\",\"position\":1,\"name\":\"Accueil\",\"item\":\"https:\/\/www.my-watchsite.fr\/blog\/\"},{\"@type\":\"ListItem\",\"position\":2,\"name\":\"La s\u00e9lection de Jean Lassaussois pour les montres de la rentr\u00e9e\"}]},{\"@type\":\"WebSite\",\"@id\":\"https:\/\/www.my-watchsite.fr\/blog\/#website\",\"url\":\"https:\/\/www.my-watchsite.fr\/blog\/\",\"name\":\"MyWatch FR\",\"description\":\"Make Time a Lifestyle\",\"potentialAction\":[{\"@type\":\"SearchAction\",\"target\":{\"@type\":\"EntryPoint\",\"urlTemplate\":\"https:\/\/www.my-watchsite.fr\/blog\/?s={search_term_string}\"},\"query-input\":\"required name=search_term_string\"}],\"inLanguage\":\"fr-FR\"},{\"@type\":\"Person\",\"@id\":\"https:\/\/www.my-watchsite.fr\/blog\/#\/schema\/person\/5ee185f8077a68273ccee26522b59d97\",\"name\":\"Vincent Daveau\",\"image\":{\"@type\":\"ImageObject\",\"inLanguage\":\"fr-FR\",\"@id\":\"https:\/\/www.my-watchsite.fr\/blog\/#\/schema\/person\/image\/\",\"url\":\"https:\/\/secure.gravatar.com\/avatar\/790d06da7b9a5744eae1081276eb980f?s=96&d=mm&r=g\",\"contentUrl\":\"https:\/\/secure.gravatar.com\/avatar\/790d06da7b9a5744eae1081276eb980f?s=96&d=mm&r=g\",\"caption\":\"Vincent Daveau\"}}]}<\/script>\n<!-- \/ Yoast SEO plugin. -->","yoast_head_json":{"title":"Montre de la rentr\u00e9e","description":"Voici la s\u00e9lection des montres de la rentr\u00e9e de Jean Lassaussois pr\u00e9sent\u00e9e lors d\u2019une \u00e9mission tr\u00e8s sympathique avec Frank Sans C.","robots":{"index":"index","follow":"follow","max-snippet":"max-snippet:-1","max-image-preview":"max-image-preview:large","max-video-preview":"max-video-preview:-1"},"canonical":"https:\/\/www.my-watchsite.fr\/blog\/la-selection-des-montres-de-la-rentree-2022\/","og_locale":"fr_FR","og_type":"article","og_title":"Montre de la rentr\u00e9e","og_description":"Voici la s\u00e9lection des montres de la rentr\u00e9e de Jean Lassaussois pr\u00e9sent\u00e9e lors d\u2019une \u00e9mission tr\u00e8s sympathique avec Frank Sans C.","og_url":"https:\/\/www.my-watchsite.fr\/blog\/la-selection-des-montres-de-la-rentree-2022\/","og_site_name":"MyWatch FR","article_publisher":"https:\/\/www.facebook.com\/mywatchsite\/","article_published_time":"2022-10-03T10:30:41+00:00","article_modified_time":"2022-10-24T08:20:38+00:00","og_image":[{"width":900,"height":900,"url":"https:\/\/www.my-watchsite.fr\/blog\/wp-content\/uploads\/2022\/10\/cartier4.jpg","type":"image\/jpeg"}],"author":"Vincent Daveau","twitter_card":"summary_large_image","twitter_creator":"@mywatchsite","twitter_site":"@mywatchsite","twitter_misc":{"\u00c9crit par":"Vincent Daveau","Dur\u00e9e de lecture estim\u00e9e":"14 minutes"},"schema":{"@context":"https:\/\/schema.org","@graph":[{"@type":"WebPage","@id":"https:\/\/www.my-watchsite.fr\/blog\/la-selection-des-montres-de-la-rentree-2022\/","url":"https:\/\/www.my-watchsite.fr\/blog\/la-selection-des-montres-de-la-rentree-2022\/","name":"Montre de la rentr\u00e9e","isPartOf":{"@id":"https:\/\/www.my-watchsite.fr\/blog\/#website"},"datePublished":"2022-10-03T10:30:41+00:00","dateModified":"2022-10-24T08:20:38+00:00","author":{"@id":"https:\/\/www.my-watchsite.fr\/blog\/#\/schema\/person\/5ee185f8077a68273ccee26522b59d97"},"description":"Voici la s\u00e9lection des montres de la rentr\u00e9e de Jean Lassaussois pr\u00e9sent\u00e9e lors d\u2019une \u00e9mission tr\u00e8s sympathique avec Frank Sans C.","breadcrumb":{"@id":"https:\/\/www.my-watchsite.fr\/blog\/la-selection-des-montres-de-la-rentree-2022\/#breadcrumb"},"inLanguage":"fr-FR","potentialAction":[{"@type":"ReadAction","target":["https:\/\/www.my-watchsite.fr\/blog\/la-selection-des-montres-de-la-rentree-2022\/"]}]},{"@type":"BreadcrumbList","@id":"https:\/\/www.my-watchsite.fr\/blog\/la-selection-des-montres-de-la-rentree-2022\/#breadcrumb","itemListElement":[{"@type":"ListItem","position":1,"name":"Accueil","item":"https:\/\/www.my-watchsite.fr\/blog\/"},{"@type":"ListItem","position":2,"name":"La s\u00e9lection de Jean Lassaussois pour les montres de la rentr\u00e9e"}]},{"@type":"WebSite","@id":"https:\/\/www.my-watchsite.fr\/blog\/#website","url":"https:\/\/www.my-watchsite.fr\/blog\/","name":"MyWatch FR","description":"Make Time a Lifestyle","potentialAction":[{"@type":"SearchAction","target":{"@type":"EntryPoint","urlTemplate":"https:\/\/www.my-watchsite.fr\/blog\/?s={search_term_string}"},"query-input":"required name=search_term_string"}],"inLanguage":"fr-FR"},{"@type":"Person","@id":"https:\/\/www.my-watchsite.fr\/blog\/#\/schema\/person\/5ee185f8077a68273ccee26522b59d97","name":"Vincent Daveau","image":{"@type":"ImageObject","inLanguage":"fr-FR","@id":"https:\/\/www.my-watchsite.fr\/blog\/#\/schema\/person\/image\/","url":"https:\/\/secure.gravatar.com\/avatar\/790d06da7b9a5744eae1081276eb980f?s=96&d=mm&r=g","contentUrl":"https:\/\/secure.gravatar.com\/avatar\/790d06da7b9a5744eae1081276eb980f?s=96&d=mm&r=g","caption":"Vincent Daveau"}}]}},"_links":{"self":[{"href":"https:\/\/www.my-watchsite.fr\/blog\/wp-json\/wp\/v2\/posts\/23257"}],"collection":[{"href":"https:\/\/www.my-watchsite.fr\/blog\/wp-json\/wp\/v2\/posts"}],"about":[{"href":"https:\/\/www.my-watchsite.fr\/blog\/wp-json\/wp\/v2\/types\/post"}],"author":[{"embeddable":true,"href":"https:\/\/www.my-watchsite.fr\/blog\/wp-json\/wp\/v2\/users\/6"}],"replies":[{"embeddable":true,"href":"https:\/\/www.my-watchsite.fr\/blog\/wp-json\/wp\/v2\/comments?post=23257"}],"version-history":[{"count":15,"href":"https:\/\/www.my-watchsite.fr\/blog\/wp-json\/wp\/v2\/posts\/23257\/revisions"}],"predecessor-version":[{"id":23279,"href":"https:\/\/www.my-watchsite.fr\/blog\/wp-json\/wp\/v2\/posts\/23257\/revisions\/23279"}],"wp:featuredmedia":[{"embeddable":true,"href":"https:\/\/www.my-watchsite.fr\/blog\/wp-json\/wp\/v2\/media\/23251"}],"wp:attachment":[{"href":"https:\/\/www.my-watchsite.fr\/blog\/wp-json\/wp\/v2\/media?parent=23257"}],"wp:term":[{"taxonomy":"category","embeddable":true,"href":"https:\/\/www.my-watchsite.fr\/blog\/wp-json\/wp\/v2\/categories?post=23257"},{"taxonomy":"post_tag","embeddable":true,"href":"https:\/\/www.my-watchsite.fr\/blog\/wp-json\/wp\/v2\/tags?post=23257"}],"curies":[{"name":"wp","href":"https:\/\/api.w.org\/{rel}","templated":true}]}}