{"id":23481,"date":"2022-10-24T17:44:12","date_gmt":"2022-10-24T15:44:12","guid":{"rendered":"https:\/\/www.my-watchsite.fr\/blog\/?p=23481"},"modified":"2022-12-05T17:00:39","modified_gmt":"2022-12-05T16:00:39","slug":"montre-noire-black-is-beautiful","status":"publish","type":"post","link":"https:\/\/www.my-watchsite.fr\/blog\/montre-noire-black-is-beautiful\/","title":{"rendered":"Montre noire : black is beautiful&#8230;"},"content":{"rendered":"\n<figure class=\"wp-block-embed is-type-video is-provider-youtube wp-block-embed-youtube wp-embed-aspect-16-9 wp-has-aspect-ratio\"><div class=\"wp-block-embed__wrapper\">\n<iframe loading=\"lazy\" title=\"MIB MONTRES IN BLACK : le noir d\u00e9sir horloger... TAG HEUER X PORSCHE, ORIS, BVLGARI, DIOR.\" width=\"500\" height=\"281\" src=\"https:\/\/www.youtube.com\/embed\/leyD5ZdapV0?feature=oembed\" frameborder=\"0\" allow=\"accelerometer; autoplay; clipboard-write; encrypted-media; gyroscope; picture-in-picture\" allowfullscreen><\/iframe>\n<\/div><\/figure>\n\n\n\n<p>MIB&#8230; MONTRES IN BLACK ! Ok, mais attention, ne vous jetez pas sur la premi\u00e8re montre noire qui passe\u00a0! Car si le traitement de mati\u00e8re est bas de gamme vous \u00eates pratiquement s\u00fbr de voir le noir dispara\u00eetre assez rapidement aux angles du bo\u00eetier et du bracelet. L\u2019acier noirci se doit de l\u2019\u00eatre dans les r\u00e8gles de l\u2019art, par traitement DLC par exemple. C\u2019est ce proc\u00e9d\u00e9 qu\u2019utilisent les grandes manufactures pour avoir l\u2019assurance d\u2019un \u00e9clat et d\u2019une profondeur de teinte qui dure.<\/p>\n\n\n\n<h2 class=\"wp-block-heading\"><strong>LA D DE DIOR BLACK ULTRAMATTE<\/strong><\/h2>\n\n\n\n<p>Victoire de Castellane frappe fort avec cette D de Dior au regard d\u2019\u00e9b\u00e8ne. Elle est dans la pure lign\u00e9e de l\u2019esprit de Monsieur Dior qui disait&nbsp;: \u00ab&nbsp; je pourrais \u00e9crire des livres entiers sur la couleur noire\u00bb.&nbsp;<\/p>\n\n\n\n<figure class=\"wp-block-image size-full\"><img decoding=\"async\" width=\"900\" height=\"900\" loading=\"lazy\" src=\"https:\/\/www.my-watchsite.fr\/blog\/wp-content\/uploads\/2022\/10\/dior1.jpg\" alt=\"L'\u00e9l\u00e9gance de la D de Dior Ultramatte ne fait aucun doute lorsqu'on la passe au poignet.\" class=\"wp-image-23488\" \/><figcaption class=\"wp-element-caption\">L&rsquo;\u00e9l\u00e9gance de la D de Dior Ultramatte ne fait aucun doute lorsqu&rsquo;on la passe au poignet cette montre noire.<\/figcaption><\/figure>\n\n\n\n<p>Avec son bracelet en maille milanaise martel\u00e9e exclusive, La D de Dior Black Ultramatte se porte comme un ruban de soie noire d\u2019une souplesse incroyable et qui, en plus, donnerait l\u2019heure. <br>Montre ou bijou, \u00e0 vous de voir. Les deux, je pense. Montre de femme avec la lunette sertie de brillants noirs, \u00e0 n\u2019en pas douter. <\/p>\n\n\n\n<figure class=\"wp-block-image size-full\"><img decoding=\"async\" width=\"900\" height=\"640\" loading=\"lazy\" src=\"https:\/\/www.my-watchsite.fr\/blog\/wp-content\/uploads\/2022\/10\/dior-double.jpg\" alt=\"V\u00e9ritablement non genr\u00e9e lorsque la lunette est martel\u00e9e, la D de Dior Ultramatte se f\u00e9minise avec la lunette sertie de diamants noir.\" class=\"wp-image-23489\" \/><figcaption class=\"wp-element-caption\">V\u00e9ritablement non genr\u00e9e lorsque la lunette est martel\u00e9e, la D de Dior Ultramatte se f\u00e9minise avec la lunette sertie de diamants noirs. <\/figcaption><\/figure>\n\n\n\n<p>Mais avec juste les trois petits index en diamant noir, cela se discute. Un homme avec un poignet fin sera d\u2019un chic absolu avec cette montre au poignet, port\u00e9e avec une tenue de soir\u00e9e.<br>M\u00eame avec des diamants sertis sur la couronne car ils sont tr\u00e8s discrets.<\/p>\n\n\n\n<h3 class=\"wp-block-heading\"><strong>CARACT\u00c9RISTIQUES TECHNIQUES<\/strong><\/h3>\n\n\n\n<p>Bo\u00eetier\u00a034\u00a0mm en acier trait\u00e9 DLC noir<br>Couronne en acier avec logo grav\u00e9 et sertie de 13 diamants taille brillant (0.07\u00a0ct)<br>Lunette en acier trait\u00e9 DLC noir frapp\u00e9e du motif Satine<br>\u00c9tanch\u00e9it\u00e9\u00a0: 30\u00a0m\u00e8tres<br>Aiguilles dauphine polies trait\u00e9es PVD noires<br>Trois index en diamants taille brillant (0.02\u00a0ct)<br>Glace saphir trait\u00e9e anti-reflet<br>Bracelet milanais frapp\u00e9 du motif Satine<br>Boucle d\u00e9ployante<br>Mouvement quartz<\/p>\n\n\n\n<p><a href=\"https:\/\/www.dior.com\/fr_fr\/fashion\/products\/CD04311X1208_0000-la-d-de-dior-black-ultramatte-o-34-mm-acier-noir-ultramatte\" target=\"_blank\" rel=\"noreferrer noopener\">4 300 \u20ac avec lunette martel\u00e9e Satine<\/a><\/p>\n\n\n\n<p><a href=\"https:\/\/www.dior.com\/fr_fr\/fashion\/products\/CD04311X1207_0000-la-d-de-dior-black-ultramatte\" target=\"_blank\" rel=\"noreferrer noopener\">6\u202f800&nbsp;\u20ac&nbsp;avec lunette sertie de 52 diamants<\/a><\/p>\n\n\n\n<h2 class=\"wp-block-heading\"><strong>BULGARI BULGARI<\/strong><\/h2>\n\n\n\n<p>L\u2019originalit\u00e9 de cette montre noire vient de la double gravure du nom BVLGARI sur la lunette. D\u2019o\u00f9 son nom la BB. Il ne faut pas oublier que Bulgari est une maison Italienne m\u00eame si ses montres sont fabriqu\u00e9es en suisse. Cela explique le U en forme de V, un graphisme h\u00e9rit\u00e9 de la Rome imp\u00e9riale lorsque l\u2019on gravait des devises ou des noms sur les frontons des temples et des monuments romains.<\/p>\n\n\n\n<figure class=\"wp-block-image size-full\"><img decoding=\"async\" width=\"900\" height=\"640\" loading=\"lazy\" src=\"https:\/\/www.my-watchsite.fr\/blog\/wp-content\/uploads\/2022\/10\/bulgari1.jpg\" alt=\"Avec son calibre m\u00e9canique de manufacture, la Bvlgari-Bvlgari affiche un diam\u00e8tre de 41 mm et se dote d'une date \u00e0 3 heures.\" class=\"wp-image-23485\" \/><figcaption class=\"wp-element-caption\">Avec son calibre m\u00e9canique de manufacture, la Bvlgari-Bvlgari affiche un diam\u00e8tre de 41 mm et se dote d&rsquo;une date \u00e0 3 heures.<\/figcaption><\/figure>\n\n\n\n<p>Cette ic\u00f4ne est d\u00e9sormais propos\u00e9e en collection permanente pour le plaisir de tous. De tous car en plus dans deux tailles&nbsp;: 33 mm avec un mouvement \u00e0 quartz et 41 mm avec un calibre m\u00e9canique automatique calibre BVL 191, visible par le dos transparent.&nbsp;<\/p>\n\n\n\n<figure class=\"wp-block-image size-full\"><img decoding=\"async\" width=\"900\" height=\"640\" loading=\"lazy\" src=\"https:\/\/www.my-watchsite.fr\/blog\/wp-content\/uploads\/2022\/10\/bulgari-3.jpg\" alt=\"Avec son mouvement quartz et sa taille de 33 mm, la Bulgari-Bvlgari s'impose comme une montre f\u00e9minine et de caract\u00e8re.\" class=\"wp-image-23486\" \/><figcaption class=\"wp-element-caption\">Avec son mouvement quartz et sa taille de  33 mm, la Bvlgari-Bvlgari s&rsquo;impose comme une montre f\u00e9minine et de caract\u00e8re.<\/figcaption><\/figure>\n\n\n\n<p>Une belle montre en acier avec traitement DLC noir, couronne en acier sertie d\u2019un d\u00e9cor en c\u00e9ramique noire, bracelet en acier avec traitement DLC noir et boucle d\u00e9ployante. Son cadran est laqu\u00e9 noir avec index en appliques. Chic absolu pour ce mariage Italo-suisse tr\u00e8s r\u00e9ussi.<\/p>\n\n\n\n<figure class=\"wp-block-image size-full\"><img decoding=\"async\" width=\"900\" height=\"900\" loading=\"lazy\" src=\"https:\/\/www.my-watchsite.fr\/blog\/wp-content\/uploads\/2022\/10\/bulgari2-e1666519395770.jpg\" alt=\"Un fond saphir permet d'admirer un calibre automatique de belle facture muni d'une masse oscillante sigl\u00e9e.\" class=\"wp-image-23487\" srcset=\"https:\/\/www.my-watchsite.fr\/blog\/wp-content\/uploads\/2022\/10\/bulgari2-e1666519395770.jpg 900w, https:\/\/www.my-watchsite.fr\/blog\/wp-content\/uploads\/2022\/10\/bulgari2-e1666519395770-768x768.jpg 768w\" sizes=\"(max-width: 900px) 100vw, 900px\" \/><figcaption class=\"wp-element-caption\">Un fond saphir permet d&rsquo;admirer un calibre automatique de belle facture muni d&rsquo;une masse oscillante sigl\u00e9e.<\/figcaption><\/figure>\n\n\n\n<p><strong>CARACT\u00c9RISTIQUES TECHNIQUES<\/strong><\/p>\n\n\n\n<p>Diam\u00e8tre (mm): 41 ou 33<br>Automatique ou quartz<br>Acier inoxydable DLC noir<br>R\u00e9serve de marche : 42 heures\u00a0<br>\u00c9tanch\u00e9it\u00e9: 50 m<\/p>\n\n\n\n<p><a href=\"https:\/\/www.bulgari.com\/fr-fr\/montres\/homme\/bvlgari-bvlgari-montre-noir-103540\" target=\"_blank\" rel=\"noreferrer noopener\">5 200 \u20ac avec le calibre m\u00e9canique<\/a><\/p>\n\n\n\n<p><a href=\"https:\/\/www.bulgari.com\/fr-fr\/montres\/femme\/bvlgari-bvlgari-montre-acier-noir-103557\">3 900 \u20ac avec le mouvement \u00e0 quartz<\/a><\/p>\n\n\n\n<h2 class=\"wp-block-heading\"><strong>La TAG Heuer Connected Calibre E4<\/strong><br><strong>Porsche Edition&nbsp;<\/strong><\/h2>\n\n\n\n<p>Le look bleu glac\u00e9 ce cette montre noire est inspir\u00e9 par le Taycan, la voiture 100 % \u00e9lectrique de Porsche. <\/p>\n\n\n\n<figure class=\"wp-block-image size-full\"><img decoding=\"async\" width=\"900\" height=\"900\" loading=\"lazy\" src=\"https:\/\/www.my-watchsite.fr\/blog\/wp-content\/uploads\/2022\/10\/porsche-4.jpg\" alt=\"Le cadran &quot;circuit imprim\u00e9&quot; de la TAG Heuer Porsche Connected lui donne un look exclusif et tr\u00e8s futuriste.\" class=\"wp-image-23496\" \/><figcaption class=\"wp-element-caption\">Le cadran \u00ab\u00a0circuit imprim\u00e9\u00a0\u00bb de la TAG Heuer Porsche Connected lui donne un look exclusif et tr\u00e8s futuriste.<\/figcaption><\/figure>\n\n\n\n<p>Je vois d\u00e9j\u00e0 quelques puristes hurler au scandale \u00ab&nbsp;une Porsche \u00e9lectrique&nbsp;!&nbsp;C\u2019est un crime de l\u00e8se-majest\u00e9 \u00bb Eh bien je les comprends, je pensais comme eux. Jusqu\u2019\u00e0 l\u2019essai que j\u2019ai fait r\u00e9cemment de la Taycan Turbo. Un essai qui commen\u00e7ait mal car je pensais au fond de moi-m\u00eame&nbsp;: \u00ab&nbsp;Une Turbo pour une voiture \u00e9lectrique, c\u2019est une vaste blague\u2026&nbsp;\u00bb R\u00e9ponse de Porsche&nbsp;: \u00ab&nbsp;Essaye, on en reparle.&nbsp;\u00bb Et l\u00e0, attention les yeux et les sensations. Je n\u2019ai jamais rien conduit qui acc\u00e9l\u00e9rait aussi fort comme voiture de tourisme. M\u00eame une GT \u00e7a pousse moins. D\u2019o\u00f9 le \u00ab&nbsp;turbo&nbsp;\u00bb m\u2019explique-t-on dans le nom pour expliquer la douce brutalit\u00e9 de l\u2019engin. OK, j\u2019accepte. Chapeau bas. Je ferme la parenth\u00e8se et je range mes pr\u00e9jug\u00e9s. Sauf un&nbsp;: le bruit d\u2019un \u00e9chappement sport, cela ne se remplace pas.&nbsp;<\/p>\n\n\n\n<figure class=\"wp-block-image size-full\"><img decoding=\"async\" width=\"900\" height=\"640\" loading=\"lazy\" src=\"https:\/\/www.my-watchsite.fr\/blog\/wp-content\/uploads\/2022\/10\/porsche-1.jpg\" alt=\"Bleu et noir, les poussoir reprennent les codes couleurs de la TAG Heuer Porsche Connected.\" class=\"wp-image-23492\" \/><figcaption class=\"wp-element-caption\">Bleu et noir, les poussoirs reprennent les codes couleurs de la TAG Heuer Porsche Connected.<\/figcaption><\/figure>\n\n\n\n<p>Revenons \u00e0 la montre. En plus de toutes les fonctionnalit\u00e9s du calibre E4 dont nous avons d\u00e9j\u00e0 parl\u00e9 dans la vid\u00e9o sur les montres connect\u00e9es (voir ci-dessous) elle int\u00e8gre des fonctionnalit\u00e9s Wear OS pour les propri\u00e9taires de Porsche puisque les informations de leur voiture s\u2019affichent directement sur le cadran de la montre. Par exemple&nbsp;: l\u2019autonomie essence ou \u00e9lectrique et le kilom\u00e9trage. Elle permet aussi de r\u00e9gler la climatisation, le chauffage et l\u2019\u00e9tat du ch\u00e2ssis.<\/p>\n\n\n\n<figure class=\"wp-block-image size-full\"><img decoding=\"async\" width=\"900\" height=\"640\" loading=\"lazy\" src=\"https:\/\/www.my-watchsite.fr\/blog\/wp-content\/uploads\/2022\/10\/porsche-2.jpg\" alt=\"Les fonctions sp\u00e9ciales de la TAG Heuer Porsche Connected d\u00e9di\u00e9es aux automobiles du constructeur.\" class=\"wp-image-23491\" \/><figcaption class=\"wp-element-caption\">Les fonctions sp\u00e9ciales de la TAG Heuer Porsche Connected d\u00e9di\u00e9es aux automobiles du constructeur.<\/figcaption><\/figure>\n\n\n\n<p>La sublime couleur, le cuir de veau noir imitation carbone, les surpiq\u00fbres du bracelet&#8230; tout rappelle le design soign\u00e9 des int\u00e9rieurs de Porsche. Une belle r\u00e9ussite qui sera tr\u00e8s certainement une 2<sup>\u00e8me<\/sup>&nbsp;\u2013 ou \u00e9ni\u00e8me \u2013 montre pour les possesseurs de Porsche. Attention tous les mod\u00e8les de voitures ne sont pas compatibles, pour l\u2019instant, voici la liste :&nbsp;Panamera (G2 II mod\u00e8les 2022 et ult\u00e9rieurs), Panamera (G2), 911 (992 mod\u00e8les 2022 et ult\u00e9rieurs), Cayenne (E3 mod\u00e8les 2022 et ult\u00e9rieurs), Cayenne (E2 II), 718, Macan II\/III, Macan, Taycan.<\/p>\n\n\n\n<p><strong>CARACT\u00c9RISTIQUES TECHNIQUES<\/strong><\/p>\n\n\n\n<p>Autonomie :\u00a0Une journ\u00e9e enti\u00e8re (1 h 30 de course \u00e0 pied, 2 h de marche et Wellness inclus) et une journ\u00e9e enti\u00e8re (5 h de golf et Wellness inclus)<br>Temps de charge : charge totale en 1 h 30\u00a0<br>Capteurs : fr\u00e9quence cardiaque, boussole, acc\u00e9l\u00e9rom\u00e8tre, gyroscope, NFC, microphone, barom\u00e8tre<br>Syst\u00e8me d\u2019exploitation : Wear2 by Google<br>Applications sport : course \u00e0 pied, cyclisme, natation, fitness et wellness golf<br>Chronom\u00e8tre, minuteur, alarme<br>Cadran Porsche exclusif<br>Diam\u00e8tre de 45 mm<br>Bo\u00eetier en titane Grade 2 sabl\u00e9 rev\u00eatu de DLC noir<br>C\u00e9ramique noire polie avec d\u00e9tails bleu glac\u00e9 et gris laqu\u00e9<br>Glace saphir plate<br>\u00c9tanch\u00e9it\u00e9 : 50 m<\/p>\n\n\n\n<p><a href=\"https:\/\/www.tagheuer.com\/fr\/fr\/montres-connectees\/collections\/tag-heuer-connected\/45-mm\/SBR8A82.EB0264.html#gclid=Cj0KCQjwqc6aBhC4ARIsAN06NmOKoaCUSH0UxunRA-UCPb_ApVoTxaFUQB72q_BJYvea9kmG0pqKQ70aAnU-EALw_wcB&amp;start=0\" target=\"_blank\" rel=\"noreferrer noopener\">2 650 \u20ac (cliquez pour une visite 3D)<\/a><\/p>\n\n\n\n<h2 class=\"wp-block-heading\"><strong>AQUISPRO DATE CALIBRE 400<\/strong><\/h2>\n\n\n\n<p>Con\u00e7ue pour servir lors des plong\u00e9es \u00e0 saturation, c\u2019est-\u00e0-dire les plong\u00e9es tr\u00e8s profondes, cette montre noire est un v\u00e9ritable outil pour professionnels. Elle est con\u00e7ue pour les plongeurs professionnels qui travaillent dans des environnements enrichis en h\u00e9lium souvent \u00e0 plusieurs centaines de m\u00e8tres de profondeur. <\/p>\n\n\n\n<figure class=\"wp-block-image size-full\"><img decoding=\"async\" width=\"900\" height=\"504\" loading=\"lazy\" src=\"https:\/\/www.my-watchsite.fr\/blog\/wp-content\/uploads\/2022\/10\/oris-2-1.jpg\" alt=\"La Oris Aquispro date n'est pas si imposante que \u00e7a au poignet et pourtant de dimension tr\u00e8s g\u00e9n\u00e9reuse.\" class=\"wp-image-23498\" \/><figcaption class=\"wp-element-caption\">La Oris Aquispro date n&rsquo;est pas si imposante que \u00e7a au poignet et pourtant de dimension tr\u00e8s g\u00e9n\u00e9reuse.<\/figcaption><\/figure>\n\n\n\n<p>A noter tout particuli\u00e8rement son syst\u00e8me de blocage de la lunette, le fameux RSS ( Rotation Safety System). Cette fonction permet d\u2019ajuster et de verrouiller la lunette tournante unidirectionnelle de mani\u00e8re hypers\u00e9curis\u00e9e. De plus un surmoulage en caoutchouc permet de la manipuler m\u00eame avec des gants.&nbsp;<\/p>\n\n\n\n<figure class=\"wp-block-image size-full\"><img decoding=\"async\" width=\"900\" height=\"504\" loading=\"lazy\" src=\"https:\/\/www.my-watchsite.fr\/blog\/wp-content\/uploads\/2022\/10\/oris3-1.jpg\" alt=\"Le minutage en jaune sur la lunette permet \u00e0 cette montre Oris Aquispro Date d'\u00eatre lisible m\u00eame dans l'obscurit\u00e9 des profondeurs.\" class=\"wp-image-23497\" \/><figcaption class=\"wp-element-caption\">Le minutage en jaune sur la lunette permet \u00e0 cette montre Oris Aquispro Date d&rsquo;\u00eatre lisible m\u00eame dans l&rsquo;obscurit\u00e9 des profondeurs.<\/figcaption><\/figure>\n\n\n\n<p>\u00c9videmment elle a tous les attributs de la montre de plong\u00e9e avec aussi une valve \u00e0 h\u00e9lium. Le calibre 400 ajoute encore de la qualit\u00e9 \u00e0 cet instrument car il est d\u2019une grande fiabilit\u00e9 et extr\u00eamement bien con\u00e7u.<\/p>\n\n\n\n<figure class=\"wp-block-image size-full\"><img decoding=\"async\" width=\"900\" height=\"504\" loading=\"lazy\" src=\"https:\/\/www.my-watchsite.fr\/blog\/wp-content\/uploads\/2022\/10\/oris-1-1.jpg\" alt=\"Le syst\u00e8me de blocage de la lunette sur cette montre Oris est tr\u00e8s efficace.\" class=\"wp-image-23499\" \/><figcaption class=\"wp-element-caption\">Le syst\u00e8me de blocage de la lunette sur cette montre Oris est tr\u00e8s efficace.<\/figcaption><\/figure>\n\n\n\n<p><strong>CARACT\u00c9RISTIQUES TECHNIQUES<\/strong><\/p>\n\n\n\n<p>Bo\u00eetier 49,50 mm en titane et acier trait\u00e9 DLC noir<br>Lunette en c\u00e9ramique<br>Verre saphir antireflet<br>Etanche \u00e0 1000 m\u00e8tres<br>Calibre 400 automatique<br>R\u00e9serve de marche 120 heures<\/p>\n\n\n\n<p><a href=\"https:\/\/www.oris.ch\/fr\/watch\/aquispro-date-calibre-400\/01-400-7767-7754-07-426-64bteb\">4 400 \u20ac<\/a><\/p>\n\n\n\n<figure class=\"wp-block-embed is-type-wp-embed is-provider-mywatch-fr wp-block-embed-mywatch-fr\"><div class=\"wp-block-embed__wrapper\">\n<blockquote class=\"wp-embedded-content\" data-secret=\"8A01ouIJlI\"><a href=\"https:\/\/www.my-watchsite.fr\/blog\/nouvelles-montres-connectees-tagheuer-louis-vuitton-tissot-apple\/\">Montres connect\u00e9es : la nouvelle g\u00e9n\u00e9ration prend le pouvoir<\/a><\/blockquote><iframe class=\"wp-embedded-content\" sandbox=\"allow-scripts\" security=\"restricted\" style=\"position: absolute; clip: rect(1px, 1px, 1px, 1px);\" title=\"\u00ab\u00a0Montres connect\u00e9es : la nouvelle g\u00e9n\u00e9ration prend le pouvoir\u00a0\u00bb &#8212; MyWatch FR\" src=\"https:\/\/www.my-watchsite.fr\/blog\/nouvelles-montres-connectees-tagheuer-louis-vuitton-tissot-apple\/embed\/#?secret=LyFO76FcG2#?secret=8A01ouIJlI\" data-secret=\"8A01ouIJlI\" width=\"500\" height=\"282\" frameborder=\"0\" marginwidth=\"0\" marginheight=\"0\" scrolling=\"no\"><\/iframe>\n<\/div><\/figure>\n\n\n\n<figure class=\"wp-block-embed is-type-video is-provider-youtube wp-block-embed-youtube wp-embed-aspect-16-9 wp-has-aspect-ratio\"><div class=\"wp-block-embed__wrapper\">\n<iframe loading=\"lazy\" title=\"Les 4 meilleures montres connect\u00e9es ?! \ud83e\udd14\" width=\"500\" height=\"281\" src=\"https:\/\/www.youtube.com\/embed\/VpdRvnuhojk?feature=oembed\" frameborder=\"0\" allow=\"accelerometer; autoplay; clipboard-write; encrypted-media; gyroscope; picture-in-picture\" allowfullscreen><\/iframe>\n<\/div><\/figure>\n\n\n\n<figure class=\"wp-block-embed is-type-wp-embed is-provider-mywatch-fr wp-block-embed-mywatch-fr\"><div class=\"wp-block-embed__wrapper\">\n<blockquote class=\"wp-embedded-content\" data-secret=\"SOK4Ju8kz8\"><a href=\"https:\/\/www.my-watchsite.fr\/blog\/oris-acquis-date-calibre-400\/\">Oris, la r\u00e9volution en mouvement : \u00e9pisode II<\/a><\/blockquote><iframe class=\"wp-embedded-content\" sandbox=\"allow-scripts\" security=\"restricted\" style=\"position: absolute; clip: rect(1px, 1px, 1px, 1px);\" title=\"\u00ab\u00a0Oris, la r\u00e9volution en mouvement : \u00e9pisode II\u00a0\u00bb &#8212; MyWatch FR\" src=\"https:\/\/www.my-watchsite.fr\/blog\/oris-acquis-date-calibre-400\/embed\/#?secret=7q29itcAGp#?secret=SOK4Ju8kz8\" data-secret=\"SOK4Ju8kz8\" width=\"500\" height=\"282\" frameborder=\"0\" marginwidth=\"0\" marginheight=\"0\" scrolling=\"no\"><\/iframe>\n<\/div><\/figure>\n\n\n\n<figure class=\"wp-block-embed is-type-video is-provider-youtube wp-block-embed-youtube wp-embed-aspect-16-9 wp-has-aspect-ratio\"><div class=\"wp-block-embed__wrapper\">\n<iframe loading=\"lazy\" title=\"ORIS Calibre 400 - \u00c9volution ou r\u00e9volution ?!\" width=\"500\" height=\"281\" src=\"https:\/\/www.youtube.com\/embed\/PVm1WsO8d_Q?feature=oembed\" frameborder=\"0\" allow=\"accelerometer; autoplay; clipboard-write; encrypted-media; gyroscope; picture-in-picture\" allowfullscreen><\/iframe>\n<\/div><\/figure>\n\n\n\n<figure class=\"wp-block-embed is-type-wp-embed is-provider-mywatch-fr wp-block-embed-mywatch-fr\"><div class=\"wp-block-embed__wrapper\">\n<blockquote class=\"wp-embedded-content\" data-secret=\"Ea8EH6J5mi\"><a href=\"https:\/\/www.my-watchsite.fr\/blog\/d-de-dior-satine-la-montre-tissee-de-metal\/\">Un ruban d&rsquo;une incroyable souplesse<\/a><\/blockquote><iframe class=\"wp-embedded-content\" sandbox=\"allow-scripts\" security=\"restricted\" style=\"position: absolute; clip: rect(1px, 1px, 1px, 1px);\" title=\"\u00ab\u00a0Un ruban d&rsquo;une incroyable souplesse\u00a0\u00bb &#8212; MyWatch FR\" src=\"https:\/\/www.my-watchsite.fr\/blog\/d-de-dior-satine-la-montre-tissee-de-metal\/embed\/#?secret=qAeENWTX6e#?secret=Ea8EH6J5mi\" data-secret=\"Ea8EH6J5mi\" width=\"500\" height=\"282\" frameborder=\"0\" marginwidth=\"0\" marginheight=\"0\" scrolling=\"no\"><\/iframe>\n<\/div><\/figure>\n\n\n\n<figure class=\"wp-block-embed is-type-video is-provider-youtube wp-block-embed-youtube wp-embed-aspect-16-9 wp-has-aspect-ratio\"><div class=\"wp-block-embed__wrapper\">\n<iframe loading=\"lazy\" title=\"Exceptional pieces: La D de Dior\" width=\"500\" height=\"281\" src=\"https:\/\/www.youtube.com\/embed\/5a9mwGYu8u4?feature=oembed\" frameborder=\"0\" allow=\"accelerometer; autoplay; clipboard-write; encrypted-media; gyroscope; picture-in-picture\" allowfullscreen><\/iframe>\n<\/div><\/figure>\n","protected":false},"excerpt":{"rendered":"<p>Le noir est-il une couleur ? Bonne question. Mais c\u2019est une nuance para\u00eet-il. En tout cas, c\u2019est une mode qui pour les manufactures donne lieu \u00e0 des sorties remarqu\u00e9es et remarquables. Black is back !<\/p>\n","protected":false},"author":4,"featured_media":23482,"comment_status":"closed","ping_status":"closed","sticky":false,"template":"","format":"standard","meta":{"footnotes":""},"categories":[2],"tags":[],"acf":[],"yoast_head":"<!-- This site is optimized with the Yoast SEO plugin v20.4 - https:\/\/yoast.com\/wordpress\/plugins\/seo\/ -->\n<title>Montre noire : black is beautiful... - MyWatch FR<\/title>\n<meta name=\"description\" content=\"Une montre noire v\u00e9hicule le chic et la puissance d&#039;un design. DIOR, TAG HEUER, ORIS et BULGARI, quatre beaut\u00e9s \u00e9b\u00e8nes aux calibres soign\u00e9s.\" \/>\n<meta name=\"robots\" content=\"index, follow, max-snippet:-1, max-image-preview:large, max-video-preview:-1\" \/>\n<link rel=\"canonical\" href=\"https:\/\/www.my-watchsite.fr\/blog\/montre-noire-black-is-beautiful\/\" \/>\n<meta property=\"og:locale\" content=\"fr_FR\" \/>\n<meta property=\"og:type\" content=\"article\" \/>\n<meta property=\"og:title\" content=\"Montre noire : black is beautiful... - MyWatch FR\" \/>\n<meta property=\"og:description\" content=\"Une montre noire v\u00e9hicule le chic et la puissance d&#039;un design. DIOR, TAG HEUER, ORIS et BULGARI, quatre beaut\u00e9s \u00e9b\u00e8nes aux calibres soign\u00e9s.\" \/>\n<meta property=\"og:url\" content=\"https:\/\/www.my-watchsite.fr\/blog\/montre-noire-black-is-beautiful\/\" \/>\n<meta property=\"og:site_name\" content=\"MyWatch FR\" \/>\n<meta property=\"article:publisher\" content=\"https:\/\/www.facebook.com\/mywatchsite\/\" \/>\n<meta property=\"article:published_time\" content=\"2022-10-24T15:44:12+00:00\" \/>\n<meta property=\"article:modified_time\" content=\"2022-12-05T16:00:39+00:00\" \/>\n<meta property=\"og:image\" content=\"https:\/\/www.my-watchsite.fr\/blog\/wp-content\/uploads\/2022\/10\/vignette-black.jpg\" \/>\n\t<meta property=\"og:image:width\" content=\"750\" \/>\n\t<meta property=\"og:image:height\" content=\"465\" \/>\n\t<meta property=\"og:image:type\" content=\"image\/jpeg\" \/>\n<meta name=\"author\" content=\"Frank Declerck\" \/>\n<meta name=\"twitter:card\" content=\"summary_large_image\" \/>\n<meta name=\"twitter:creator\" content=\"@mywatchsite\" \/>\n<meta name=\"twitter:site\" content=\"@mywatchsite\" \/>\n<meta name=\"twitter:label1\" content=\"\u00c9crit par\" \/>\n\t<meta name=\"twitter:data1\" content=\"Frank Declerck\" \/>\n\t<meta name=\"twitter:label2\" content=\"Dur\u00e9e de lecture estim\u00e9e\" \/>\n\t<meta name=\"twitter:data2\" content=\"9 minutes\" \/>\n<script type=\"application\/ld+json\" class=\"yoast-schema-graph\">{\"@context\":\"https:\/\/schema.org\",\"@graph\":[{\"@type\":\"WebPage\",\"@id\":\"https:\/\/www.my-watchsite.fr\/blog\/montre-noire-black-is-beautiful\/\",\"url\":\"https:\/\/www.my-watchsite.fr\/blog\/montre-noire-black-is-beautiful\/\",\"name\":\"Montre noire : black is beautiful... - MyWatch FR\",\"isPartOf\":{\"@id\":\"https:\/\/www.my-watchsite.fr\/blog\/#website\"},\"datePublished\":\"2022-10-24T15:44:12+00:00\",\"dateModified\":\"2022-12-05T16:00:39+00:00\",\"author\":{\"@id\":\"https:\/\/www.my-watchsite.fr\/blog\/#\/schema\/person\/c52c87f152ae0c432650d45a7483f4aa\"},\"description\":\"Une montre noire v\u00e9hicule le chic et la puissance d'un design. DIOR, TAG HEUER, ORIS et BULGARI, quatre beaut\u00e9s \u00e9b\u00e8nes aux calibres soign\u00e9s.\",\"breadcrumb\":{\"@id\":\"https:\/\/www.my-watchsite.fr\/blog\/montre-noire-black-is-beautiful\/#breadcrumb\"},\"inLanguage\":\"fr-FR\",\"potentialAction\":[{\"@type\":\"ReadAction\",\"target\":[\"https:\/\/www.my-watchsite.fr\/blog\/montre-noire-black-is-beautiful\/\"]}]},{\"@type\":\"BreadcrumbList\",\"@id\":\"https:\/\/www.my-watchsite.fr\/blog\/montre-noire-black-is-beautiful\/#breadcrumb\",\"itemListElement\":[{\"@type\":\"ListItem\",\"position\":1,\"name\":\"Accueil\",\"item\":\"https:\/\/www.my-watchsite.fr\/blog\/\"},{\"@type\":\"ListItem\",\"position\":2,\"name\":\"Montre noire : black is beautiful&#8230;\"}]},{\"@type\":\"WebSite\",\"@id\":\"https:\/\/www.my-watchsite.fr\/blog\/#website\",\"url\":\"https:\/\/www.my-watchsite.fr\/blog\/\",\"name\":\"MyWatch FR\",\"description\":\"Make Time a Lifestyle\",\"potentialAction\":[{\"@type\":\"SearchAction\",\"target\":{\"@type\":\"EntryPoint\",\"urlTemplate\":\"https:\/\/www.my-watchsite.fr\/blog\/?s={search_term_string}\"},\"query-input\":\"required name=search_term_string\"}],\"inLanguage\":\"fr-FR\"},{\"@type\":\"Person\",\"@id\":\"https:\/\/www.my-watchsite.fr\/blog\/#\/schema\/person\/c52c87f152ae0c432650d45a7483f4aa\",\"name\":\"Frank Declerck\",\"image\":{\"@type\":\"ImageObject\",\"inLanguage\":\"fr-FR\",\"@id\":\"https:\/\/www.my-watchsite.fr\/blog\/#\/schema\/person\/image\/\",\"url\":\"https:\/\/secure.gravatar.com\/avatar\/0b8169973e5432c6a66c03650bf177e9?s=96&d=mm&r=g\",\"contentUrl\":\"https:\/\/secure.gravatar.com\/avatar\/0b8169973e5432c6a66c03650bf177e9?s=96&d=mm&r=g\",\"caption\":\"Frank Declerck\"}}]}<\/script>\n<!-- \/ Yoast SEO plugin. -->","yoast_head_json":{"title":"Montre noire : black is beautiful... - MyWatch FR","description":"Une montre noire v\u00e9hicule le chic et la puissance d'un design. DIOR, TAG HEUER, ORIS et BULGARI, quatre beaut\u00e9s \u00e9b\u00e8nes aux calibres soign\u00e9s.","robots":{"index":"index","follow":"follow","max-snippet":"max-snippet:-1","max-image-preview":"max-image-preview:large","max-video-preview":"max-video-preview:-1"},"canonical":"https:\/\/www.my-watchsite.fr\/blog\/montre-noire-black-is-beautiful\/","og_locale":"fr_FR","og_type":"article","og_title":"Montre noire : black is beautiful... - MyWatch FR","og_description":"Une montre noire v\u00e9hicule le chic et la puissance d'un design. DIOR, TAG HEUER, ORIS et BULGARI, quatre beaut\u00e9s \u00e9b\u00e8nes aux calibres soign\u00e9s.","og_url":"https:\/\/www.my-watchsite.fr\/blog\/montre-noire-black-is-beautiful\/","og_site_name":"MyWatch FR","article_publisher":"https:\/\/www.facebook.com\/mywatchsite\/","article_published_time":"2022-10-24T15:44:12+00:00","article_modified_time":"2022-12-05T16:00:39+00:00","og_image":[{"width":750,"height":465,"url":"https:\/\/www.my-watchsite.fr\/blog\/wp-content\/uploads\/2022\/10\/vignette-black.jpg","type":"image\/jpeg"}],"author":"Frank Declerck","twitter_card":"summary_large_image","twitter_creator":"@mywatchsite","twitter_site":"@mywatchsite","twitter_misc":{"\u00c9crit par":"Frank Declerck","Dur\u00e9e de lecture estim\u00e9e":"9 minutes"},"schema":{"@context":"https:\/\/schema.org","@graph":[{"@type":"WebPage","@id":"https:\/\/www.my-watchsite.fr\/blog\/montre-noire-black-is-beautiful\/","url":"https:\/\/www.my-watchsite.fr\/blog\/montre-noire-black-is-beautiful\/","name":"Montre noire : black is beautiful... - MyWatch FR","isPartOf":{"@id":"https:\/\/www.my-watchsite.fr\/blog\/#website"},"datePublished":"2022-10-24T15:44:12+00:00","dateModified":"2022-12-05T16:00:39+00:00","author":{"@id":"https:\/\/www.my-watchsite.fr\/blog\/#\/schema\/person\/c52c87f152ae0c432650d45a7483f4aa"},"description":"Une montre noire v\u00e9hicule le chic et la puissance d'un design. DIOR, TAG HEUER, ORIS et BULGARI, quatre beaut\u00e9s \u00e9b\u00e8nes aux calibres soign\u00e9s.","breadcrumb":{"@id":"https:\/\/www.my-watchsite.fr\/blog\/montre-noire-black-is-beautiful\/#breadcrumb"},"inLanguage":"fr-FR","potentialAction":[{"@type":"ReadAction","target":["https:\/\/www.my-watchsite.fr\/blog\/montre-noire-black-is-beautiful\/"]}]},{"@type":"BreadcrumbList","@id":"https:\/\/www.my-watchsite.fr\/blog\/montre-noire-black-is-beautiful\/#breadcrumb","itemListElement":[{"@type":"ListItem","position":1,"name":"Accueil","item":"https:\/\/www.my-watchsite.fr\/blog\/"},{"@type":"ListItem","position":2,"name":"Montre noire : black is beautiful&#8230;"}]},{"@type":"WebSite","@id":"https:\/\/www.my-watchsite.fr\/blog\/#website","url":"https:\/\/www.my-watchsite.fr\/blog\/","name":"MyWatch FR","description":"Make Time a Lifestyle","potentialAction":[{"@type":"SearchAction","target":{"@type":"EntryPoint","urlTemplate":"https:\/\/www.my-watchsite.fr\/blog\/?s={search_term_string}"},"query-input":"required name=search_term_string"}],"inLanguage":"fr-FR"},{"@type":"Person","@id":"https:\/\/www.my-watchsite.fr\/blog\/#\/schema\/person\/c52c87f152ae0c432650d45a7483f4aa","name":"Frank Declerck","image":{"@type":"ImageObject","inLanguage":"fr-FR","@id":"https:\/\/www.my-watchsite.fr\/blog\/#\/schema\/person\/image\/","url":"https:\/\/secure.gravatar.com\/avatar\/0b8169973e5432c6a66c03650bf177e9?s=96&d=mm&r=g","contentUrl":"https:\/\/secure.gravatar.com\/avatar\/0b8169973e5432c6a66c03650bf177e9?s=96&d=mm&r=g","caption":"Frank Declerck"}}]}},"_links":{"self":[{"href":"https:\/\/www.my-watchsite.fr\/blog\/wp-json\/wp\/v2\/posts\/23481"}],"collection":[{"href":"https:\/\/www.my-watchsite.fr\/blog\/wp-json\/wp\/v2\/posts"}],"about":[{"href":"https:\/\/www.my-watchsite.fr\/blog\/wp-json\/wp\/v2\/types\/post"}],"author":[{"embeddable":true,"href":"https:\/\/www.my-watchsite.fr\/blog\/wp-json\/wp\/v2\/users\/4"}],"replies":[{"embeddable":true,"href":"https:\/\/www.my-watchsite.fr\/blog\/wp-json\/wp\/v2\/comments?post=23481"}],"version-history":[{"count":23,"href":"https:\/\/www.my-watchsite.fr\/blog\/wp-json\/wp\/v2\/posts\/23481\/revisions"}],"predecessor-version":[{"id":24468,"href":"https:\/\/www.my-watchsite.fr\/blog\/wp-json\/wp\/v2\/posts\/23481\/revisions\/24468"}],"wp:featuredmedia":[{"embeddable":true,"href":"https:\/\/www.my-watchsite.fr\/blog\/wp-json\/wp\/v2\/media\/23482"}],"wp:attachment":[{"href":"https:\/\/www.my-watchsite.fr\/blog\/wp-json\/wp\/v2\/media?parent=23481"}],"wp:term":[{"taxonomy":"category","embeddable":true,"href":"https:\/\/www.my-watchsite.fr\/blog\/wp-json\/wp\/v2\/categories?post=23481"},{"taxonomy":"post_tag","embeddable":true,"href":"https:\/\/www.my-watchsite.fr\/blog\/wp-json\/wp\/v2\/tags?post=23481"}],"curies":[{"name":"wp","href":"https:\/\/api.w.org\/{rel}","templated":true}]}}