{"id":2363,"date":"2014-01-27T00:00:00","date_gmt":"2014-01-26T23:00:00","guid":{"rendered":"https:\/\/www.my-watchsite.fr\/blog\/blog\/a-lange-and-sohne-ouvre-sa-12e-boutique-n594\/"},"modified":"2014-01-27T00:00:00","modified_gmt":"2014-01-26T23:00:00","slug":"a-lange-and-sohne-ouvre-sa-12e-boutique-n594","status":"publish","type":"post","link":"https:\/\/www.my-watchsite.fr\/blog\/a-lange-and-sohne-ouvre-sa-12e-boutique-n594\/","title":{"rendered":"A. Lange &#038; S\u00f6hne ouvre sa 12e boutique"},"content":{"rendered":"<p>A. Lange &amp; S\u00f6hne ouvre sa seconde boutique en Allemagne, \u00e0 Munich, avec son partenaire de longue date Wempe. Apr\u00e8s la toute premi\u00e8re boutique de la marque \u00e0 Dresde, en Allemagne, inaugur\u00e9e en 2007, puis Paris et Lisbonne en 2013, A.Lange &amp; S\u00f6hne dispose aujourd\u2019hui de douze boutiques en nom propre \u00e0 travers le monde ainsi que 223 revendeurs prestigieux dans plus de 60 pays.<\/p>\n<p>Avec une surface de 37 m\u00e8tres carr\u00e9s, cette nouvelle boutique A.Lange &amp; S\u00f6hne situ\u00e9e dans le centre-ville de Munich propose aux connaisseurs, aux passionn\u00e9s de montres et aux futurs clients de d\u00e9couvrir l\u2019art horloger A.Lange &amp; S\u00f6hne et se familiariser avec les origines et les valeurs de la marque. Cette boutique incarne l&rsquo;histoire et la philosophie de la manufacture A. Lange &amp; S\u00f6hne.<\/p>\n<p>Andreas Haude, Directeur G\u00e9n\u00e9ral Europe du Nord A. Lange &amp; S\u00f6hne, commente le choix de la capitale bavaroise pour la nouvelle boutique en \u00e9voquant \u00ab\u00a0la grande affinit\u00e9 des Munichois pour les belles montres. C\u2019est une communaut\u00e9 fid\u00e8le et croissante\u201d. Mais Munich n&rsquo;est pas seulement l&rsquo;une des destinations les plus populaires de l&rsquo;Allemagne pour le shopping et le tourisme. C&rsquo;est \u00e9galement un centre historique pour A. Lange &amp; S\u00f6hne. En 1976, Munich a accueilli une grande exposition de montres historiques A.Lange &amp; S\u00f6hne comm\u00e9morant le 101\u00e8me anniversaire de la mort de Ferdinand A. Lange, fondateur de la pr\u00e9cision horlog\u00e8re de Saxe.<\/p>\n<ul>\n<li><img decoding=\"async\" src=\"https:\/\/www.my-watchsite.fr\/blog\/wp-content\/uploads\/2020\/08\/594_1783.jpg\" alt=\"La nouvelle boutique A. Lange &amp; S\u00f6hne \u00e0 Munich\" \/><\/li>\n<li><img decoding=\"async\" src=\"https:\/\/www.my-watchsite.fr\/blog\/wp-content\/uploads\/2020\/08\/594_1784.jpg\" alt=\"La nouvelle boutique A. Lange &amp; S\u00f6hne \u00e0 Munich\" \/><\/li>\n<\/ul>\n","protected":false},"excerpt":{"rendered":"<p>A. Lange &amp; S\u00f6hne ouvre sa seconde boutique en Allemagne, \u00e0 Munich, avec son partenaire de longue date Wempe. Apr\u00e8s la toute premi\u00e8re boutique de la marque \u00e0 Dresde, en Allemagne, inaugur\u00e9e en 2007, puis Paris et Lisbonne en 2013, A.Lange &amp; S\u00f6hne dispose aujourd\u2019hui de douze boutiques en nom propre \u00e0 travers le monde [&hellip;]<\/p>\n","protected":false},"author":1,"featured_media":2364,"comment_status":"closed","ping_status":"closed","sticky":false,"template":"","format":"standard","meta":{"footnotes":""},"categories":[2],"tags":[19],"acf":[],"yoast_head":"<!-- This site is optimized with the Yoast SEO plugin v20.4 - https:\/\/yoast.com\/wordpress\/plugins\/seo\/ -->\n<title>A. Lange &amp; S\u00f6hne ouvre sa 12e boutique - MyWatch FR<\/title>\n<meta name=\"robots\" content=\"index, follow, max-snippet:-1, max-image-preview:large, max-video-preview:-1\" \/>\n<link rel=\"canonical\" href=\"https:\/\/www.my-watchsite.fr\/blog\/a-lange-and-sohne-ouvre-sa-12e-boutique-n594\/\" \/>\n<meta property=\"og:locale\" content=\"fr_FR\" \/>\n<meta property=\"og:type\" content=\"article\" \/>\n<meta property=\"og:title\" content=\"A. Lange &amp; S\u00f6hne ouvre sa 12e boutique - MyWatch FR\" \/>\n<meta property=\"og:description\" content=\"A. Lange &amp; S\u00f6hne ouvre sa seconde boutique en Allemagne, \u00e0 Munich, avec son partenaire de longue date Wempe. Apr\u00e8s la toute premi\u00e8re boutique de la marque \u00e0 Dresde, en Allemagne, inaugur\u00e9e en 2007, puis Paris et Lisbonne en 2013, A.Lange &amp; S\u00f6hne dispose aujourd\u2019hui de douze boutiques en nom propre \u00e0 travers le monde [&hellip;]\" \/>\n<meta property=\"og:url\" content=\"https:\/\/www.my-watchsite.fr\/blog\/a-lange-and-sohne-ouvre-sa-12e-boutique-n594\/\" \/>\n<meta property=\"og:site_name\" content=\"MyWatch FR\" \/>\n<meta property=\"article:publisher\" content=\"https:\/\/www.facebook.com\/mywatchsite\/\" \/>\n<meta property=\"article:published_time\" content=\"2014-01-26T23:00:00+00:00\" \/>\n<meta property=\"og:image\" content=\"https:\/\/www.my-watchsite.fr\/blog\/wp-content\/uploads\/2020\/08\/594_1783.jpg\" \/>\n\t<meta property=\"og:image:width\" content=\"421\" \/>\n\t<meta property=\"og:image:height\" content=\"298\" \/>\n\t<meta property=\"og:image:type\" content=\"image\/jpeg\" \/>\n<meta name=\"author\" content=\"MyWatch\" \/>\n<meta name=\"twitter:card\" content=\"summary_large_image\" \/>\n<meta name=\"twitter:creator\" content=\"@mywatchsite\" \/>\n<meta name=\"twitter:site\" content=\"@mywatchsite\" \/>\n<meta name=\"twitter:label1\" content=\"\u00c9crit par\" \/>\n\t<meta name=\"twitter:data1\" content=\"MyWatch\" \/>\n\t<meta name=\"twitter:label2\" content=\"Dur\u00e9e de lecture estim\u00e9e\" \/>\n\t<meta name=\"twitter:data2\" content=\"1 minute\" \/>\n<script type=\"application\/ld+json\" class=\"yoast-schema-graph\">{\"@context\":\"https:\/\/schema.org\",\"@graph\":[{\"@type\":\"WebPage\",\"@id\":\"https:\/\/www.my-watchsite.fr\/blog\/a-lange-and-sohne-ouvre-sa-12e-boutique-n594\/\",\"url\":\"https:\/\/www.my-watchsite.fr\/blog\/a-lange-and-sohne-ouvre-sa-12e-boutique-n594\/\",\"name\":\"A. Lange & S\u00f6hne ouvre sa 12e boutique - MyWatch FR\",\"isPartOf\":{\"@id\":\"https:\/\/www.my-watchsite.fr\/blog\/#website\"},\"datePublished\":\"2014-01-26T23:00:00+00:00\",\"dateModified\":\"2014-01-26T23:00:00+00:00\",\"author\":{\"@id\":\"https:\/\/www.my-watchsite.fr\/blog\/#\/schema\/person\/67e19b3e3d014465042ff1be1c9fcf44\"},\"breadcrumb\":{\"@id\":\"https:\/\/www.my-watchsite.fr\/blog\/a-lange-and-sohne-ouvre-sa-12e-boutique-n594\/#breadcrumb\"},\"inLanguage\":\"fr-FR\",\"potentialAction\":[{\"@type\":\"ReadAction\",\"target\":[\"https:\/\/www.my-watchsite.fr\/blog\/a-lange-and-sohne-ouvre-sa-12e-boutique-n594\/\"]}]},{\"@type\":\"BreadcrumbList\",\"@id\":\"https:\/\/www.my-watchsite.fr\/blog\/a-lange-and-sohne-ouvre-sa-12e-boutique-n594\/#breadcrumb\",\"itemListElement\":[{\"@type\":\"ListItem\",\"position\":1,\"name\":\"Accueil\",\"item\":\"https:\/\/www.my-watchsite.fr\/blog\/\"},{\"@type\":\"ListItem\",\"position\":2,\"name\":\"A. Lange &#038; S\u00f6hne ouvre sa 12e boutique\"}]},{\"@type\":\"WebSite\",\"@id\":\"https:\/\/www.my-watchsite.fr\/blog\/#website\",\"url\":\"https:\/\/www.my-watchsite.fr\/blog\/\",\"name\":\"MyWatch FR\",\"description\":\"Make Time a Lifestyle\",\"potentialAction\":[{\"@type\":\"SearchAction\",\"target\":{\"@type\":\"EntryPoint\",\"urlTemplate\":\"https:\/\/www.my-watchsite.fr\/blog\/?s={search_term_string}\"},\"query-input\":\"required name=search_term_string\"}],\"inLanguage\":\"fr-FR\"},{\"@type\":\"Person\",\"@id\":\"https:\/\/www.my-watchsite.fr\/blog\/#\/schema\/person\/67e19b3e3d014465042ff1be1c9fcf44\",\"name\":\"MyWatch\",\"image\":{\"@type\":\"ImageObject\",\"inLanguage\":\"fr-FR\",\"@id\":\"https:\/\/www.my-watchsite.fr\/blog\/#\/schema\/person\/image\/\",\"url\":\"https:\/\/secure.gravatar.com\/avatar\/e52d1e94806c54826c863f554ca1dd2a?s=96&d=mm&r=g\",\"contentUrl\":\"https:\/\/secure.gravatar.com\/avatar\/e52d1e94806c54826c863f554ca1dd2a?s=96&d=mm&r=g\",\"caption\":\"MyWatch\"},\"sameAs\":[\"https:\/\/www.my-watchsite.fr\/blog\"]}]}<\/script>\n<!-- \/ Yoast SEO plugin. -->","yoast_head_json":{"title":"A. Lange & S\u00f6hne ouvre sa 12e boutique - MyWatch FR","robots":{"index":"index","follow":"follow","max-snippet":"max-snippet:-1","max-image-preview":"max-image-preview:large","max-video-preview":"max-video-preview:-1"},"canonical":"https:\/\/www.my-watchsite.fr\/blog\/a-lange-and-sohne-ouvre-sa-12e-boutique-n594\/","og_locale":"fr_FR","og_type":"article","og_title":"A. Lange & S\u00f6hne ouvre sa 12e boutique - MyWatch FR","og_description":"A. Lange &amp; S\u00f6hne ouvre sa seconde boutique en Allemagne, \u00e0 Munich, avec son partenaire de longue date Wempe. Apr\u00e8s la toute premi\u00e8re boutique de la marque \u00e0 Dresde, en Allemagne, inaugur\u00e9e en 2007, puis Paris et Lisbonne en 2013, A.Lange &amp; S\u00f6hne dispose aujourd\u2019hui de douze boutiques en nom propre \u00e0 travers le monde [&hellip;]","og_url":"https:\/\/www.my-watchsite.fr\/blog\/a-lange-and-sohne-ouvre-sa-12e-boutique-n594\/","og_site_name":"MyWatch FR","article_publisher":"https:\/\/www.facebook.com\/mywatchsite\/","article_published_time":"2014-01-26T23:00:00+00:00","og_image":[{"width":421,"height":298,"url":"https:\/\/www.my-watchsite.fr\/blog\/wp-content\/uploads\/2020\/08\/594_1783.jpg","type":"image\/jpeg"}],"author":"MyWatch","twitter_card":"summary_large_image","twitter_creator":"@mywatchsite","twitter_site":"@mywatchsite","twitter_misc":{"\u00c9crit par":"MyWatch","Dur\u00e9e de lecture estim\u00e9e":"1 minute"},"schema":{"@context":"https:\/\/schema.org","@graph":[{"@type":"WebPage","@id":"https:\/\/www.my-watchsite.fr\/blog\/a-lange-and-sohne-ouvre-sa-12e-boutique-n594\/","url":"https:\/\/www.my-watchsite.fr\/blog\/a-lange-and-sohne-ouvre-sa-12e-boutique-n594\/","name":"A. Lange & S\u00f6hne ouvre sa 12e boutique - MyWatch FR","isPartOf":{"@id":"https:\/\/www.my-watchsite.fr\/blog\/#website"},"datePublished":"2014-01-26T23:00:00+00:00","dateModified":"2014-01-26T23:00:00+00:00","author":{"@id":"https:\/\/www.my-watchsite.fr\/blog\/#\/schema\/person\/67e19b3e3d014465042ff1be1c9fcf44"},"breadcrumb":{"@id":"https:\/\/www.my-watchsite.fr\/blog\/a-lange-and-sohne-ouvre-sa-12e-boutique-n594\/#breadcrumb"},"inLanguage":"fr-FR","potentialAction":[{"@type":"ReadAction","target":["https:\/\/www.my-watchsite.fr\/blog\/a-lange-and-sohne-ouvre-sa-12e-boutique-n594\/"]}]},{"@type":"BreadcrumbList","@id":"https:\/\/www.my-watchsite.fr\/blog\/a-lange-and-sohne-ouvre-sa-12e-boutique-n594\/#breadcrumb","itemListElement":[{"@type":"ListItem","position":1,"name":"Accueil","item":"https:\/\/www.my-watchsite.fr\/blog\/"},{"@type":"ListItem","position":2,"name":"A. Lange &#038; S\u00f6hne ouvre sa 12e boutique"}]},{"@type":"WebSite","@id":"https:\/\/www.my-watchsite.fr\/blog\/#website","url":"https:\/\/www.my-watchsite.fr\/blog\/","name":"MyWatch FR","description":"Make Time a Lifestyle","potentialAction":[{"@type":"SearchAction","target":{"@type":"EntryPoint","urlTemplate":"https:\/\/www.my-watchsite.fr\/blog\/?s={search_term_string}"},"query-input":"required name=search_term_string"}],"inLanguage":"fr-FR"},{"@type":"Person","@id":"https:\/\/www.my-watchsite.fr\/blog\/#\/schema\/person\/67e19b3e3d014465042ff1be1c9fcf44","name":"MyWatch","image":{"@type":"ImageObject","inLanguage":"fr-FR","@id":"https:\/\/www.my-watchsite.fr\/blog\/#\/schema\/person\/image\/","url":"https:\/\/secure.gravatar.com\/avatar\/e52d1e94806c54826c863f554ca1dd2a?s=96&d=mm&r=g","contentUrl":"https:\/\/secure.gravatar.com\/avatar\/e52d1e94806c54826c863f554ca1dd2a?s=96&d=mm&r=g","caption":"MyWatch"},"sameAs":["https:\/\/www.my-watchsite.fr\/blog"]}]}},"_links":{"self":[{"href":"https:\/\/www.my-watchsite.fr\/blog\/wp-json\/wp\/v2\/posts\/2363"}],"collection":[{"href":"https:\/\/www.my-watchsite.fr\/blog\/wp-json\/wp\/v2\/posts"}],"about":[{"href":"https:\/\/www.my-watchsite.fr\/blog\/wp-json\/wp\/v2\/types\/post"}],"author":[{"embeddable":true,"href":"https:\/\/www.my-watchsite.fr\/blog\/wp-json\/wp\/v2\/users\/1"}],"replies":[{"embeddable":true,"href":"https:\/\/www.my-watchsite.fr\/blog\/wp-json\/wp\/v2\/comments?post=2363"}],"version-history":[{"count":0,"href":"https:\/\/www.my-watchsite.fr\/blog\/wp-json\/wp\/v2\/posts\/2363\/revisions"}],"wp:featuredmedia":[{"embeddable":true,"href":"https:\/\/www.my-watchsite.fr\/blog\/wp-json\/wp\/v2\/media\/2364"}],"wp:attachment":[{"href":"https:\/\/www.my-watchsite.fr\/blog\/wp-json\/wp\/v2\/media?parent=2363"}],"wp:term":[{"taxonomy":"category","embeddable":true,"href":"https:\/\/www.my-watchsite.fr\/blog\/wp-json\/wp\/v2\/categories?post=2363"},{"taxonomy":"post_tag","embeddable":true,"href":"https:\/\/www.my-watchsite.fr\/blog\/wp-json\/wp\/v2\/tags?post=2363"}],"curies":[{"name":"wp","href":"https:\/\/api.w.org\/{rel}","templated":true}]}}