{"id":239,"date":"2010-11-29T00:00:00","date_gmt":"2010-11-28T23:00:00","guid":{"rendered":"https:\/\/www.my-watchsite.fr\/blog\/blog\/aux-galeries-lafayette-a-paris-n59\/"},"modified":"2010-11-29T00:00:00","modified_gmt":"2010-11-28T23:00:00","slug":"aux-galeries-lafayette-a-paris-n59","status":"publish","type":"post","link":"https:\/\/www.my-watchsite.fr\/blog\/aux-galeries-lafayette-a-paris-n59\/","title":{"rendered":"Aux Galeries Lafayette \u00e0 Paris"},"content":{"rendered":"<p>Lieu de shopping incontournable pour les touristes, le magasin est le 2\u00e8me site parisien le plus visit\u00e9 apr\u00e8s le Louvre\u2026 RAYMOND WEIL offre ainsi \u00e0 ses collections un espace prestigieux dans un haut lieu du style \u00e0 la fran\u00e7aise en g\u00e9n\u00e9ral et du chic parisien en particulier.<\/p>\n<p><strong>RAYMOND WEIL, une marque tr\u00e8s convoit\u00e9e\u2026<\/strong><br \/>Apr\u00e8s avoir conquis une place de premier plan sur les march\u00e9s internationaux, les USA, la Chine et l\u2019Inde notamment, RAYMOND WEIL a d\u00e9cid\u00e9 de donner une nouvelle dimension \u00e0 sa pr\u00e9sence en France, o\u00f9 la marque est rest\u00e9e tr\u00e8s confidentielle jusqu\u2019ici. Entreprise familiale depuis 3 g\u00e9n\u00e9rations, RAYMOND WEIL a fait de l\u2019ind\u00e9pendance plus qu\u2019une signature, un \u00e9tat d\u2019esprit. Audacieuse et avant-gardiste dans l\u2019\u00e2me, mais attach\u00e9e \u00e0 un savoir-faire horloger authentique, RAYMOND WEIL t\u00e9moigne un profond attachement aux racines et un d\u00e9sir de conserver la tradition comme source d\u2019inspiration.<\/p>\n<p><strong>L\u2019ADN d\u2019une marque \u00e0 part <\/strong><br \/>Avec ses collections cr\u00e9atives et diversifi\u00e9es, RAYMOND WEIL a choisi de se positionner sur un segment de prix accessible tout en perp\u00e9tuant un savoir-faire horloger de qualit\u00e9.<br \/>Chronographes masculins en or rose ou au design puissant et rac\u00e9, montres m\u00e9caniques intemporelles au style \u00e9pur\u00e9, montres joailli\u00e8res sublimes de f\u00e9minit\u00e9\u2026 RAYMOND WEIL s\u2019affirme avec force comme une Maison horlog\u00e8re osant l\u2019alliance de l\u2019originalit\u00e9 et de la technicit\u00e9. Tr\u00e8s engag\u00e9e dans le domaine culturel et artistique, l\u2019entreprise m\u00e8ne aussi de nombreuses actions de m\u00e9c\u00e9nat et a cr\u00e9\u00e9 le prestigieux RAYMOND WEIL International Photography Prize, consid\u00e9r\u00e9 comme l\u2019un des plus importants concours photo internationaux.<\/p>\n<p><strong>Galeries Lafayette, une adresse mythique \u00e0 Paris<\/strong><br \/>Sous la coupole en vitrail Art Nouveau, l\u2019avant-sc\u00e8ne des tendances\u2026 Rendez-vous de prestige incontournable avec les plus grandes marques de luxe, les Galeries Lafayette font r\u00e9f\u00e9rence depuis toujours \u00e0 Paris. Avec son nouveau corner situ\u00e9 au coeur du p\u00f4le horlogerie, au rez-de-chauss\u00e9e du magasin du boulevard Haussmann, RAYMOND WEIL offre un magnifique \u00e9crin \u00e0 ses cr\u00e9ations. C&rsquo;est donc au coeur de cet univers prestigieux, que la collection maestro sera entre autres, mise en lumi\u00e8re. Des pi\u00e8ces m\u00e9caniques sp\u00e9cialement pens\u00e9es pour tous ceux qui voient dans l\u2019acte de remonter sa montre chaque jour la beaut\u00e9 d\u2019un geste authentique. Loin des modes et des tendances \u00e9ph\u00e9m\u00e8res, maestro r\u00e9interpr\u00e8te avec sobri\u00e9t\u00e9 une certaine id\u00e9e du classicisme, chic et raffin\u00e9.<\/p>\n<ul>\n<li><img decoding=\"async\" src=\"https:\/\/www.my-watchsite.fr\/blog\/wp-content\/uploads\/2020\/08\/59_112.jpg\" alt=\"RAYMOND WEIL aux Galeries Lafayette \u00e0 Paris\" \/><\/li>\n<\/ul>\n","protected":false},"excerpt":{"rendered":"<p>Lieu de shopping incontournable pour les touristes, le magasin est le 2\u00e8me site parisien le plus visit\u00e9 apr\u00e8s le Louvre\u2026 RAYMOND WEIL offre ainsi \u00e0 ses collections un espace prestigieux dans un haut lieu du style \u00e0 la fran\u00e7aise en g\u00e9n\u00e9ral et du chic parisien en particulier. RAYMOND WEIL, une marque tr\u00e8s convoit\u00e9e\u2026Apr\u00e8s avoir conquis [&hellip;]<\/p>\n","protected":false},"author":1,"featured_media":240,"comment_status":"closed","ping_status":"closed","sticky":false,"template":"","format":"standard","meta":{"footnotes":""},"categories":[2],"tags":[47],"acf":[],"yoast_head":"<!-- This site is optimized with the Yoast SEO plugin v20.4 - https:\/\/yoast.com\/wordpress\/plugins\/seo\/ -->\n<title>Aux Galeries Lafayette \u00e0 Paris - MyWatch FR<\/title>\n<meta name=\"robots\" content=\"index, follow, max-snippet:-1, max-image-preview:large, max-video-preview:-1\" \/>\n<link rel=\"canonical\" href=\"https:\/\/www.my-watchsite.fr\/blog\/aux-galeries-lafayette-a-paris-n59\/\" \/>\n<meta property=\"og:locale\" content=\"fr_FR\" \/>\n<meta property=\"og:type\" content=\"article\" \/>\n<meta property=\"og:title\" content=\"Aux Galeries Lafayette \u00e0 Paris - MyWatch FR\" \/>\n<meta property=\"og:description\" content=\"Lieu de shopping incontournable pour les touristes, le magasin est le 2\u00e8me site parisien le plus visit\u00e9 apr\u00e8s le Louvre\u2026 RAYMOND WEIL offre ainsi \u00e0 ses collections un espace prestigieux dans un haut lieu du style \u00e0 la fran\u00e7aise en g\u00e9n\u00e9ral et du chic parisien en particulier. RAYMOND WEIL, une marque tr\u00e8s convoit\u00e9e\u2026Apr\u00e8s avoir conquis [&hellip;]\" \/>\n<meta property=\"og:url\" content=\"https:\/\/www.my-watchsite.fr\/blog\/aux-galeries-lafayette-a-paris-n59\/\" \/>\n<meta property=\"og:site_name\" content=\"MyWatch FR\" \/>\n<meta property=\"article:publisher\" content=\"https:\/\/www.facebook.com\/mywatchsite\/\" \/>\n<meta property=\"article:published_time\" content=\"2010-11-28T23:00:00+00:00\" \/>\n<meta property=\"og:image\" content=\"https:\/\/www.my-watchsite.fr\/blog\/wp-content\/uploads\/2020\/08\/59_112.jpg\" \/>\n\t<meta property=\"og:image:width\" content=\"450\" \/>\n\t<meta property=\"og:image:height\" content=\"387\" \/>\n\t<meta property=\"og:image:type\" content=\"image\/jpeg\" \/>\n<meta name=\"author\" content=\"MyWatch\" \/>\n<meta name=\"twitter:card\" content=\"summary_large_image\" \/>\n<meta name=\"twitter:creator\" content=\"@mywatchsite\" \/>\n<meta name=\"twitter:site\" content=\"@mywatchsite\" \/>\n<meta name=\"twitter:label1\" content=\"\u00c9crit par\" \/>\n\t<meta name=\"twitter:data1\" content=\"MyWatch\" \/>\n\t<meta name=\"twitter:label2\" content=\"Dur\u00e9e de lecture estim\u00e9e\" \/>\n\t<meta name=\"twitter:data2\" content=\"2 minutes\" \/>\n<script type=\"application\/ld+json\" class=\"yoast-schema-graph\">{\"@context\":\"https:\/\/schema.org\",\"@graph\":[{\"@type\":\"WebPage\",\"@id\":\"https:\/\/www.my-watchsite.fr\/blog\/aux-galeries-lafayette-a-paris-n59\/\",\"url\":\"https:\/\/www.my-watchsite.fr\/blog\/aux-galeries-lafayette-a-paris-n59\/\",\"name\":\"Aux Galeries Lafayette \u00e0 Paris - MyWatch FR\",\"isPartOf\":{\"@id\":\"https:\/\/www.my-watchsite.fr\/blog\/#website\"},\"datePublished\":\"2010-11-28T23:00:00+00:00\",\"dateModified\":\"2010-11-28T23:00:00+00:00\",\"author\":{\"@id\":\"https:\/\/www.my-watchsite.fr\/blog\/#\/schema\/person\/67e19b3e3d014465042ff1be1c9fcf44\"},\"breadcrumb\":{\"@id\":\"https:\/\/www.my-watchsite.fr\/blog\/aux-galeries-lafayette-a-paris-n59\/#breadcrumb\"},\"inLanguage\":\"fr-FR\",\"potentialAction\":[{\"@type\":\"ReadAction\",\"target\":[\"https:\/\/www.my-watchsite.fr\/blog\/aux-galeries-lafayette-a-paris-n59\/\"]}]},{\"@type\":\"BreadcrumbList\",\"@id\":\"https:\/\/www.my-watchsite.fr\/blog\/aux-galeries-lafayette-a-paris-n59\/#breadcrumb\",\"itemListElement\":[{\"@type\":\"ListItem\",\"position\":1,\"name\":\"Accueil\",\"item\":\"https:\/\/www.my-watchsite.fr\/blog\/\"},{\"@type\":\"ListItem\",\"position\":2,\"name\":\"Aux Galeries Lafayette \u00e0 Paris\"}]},{\"@type\":\"WebSite\",\"@id\":\"https:\/\/www.my-watchsite.fr\/blog\/#website\",\"url\":\"https:\/\/www.my-watchsite.fr\/blog\/\",\"name\":\"MyWatch FR\",\"description\":\"Make Time a Lifestyle\",\"potentialAction\":[{\"@type\":\"SearchAction\",\"target\":{\"@type\":\"EntryPoint\",\"urlTemplate\":\"https:\/\/www.my-watchsite.fr\/blog\/?s={search_term_string}\"},\"query-input\":\"required name=search_term_string\"}],\"inLanguage\":\"fr-FR\"},{\"@type\":\"Person\",\"@id\":\"https:\/\/www.my-watchsite.fr\/blog\/#\/schema\/person\/67e19b3e3d014465042ff1be1c9fcf44\",\"name\":\"MyWatch\",\"image\":{\"@type\":\"ImageObject\",\"inLanguage\":\"fr-FR\",\"@id\":\"https:\/\/www.my-watchsite.fr\/blog\/#\/schema\/person\/image\/\",\"url\":\"https:\/\/secure.gravatar.com\/avatar\/e52d1e94806c54826c863f554ca1dd2a?s=96&d=mm&r=g\",\"contentUrl\":\"https:\/\/secure.gravatar.com\/avatar\/e52d1e94806c54826c863f554ca1dd2a?s=96&d=mm&r=g\",\"caption\":\"MyWatch\"},\"sameAs\":[\"https:\/\/www.my-watchsite.fr\/blog\"]}]}<\/script>\n<!-- \/ Yoast SEO plugin. -->","yoast_head_json":{"title":"Aux Galeries Lafayette \u00e0 Paris - MyWatch FR","robots":{"index":"index","follow":"follow","max-snippet":"max-snippet:-1","max-image-preview":"max-image-preview:large","max-video-preview":"max-video-preview:-1"},"canonical":"https:\/\/www.my-watchsite.fr\/blog\/aux-galeries-lafayette-a-paris-n59\/","og_locale":"fr_FR","og_type":"article","og_title":"Aux Galeries Lafayette \u00e0 Paris - MyWatch FR","og_description":"Lieu de shopping incontournable pour les touristes, le magasin est le 2\u00e8me site parisien le plus visit\u00e9 apr\u00e8s le Louvre\u2026 RAYMOND WEIL offre ainsi \u00e0 ses collections un espace prestigieux dans un haut lieu du style \u00e0 la fran\u00e7aise en g\u00e9n\u00e9ral et du chic parisien en particulier. RAYMOND WEIL, une marque tr\u00e8s convoit\u00e9e\u2026Apr\u00e8s avoir conquis [&hellip;]","og_url":"https:\/\/www.my-watchsite.fr\/blog\/aux-galeries-lafayette-a-paris-n59\/","og_site_name":"MyWatch FR","article_publisher":"https:\/\/www.facebook.com\/mywatchsite\/","article_published_time":"2010-11-28T23:00:00+00:00","og_image":[{"width":450,"height":387,"url":"https:\/\/www.my-watchsite.fr\/blog\/wp-content\/uploads\/2020\/08\/59_112.jpg","type":"image\/jpeg"}],"author":"MyWatch","twitter_card":"summary_large_image","twitter_creator":"@mywatchsite","twitter_site":"@mywatchsite","twitter_misc":{"\u00c9crit par":"MyWatch","Dur\u00e9e de lecture estim\u00e9e":"2 minutes"},"schema":{"@context":"https:\/\/schema.org","@graph":[{"@type":"WebPage","@id":"https:\/\/www.my-watchsite.fr\/blog\/aux-galeries-lafayette-a-paris-n59\/","url":"https:\/\/www.my-watchsite.fr\/blog\/aux-galeries-lafayette-a-paris-n59\/","name":"Aux Galeries Lafayette \u00e0 Paris - MyWatch FR","isPartOf":{"@id":"https:\/\/www.my-watchsite.fr\/blog\/#website"},"datePublished":"2010-11-28T23:00:00+00:00","dateModified":"2010-11-28T23:00:00+00:00","author":{"@id":"https:\/\/www.my-watchsite.fr\/blog\/#\/schema\/person\/67e19b3e3d014465042ff1be1c9fcf44"},"breadcrumb":{"@id":"https:\/\/www.my-watchsite.fr\/blog\/aux-galeries-lafayette-a-paris-n59\/#breadcrumb"},"inLanguage":"fr-FR","potentialAction":[{"@type":"ReadAction","target":["https:\/\/www.my-watchsite.fr\/blog\/aux-galeries-lafayette-a-paris-n59\/"]}]},{"@type":"BreadcrumbList","@id":"https:\/\/www.my-watchsite.fr\/blog\/aux-galeries-lafayette-a-paris-n59\/#breadcrumb","itemListElement":[{"@type":"ListItem","position":1,"name":"Accueil","item":"https:\/\/www.my-watchsite.fr\/blog\/"},{"@type":"ListItem","position":2,"name":"Aux Galeries Lafayette \u00e0 Paris"}]},{"@type":"WebSite","@id":"https:\/\/www.my-watchsite.fr\/blog\/#website","url":"https:\/\/www.my-watchsite.fr\/blog\/","name":"MyWatch FR","description":"Make Time a Lifestyle","potentialAction":[{"@type":"SearchAction","target":{"@type":"EntryPoint","urlTemplate":"https:\/\/www.my-watchsite.fr\/blog\/?s={search_term_string}"},"query-input":"required name=search_term_string"}],"inLanguage":"fr-FR"},{"@type":"Person","@id":"https:\/\/www.my-watchsite.fr\/blog\/#\/schema\/person\/67e19b3e3d014465042ff1be1c9fcf44","name":"MyWatch","image":{"@type":"ImageObject","inLanguage":"fr-FR","@id":"https:\/\/www.my-watchsite.fr\/blog\/#\/schema\/person\/image\/","url":"https:\/\/secure.gravatar.com\/avatar\/e52d1e94806c54826c863f554ca1dd2a?s=96&d=mm&r=g","contentUrl":"https:\/\/secure.gravatar.com\/avatar\/e52d1e94806c54826c863f554ca1dd2a?s=96&d=mm&r=g","caption":"MyWatch"},"sameAs":["https:\/\/www.my-watchsite.fr\/blog"]}]}},"_links":{"self":[{"href":"https:\/\/www.my-watchsite.fr\/blog\/wp-json\/wp\/v2\/posts\/239"}],"collection":[{"href":"https:\/\/www.my-watchsite.fr\/blog\/wp-json\/wp\/v2\/posts"}],"about":[{"href":"https:\/\/www.my-watchsite.fr\/blog\/wp-json\/wp\/v2\/types\/post"}],"author":[{"embeddable":true,"href":"https:\/\/www.my-watchsite.fr\/blog\/wp-json\/wp\/v2\/users\/1"}],"replies":[{"embeddable":true,"href":"https:\/\/www.my-watchsite.fr\/blog\/wp-json\/wp\/v2\/comments?post=239"}],"version-history":[{"count":0,"href":"https:\/\/www.my-watchsite.fr\/blog\/wp-json\/wp\/v2\/posts\/239\/revisions"}],"wp:featuredmedia":[{"embeddable":true,"href":"https:\/\/www.my-watchsite.fr\/blog\/wp-json\/wp\/v2\/media\/240"}],"wp:attachment":[{"href":"https:\/\/www.my-watchsite.fr\/blog\/wp-json\/wp\/v2\/media?parent=239"}],"wp:term":[{"taxonomy":"category","embeddable":true,"href":"https:\/\/www.my-watchsite.fr\/blog\/wp-json\/wp\/v2\/categories?post=239"},{"taxonomy":"post_tag","embeddable":true,"href":"https:\/\/www.my-watchsite.fr\/blog\/wp-json\/wp\/v2\/tags?post=239"}],"curies":[{"name":"wp","href":"https:\/\/api.w.org\/{rel}","templated":true}]}}