{"id":2403,"date":"2014-02-14T00:00:00","date_gmt":"2014-02-13T23:00:00","guid":{"rendered":"https:\/\/www.my-watchsite.fr\/blog\/blog\/rado-et-le-design-n604\/"},"modified":"2014-02-14T00:00:00","modified_gmt":"2014-02-13T23:00:00","slug":"rado-et-le-design-n604","status":"publish","type":"post","link":"https:\/\/www.my-watchsite.fr\/blog\/rado-et-le-design-n604\/","title":{"rendered":"Rado et le design"},"content":{"rendered":"<div>Rado est une marque connue depuis longtemps pour son association au monde du design avec son soutient d&rsquo;initiatives dans le domaine du design ainsi que des jeunes talents par le biais de ses concours Rado Star Prize et a par ailleurs gagnant de 30 prix internationaux de design. Rado annonce aujourd&rsquo;hui son titre de World Design Partner officiel pour le prestigieux \u00e9v\u00e8nement World Design Capital, qui se tiendra au Cap en 2014 et dont le coup d&rsquo;envoi a \u00e9t\u00e9 donn\u00e9 le 31 d\u00e9cembre 2013 avec un Nouvel An plac\u00e9 sous le signe du design au Cap.<\/div>\n<div>Choisie parmi de nombreux et solides concurrents, Le Cap est la derni\u00e8re ville apr\u00e8s Helsinki, S\u00e9oul et Turin \u00e0 avoir \u00e9t\u00e9 d\u00e9sign\u00e9e World Design Capital par l&rsquo;International Council of Societies of Industrial Design (ICSID). La s\u00e9lection de la WDC est effectu\u00e9e tous les deux ans et le programme dure 12 mois entiers.<\/div>\n<div>World Design Capital reconna\u00eet la valeur des id\u00e9es v\u00e9hicul\u00e9es par le design et s&rsquo;engage \u00e0 utiliser le design comme un outil de d\u00e9veloppement social, culturel et \u00e9conomique.<\/div>\n<div><strong>Une passion pour le design <\/strong><\/div>\n<div>En sa qualit\u00e9 de World Design Partner, la marque pionni\u00e8re Rado participera \u00e0 de nombreuses activit\u00e9s en 2014 en Afrique du Sud, et notamment des \u00e9v\u00e8nements phares. El\u00e9ment de l&rsquo;initiative, le branding Rado appara\u00eetra \u00e9galement \u00e0 travers la ville et sur des supports publicitaires en 2014.<\/div>\n<div>Au sujet du partenariat, le CEO de Rado, Matthias Breschan, a d\u00e9clar\u00e9: \u00abRado est une marque bien connue dans les milieux du design, pour le soutien qu&rsquo;elle apporte aux jeunes talents ainsi que pour l&rsquo;originalit\u00e9 de ses montres, nombreuses \u00e0 avoir \u00e9t\u00e9 prim\u00e9es. Nous sommes convaincus que ce nouveau partenariat avec World Design Capital est important afin de promouvoir le caract\u00e8re universel du design ainsi que de souligner la passion de Rado pour le design, sous toutes ses formes.\u00bb <\/div>\n<div><strong>A propos de Rado <\/strong><\/div>\n<div>Rado est une marque reconnue sur le plan mondial, c\u00e9l\u00e8bre pour son design novateur et son utilisation de mat\u00e9riaux r\u00e9volutionnaires. Son ambition est de cr\u00e9er des montres parmi les plus durables au monde. Depuis ses tout premiers d\u00e9buts \u00e0 Longeau en Suisse, Rado a fait preuve d&rsquo;un esprit de pionnier et a continu\u00e9 \u00e0 incarner jusqu&rsquo;\u00e0 aujourd&rsquo;hui, dans la r\u00e9alit\u00e9, la philosophie de la marque: \u00abSi nous pouvons l&rsquo;imaginer, nous pouvons le faire\u00bb.<\/div>\n<div><strong>A propos de WDC <\/strong><\/div>\n<div>En tant que World Design Capital 2014, Le Cap a l&rsquo;occasion de montrer ses r\u00e9alisations et aspirations par le biais du design, dans le but global de cr\u00e9er des villes \u00abmeilleures\u00bb pour les habitants et de promouvoir le design au sens large du terme. Les th\u00e9matiques de 2014 incluent d&rsquo;explorer les id\u00e9es africaines qui pourraient \u00eatre profitables au monde, notamment le d\u00e9veloppement durable, et d&rsquo;encourager un design qui \u00abreconnecte\u00bb la ville et r\u00e9concilie ses communaut\u00e9s.<\/div>\n<ul>\n<li><img decoding=\"async\" src=\"https:\/\/www.my-watchsite.fr\/blog\/wp-content\/uploads\/2020\/08\/604_1814.jpg\" alt=\"Rado est fi\u00e8re d'\u00eatre le World Design Partner pour la World Design Capital Le Cap 2014 \" \/><\/li>\n<\/ul>\n","protected":false},"excerpt":{"rendered":"<p>Rado est une marque connue depuis longtemps pour son association au monde du design avec son soutient d&rsquo;initiatives dans le domaine du design ainsi que des jeunes talents par le biais de ses concours Rado Star Prize et a par ailleurs gagnant de 30 prix internationaux de design. Rado annonce aujourd&rsquo;hui son titre de World [&hellip;]<\/p>\n","protected":false},"author":1,"featured_media":2405,"comment_status":"closed","ping_status":"closed","sticky":false,"template":"","format":"standard","meta":{"footnotes":""},"categories":[2],"tags":[71],"acf":[],"yoast_head":"<!-- This site is optimized with the Yoast SEO plugin v20.4 - https:\/\/yoast.com\/wordpress\/plugins\/seo\/ -->\n<title>Rado et le design - MyWatch FR<\/title>\n<meta name=\"robots\" content=\"index, follow, max-snippet:-1, max-image-preview:large, max-video-preview:-1\" \/>\n<link rel=\"canonical\" href=\"https:\/\/www.my-watchsite.fr\/blog\/rado-et-le-design-n604\/\" \/>\n<meta property=\"og:locale\" content=\"fr_FR\" \/>\n<meta property=\"og:type\" content=\"article\" \/>\n<meta property=\"og:title\" content=\"Rado et le design - MyWatch FR\" \/>\n<meta property=\"og:description\" content=\"Rado est une marque connue depuis longtemps pour son association au monde du design avec son soutient d&rsquo;initiatives dans le domaine du design ainsi que des jeunes talents par le biais de ses concours Rado Star Prize et a par ailleurs gagnant de 30 prix internationaux de design. Rado annonce aujourd&rsquo;hui son titre de World [&hellip;]\" \/>\n<meta property=\"og:url\" content=\"https:\/\/www.my-watchsite.fr\/blog\/rado-et-le-design-n604\/\" \/>\n<meta property=\"og:site_name\" content=\"MyWatch FR\" \/>\n<meta property=\"article:publisher\" content=\"https:\/\/www.facebook.com\/mywatchsite\/\" \/>\n<meta property=\"article:published_time\" content=\"2014-02-13T23:00:00+00:00\" \/>\n<meta property=\"og:image\" content=\"https:\/\/www.my-watchsite.fr\/blog\/wp-content\/uploads\/2020\/08\/thumb_604.jpg\" \/>\n\t<meta property=\"og:image:width\" content=\"654\" \/>\n\t<meta property=\"og:image:height\" content=\"435\" \/>\n\t<meta property=\"og:image:type\" content=\"image\/jpeg\" \/>\n<meta name=\"author\" content=\"MyWatch\" \/>\n<meta name=\"twitter:card\" content=\"summary_large_image\" \/>\n<meta name=\"twitter:creator\" content=\"@mywatchsite\" \/>\n<meta name=\"twitter:site\" content=\"@mywatchsite\" \/>\n<meta name=\"twitter:label1\" content=\"\u00c9crit par\" \/>\n\t<meta name=\"twitter:data1\" content=\"MyWatch\" \/>\n\t<meta name=\"twitter:label2\" content=\"Dur\u00e9e de lecture estim\u00e9e\" \/>\n\t<meta name=\"twitter:data2\" content=\"2 minutes\" \/>\n<script type=\"application\/ld+json\" class=\"yoast-schema-graph\">{\"@context\":\"https:\/\/schema.org\",\"@graph\":[{\"@type\":\"WebPage\",\"@id\":\"https:\/\/www.my-watchsite.fr\/blog\/rado-et-le-design-n604\/\",\"url\":\"https:\/\/www.my-watchsite.fr\/blog\/rado-et-le-design-n604\/\",\"name\":\"Rado et le design - MyWatch FR\",\"isPartOf\":{\"@id\":\"https:\/\/www.my-watchsite.fr\/blog\/#website\"},\"datePublished\":\"2014-02-13T23:00:00+00:00\",\"dateModified\":\"2014-02-13T23:00:00+00:00\",\"author\":{\"@id\":\"https:\/\/www.my-watchsite.fr\/blog\/#\/schema\/person\/67e19b3e3d014465042ff1be1c9fcf44\"},\"breadcrumb\":{\"@id\":\"https:\/\/www.my-watchsite.fr\/blog\/rado-et-le-design-n604\/#breadcrumb\"},\"inLanguage\":\"fr-FR\",\"potentialAction\":[{\"@type\":\"ReadAction\",\"target\":[\"https:\/\/www.my-watchsite.fr\/blog\/rado-et-le-design-n604\/\"]}]},{\"@type\":\"BreadcrumbList\",\"@id\":\"https:\/\/www.my-watchsite.fr\/blog\/rado-et-le-design-n604\/#breadcrumb\",\"itemListElement\":[{\"@type\":\"ListItem\",\"position\":1,\"name\":\"Accueil\",\"item\":\"https:\/\/www.my-watchsite.fr\/blog\/\"},{\"@type\":\"ListItem\",\"position\":2,\"name\":\"Rado et le design\"}]},{\"@type\":\"WebSite\",\"@id\":\"https:\/\/www.my-watchsite.fr\/blog\/#website\",\"url\":\"https:\/\/www.my-watchsite.fr\/blog\/\",\"name\":\"MyWatch FR\",\"description\":\"Make Time a Lifestyle\",\"potentialAction\":[{\"@type\":\"SearchAction\",\"target\":{\"@type\":\"EntryPoint\",\"urlTemplate\":\"https:\/\/www.my-watchsite.fr\/blog\/?s={search_term_string}\"},\"query-input\":\"required name=search_term_string\"}],\"inLanguage\":\"fr-FR\"},{\"@type\":\"Person\",\"@id\":\"https:\/\/www.my-watchsite.fr\/blog\/#\/schema\/person\/67e19b3e3d014465042ff1be1c9fcf44\",\"name\":\"MyWatch\",\"image\":{\"@type\":\"ImageObject\",\"inLanguage\":\"fr-FR\",\"@id\":\"https:\/\/www.my-watchsite.fr\/blog\/#\/schema\/person\/image\/\",\"url\":\"https:\/\/secure.gravatar.com\/avatar\/e52d1e94806c54826c863f554ca1dd2a?s=96&d=mm&r=g\",\"contentUrl\":\"https:\/\/secure.gravatar.com\/avatar\/e52d1e94806c54826c863f554ca1dd2a?s=96&d=mm&r=g\",\"caption\":\"MyWatch\"},\"sameAs\":[\"https:\/\/www.my-watchsite.fr\/blog\"]}]}<\/script>\n<!-- \/ Yoast SEO plugin. -->","yoast_head_json":{"title":"Rado et le design - MyWatch FR","robots":{"index":"index","follow":"follow","max-snippet":"max-snippet:-1","max-image-preview":"max-image-preview:large","max-video-preview":"max-video-preview:-1"},"canonical":"https:\/\/www.my-watchsite.fr\/blog\/rado-et-le-design-n604\/","og_locale":"fr_FR","og_type":"article","og_title":"Rado et le design - MyWatch FR","og_description":"Rado est une marque connue depuis longtemps pour son association au monde du design avec son soutient d&rsquo;initiatives dans le domaine du design ainsi que des jeunes talents par le biais de ses concours Rado Star Prize et a par ailleurs gagnant de 30 prix internationaux de design. Rado annonce aujourd&rsquo;hui son titre de World [&hellip;]","og_url":"https:\/\/www.my-watchsite.fr\/blog\/rado-et-le-design-n604\/","og_site_name":"MyWatch FR","article_publisher":"https:\/\/www.facebook.com\/mywatchsite\/","article_published_time":"2014-02-13T23:00:00+00:00","og_image":[{"width":654,"height":435,"url":"https:\/\/www.my-watchsite.fr\/blog\/wp-content\/uploads\/2020\/08\/thumb_604.jpg","type":"image\/jpeg"}],"author":"MyWatch","twitter_card":"summary_large_image","twitter_creator":"@mywatchsite","twitter_site":"@mywatchsite","twitter_misc":{"\u00c9crit par":"MyWatch","Dur\u00e9e de lecture estim\u00e9e":"2 minutes"},"schema":{"@context":"https:\/\/schema.org","@graph":[{"@type":"WebPage","@id":"https:\/\/www.my-watchsite.fr\/blog\/rado-et-le-design-n604\/","url":"https:\/\/www.my-watchsite.fr\/blog\/rado-et-le-design-n604\/","name":"Rado et le design - MyWatch FR","isPartOf":{"@id":"https:\/\/www.my-watchsite.fr\/blog\/#website"},"datePublished":"2014-02-13T23:00:00+00:00","dateModified":"2014-02-13T23:00:00+00:00","author":{"@id":"https:\/\/www.my-watchsite.fr\/blog\/#\/schema\/person\/67e19b3e3d014465042ff1be1c9fcf44"},"breadcrumb":{"@id":"https:\/\/www.my-watchsite.fr\/blog\/rado-et-le-design-n604\/#breadcrumb"},"inLanguage":"fr-FR","potentialAction":[{"@type":"ReadAction","target":["https:\/\/www.my-watchsite.fr\/blog\/rado-et-le-design-n604\/"]}]},{"@type":"BreadcrumbList","@id":"https:\/\/www.my-watchsite.fr\/blog\/rado-et-le-design-n604\/#breadcrumb","itemListElement":[{"@type":"ListItem","position":1,"name":"Accueil","item":"https:\/\/www.my-watchsite.fr\/blog\/"},{"@type":"ListItem","position":2,"name":"Rado et le design"}]},{"@type":"WebSite","@id":"https:\/\/www.my-watchsite.fr\/blog\/#website","url":"https:\/\/www.my-watchsite.fr\/blog\/","name":"MyWatch FR","description":"Make Time a Lifestyle","potentialAction":[{"@type":"SearchAction","target":{"@type":"EntryPoint","urlTemplate":"https:\/\/www.my-watchsite.fr\/blog\/?s={search_term_string}"},"query-input":"required name=search_term_string"}],"inLanguage":"fr-FR"},{"@type":"Person","@id":"https:\/\/www.my-watchsite.fr\/blog\/#\/schema\/person\/67e19b3e3d014465042ff1be1c9fcf44","name":"MyWatch","image":{"@type":"ImageObject","inLanguage":"fr-FR","@id":"https:\/\/www.my-watchsite.fr\/blog\/#\/schema\/person\/image\/","url":"https:\/\/secure.gravatar.com\/avatar\/e52d1e94806c54826c863f554ca1dd2a?s=96&d=mm&r=g","contentUrl":"https:\/\/secure.gravatar.com\/avatar\/e52d1e94806c54826c863f554ca1dd2a?s=96&d=mm&r=g","caption":"MyWatch"},"sameAs":["https:\/\/www.my-watchsite.fr\/blog"]}]}},"_links":{"self":[{"href":"https:\/\/www.my-watchsite.fr\/blog\/wp-json\/wp\/v2\/posts\/2403"}],"collection":[{"href":"https:\/\/www.my-watchsite.fr\/blog\/wp-json\/wp\/v2\/posts"}],"about":[{"href":"https:\/\/www.my-watchsite.fr\/blog\/wp-json\/wp\/v2\/types\/post"}],"author":[{"embeddable":true,"href":"https:\/\/www.my-watchsite.fr\/blog\/wp-json\/wp\/v2\/users\/1"}],"replies":[{"embeddable":true,"href":"https:\/\/www.my-watchsite.fr\/blog\/wp-json\/wp\/v2\/comments?post=2403"}],"version-history":[{"count":0,"href":"https:\/\/www.my-watchsite.fr\/blog\/wp-json\/wp\/v2\/posts\/2403\/revisions"}],"wp:featuredmedia":[{"embeddable":true,"href":"https:\/\/www.my-watchsite.fr\/blog\/wp-json\/wp\/v2\/media\/2405"}],"wp:attachment":[{"href":"https:\/\/www.my-watchsite.fr\/blog\/wp-json\/wp\/v2\/media?parent=2403"}],"wp:term":[{"taxonomy":"category","embeddable":true,"href":"https:\/\/www.my-watchsite.fr\/blog\/wp-json\/wp\/v2\/categories?post=2403"},{"taxonomy":"post_tag","embeddable":true,"href":"https:\/\/www.my-watchsite.fr\/blog\/wp-json\/wp\/v2\/tags?post=2403"}],"curies":[{"name":"wp","href":"https:\/\/api.w.org\/{rel}","templated":true}]}}