{"id":2411,"date":"2014-02-21T00:00:00","date_gmt":"2014-02-20T23:00:00","guid":{"rendered":"https:\/\/www.my-watchsite.fr\/blog\/blog\/sur-les-traces-du-poincon-de-geneve-n606\/"},"modified":"2014-02-21T00:00:00","modified_gmt":"2014-02-20T23:00:00","slug":"sur-les-traces-du-poincon-de-geneve-n606","status":"publish","type":"post","link":"https:\/\/www.my-watchsite.fr\/blog\/sur-les-traces-du-poincon-de-geneve-n606\/","title":{"rendered":"Sur les traces du Poin\u00e7on de Gen\u00e8ve"},"content":{"rendered":"<p><strong>QUI SONT LES HERITIERS DE L\u2019EXCELLENCE &lsquo;<\/p>\n<p><\/strong>Que sait-on des montres portant le Poin\u00e7on de Gen\u00e8ve &lsquo; Si les registres des Archives Cantonales de Gen\u00e8ve mentionnent le mod\u00e8le, le num\u00e9ro du calibre et d\u2019autres renseignements permettant d\u2019identifier le garde-temps, aucune information n\u2019est indiqu\u00e9e sur les circonstances de l\u2019achat. Rien non plus sur leur devenir. O\u00f9 sont-elles&rsquo; Qui les portent &lsquo; Leurs propri\u00e9taires actuels savent-ils que certaines pi\u00e8ces ont plus de 125 ans &lsquo; <br \/> C\u2019est pour collecter ces informations, et reconstituer ainsi la m\u00e9moire du Poin\u00e7on, que TIMELAB a d\u00e9cid\u00e9 d\u2019inviter tous les propri\u00e9taires de montres poin\u00e7onn\u00e9es \u00e0 raconter l\u2019histoire de leur garde-temps et \u00e0 rejoindre le club des H\u00e9ritiers de l\u2019Excellence.<strong><\/p>\n<p> Retrouver la trace de ces montres c\u2019est raconter l\u2019histoire du Poin\u00e7on<\/strong><\/p>\n<p> Lanc\u00e9 dans le courant de l\u2019ann\u00e9e, le recensement s\u2019adressera \u00e0 tous les propri\u00e9taires de montres portant le Poin\u00e7on de Gen\u00e8ve. Ils devront d\u2019abord se connecter au nouveau site du <a href=\"http:\/\/www.poincondegeneve.ch\/fr\/node\/23\">Poin\u00e7on de Gen\u00e8ve<\/a> et s\u2019acquitter des formalit\u00e9s permettant \u00e0 TIMELAB de v\u00e9rifier l\u2019authenticit\u00e9 de leur garde-temps, notamment gr\u00e2ce au num\u00e9ro du certificat d\u2019origine qui accompagne chaque montre poin\u00e7onn\u00e9e, ou \u00e0 l\u2019aide des \u00e9l\u00e9ments indiqu\u00e9s sur la montre elle-m\u00eame (marque, num\u00e9ro de la bo\u00eete et du mouvement, r\u00e9f\u00e9rence de la montre et du calibre).<br \/> Ils seront ensuite invit\u00e9s \u00e0 raconter le lieu et les circonstances de l\u2019acquisition : \u00e9tait-ce \u00e0 Gen\u00e8ve &lsquo; Un h\u00e9ritage ou un cadeau &lsquo; La montre a-t-elle \u00e9t\u00e9 transmise aux descendants du propri\u00e9taire initial &lsquo; Depuis combien d\u2019ann\u00e9es est-elle dans la famille &lsquo; Les h\u00e9ritiers ont-ils conscience d\u2019\u00eatre les d\u00e9positaires d\u2019un patrimoine horloger inestimable aux yeux des amateurs de belle horlogerie &lsquo; Enfin, pour remercier les participants au recensement, un concours &#8211; dont les modalit\u00e9s seront d\u00e9voil\u00e9es prochainement \u2013 sera organis\u00e9. Les gagnants seront re\u00e7us par TIMELAB \u00e0 Gen\u00e8ve. Ils visiteront une manufacture genevoise, suivront un cours d\u2019horlogerie et pourront consulter les registres d\u00e9tenus par les autorit\u00e9s du Canton de Gen\u00e8ve.<\/p>\n<p><strong>Les H\u00e9ritiers de l\u2019Excellence horlog\u00e8re<\/strong><\/p>\n<p> Les montres arborant le Poin\u00e7on de Gen\u00e8ve incarnent l\u2019esprit des Cabinotiers du 17\u00e8me si\u00e8cle, qui ne poursuivaient d\u2019autre but que l\u2019excellence horlog\u00e8re. Leur qualit\u00e9 est reconnue et respect\u00e9e dans le monde entier depuis la cr\u00e9ation du Poin\u00e7on, en novembre 1886. Pour leurs propri\u00e9taires, \u00eatre membre du club des H\u00e9ritiers de l\u2019Excellence c\u2019est adh\u00e9rer \u00e0 une philosophie qui tend \u00e0 pr\u00e9server, promouvoir et transmettre la grande tradition horlog\u00e8re suisse, dont le Poin\u00e7on de Gen\u00e8ve demeure la plus ancienne r\u00e9f\u00e9rence. L\u2019identit\u00e9 des H\u00e9ritiers et les informations transmises seront conserv\u00e9es par TIMELAB, dont les collaborateurs sont asserment\u00e9s par la R\u00e9publique et le Canton de Gen\u00e8ve. Tenus \u00e0 une confidentialit\u00e9 stricte et absolue, ils ont la confiance de l\u2019Etat.<\/p>\n<p><strong><a href=\"http:\/\/www.poincondegeneve.ch\">www.poincondegeneve.ch<\/a><\/strong><\/p>\n<p><strong>A propos du Poin\u00e7on de Gen\u00e8ve<\/strong><br \/> Cr\u00e9\u00e9 en 1886 par le Grand Conseil de la R\u00e9publique et du Canton de Gen\u00e8ve, le Poin\u00e7on de Gen\u00e8ve est le plus ancien certificat horloger connu. Depuis sa refonte de 2011, il est \u00e9galement le seul label officiel dont la garantie couvre la bienfacture, la pr\u00e9cision chronom\u00e9trique et le bon fonctionnement des principales fonctions de chaque montre certifi\u00e9e.<br \/> Le Poin\u00e7on aujourd\u2019hui, c\u2019est plus de 125 ans d\u2019histoire et 1 300 000 montres dans le monde.<strong><\/p>\n<p> A propos de TIMELAB<\/strong><br \/> TIMELAB &#8211; <a href=\"http:\/\/www.timelab.ch\/node\/35\">Fondation<\/a> du Laboratoire d\u2019Horlogerie et de Microtechnique de Gen\u00e8ve est une fondation de droit priv\u00e9, \u00e9manant de la loi I 1 25 de la R\u00e9publique et du Canton de Gen\u00e8ve. Par cette loi \u00e9rig\u00e9e en 1886, l\u2019Etat de Gen\u00e8ve d\u00e9l\u00e8gue les diff\u00e9rentes certifications horlog\u00e8res aux collaborateurs asserment\u00e9s de TIMELAB, qui se portent garant du respect de la philosophie du Poin\u00e7on de Gen\u00e8ve et des crit\u00e8res d\u00e9finis par la Commission Technique.<\/p>\n<ul>\n<li><img decoding=\"async\" src=\"https:\/\/www.my-watchsite.fr\/blog\/wp-content\/uploads\/2020\/08\/606_1819.jpg\" alt=\"TIMELAB se lance sur les trace du Poin\u00e7oinde Gen\u00e8ve\" \/><\/li>\n<\/ul>\n","protected":false},"excerpt":{"rendered":"<p>QUI SONT LES HERITIERS DE L\u2019EXCELLENCE &lsquo; Que sait-on des montres portant le Poin\u00e7on de Gen\u00e8ve &lsquo; Si les registres des Archives Cantonales de Gen\u00e8ve mentionnent le mod\u00e8le, le num\u00e9ro du calibre et d\u2019autres renseignements permettant d\u2019identifier le garde-temps, aucune information n\u2019est indiqu\u00e9e sur les circonstances de l\u2019achat. Rien non plus sur leur devenir. O\u00f9 [&hellip;]<\/p>\n","protected":false},"author":1,"featured_media":2412,"comment_status":"closed","ping_status":"closed","sticky":false,"template":"","format":"standard","meta":{"footnotes":""},"categories":[2],"tags":[],"acf":[],"yoast_head":"<!-- This site is optimized with the Yoast SEO plugin v20.4 - https:\/\/yoast.com\/wordpress\/plugins\/seo\/ -->\n<title>Sur les traces du Poin\u00e7on de Gen\u00e8ve - MyWatch FR<\/title>\n<meta name=\"robots\" content=\"index, follow, max-snippet:-1, max-image-preview:large, max-video-preview:-1\" \/>\n<link rel=\"canonical\" href=\"https:\/\/www.my-watchsite.fr\/blog\/sur-les-traces-du-poincon-de-geneve-n606\/\" \/>\n<meta property=\"og:locale\" content=\"fr_FR\" \/>\n<meta property=\"og:type\" content=\"article\" \/>\n<meta property=\"og:title\" content=\"Sur les traces du Poin\u00e7on de Gen\u00e8ve - MyWatch FR\" \/>\n<meta property=\"og:description\" content=\"QUI SONT LES HERITIERS DE L\u2019EXCELLENCE &lsquo; Que sait-on des montres portant le Poin\u00e7on de Gen\u00e8ve &lsquo; Si les registres des Archives Cantonales de Gen\u00e8ve mentionnent le mod\u00e8le, le num\u00e9ro du calibre et d\u2019autres renseignements permettant d\u2019identifier le garde-temps, aucune information n\u2019est indiqu\u00e9e sur les circonstances de l\u2019achat. Rien non plus sur leur devenir. O\u00f9 [&hellip;]\" \/>\n<meta property=\"og:url\" content=\"https:\/\/www.my-watchsite.fr\/blog\/sur-les-traces-du-poincon-de-geneve-n606\/\" \/>\n<meta property=\"og:site_name\" content=\"MyWatch FR\" \/>\n<meta property=\"article:publisher\" content=\"https:\/\/www.facebook.com\/mywatchsite\/\" \/>\n<meta property=\"article:published_time\" content=\"2014-02-20T23:00:00+00:00\" \/>\n<meta property=\"og:image\" content=\"https:\/\/www.my-watchsite.fr\/blog\/wp-content\/uploads\/2020\/08\/606_1819.jpg\" \/>\n\t<meta property=\"og:image:width\" content=\"450\" \/>\n\t<meta property=\"og:image:height\" content=\"239\" \/>\n\t<meta property=\"og:image:type\" content=\"image\/jpeg\" \/>\n<meta name=\"author\" content=\"MyWatch\" \/>\n<meta name=\"twitter:card\" content=\"summary_large_image\" \/>\n<meta name=\"twitter:creator\" content=\"@mywatchsite\" \/>\n<meta name=\"twitter:site\" content=\"@mywatchsite\" \/>\n<meta name=\"twitter:label1\" content=\"\u00c9crit par\" \/>\n\t<meta name=\"twitter:data1\" content=\"MyWatch\" \/>\n\t<meta name=\"twitter:label2\" content=\"Dur\u00e9e de lecture estim\u00e9e\" \/>\n\t<meta name=\"twitter:data2\" content=\"4 minutes\" \/>\n<script type=\"application\/ld+json\" class=\"yoast-schema-graph\">{\"@context\":\"https:\/\/schema.org\",\"@graph\":[{\"@type\":\"WebPage\",\"@id\":\"https:\/\/www.my-watchsite.fr\/blog\/sur-les-traces-du-poincon-de-geneve-n606\/\",\"url\":\"https:\/\/www.my-watchsite.fr\/blog\/sur-les-traces-du-poincon-de-geneve-n606\/\",\"name\":\"Sur les traces du Poin\u00e7on de Gen\u00e8ve - MyWatch FR\",\"isPartOf\":{\"@id\":\"https:\/\/www.my-watchsite.fr\/blog\/#website\"},\"datePublished\":\"2014-02-20T23:00:00+00:00\",\"dateModified\":\"2014-02-20T23:00:00+00:00\",\"author\":{\"@id\":\"https:\/\/www.my-watchsite.fr\/blog\/#\/schema\/person\/67e19b3e3d014465042ff1be1c9fcf44\"},\"breadcrumb\":{\"@id\":\"https:\/\/www.my-watchsite.fr\/blog\/sur-les-traces-du-poincon-de-geneve-n606\/#breadcrumb\"},\"inLanguage\":\"fr-FR\",\"potentialAction\":[{\"@type\":\"ReadAction\",\"target\":[\"https:\/\/www.my-watchsite.fr\/blog\/sur-les-traces-du-poincon-de-geneve-n606\/\"]}]},{\"@type\":\"BreadcrumbList\",\"@id\":\"https:\/\/www.my-watchsite.fr\/blog\/sur-les-traces-du-poincon-de-geneve-n606\/#breadcrumb\",\"itemListElement\":[{\"@type\":\"ListItem\",\"position\":1,\"name\":\"Accueil\",\"item\":\"https:\/\/www.my-watchsite.fr\/blog\/\"},{\"@type\":\"ListItem\",\"position\":2,\"name\":\"Sur les traces du Poin\u00e7on de Gen\u00e8ve\"}]},{\"@type\":\"WebSite\",\"@id\":\"https:\/\/www.my-watchsite.fr\/blog\/#website\",\"url\":\"https:\/\/www.my-watchsite.fr\/blog\/\",\"name\":\"MyWatch FR\",\"description\":\"Make Time a Lifestyle\",\"potentialAction\":[{\"@type\":\"SearchAction\",\"target\":{\"@type\":\"EntryPoint\",\"urlTemplate\":\"https:\/\/www.my-watchsite.fr\/blog\/?s={search_term_string}\"},\"query-input\":\"required name=search_term_string\"}],\"inLanguage\":\"fr-FR\"},{\"@type\":\"Person\",\"@id\":\"https:\/\/www.my-watchsite.fr\/blog\/#\/schema\/person\/67e19b3e3d014465042ff1be1c9fcf44\",\"name\":\"MyWatch\",\"image\":{\"@type\":\"ImageObject\",\"inLanguage\":\"fr-FR\",\"@id\":\"https:\/\/www.my-watchsite.fr\/blog\/#\/schema\/person\/image\/\",\"url\":\"https:\/\/secure.gravatar.com\/avatar\/e52d1e94806c54826c863f554ca1dd2a?s=96&d=mm&r=g\",\"contentUrl\":\"https:\/\/secure.gravatar.com\/avatar\/e52d1e94806c54826c863f554ca1dd2a?s=96&d=mm&r=g\",\"caption\":\"MyWatch\"},\"sameAs\":[\"https:\/\/www.my-watchsite.fr\/blog\"]}]}<\/script>\n<!-- \/ Yoast SEO plugin. -->","yoast_head_json":{"title":"Sur les traces du Poin\u00e7on de Gen\u00e8ve - MyWatch FR","robots":{"index":"index","follow":"follow","max-snippet":"max-snippet:-1","max-image-preview":"max-image-preview:large","max-video-preview":"max-video-preview:-1"},"canonical":"https:\/\/www.my-watchsite.fr\/blog\/sur-les-traces-du-poincon-de-geneve-n606\/","og_locale":"fr_FR","og_type":"article","og_title":"Sur les traces du Poin\u00e7on de Gen\u00e8ve - MyWatch FR","og_description":"QUI SONT LES HERITIERS DE L\u2019EXCELLENCE &lsquo; Que sait-on des montres portant le Poin\u00e7on de Gen\u00e8ve &lsquo; Si les registres des Archives Cantonales de Gen\u00e8ve mentionnent le mod\u00e8le, le num\u00e9ro du calibre et d\u2019autres renseignements permettant d\u2019identifier le garde-temps, aucune information n\u2019est indiqu\u00e9e sur les circonstances de l\u2019achat. Rien non plus sur leur devenir. O\u00f9 [&hellip;]","og_url":"https:\/\/www.my-watchsite.fr\/blog\/sur-les-traces-du-poincon-de-geneve-n606\/","og_site_name":"MyWatch FR","article_publisher":"https:\/\/www.facebook.com\/mywatchsite\/","article_published_time":"2014-02-20T23:00:00+00:00","og_image":[{"width":450,"height":239,"url":"https:\/\/www.my-watchsite.fr\/blog\/wp-content\/uploads\/2020\/08\/606_1819.jpg","type":"image\/jpeg"}],"author":"MyWatch","twitter_card":"summary_large_image","twitter_creator":"@mywatchsite","twitter_site":"@mywatchsite","twitter_misc":{"\u00c9crit par":"MyWatch","Dur\u00e9e de lecture estim\u00e9e":"4 minutes"},"schema":{"@context":"https:\/\/schema.org","@graph":[{"@type":"WebPage","@id":"https:\/\/www.my-watchsite.fr\/blog\/sur-les-traces-du-poincon-de-geneve-n606\/","url":"https:\/\/www.my-watchsite.fr\/blog\/sur-les-traces-du-poincon-de-geneve-n606\/","name":"Sur les traces du Poin\u00e7on de Gen\u00e8ve - MyWatch FR","isPartOf":{"@id":"https:\/\/www.my-watchsite.fr\/blog\/#website"},"datePublished":"2014-02-20T23:00:00+00:00","dateModified":"2014-02-20T23:00:00+00:00","author":{"@id":"https:\/\/www.my-watchsite.fr\/blog\/#\/schema\/person\/67e19b3e3d014465042ff1be1c9fcf44"},"breadcrumb":{"@id":"https:\/\/www.my-watchsite.fr\/blog\/sur-les-traces-du-poincon-de-geneve-n606\/#breadcrumb"},"inLanguage":"fr-FR","potentialAction":[{"@type":"ReadAction","target":["https:\/\/www.my-watchsite.fr\/blog\/sur-les-traces-du-poincon-de-geneve-n606\/"]}]},{"@type":"BreadcrumbList","@id":"https:\/\/www.my-watchsite.fr\/blog\/sur-les-traces-du-poincon-de-geneve-n606\/#breadcrumb","itemListElement":[{"@type":"ListItem","position":1,"name":"Accueil","item":"https:\/\/www.my-watchsite.fr\/blog\/"},{"@type":"ListItem","position":2,"name":"Sur les traces du Poin\u00e7on de Gen\u00e8ve"}]},{"@type":"WebSite","@id":"https:\/\/www.my-watchsite.fr\/blog\/#website","url":"https:\/\/www.my-watchsite.fr\/blog\/","name":"MyWatch FR","description":"Make Time a Lifestyle","potentialAction":[{"@type":"SearchAction","target":{"@type":"EntryPoint","urlTemplate":"https:\/\/www.my-watchsite.fr\/blog\/?s={search_term_string}"},"query-input":"required name=search_term_string"}],"inLanguage":"fr-FR"},{"@type":"Person","@id":"https:\/\/www.my-watchsite.fr\/blog\/#\/schema\/person\/67e19b3e3d014465042ff1be1c9fcf44","name":"MyWatch","image":{"@type":"ImageObject","inLanguage":"fr-FR","@id":"https:\/\/www.my-watchsite.fr\/blog\/#\/schema\/person\/image\/","url":"https:\/\/secure.gravatar.com\/avatar\/e52d1e94806c54826c863f554ca1dd2a?s=96&d=mm&r=g","contentUrl":"https:\/\/secure.gravatar.com\/avatar\/e52d1e94806c54826c863f554ca1dd2a?s=96&d=mm&r=g","caption":"MyWatch"},"sameAs":["https:\/\/www.my-watchsite.fr\/blog"]}]}},"_links":{"self":[{"href":"https:\/\/www.my-watchsite.fr\/blog\/wp-json\/wp\/v2\/posts\/2411"}],"collection":[{"href":"https:\/\/www.my-watchsite.fr\/blog\/wp-json\/wp\/v2\/posts"}],"about":[{"href":"https:\/\/www.my-watchsite.fr\/blog\/wp-json\/wp\/v2\/types\/post"}],"author":[{"embeddable":true,"href":"https:\/\/www.my-watchsite.fr\/blog\/wp-json\/wp\/v2\/users\/1"}],"replies":[{"embeddable":true,"href":"https:\/\/www.my-watchsite.fr\/blog\/wp-json\/wp\/v2\/comments?post=2411"}],"version-history":[{"count":0,"href":"https:\/\/www.my-watchsite.fr\/blog\/wp-json\/wp\/v2\/posts\/2411\/revisions"}],"wp:featuredmedia":[{"embeddable":true,"href":"https:\/\/www.my-watchsite.fr\/blog\/wp-json\/wp\/v2\/media\/2412"}],"wp:attachment":[{"href":"https:\/\/www.my-watchsite.fr\/blog\/wp-json\/wp\/v2\/media?parent=2411"}],"wp:term":[{"taxonomy":"category","embeddable":true,"href":"https:\/\/www.my-watchsite.fr\/blog\/wp-json\/wp\/v2\/categories?post=2411"},{"taxonomy":"post_tag","embeddable":true,"href":"https:\/\/www.my-watchsite.fr\/blog\/wp-json\/wp\/v2\/tags?post=2411"}],"curies":[{"name":"wp","href":"https:\/\/api.w.org\/{rel}","templated":true}]}}