{"id":2413,"date":"2014-02-24T00:00:00","date_gmt":"2014-02-23T23:00:00","guid":{"rendered":"https:\/\/www.my-watchsite.fr\/blog\/blog\/lecole-van-cleef-and-arpels-n607\/"},"modified":"2014-02-24T00:00:00","modified_gmt":"2014-02-23T23:00:00","slug":"lecole-van-cleef-and-arpels-n607","status":"publish","type":"post","link":"https:\/\/www.my-watchsite.fr\/blog\/lecole-van-cleef-and-arpels-n607\/","title":{"rendered":"L&rsquo;\u00c9COLE Van Cleef &#038; Arpels"},"content":{"rendered":"<div>Anim\u00e9e par une volont\u00e9 de partage et de transmission, elle poursuit son d\u00e9veloppement dans des locaux plus vastes avec une offre \u00e9largie.<\/div>\n<div>Inaugur\u00e9e en f\u00e9vrier 2012, sous l&rsquo;impulsion de sa Pr\u00e9sidente Marie Vallanet-Delhom, L&rsquo;\u00c9COLE Van Cleef &amp; Arpels s&rsquo;est distingu\u00e9e par son programme de cours novateur, destin\u00e9 \u00e0 lever le voile sur les mondes tr\u00e8s secrets de la Joaillerie et de l&rsquo;Horlogerie. Son ambition : faire comprendre intellectuellement et \u00e9motionnellement l&rsquo;\u00e2me de ces m\u00e9tiers d&rsquo;exception, permettre la ma\u00eetrise du geste \u00e0 travers l&rsquo;exp\u00e9rience personnelle, \u00e9duquer la main, le go\u00fbt et l&rsquo;oeil en s&rsquo;appuyant sur des experts passionn\u00e9s. Historiens d&rsquo;art, artisans virtuoses, joailliers exp\u00e9riment\u00e9s, gemmologues, ma\u00eetres horlogers ou historiens du temps partagent ainsi leur savoir aupr\u00e8s d&rsquo;un public venu du monde entier.<\/div>\n<div>Depuis son ouverture, L&rsquo;\u00c9COLE Van Cleef &amp; Arpels a accueilli plus de 2200 \u00e9l\u00e8ves, d&rsquo;une trentaine de nationalit\u00e9s, amoureux du beau, amateurs avertis, ou professionnels d\u00e9sireux d&rsquo;approfondir leurs connaissances. Son programme, qui s&rsquo;est enrichi au fil du temps, r\u00e9unit 13 cours d&rsquo;une dur\u00e9e de 4 heures chacun (en fran\u00e7ais et en anglais), r\u00e9partis en trois th\u00e8mes : l&rsquo;Histoire de l&rsquo;Art, le Savoir-Faire et le Monde des Pierres.<\/div>\n<div>Afin de poursuivre l&rsquo;oeuvre entam\u00e9e et de toucher un public plus large, l&rsquo;\u00c9cole a d\u00e9cid\u00e9 de s&rsquo;installer dans des locaux permanents, au coeur du quartier parisien de la Haute Joaillerie. L&rsquo;H\u00f4tel Van Cleef &amp; Arpels des M\u00e9tiers, r\u00e9cemment r\u00e9nov\u00e9 afin d&rsquo;accueillir l&rsquo;\u00c9cole, se caract\u00e9rise ainsi comme un lieu de c\u00e9l\u00e9bration des m\u00e9tiers d&rsquo;art et de transmission de l&rsquo;excellence.<\/div>\n<div><strong>Un espace et une offre \u00e9largis<\/strong><\/div>\n<div>\u00c0 partir du 28 janvier 2014, L&rsquo;\u00c9COLE Van Cleef &amp; Arpels ouvre ses portes dans de nouveaux locaux, regroupant un nombre plus important de salles et d&rsquo;ateliers, et permettant de proposer un programme enrichi. Au sein d&rsquo;un espace total de 750 m2, l&rsquo;\u00c9cole dispose d\u00e9sormais de :<\/div>\n<div>&#8211; Deux salles de cours d\u00e9di\u00e9es \u00e0 l&rsquo;Histoire de l&rsquo;Art, dont une install\u00e9e dans un majestueux salon du XVIIIe si\u00e8cle.<\/div>\n<div>&#8211; Une biblioth\u00e8que accessible \u00e0 tous les \u00e9l\u00e8ves<\/div>\n<div>&#8211; Quatre ateliers permanents :<\/div>\n<div>\u2022 un atelier de gemmologie de 36 m2<\/div>\n<div>\u2022 un atelier de joaillerie de 73 m2, pouvant accueillir jusqu&rsquo;\u00e0 16 \u00e9l\u00e8ves<\/div>\n<div>\u2022 un studio de dessin de 17 m2<\/div>\n<div>\u2022 un atelier d&rsquo;horlogerie de 46 m2<\/div>\n<div>Les diff\u00e9rents m\u00e9tiers de la Haute Joaillerie et de l&rsquo;Horlogerie sont ainsi repr\u00e9sent\u00e9s de mani\u00e8re p\u00e9renne au coeur de l&rsquo;\u00c9cole, avec un large programme qui s&rsquo;\u00e9tend de l&rsquo;Histoire de ces disciplines \u00e0 la connaissance des pierres et jusqu&rsquo;aux gestes des artisans.<\/div>\n<div><strong>Des m\u00e9thodes d&rsquo;enseignement novatrices<\/strong><\/div>\n<div>Le succ\u00e8s de L&rsquo;\u00c9COLE Van Cleef &amp; Arpels repose \u00e9galement sur sa p\u00e9dagogie innovante, offrant aux \u00e9l\u00e8ves une exp\u00e9rience compl\u00e8te, impliquante et m\u00e9morable.<\/div>\n<div>Du \u00ab cours-enqu\u00eate \u00bb, permettant d&rsquo;acqu\u00e9rir des m\u00e9thodes d&rsquo;analyse et d&rsquo;identification des gemmes, au \u00ab cours-cr\u00e9ation \u00bb, pour s&rsquo;entra\u00eener aux gestes des artisans et exp\u00e9rimenter le plaisir de la cr\u00e9ation, et jusqu&rsquo;au \u00ab cours?immersion \u00bb, invitant \u00e0 plonger dans l&rsquo;Histoire sous des angles in\u00e9dits, l&rsquo;\u00c9cole donne des clefs pour favoriser l&rsquo;apprentissage.<\/div>\n<div>Les sens sont sollicit\u00e9s pour marquer les esprits et transmettre des \u00e9motions : la vue, pour plonger au coeur des gemmes ou susciter le questionnement, l&rsquo;ou\u00efe, gr\u00e2ce \u00e0 laquelle les \u00e9l\u00e8ves imaginent l&rsquo;agitation d&rsquo;un march\u00e9 aux pierres et le crissement du lapidage, ou encore le toucher, \u00e0 travers la manipulation des objets, bijoux ou pierres.<\/div>\n<div>Les partis pris inhabituels dans la fa\u00e7on d&rsquo;aborder les cours stimulent la m\u00e9moire comme la curiosit\u00e9 et alimentent l&rsquo;envie de connaissances.<\/div>\n<div><strong>Une \u00c9cole nomade<\/strong><\/div>\n<div>Souhaitant transmettre son expertise \u00e0 travers le monde, L&rsquo;\u00c9COLE Van Cleef &amp; Arpels voyage et s&rsquo;installe temporairement dans d&rsquo;autres villes du monde. En juillet 2013, elle a ainsi pass\u00e9 deux semaines \u00e0 Tokyo, au Japon, o\u00f9 plus de 600 \u00e9l\u00e8ves enthousiastes ont \u00e9t\u00e9 accueillis.<\/div>\n<div>Fort de cette exp\u00e9rience r\u00e9ussie, le nomadisme de l&rsquo;\u00e9cole se poursuivra avec un programme d&rsquo;un voyage par an \u00e0 l&rsquo;\u00e9tranger.<\/div>\n<div><strong>L&rsquo;\u00c9cole s&rsquo;ouvre aux entreprises<\/strong><\/div>\n<div>Savoir-faire d&rsquo;exception, recherche de l&rsquo;excellence, culture de la transmission\u2026 Les m\u00e9tiers de la Joaillerie et de l&rsquo;Horlogerie sont une source d&rsquo;inspiration pour tous les professionnels. S&rsquo;ouvrant \u00e0 de nouveaux publics, L&rsquo;\u00c9COLE Van Cleef &amp; Arpels propose d\u00e9sormais aux entreprises des exp\u00e9riences uniques pour les \u00e9quipes, des apprentissages rares dans un lieu exceptionnel.<\/div>\n<div>Cours, ateliers de partage, activit\u00e9s de coh\u00e9sion, d&rsquo;innovation ou de r\u00e9solution sont ainsi con\u00e7us et organis\u00e9s sur mesure pour r\u00e9pondre aux besoins sp\u00e9cifiques des entreprises. Autant de moments exclusifs pour c\u00e9l\u00e9brer les succ\u00e8s, vivre des situations enrichissantes ou encore renforcer l&rsquo;esprit d&rsquo;\u00e9quipe.<\/div>\n<ul>\n<li><img decoding=\"async\" src=\"https:\/\/www.my-watchsite.fr\/blog\/wp-content\/uploads\/2020\/08\/607_1820.jpg\" alt=\"Bibliotheque\" \/><\/li>\n<li><img decoding=\"async\" src=\"https:\/\/www.my-watchsite.fr\/blog\/wp-content\/uploads\/2020\/08\/607_1821.jpg\" alt=\"Bibliotheque\" \/><\/li>\n<li><img decoding=\"async\" src=\"https:\/\/www.my-watchsite.fr\/blog\/wp-content\/uploads\/2020\/08\/607_1822.jpg\" alt=\"Gemmologie\" \/><\/li>\n<li><img decoding=\"async\" src=\"https:\/\/www.my-watchsite.fr\/blog\/wp-content\/uploads\/2020\/08\/607_1823.jpg\" alt=\"Gemmologie\" \/><\/li>\n<li><img decoding=\"async\" src=\"https:\/\/www.my-watchsite.fr\/blog\/wp-content\/uploads\/2020\/08\/607_1824.jpg\" alt=\"Histoire de l'art\" \/><\/li>\n<li><img decoding=\"async\" src=\"https:\/\/www.my-watchsite.fr\/blog\/wp-content\/uploads\/2020\/08\/607_1825.jpg\" alt=\"Histoire de l'art\" \/><\/li>\n<li><img decoding=\"async\" src=\"https:\/\/www.my-watchsite.fr\/blog\/wp-content\/uploads\/2020\/08\/607_1826.jpg\" alt=\"Horlogerie\" \/><\/li>\n<\/ul>\n","protected":false},"excerpt":{"rendered":"<p>Anim\u00e9e par une volont\u00e9 de partage et de transmission, elle poursuit son d\u00e9veloppement dans des locaux plus vastes avec une offre \u00e9largie. Inaugur\u00e9e en f\u00e9vrier 2012, sous l&rsquo;impulsion de sa Pr\u00e9sidente Marie Vallanet-Delhom, L&rsquo;\u00c9COLE Van Cleef &amp; Arpels s&rsquo;est distingu\u00e9e par son programme de cours novateur, destin\u00e9 \u00e0 lever le voile sur les mondes tr\u00e8s [&hellip;]<\/p>\n","protected":false},"author":1,"featured_media":2421,"comment_status":"closed","ping_status":"closed","sticky":false,"template":"","format":"standard","meta":{"footnotes":""},"categories":[2],"tags":[46],"acf":[],"yoast_head":"<!-- This site is optimized with the Yoast SEO plugin v20.4 - https:\/\/yoast.com\/wordpress\/plugins\/seo\/ -->\n<title>L&#039;\u00c9COLE Van Cleef &amp; Arpels - MyWatch FR<\/title>\n<meta name=\"robots\" content=\"index, follow, max-snippet:-1, max-image-preview:large, max-video-preview:-1\" \/>\n<link rel=\"canonical\" href=\"https:\/\/www.my-watchsite.fr\/blog\/lecole-van-cleef-and-arpels-n607\/\" \/>\n<meta property=\"og:locale\" content=\"fr_FR\" \/>\n<meta property=\"og:type\" content=\"article\" \/>\n<meta property=\"og:title\" content=\"L&#039;\u00c9COLE Van Cleef &amp; Arpels - MyWatch FR\" \/>\n<meta property=\"og:description\" content=\"Anim\u00e9e par une volont\u00e9 de partage et de transmission, elle poursuit son d\u00e9veloppement dans des locaux plus vastes avec une offre \u00e9largie. Inaugur\u00e9e en f\u00e9vrier 2012, sous l&rsquo;impulsion de sa Pr\u00e9sidente Marie Vallanet-Delhom, L&rsquo;\u00c9COLE Van Cleef &amp; Arpels s&rsquo;est distingu\u00e9e par son programme de cours novateur, destin\u00e9 \u00e0 lever le voile sur les mondes tr\u00e8s [&hellip;]\" \/>\n<meta property=\"og:url\" content=\"https:\/\/www.my-watchsite.fr\/blog\/lecole-van-cleef-and-arpels-n607\/\" \/>\n<meta property=\"og:site_name\" content=\"MyWatch FR\" \/>\n<meta property=\"article:publisher\" content=\"https:\/\/www.facebook.com\/mywatchsite\/\" \/>\n<meta property=\"article:published_time\" content=\"2014-02-23T23:00:00+00:00\" \/>\n<meta property=\"og:image\" content=\"https:\/\/www.my-watchsite.fr\/blog\/wp-content\/uploads\/2020\/08\/thumb_607.jpg\" \/>\n\t<meta property=\"og:image:width\" content=\"654\" \/>\n\t<meta property=\"og:image:height\" content=\"435\" \/>\n\t<meta property=\"og:image:type\" content=\"image\/jpeg\" \/>\n<meta name=\"author\" content=\"MyWatch\" \/>\n<meta name=\"twitter:card\" content=\"summary_large_image\" \/>\n<meta name=\"twitter:creator\" content=\"@mywatchsite\" \/>\n<meta name=\"twitter:site\" content=\"@mywatchsite\" \/>\n<meta name=\"twitter:label1\" content=\"\u00c9crit par\" \/>\n\t<meta name=\"twitter:data1\" content=\"MyWatch\" \/>\n\t<meta name=\"twitter:label2\" content=\"Dur\u00e9e de lecture estim\u00e9e\" \/>\n\t<meta name=\"twitter:data2\" content=\"4 minutes\" \/>\n<script type=\"application\/ld+json\" class=\"yoast-schema-graph\">{\"@context\":\"https:\/\/schema.org\",\"@graph\":[{\"@type\":\"WebPage\",\"@id\":\"https:\/\/www.my-watchsite.fr\/blog\/lecole-van-cleef-and-arpels-n607\/\",\"url\":\"https:\/\/www.my-watchsite.fr\/blog\/lecole-van-cleef-and-arpels-n607\/\",\"name\":\"L'\u00c9COLE Van Cleef & Arpels - MyWatch FR\",\"isPartOf\":{\"@id\":\"https:\/\/www.my-watchsite.fr\/blog\/#website\"},\"datePublished\":\"2014-02-23T23:00:00+00:00\",\"dateModified\":\"2014-02-23T23:00:00+00:00\",\"author\":{\"@id\":\"https:\/\/www.my-watchsite.fr\/blog\/#\/schema\/person\/67e19b3e3d014465042ff1be1c9fcf44\"},\"breadcrumb\":{\"@id\":\"https:\/\/www.my-watchsite.fr\/blog\/lecole-van-cleef-and-arpels-n607\/#breadcrumb\"},\"inLanguage\":\"fr-FR\",\"potentialAction\":[{\"@type\":\"ReadAction\",\"target\":[\"https:\/\/www.my-watchsite.fr\/blog\/lecole-van-cleef-and-arpels-n607\/\"]}]},{\"@type\":\"BreadcrumbList\",\"@id\":\"https:\/\/www.my-watchsite.fr\/blog\/lecole-van-cleef-and-arpels-n607\/#breadcrumb\",\"itemListElement\":[{\"@type\":\"ListItem\",\"position\":1,\"name\":\"Accueil\",\"item\":\"https:\/\/www.my-watchsite.fr\/blog\/\"},{\"@type\":\"ListItem\",\"position\":2,\"name\":\"L&rsquo;\u00c9COLE Van Cleef &#038; Arpels\"}]},{\"@type\":\"WebSite\",\"@id\":\"https:\/\/www.my-watchsite.fr\/blog\/#website\",\"url\":\"https:\/\/www.my-watchsite.fr\/blog\/\",\"name\":\"MyWatch FR\",\"description\":\"Make Time a Lifestyle\",\"potentialAction\":[{\"@type\":\"SearchAction\",\"target\":{\"@type\":\"EntryPoint\",\"urlTemplate\":\"https:\/\/www.my-watchsite.fr\/blog\/?s={search_term_string}\"},\"query-input\":\"required name=search_term_string\"}],\"inLanguage\":\"fr-FR\"},{\"@type\":\"Person\",\"@id\":\"https:\/\/www.my-watchsite.fr\/blog\/#\/schema\/person\/67e19b3e3d014465042ff1be1c9fcf44\",\"name\":\"MyWatch\",\"image\":{\"@type\":\"ImageObject\",\"inLanguage\":\"fr-FR\",\"@id\":\"https:\/\/www.my-watchsite.fr\/blog\/#\/schema\/person\/image\/\",\"url\":\"https:\/\/secure.gravatar.com\/avatar\/e52d1e94806c54826c863f554ca1dd2a?s=96&d=mm&r=g\",\"contentUrl\":\"https:\/\/secure.gravatar.com\/avatar\/e52d1e94806c54826c863f554ca1dd2a?s=96&d=mm&r=g\",\"caption\":\"MyWatch\"},\"sameAs\":[\"https:\/\/www.my-watchsite.fr\/blog\"]}]}<\/script>\n<!-- \/ Yoast SEO plugin. -->","yoast_head_json":{"title":"L'\u00c9COLE Van Cleef & Arpels - MyWatch FR","robots":{"index":"index","follow":"follow","max-snippet":"max-snippet:-1","max-image-preview":"max-image-preview:large","max-video-preview":"max-video-preview:-1"},"canonical":"https:\/\/www.my-watchsite.fr\/blog\/lecole-van-cleef-and-arpels-n607\/","og_locale":"fr_FR","og_type":"article","og_title":"L'\u00c9COLE Van Cleef & Arpels - MyWatch FR","og_description":"Anim\u00e9e par une volont\u00e9 de partage et de transmission, elle poursuit son d\u00e9veloppement dans des locaux plus vastes avec une offre \u00e9largie. Inaugur\u00e9e en f\u00e9vrier 2012, sous l&rsquo;impulsion de sa Pr\u00e9sidente Marie Vallanet-Delhom, L&rsquo;\u00c9COLE Van Cleef &amp; Arpels s&rsquo;est distingu\u00e9e par son programme de cours novateur, destin\u00e9 \u00e0 lever le voile sur les mondes tr\u00e8s [&hellip;]","og_url":"https:\/\/www.my-watchsite.fr\/blog\/lecole-van-cleef-and-arpels-n607\/","og_site_name":"MyWatch FR","article_publisher":"https:\/\/www.facebook.com\/mywatchsite\/","article_published_time":"2014-02-23T23:00:00+00:00","og_image":[{"width":654,"height":435,"url":"https:\/\/www.my-watchsite.fr\/blog\/wp-content\/uploads\/2020\/08\/thumb_607.jpg","type":"image\/jpeg"}],"author":"MyWatch","twitter_card":"summary_large_image","twitter_creator":"@mywatchsite","twitter_site":"@mywatchsite","twitter_misc":{"\u00c9crit par":"MyWatch","Dur\u00e9e de lecture estim\u00e9e":"4 minutes"},"schema":{"@context":"https:\/\/schema.org","@graph":[{"@type":"WebPage","@id":"https:\/\/www.my-watchsite.fr\/blog\/lecole-van-cleef-and-arpels-n607\/","url":"https:\/\/www.my-watchsite.fr\/blog\/lecole-van-cleef-and-arpels-n607\/","name":"L'\u00c9COLE Van Cleef & Arpels - MyWatch FR","isPartOf":{"@id":"https:\/\/www.my-watchsite.fr\/blog\/#website"},"datePublished":"2014-02-23T23:00:00+00:00","dateModified":"2014-02-23T23:00:00+00:00","author":{"@id":"https:\/\/www.my-watchsite.fr\/blog\/#\/schema\/person\/67e19b3e3d014465042ff1be1c9fcf44"},"breadcrumb":{"@id":"https:\/\/www.my-watchsite.fr\/blog\/lecole-van-cleef-and-arpels-n607\/#breadcrumb"},"inLanguage":"fr-FR","potentialAction":[{"@type":"ReadAction","target":["https:\/\/www.my-watchsite.fr\/blog\/lecole-van-cleef-and-arpels-n607\/"]}]},{"@type":"BreadcrumbList","@id":"https:\/\/www.my-watchsite.fr\/blog\/lecole-van-cleef-and-arpels-n607\/#breadcrumb","itemListElement":[{"@type":"ListItem","position":1,"name":"Accueil","item":"https:\/\/www.my-watchsite.fr\/blog\/"},{"@type":"ListItem","position":2,"name":"L&rsquo;\u00c9COLE Van Cleef &#038; Arpels"}]},{"@type":"WebSite","@id":"https:\/\/www.my-watchsite.fr\/blog\/#website","url":"https:\/\/www.my-watchsite.fr\/blog\/","name":"MyWatch FR","description":"Make Time a Lifestyle","potentialAction":[{"@type":"SearchAction","target":{"@type":"EntryPoint","urlTemplate":"https:\/\/www.my-watchsite.fr\/blog\/?s={search_term_string}"},"query-input":"required name=search_term_string"}],"inLanguage":"fr-FR"},{"@type":"Person","@id":"https:\/\/www.my-watchsite.fr\/blog\/#\/schema\/person\/67e19b3e3d014465042ff1be1c9fcf44","name":"MyWatch","image":{"@type":"ImageObject","inLanguage":"fr-FR","@id":"https:\/\/www.my-watchsite.fr\/blog\/#\/schema\/person\/image\/","url":"https:\/\/secure.gravatar.com\/avatar\/e52d1e94806c54826c863f554ca1dd2a?s=96&d=mm&r=g","contentUrl":"https:\/\/secure.gravatar.com\/avatar\/e52d1e94806c54826c863f554ca1dd2a?s=96&d=mm&r=g","caption":"MyWatch"},"sameAs":["https:\/\/www.my-watchsite.fr\/blog"]}]}},"_links":{"self":[{"href":"https:\/\/www.my-watchsite.fr\/blog\/wp-json\/wp\/v2\/posts\/2413"}],"collection":[{"href":"https:\/\/www.my-watchsite.fr\/blog\/wp-json\/wp\/v2\/posts"}],"about":[{"href":"https:\/\/www.my-watchsite.fr\/blog\/wp-json\/wp\/v2\/types\/post"}],"author":[{"embeddable":true,"href":"https:\/\/www.my-watchsite.fr\/blog\/wp-json\/wp\/v2\/users\/1"}],"replies":[{"embeddable":true,"href":"https:\/\/www.my-watchsite.fr\/blog\/wp-json\/wp\/v2\/comments?post=2413"}],"version-history":[{"count":0,"href":"https:\/\/www.my-watchsite.fr\/blog\/wp-json\/wp\/v2\/posts\/2413\/revisions"}],"wp:featuredmedia":[{"embeddable":true,"href":"https:\/\/www.my-watchsite.fr\/blog\/wp-json\/wp\/v2\/media\/2421"}],"wp:attachment":[{"href":"https:\/\/www.my-watchsite.fr\/blog\/wp-json\/wp\/v2\/media?parent=2413"}],"wp:term":[{"taxonomy":"category","embeddable":true,"href":"https:\/\/www.my-watchsite.fr\/blog\/wp-json\/wp\/v2\/categories?post=2413"},{"taxonomy":"post_tag","embeddable":true,"href":"https:\/\/www.my-watchsite.fr\/blog\/wp-json\/wp\/v2\/tags?post=2413"}],"curies":[{"name":"wp","href":"https:\/\/api.w.org\/{rel}","templated":true}]}}