{"id":2422,"date":"2014-02-27T00:00:00","date_gmt":"2014-02-26T23:00:00","guid":{"rendered":"https:\/\/www.my-watchsite.fr\/blog\/blog\/jaeger-lecoultre-ouvre-une-nouvelle-boutique-a-madrid-en-espagne-n610\/"},"modified":"2014-02-27T00:00:00","modified_gmt":"2014-02-26T23:00:00","slug":"jaeger-lecoultre-ouvre-une-nouvelle-boutique-a-madrid-en-espagne-n610","status":"publish","type":"post","link":"https:\/\/www.my-watchsite.fr\/blog\/jaeger-lecoultre-ouvre-une-nouvelle-boutique-a-madrid-en-espagne-n610\/","title":{"rendered":"Jaeger-LeCoultre ouvre une nouvelle boutique \u00e0 Madrid en Espagne"},"content":{"rendered":"<div><\/div>\n<div>A ce jour, 61 boutiques Jaeger-LeCoultre, figurant \u00e0 des adresses prestigieuses, perp\u00e9tuent partout \u00e0 travers le monde l&rsquo;esprit de la Manufacture et les valeurs de la Maison.<\/div>\n<div><\/div>\n<div>Jaeger-LeCoultre a choisi le c\u00e9l\u00e8bre grand magasin El Corte Ingles pour exposer ses collections de haute horlogerie et pr\u00e9senter son savoir-faire d&rsquo;exception et le style Jaeger-LeCoultre aux clients locaux et aux voyageurs internationaux.<\/div>\n<div><\/div>\n<div>La nouvelle boutique est situ\u00e9e au :<\/div>\n<div>Raimundo Fern\u00e1ndez Villaverde, 77-79<\/div>\n<div>28003 Madrid \u2013 Spain<\/div>\n<div>Phone: +34 91 770 79 02<\/div>\n<div><\/div>\n<ul>\n<li><img decoding=\"async\" src=\"https:\/\/www.my-watchsite.fr\/blog\/wp-content\/uploads\/2020\/08\/610_1833.jpg\" alt=\"Jaeger-LeCoultre ouvre une nouvelle boutique \u00e0 Madrid en Espagne \" \/><\/li>\n<li><img decoding=\"async\" src=\"https:\/\/www.my-watchsite.fr\/blog\/wp-content\/uploads\/2020\/08\/610_1834.jpg\" alt=\"Jaeger-LeCoultre ouvre une nouvelle boutique \u00e0 Madrid en Espagne \" \/><\/li>\n<\/ul>\n","protected":false},"excerpt":{"rendered":"<p>A ce jour, 61 boutiques Jaeger-LeCoultre, figurant \u00e0 des adresses prestigieuses, perp\u00e9tuent partout \u00e0 travers le monde l&rsquo;esprit de la Manufacture et les valeurs de la Maison. Jaeger-LeCoultre a choisi le c\u00e9l\u00e8bre grand magasin El Corte Ingles pour exposer ses collections de haute horlogerie et pr\u00e9senter son savoir-faire d&rsquo;exception et le style Jaeger-LeCoultre aux clients [&hellip;]<\/p>\n","protected":false},"author":1,"featured_media":2423,"comment_status":"closed","ping_status":"closed","sticky":false,"template":"","format":"standard","meta":{"footnotes":""},"categories":[2],"tags":[27],"acf":[],"yoast_head":"<!-- This site is optimized with the Yoast SEO plugin v20.4 - https:\/\/yoast.com\/wordpress\/plugins\/seo\/ -->\n<title>Jaeger-LeCoultre ouvre une nouvelle boutique \u00e0 Madrid en Espagne - MyWatch FR<\/title>\n<meta name=\"robots\" content=\"index, follow, max-snippet:-1, max-image-preview:large, max-video-preview:-1\" \/>\n<link rel=\"canonical\" href=\"https:\/\/www.my-watchsite.fr\/blog\/jaeger-lecoultre-ouvre-une-nouvelle-boutique-a-madrid-en-espagne-n610\/\" \/>\n<meta property=\"og:locale\" content=\"fr_FR\" \/>\n<meta property=\"og:type\" content=\"article\" \/>\n<meta property=\"og:title\" content=\"Jaeger-LeCoultre ouvre une nouvelle boutique \u00e0 Madrid en Espagne - MyWatch FR\" \/>\n<meta property=\"og:description\" content=\"A ce jour, 61 boutiques Jaeger-LeCoultre, figurant \u00e0 des adresses prestigieuses, perp\u00e9tuent partout \u00e0 travers le monde l&rsquo;esprit de la Manufacture et les valeurs de la Maison. Jaeger-LeCoultre a choisi le c\u00e9l\u00e8bre grand magasin El Corte Ingles pour exposer ses collections de haute horlogerie et pr\u00e9senter son savoir-faire d&rsquo;exception et le style Jaeger-LeCoultre aux clients [&hellip;]\" \/>\n<meta property=\"og:url\" content=\"https:\/\/www.my-watchsite.fr\/blog\/jaeger-lecoultre-ouvre-une-nouvelle-boutique-a-madrid-en-espagne-n610\/\" \/>\n<meta property=\"og:site_name\" content=\"MyWatch FR\" \/>\n<meta property=\"article:publisher\" content=\"https:\/\/www.facebook.com\/mywatchsite\/\" \/>\n<meta property=\"article:published_time\" content=\"2014-02-26T23:00:00+00:00\" \/>\n<meta property=\"og:image\" content=\"https:\/\/www.my-watchsite.fr\/blog\/wp-content\/uploads\/2020\/08\/610_1833.jpg\" \/>\n\t<meta property=\"og:image:width\" content=\"450\" \/>\n\t<meta property=\"og:image:height\" content=\"294\" \/>\n\t<meta property=\"og:image:type\" content=\"image\/jpeg\" \/>\n<meta name=\"author\" content=\"MyWatch\" \/>\n<meta name=\"twitter:card\" content=\"summary_large_image\" \/>\n<meta name=\"twitter:creator\" content=\"@mywatchsite\" \/>\n<meta name=\"twitter:site\" content=\"@mywatchsite\" \/>\n<meta name=\"twitter:label1\" content=\"\u00c9crit par\" \/>\n\t<meta name=\"twitter:data1\" content=\"MyWatch\" \/>\n<script type=\"application\/ld+json\" class=\"yoast-schema-graph\">{\"@context\":\"https:\/\/schema.org\",\"@graph\":[{\"@type\":\"WebPage\",\"@id\":\"https:\/\/www.my-watchsite.fr\/blog\/jaeger-lecoultre-ouvre-une-nouvelle-boutique-a-madrid-en-espagne-n610\/\",\"url\":\"https:\/\/www.my-watchsite.fr\/blog\/jaeger-lecoultre-ouvre-une-nouvelle-boutique-a-madrid-en-espagne-n610\/\",\"name\":\"Jaeger-LeCoultre ouvre une nouvelle boutique \u00e0 Madrid en Espagne - MyWatch FR\",\"isPartOf\":{\"@id\":\"https:\/\/www.my-watchsite.fr\/blog\/#website\"},\"datePublished\":\"2014-02-26T23:00:00+00:00\",\"dateModified\":\"2014-02-26T23:00:00+00:00\",\"author\":{\"@id\":\"https:\/\/www.my-watchsite.fr\/blog\/#\/schema\/person\/67e19b3e3d014465042ff1be1c9fcf44\"},\"breadcrumb\":{\"@id\":\"https:\/\/www.my-watchsite.fr\/blog\/jaeger-lecoultre-ouvre-une-nouvelle-boutique-a-madrid-en-espagne-n610\/#breadcrumb\"},\"inLanguage\":\"fr-FR\",\"potentialAction\":[{\"@type\":\"ReadAction\",\"target\":[\"https:\/\/www.my-watchsite.fr\/blog\/jaeger-lecoultre-ouvre-une-nouvelle-boutique-a-madrid-en-espagne-n610\/\"]}]},{\"@type\":\"BreadcrumbList\",\"@id\":\"https:\/\/www.my-watchsite.fr\/blog\/jaeger-lecoultre-ouvre-une-nouvelle-boutique-a-madrid-en-espagne-n610\/#breadcrumb\",\"itemListElement\":[{\"@type\":\"ListItem\",\"position\":1,\"name\":\"Accueil\",\"item\":\"https:\/\/www.my-watchsite.fr\/blog\/\"},{\"@type\":\"ListItem\",\"position\":2,\"name\":\"Jaeger-LeCoultre ouvre une nouvelle boutique \u00e0 Madrid en Espagne\"}]},{\"@type\":\"WebSite\",\"@id\":\"https:\/\/www.my-watchsite.fr\/blog\/#website\",\"url\":\"https:\/\/www.my-watchsite.fr\/blog\/\",\"name\":\"MyWatch FR\",\"description\":\"Make Time a Lifestyle\",\"potentialAction\":[{\"@type\":\"SearchAction\",\"target\":{\"@type\":\"EntryPoint\",\"urlTemplate\":\"https:\/\/www.my-watchsite.fr\/blog\/?s={search_term_string}\"},\"query-input\":\"required name=search_term_string\"}],\"inLanguage\":\"fr-FR\"},{\"@type\":\"Person\",\"@id\":\"https:\/\/www.my-watchsite.fr\/blog\/#\/schema\/person\/67e19b3e3d014465042ff1be1c9fcf44\",\"name\":\"MyWatch\",\"image\":{\"@type\":\"ImageObject\",\"inLanguage\":\"fr-FR\",\"@id\":\"https:\/\/www.my-watchsite.fr\/blog\/#\/schema\/person\/image\/\",\"url\":\"https:\/\/secure.gravatar.com\/avatar\/e52d1e94806c54826c863f554ca1dd2a?s=96&d=mm&r=g\",\"contentUrl\":\"https:\/\/secure.gravatar.com\/avatar\/e52d1e94806c54826c863f554ca1dd2a?s=96&d=mm&r=g\",\"caption\":\"MyWatch\"},\"sameAs\":[\"https:\/\/www.my-watchsite.fr\/blog\"]}]}<\/script>\n<!-- \/ Yoast SEO plugin. -->","yoast_head_json":{"title":"Jaeger-LeCoultre ouvre une nouvelle boutique \u00e0 Madrid en Espagne - MyWatch FR","robots":{"index":"index","follow":"follow","max-snippet":"max-snippet:-1","max-image-preview":"max-image-preview:large","max-video-preview":"max-video-preview:-1"},"canonical":"https:\/\/www.my-watchsite.fr\/blog\/jaeger-lecoultre-ouvre-une-nouvelle-boutique-a-madrid-en-espagne-n610\/","og_locale":"fr_FR","og_type":"article","og_title":"Jaeger-LeCoultre ouvre une nouvelle boutique \u00e0 Madrid en Espagne - MyWatch FR","og_description":"A ce jour, 61 boutiques Jaeger-LeCoultre, figurant \u00e0 des adresses prestigieuses, perp\u00e9tuent partout \u00e0 travers le monde l&rsquo;esprit de la Manufacture et les valeurs de la Maison. Jaeger-LeCoultre a choisi le c\u00e9l\u00e8bre grand magasin El Corte Ingles pour exposer ses collections de haute horlogerie et pr\u00e9senter son savoir-faire d&rsquo;exception et le style Jaeger-LeCoultre aux clients [&hellip;]","og_url":"https:\/\/www.my-watchsite.fr\/blog\/jaeger-lecoultre-ouvre-une-nouvelle-boutique-a-madrid-en-espagne-n610\/","og_site_name":"MyWatch FR","article_publisher":"https:\/\/www.facebook.com\/mywatchsite\/","article_published_time":"2014-02-26T23:00:00+00:00","og_image":[{"width":450,"height":294,"url":"https:\/\/www.my-watchsite.fr\/blog\/wp-content\/uploads\/2020\/08\/610_1833.jpg","type":"image\/jpeg"}],"author":"MyWatch","twitter_card":"summary_large_image","twitter_creator":"@mywatchsite","twitter_site":"@mywatchsite","twitter_misc":{"\u00c9crit par":"MyWatch"},"schema":{"@context":"https:\/\/schema.org","@graph":[{"@type":"WebPage","@id":"https:\/\/www.my-watchsite.fr\/blog\/jaeger-lecoultre-ouvre-une-nouvelle-boutique-a-madrid-en-espagne-n610\/","url":"https:\/\/www.my-watchsite.fr\/blog\/jaeger-lecoultre-ouvre-une-nouvelle-boutique-a-madrid-en-espagne-n610\/","name":"Jaeger-LeCoultre ouvre une nouvelle boutique \u00e0 Madrid en Espagne - MyWatch FR","isPartOf":{"@id":"https:\/\/www.my-watchsite.fr\/blog\/#website"},"datePublished":"2014-02-26T23:00:00+00:00","dateModified":"2014-02-26T23:00:00+00:00","author":{"@id":"https:\/\/www.my-watchsite.fr\/blog\/#\/schema\/person\/67e19b3e3d014465042ff1be1c9fcf44"},"breadcrumb":{"@id":"https:\/\/www.my-watchsite.fr\/blog\/jaeger-lecoultre-ouvre-une-nouvelle-boutique-a-madrid-en-espagne-n610\/#breadcrumb"},"inLanguage":"fr-FR","potentialAction":[{"@type":"ReadAction","target":["https:\/\/www.my-watchsite.fr\/blog\/jaeger-lecoultre-ouvre-une-nouvelle-boutique-a-madrid-en-espagne-n610\/"]}]},{"@type":"BreadcrumbList","@id":"https:\/\/www.my-watchsite.fr\/blog\/jaeger-lecoultre-ouvre-une-nouvelle-boutique-a-madrid-en-espagne-n610\/#breadcrumb","itemListElement":[{"@type":"ListItem","position":1,"name":"Accueil","item":"https:\/\/www.my-watchsite.fr\/blog\/"},{"@type":"ListItem","position":2,"name":"Jaeger-LeCoultre ouvre une nouvelle boutique \u00e0 Madrid en Espagne"}]},{"@type":"WebSite","@id":"https:\/\/www.my-watchsite.fr\/blog\/#website","url":"https:\/\/www.my-watchsite.fr\/blog\/","name":"MyWatch FR","description":"Make Time a Lifestyle","potentialAction":[{"@type":"SearchAction","target":{"@type":"EntryPoint","urlTemplate":"https:\/\/www.my-watchsite.fr\/blog\/?s={search_term_string}"},"query-input":"required name=search_term_string"}],"inLanguage":"fr-FR"},{"@type":"Person","@id":"https:\/\/www.my-watchsite.fr\/blog\/#\/schema\/person\/67e19b3e3d014465042ff1be1c9fcf44","name":"MyWatch","image":{"@type":"ImageObject","inLanguage":"fr-FR","@id":"https:\/\/www.my-watchsite.fr\/blog\/#\/schema\/person\/image\/","url":"https:\/\/secure.gravatar.com\/avatar\/e52d1e94806c54826c863f554ca1dd2a?s=96&d=mm&r=g","contentUrl":"https:\/\/secure.gravatar.com\/avatar\/e52d1e94806c54826c863f554ca1dd2a?s=96&d=mm&r=g","caption":"MyWatch"},"sameAs":["https:\/\/www.my-watchsite.fr\/blog"]}]}},"_links":{"self":[{"href":"https:\/\/www.my-watchsite.fr\/blog\/wp-json\/wp\/v2\/posts\/2422"}],"collection":[{"href":"https:\/\/www.my-watchsite.fr\/blog\/wp-json\/wp\/v2\/posts"}],"about":[{"href":"https:\/\/www.my-watchsite.fr\/blog\/wp-json\/wp\/v2\/types\/post"}],"author":[{"embeddable":true,"href":"https:\/\/www.my-watchsite.fr\/blog\/wp-json\/wp\/v2\/users\/1"}],"replies":[{"embeddable":true,"href":"https:\/\/www.my-watchsite.fr\/blog\/wp-json\/wp\/v2\/comments?post=2422"}],"version-history":[{"count":0,"href":"https:\/\/www.my-watchsite.fr\/blog\/wp-json\/wp\/v2\/posts\/2422\/revisions"}],"wp:featuredmedia":[{"embeddable":true,"href":"https:\/\/www.my-watchsite.fr\/blog\/wp-json\/wp\/v2\/media\/2423"}],"wp:attachment":[{"href":"https:\/\/www.my-watchsite.fr\/blog\/wp-json\/wp\/v2\/media?parent=2422"}],"wp:term":[{"taxonomy":"category","embeddable":true,"href":"https:\/\/www.my-watchsite.fr\/blog\/wp-json\/wp\/v2\/categories?post=2422"},{"taxonomy":"post_tag","embeddable":true,"href":"https:\/\/www.my-watchsite.fr\/blog\/wp-json\/wp\/v2\/tags?post=2422"}],"curies":[{"name":"wp","href":"https:\/\/api.w.org\/{rel}","templated":true}]}}