{"id":2462,"date":"2014-03-27T00:00:00","date_gmt":"2014-03-26T23:00:00","guid":{"rendered":"https:\/\/www.my-watchsite.fr\/blog\/blog\/corum-et-le-temps-de-rebecca-n620\/"},"modified":"2014-03-27T00:00:00","modified_gmt":"2014-03-26T23:00:00","slug":"corum-et-le-temps-de-rebecca-n620","status":"publish","type":"post","link":"https:\/\/www.my-watchsite.fr\/blog\/corum-et-le-temps-de-rebecca-n620\/","title":{"rendered":"Corum et le Temps de Rebecca"},"content":{"rendered":"<div>C\u2019est la sensibilit\u00e9 de Rebecca de Alba qui l\u2019a pouss\u00e9e \u00e0 cr\u00e9er en 2008 une fondation \u00e9ponyme, dont le dessein \u00e9tait de venir en aide aux groupes vuln\u00e9rables et tout particuli\u00e8rement aux jeunes atteints du cancer. La Fondation Rebecca de Alba tend \u00e0 mettre \u00e0 disposition des enfants un encadrement humain et mat\u00e9riel ainsi qu\u2019un soutien financier pour leur assurer un acc\u00e8s aux soins m\u00e9dicaux complets. De plus La Fondation Rebecca de Alba s\u2019efforce \u00e0 am\u00e9liorer la qualit\u00e9 de vie de la population par le d\u00e9veloppement de la pr\u00e9vention et des campagnes de d\u00e9pistage pr\u00e9coce.<\/div>\n<div>L\u2019Admiral\u2019s Cup Legend 38 est habill\u00e9e d\u2019un cadran nacre blanche serti de neuf index de diamants d\u2019environ 0.10 carat, et des nombres 30 et 60 dispos\u00e9s en applique \u00e0 6h et 12h. Cette \u00e9dition limit\u00e9e est dot\u00e9e d\u2019un mouvement m\u00e9canique \u00e0 remontage automatique, le calibre CO082, pourvu d\u2019une r\u00e9serve de marche de 42 heures et propose les fonctions heures, minutes et date. Les trois petites \u00e9toiles, symbole de la fondation, s\u2019affichent \u00e0 3h sur le cadran. Le fond de la bo\u00eete est marqu\u00e9 de la signature de Rebecca de Alba et du logo de sa fondation.<\/div>\n<div>Captivante et dot\u00e9e d\u2019un grand charisme, Rebecca est apparue comme la partenaire parfaite pour Corum tant ils partagent la m\u00eame philosophie. Au del\u00e0 de la beaut\u00e9 et de l\u2019\u00e9l\u00e9gance de Rebecca de Alba, Corum s\u2019identifie \u00e0 ses valeurs philanthropiques et professionnelles.<\/div>\n<div>Un pourcentage de chaque vente de cette \u00e9dition limit\u00e9e sera offert \u00e0 la cause d\u00e9fendue par la fondation.<\/div>\n<ul>\n<li><img decoding=\"async\" src=\"https:\/\/www.my-watchsite.fr\/blog\/wp-content\/uploads\/2020\/08\/620_1866.jpg\" alt=\"Admiral's Cup Legend 38 Edition limit\u00e9e Rebecca de Alba\" \/><\/li>\n<\/ul>\n","protected":false},"excerpt":{"rendered":"<p>C\u2019est la sensibilit\u00e9 de Rebecca de Alba qui l\u2019a pouss\u00e9e \u00e0 cr\u00e9er en 2008 une fondation \u00e9ponyme, dont le dessein \u00e9tait de venir en aide aux groupes vuln\u00e9rables et tout particuli\u00e8rement aux jeunes atteints du cancer. La Fondation Rebecca de Alba tend \u00e0 mettre \u00e0 disposition des enfants un encadrement humain et mat\u00e9riel ainsi qu\u2019un [&hellip;]<\/p>\n","protected":false},"author":1,"featured_media":2464,"comment_status":"closed","ping_status":"closed","sticky":false,"template":"","format":"standard","meta":{"footnotes":""},"categories":[2],"tags":[38],"acf":[],"yoast_head":"<!-- This site is optimized with the Yoast SEO plugin v20.4 - https:\/\/yoast.com\/wordpress\/plugins\/seo\/ -->\n<title>Corum et le Temps de Rebecca - MyWatch FR<\/title>\n<meta name=\"robots\" content=\"index, follow, max-snippet:-1, max-image-preview:large, max-video-preview:-1\" \/>\n<link rel=\"canonical\" href=\"https:\/\/www.my-watchsite.fr\/blog\/corum-et-le-temps-de-rebecca-n620\/\" \/>\n<meta property=\"og:locale\" content=\"fr_FR\" \/>\n<meta property=\"og:type\" content=\"article\" \/>\n<meta property=\"og:title\" content=\"Corum et le Temps de Rebecca - MyWatch FR\" \/>\n<meta property=\"og:description\" content=\"C\u2019est la sensibilit\u00e9 de Rebecca de Alba qui l\u2019a pouss\u00e9e \u00e0 cr\u00e9er en 2008 une fondation \u00e9ponyme, dont le dessein \u00e9tait de venir en aide aux groupes vuln\u00e9rables et tout particuli\u00e8rement aux jeunes atteints du cancer. La Fondation Rebecca de Alba tend \u00e0 mettre \u00e0 disposition des enfants un encadrement humain et mat\u00e9riel ainsi qu\u2019un [&hellip;]\" \/>\n<meta property=\"og:url\" content=\"https:\/\/www.my-watchsite.fr\/blog\/corum-et-le-temps-de-rebecca-n620\/\" \/>\n<meta property=\"og:site_name\" content=\"MyWatch FR\" \/>\n<meta property=\"article:publisher\" content=\"https:\/\/www.facebook.com\/mywatchsite\/\" \/>\n<meta property=\"article:published_time\" content=\"2014-03-26T23:00:00+00:00\" \/>\n<meta property=\"og:image\" content=\"https:\/\/www.my-watchsite.fr\/blog\/wp-content\/uploads\/2020\/08\/thumb_620.jpg\" \/>\n\t<meta property=\"og:image:width\" content=\"654\" \/>\n\t<meta property=\"og:image:height\" content=\"435\" \/>\n\t<meta property=\"og:image:type\" content=\"image\/jpeg\" \/>\n<meta name=\"author\" content=\"MyWatch\" \/>\n<meta name=\"twitter:card\" content=\"summary_large_image\" \/>\n<meta name=\"twitter:creator\" content=\"@mywatchsite\" \/>\n<meta name=\"twitter:site\" content=\"@mywatchsite\" \/>\n<meta name=\"twitter:label1\" content=\"\u00c9crit par\" \/>\n\t<meta name=\"twitter:data1\" content=\"MyWatch\" \/>\n\t<meta name=\"twitter:label2\" content=\"Dur\u00e9e de lecture estim\u00e9e\" \/>\n\t<meta name=\"twitter:data2\" content=\"1 minute\" \/>\n<script type=\"application\/ld+json\" class=\"yoast-schema-graph\">{\"@context\":\"https:\/\/schema.org\",\"@graph\":[{\"@type\":\"WebPage\",\"@id\":\"https:\/\/www.my-watchsite.fr\/blog\/corum-et-le-temps-de-rebecca-n620\/\",\"url\":\"https:\/\/www.my-watchsite.fr\/blog\/corum-et-le-temps-de-rebecca-n620\/\",\"name\":\"Corum et le Temps de Rebecca - MyWatch FR\",\"isPartOf\":{\"@id\":\"https:\/\/www.my-watchsite.fr\/blog\/#website\"},\"datePublished\":\"2014-03-26T23:00:00+00:00\",\"dateModified\":\"2014-03-26T23:00:00+00:00\",\"author\":{\"@id\":\"https:\/\/www.my-watchsite.fr\/blog\/#\/schema\/person\/67e19b3e3d014465042ff1be1c9fcf44\"},\"breadcrumb\":{\"@id\":\"https:\/\/www.my-watchsite.fr\/blog\/corum-et-le-temps-de-rebecca-n620\/#breadcrumb\"},\"inLanguage\":\"fr-FR\",\"potentialAction\":[{\"@type\":\"ReadAction\",\"target\":[\"https:\/\/www.my-watchsite.fr\/blog\/corum-et-le-temps-de-rebecca-n620\/\"]}]},{\"@type\":\"BreadcrumbList\",\"@id\":\"https:\/\/www.my-watchsite.fr\/blog\/corum-et-le-temps-de-rebecca-n620\/#breadcrumb\",\"itemListElement\":[{\"@type\":\"ListItem\",\"position\":1,\"name\":\"Accueil\",\"item\":\"https:\/\/www.my-watchsite.fr\/blog\/\"},{\"@type\":\"ListItem\",\"position\":2,\"name\":\"Corum et le Temps de Rebecca\"}]},{\"@type\":\"WebSite\",\"@id\":\"https:\/\/www.my-watchsite.fr\/blog\/#website\",\"url\":\"https:\/\/www.my-watchsite.fr\/blog\/\",\"name\":\"MyWatch FR\",\"description\":\"Make Time a Lifestyle\",\"potentialAction\":[{\"@type\":\"SearchAction\",\"target\":{\"@type\":\"EntryPoint\",\"urlTemplate\":\"https:\/\/www.my-watchsite.fr\/blog\/?s={search_term_string}\"},\"query-input\":\"required name=search_term_string\"}],\"inLanguage\":\"fr-FR\"},{\"@type\":\"Person\",\"@id\":\"https:\/\/www.my-watchsite.fr\/blog\/#\/schema\/person\/67e19b3e3d014465042ff1be1c9fcf44\",\"name\":\"MyWatch\",\"image\":{\"@type\":\"ImageObject\",\"inLanguage\":\"fr-FR\",\"@id\":\"https:\/\/www.my-watchsite.fr\/blog\/#\/schema\/person\/image\/\",\"url\":\"https:\/\/secure.gravatar.com\/avatar\/e52d1e94806c54826c863f554ca1dd2a?s=96&d=mm&r=g\",\"contentUrl\":\"https:\/\/secure.gravatar.com\/avatar\/e52d1e94806c54826c863f554ca1dd2a?s=96&d=mm&r=g\",\"caption\":\"MyWatch\"},\"sameAs\":[\"https:\/\/www.my-watchsite.fr\/blog\"]}]}<\/script>\n<!-- \/ Yoast SEO plugin. -->","yoast_head_json":{"title":"Corum et le Temps de Rebecca - MyWatch FR","robots":{"index":"index","follow":"follow","max-snippet":"max-snippet:-1","max-image-preview":"max-image-preview:large","max-video-preview":"max-video-preview:-1"},"canonical":"https:\/\/www.my-watchsite.fr\/blog\/corum-et-le-temps-de-rebecca-n620\/","og_locale":"fr_FR","og_type":"article","og_title":"Corum et le Temps de Rebecca - MyWatch FR","og_description":"C\u2019est la sensibilit\u00e9 de Rebecca de Alba qui l\u2019a pouss\u00e9e \u00e0 cr\u00e9er en 2008 une fondation \u00e9ponyme, dont le dessein \u00e9tait de venir en aide aux groupes vuln\u00e9rables et tout particuli\u00e8rement aux jeunes atteints du cancer. La Fondation Rebecca de Alba tend \u00e0 mettre \u00e0 disposition des enfants un encadrement humain et mat\u00e9riel ainsi qu\u2019un [&hellip;]","og_url":"https:\/\/www.my-watchsite.fr\/blog\/corum-et-le-temps-de-rebecca-n620\/","og_site_name":"MyWatch FR","article_publisher":"https:\/\/www.facebook.com\/mywatchsite\/","article_published_time":"2014-03-26T23:00:00+00:00","og_image":[{"width":654,"height":435,"url":"https:\/\/www.my-watchsite.fr\/blog\/wp-content\/uploads\/2020\/08\/thumb_620.jpg","type":"image\/jpeg"}],"author":"MyWatch","twitter_card":"summary_large_image","twitter_creator":"@mywatchsite","twitter_site":"@mywatchsite","twitter_misc":{"\u00c9crit par":"MyWatch","Dur\u00e9e de lecture estim\u00e9e":"1 minute"},"schema":{"@context":"https:\/\/schema.org","@graph":[{"@type":"WebPage","@id":"https:\/\/www.my-watchsite.fr\/blog\/corum-et-le-temps-de-rebecca-n620\/","url":"https:\/\/www.my-watchsite.fr\/blog\/corum-et-le-temps-de-rebecca-n620\/","name":"Corum et le Temps de Rebecca - MyWatch FR","isPartOf":{"@id":"https:\/\/www.my-watchsite.fr\/blog\/#website"},"datePublished":"2014-03-26T23:00:00+00:00","dateModified":"2014-03-26T23:00:00+00:00","author":{"@id":"https:\/\/www.my-watchsite.fr\/blog\/#\/schema\/person\/67e19b3e3d014465042ff1be1c9fcf44"},"breadcrumb":{"@id":"https:\/\/www.my-watchsite.fr\/blog\/corum-et-le-temps-de-rebecca-n620\/#breadcrumb"},"inLanguage":"fr-FR","potentialAction":[{"@type":"ReadAction","target":["https:\/\/www.my-watchsite.fr\/blog\/corum-et-le-temps-de-rebecca-n620\/"]}]},{"@type":"BreadcrumbList","@id":"https:\/\/www.my-watchsite.fr\/blog\/corum-et-le-temps-de-rebecca-n620\/#breadcrumb","itemListElement":[{"@type":"ListItem","position":1,"name":"Accueil","item":"https:\/\/www.my-watchsite.fr\/blog\/"},{"@type":"ListItem","position":2,"name":"Corum et le Temps de Rebecca"}]},{"@type":"WebSite","@id":"https:\/\/www.my-watchsite.fr\/blog\/#website","url":"https:\/\/www.my-watchsite.fr\/blog\/","name":"MyWatch FR","description":"Make Time a Lifestyle","potentialAction":[{"@type":"SearchAction","target":{"@type":"EntryPoint","urlTemplate":"https:\/\/www.my-watchsite.fr\/blog\/?s={search_term_string}"},"query-input":"required name=search_term_string"}],"inLanguage":"fr-FR"},{"@type":"Person","@id":"https:\/\/www.my-watchsite.fr\/blog\/#\/schema\/person\/67e19b3e3d014465042ff1be1c9fcf44","name":"MyWatch","image":{"@type":"ImageObject","inLanguage":"fr-FR","@id":"https:\/\/www.my-watchsite.fr\/blog\/#\/schema\/person\/image\/","url":"https:\/\/secure.gravatar.com\/avatar\/e52d1e94806c54826c863f554ca1dd2a?s=96&d=mm&r=g","contentUrl":"https:\/\/secure.gravatar.com\/avatar\/e52d1e94806c54826c863f554ca1dd2a?s=96&d=mm&r=g","caption":"MyWatch"},"sameAs":["https:\/\/www.my-watchsite.fr\/blog"]}]}},"_links":{"self":[{"href":"https:\/\/www.my-watchsite.fr\/blog\/wp-json\/wp\/v2\/posts\/2462"}],"collection":[{"href":"https:\/\/www.my-watchsite.fr\/blog\/wp-json\/wp\/v2\/posts"}],"about":[{"href":"https:\/\/www.my-watchsite.fr\/blog\/wp-json\/wp\/v2\/types\/post"}],"author":[{"embeddable":true,"href":"https:\/\/www.my-watchsite.fr\/blog\/wp-json\/wp\/v2\/users\/1"}],"replies":[{"embeddable":true,"href":"https:\/\/www.my-watchsite.fr\/blog\/wp-json\/wp\/v2\/comments?post=2462"}],"version-history":[{"count":0,"href":"https:\/\/www.my-watchsite.fr\/blog\/wp-json\/wp\/v2\/posts\/2462\/revisions"}],"wp:featuredmedia":[{"embeddable":true,"href":"https:\/\/www.my-watchsite.fr\/blog\/wp-json\/wp\/v2\/media\/2464"}],"wp:attachment":[{"href":"https:\/\/www.my-watchsite.fr\/blog\/wp-json\/wp\/v2\/media?parent=2462"}],"wp:term":[{"taxonomy":"category","embeddable":true,"href":"https:\/\/www.my-watchsite.fr\/blog\/wp-json\/wp\/v2\/categories?post=2462"},{"taxonomy":"post_tag","embeddable":true,"href":"https:\/\/www.my-watchsite.fr\/blog\/wp-json\/wp\/v2\/tags?post=2462"}],"curies":[{"name":"wp","href":"https:\/\/api.w.org\/{rel}","templated":true}]}}