{"id":2514,"date":"2014-04-17T00:00:00","date_gmt":"2014-04-16T22:00:00","guid":{"rendered":"https:\/\/www.my-watchsite.fr\/blog\/blog\/elie-bernheim-petit-fils-du-fondateur-prend-la-tete-de-la-societe-raymond-weil-n629\/"},"modified":"2014-04-17T00:00:00","modified_gmt":"2014-04-16T22:00:00","slug":"elie-bernheim-petit-fils-du-fondateur-prend-la-tete-de-la-societe-raymond-weil-n629","status":"publish","type":"post","link":"https:\/\/www.my-watchsite.fr\/blog\/elie-bernheim-petit-fils-du-fondateur-prend-la-tete-de-la-societe-raymond-weil-n629\/","title":{"rendered":"Elie Bernheim, petit-fils du fondateur, prend la t\u00eate de la soci\u00e9t\u00e9 Raymond Weil"},"content":{"rendered":"<div>?Il marque par cet acte l&#8217;empreinte de la troisi\u00e8me g\u00e9n\u00e9ration \u00e0 la t\u00eate de la Soci\u00e9t\u00e9 horlog\u00e8re suisse. Elie Bernheim a \u00e9t\u00e9 nomm\u00e9 Chief Executive Officer (CEO) en date du mardi 8 avril 2014.<\/div>\n<div>Elie Bernheim a rejoint la Soci\u00e9t\u00e9 en 2006 apr\u00e8s avoir \u00e9t\u00e9 dipl\u00f4m\u00e9 de la prestigieuse Ecole H\u00f4teli\u00e8re de Lausanne. Repr\u00e9sentant la troisi\u00e8me g\u00e9n\u00e9ration de la Soci\u00e9t\u00e9 familiale, Elie Bernheim \u2013 petits-fils de M. Raymond Weil \u2013 a \u00e9t\u00e9 le garant de la continuit\u00e9 de l&rsquo;h\u00e9ritage de la Marque, fond\u00e9 sur le savoir-faire horloger et l&rsquo;adh\u00e9sion sans faille \u00e0 ses valeurs.<\/div>\n<div>Expert en horlogerie, en marketing et en gestion d&rsquo;entreprise, Elie Bernheim a \u00e9t\u00e9 en charge ces derni\u00e8res ann\u00e9es du d\u00e9veloppement et de l&rsquo;optimisation de la strat\u00e9gie mondiale de RAYMOND WEIL. C&rsquo;est dans le respect permanent de l&rsquo;h\u00e9ritage qui lui a \u00e9t\u00e9 confi\u00e9, cl\u00e9 de vo\u00fbte du succ\u00e8s remarquable de la Marque horlog\u00e8re au fil des ann\u00e9es, qu&rsquo;Elie Bernheim a fait ses premi\u00e8res armes au sein de la Soci\u00e9t\u00e9. Le respect des valeurs fondatrices reste primordial dans sa vision de l&rsquo;avenir, c&rsquo;est ce dernier qui scellera avec succ\u00e8s tout le dynamisme, l&rsquo;ambition et l&rsquo;\u00e9nergie dont il souhaite faire b\u00e9n\u00e9ficier la Soci\u00e9t\u00e9 familiale.<\/div>\n<div>Analytique et pragmatique, Elie Bernheim n&rsquo;en reste pas moins un passionn\u00e9 de la vie, des Arts et de la musique. Essentiellement transmise par sa m\u00e8re pianiste professionnelle, la passion de la musique est aujourd&rsquo;hui un second souffle qui anime chaque nouveau d\u00e9veloppement produit ou orientation marketing.<\/div>\n<div>Elie Bernheim succ\u00e8de \u00e0 son p\u00e8re Olivier Bernheim qui lui passe avec fiert\u00e9 le flambeau. Olivier Bernheim a int\u00e9gr\u00e9 la Soci\u00e9t\u00e9 familiale en 1982. Devenu Pr\u00e9sident et CEO de RAYMOND WEIL en 1996, il restera Pr\u00e9sident du Conseil d&rsquo;Administration et consultant de la Soci\u00e9t\u00e9.<\/div>\n<ul>\n<li><img decoding=\"async\" src=\"https:\/\/www.my-watchsite.fr\/blog\/wp-content\/uploads\/2020\/08\/629_1908.jpg\" alt=\"Elie Bernheim\" \/><\/li>\n<\/ul>\n","protected":false},"excerpt":{"rendered":"<p>?Il marque par cet acte l&#8217;empreinte de la troisi\u00e8me g\u00e9n\u00e9ration \u00e0 la t\u00eate de la Soci\u00e9t\u00e9 horlog\u00e8re suisse. Elie Bernheim a \u00e9t\u00e9 nomm\u00e9 Chief Executive Officer (CEO) en date du mardi 8 avril 2014. Elie Bernheim a rejoint la Soci\u00e9t\u00e9 en 2006 apr\u00e8s avoir \u00e9t\u00e9 dipl\u00f4m\u00e9 de la prestigieuse Ecole H\u00f4teli\u00e8re de Lausanne. Repr\u00e9sentant la [&hellip;]<\/p>\n","protected":false},"author":1,"featured_media":2516,"comment_status":"closed","ping_status":"closed","sticky":false,"template":"","format":"standard","meta":{"footnotes":""},"categories":[2],"tags":[47],"acf":[],"yoast_head":"<!-- This site is optimized with the Yoast SEO plugin v20.4 - https:\/\/yoast.com\/wordpress\/plugins\/seo\/ -->\n<title>Elie Bernheim, petit-fils du fondateur, prend la t\u00eate de la soci\u00e9t\u00e9 Raymond Weil - MyWatch FR<\/title>\n<meta name=\"robots\" content=\"index, follow, max-snippet:-1, max-image-preview:large, max-video-preview:-1\" \/>\n<link rel=\"canonical\" href=\"https:\/\/www.my-watchsite.fr\/blog\/elie-bernheim-petit-fils-du-fondateur-prend-la-tete-de-la-societe-raymond-weil-n629\/\" \/>\n<meta property=\"og:locale\" content=\"fr_FR\" \/>\n<meta property=\"og:type\" content=\"article\" \/>\n<meta property=\"og:title\" content=\"Elie Bernheim, petit-fils du fondateur, prend la t\u00eate de la soci\u00e9t\u00e9 Raymond Weil - MyWatch FR\" \/>\n<meta property=\"og:description\" content=\"?Il marque par cet acte l&#8217;empreinte de la troisi\u00e8me g\u00e9n\u00e9ration \u00e0 la t\u00eate de la Soci\u00e9t\u00e9 horlog\u00e8re suisse. Elie Bernheim a \u00e9t\u00e9 nomm\u00e9 Chief Executive Officer (CEO) en date du mardi 8 avril 2014. Elie Bernheim a rejoint la Soci\u00e9t\u00e9 en 2006 apr\u00e8s avoir \u00e9t\u00e9 dipl\u00f4m\u00e9 de la prestigieuse Ecole H\u00f4teli\u00e8re de Lausanne. Repr\u00e9sentant la [&hellip;]\" \/>\n<meta property=\"og:url\" content=\"https:\/\/www.my-watchsite.fr\/blog\/elie-bernheim-petit-fils-du-fondateur-prend-la-tete-de-la-societe-raymond-weil-n629\/\" \/>\n<meta property=\"og:site_name\" content=\"MyWatch FR\" \/>\n<meta property=\"article:publisher\" content=\"https:\/\/www.facebook.com\/mywatchsite\/\" \/>\n<meta property=\"article:published_time\" content=\"2014-04-16T22:00:00+00:00\" \/>\n<meta property=\"og:image\" content=\"https:\/\/www.my-watchsite.fr\/blog\/wp-content\/uploads\/2020\/08\/thumb_629.jpg\" \/>\n\t<meta property=\"og:image:width\" content=\"654\" \/>\n\t<meta property=\"og:image:height\" content=\"435\" \/>\n\t<meta property=\"og:image:type\" content=\"image\/jpeg\" \/>\n<meta name=\"author\" content=\"MyWatch\" \/>\n<meta name=\"twitter:card\" content=\"summary_large_image\" \/>\n<meta name=\"twitter:creator\" content=\"@mywatchsite\" \/>\n<meta name=\"twitter:site\" content=\"@mywatchsite\" \/>\n<meta name=\"twitter:label1\" content=\"\u00c9crit par\" \/>\n\t<meta name=\"twitter:data1\" content=\"MyWatch\" \/>\n\t<meta name=\"twitter:label2\" content=\"Dur\u00e9e de lecture estim\u00e9e\" \/>\n\t<meta name=\"twitter:data2\" content=\"2 minutes\" \/>\n<script type=\"application\/ld+json\" class=\"yoast-schema-graph\">{\"@context\":\"https:\/\/schema.org\",\"@graph\":[{\"@type\":\"WebPage\",\"@id\":\"https:\/\/www.my-watchsite.fr\/blog\/elie-bernheim-petit-fils-du-fondateur-prend-la-tete-de-la-societe-raymond-weil-n629\/\",\"url\":\"https:\/\/www.my-watchsite.fr\/blog\/elie-bernheim-petit-fils-du-fondateur-prend-la-tete-de-la-societe-raymond-weil-n629\/\",\"name\":\"Elie Bernheim, petit-fils du fondateur, prend la t\u00eate de la soci\u00e9t\u00e9 Raymond Weil - MyWatch FR\",\"isPartOf\":{\"@id\":\"https:\/\/www.my-watchsite.fr\/blog\/#website\"},\"datePublished\":\"2014-04-16T22:00:00+00:00\",\"dateModified\":\"2014-04-16T22:00:00+00:00\",\"author\":{\"@id\":\"https:\/\/www.my-watchsite.fr\/blog\/#\/schema\/person\/67e19b3e3d014465042ff1be1c9fcf44\"},\"breadcrumb\":{\"@id\":\"https:\/\/www.my-watchsite.fr\/blog\/elie-bernheim-petit-fils-du-fondateur-prend-la-tete-de-la-societe-raymond-weil-n629\/#breadcrumb\"},\"inLanguage\":\"fr-FR\",\"potentialAction\":[{\"@type\":\"ReadAction\",\"target\":[\"https:\/\/www.my-watchsite.fr\/blog\/elie-bernheim-petit-fils-du-fondateur-prend-la-tete-de-la-societe-raymond-weil-n629\/\"]}]},{\"@type\":\"BreadcrumbList\",\"@id\":\"https:\/\/www.my-watchsite.fr\/blog\/elie-bernheim-petit-fils-du-fondateur-prend-la-tete-de-la-societe-raymond-weil-n629\/#breadcrumb\",\"itemListElement\":[{\"@type\":\"ListItem\",\"position\":1,\"name\":\"Accueil\",\"item\":\"https:\/\/www.my-watchsite.fr\/blog\/\"},{\"@type\":\"ListItem\",\"position\":2,\"name\":\"Elie Bernheim, petit-fils du fondateur, prend la t\u00eate de la soci\u00e9t\u00e9 Raymond Weil\"}]},{\"@type\":\"WebSite\",\"@id\":\"https:\/\/www.my-watchsite.fr\/blog\/#website\",\"url\":\"https:\/\/www.my-watchsite.fr\/blog\/\",\"name\":\"MyWatch FR\",\"description\":\"Make Time a Lifestyle\",\"potentialAction\":[{\"@type\":\"SearchAction\",\"target\":{\"@type\":\"EntryPoint\",\"urlTemplate\":\"https:\/\/www.my-watchsite.fr\/blog\/?s={search_term_string}\"},\"query-input\":\"required name=search_term_string\"}],\"inLanguage\":\"fr-FR\"},{\"@type\":\"Person\",\"@id\":\"https:\/\/www.my-watchsite.fr\/blog\/#\/schema\/person\/67e19b3e3d014465042ff1be1c9fcf44\",\"name\":\"MyWatch\",\"image\":{\"@type\":\"ImageObject\",\"inLanguage\":\"fr-FR\",\"@id\":\"https:\/\/www.my-watchsite.fr\/blog\/#\/schema\/person\/image\/\",\"url\":\"https:\/\/secure.gravatar.com\/avatar\/e52d1e94806c54826c863f554ca1dd2a?s=96&d=mm&r=g\",\"contentUrl\":\"https:\/\/secure.gravatar.com\/avatar\/e52d1e94806c54826c863f554ca1dd2a?s=96&d=mm&r=g\",\"caption\":\"MyWatch\"},\"sameAs\":[\"https:\/\/www.my-watchsite.fr\/blog\"]}]}<\/script>\n<!-- \/ Yoast SEO plugin. -->","yoast_head_json":{"title":"Elie Bernheim, petit-fils du fondateur, prend la t\u00eate de la soci\u00e9t\u00e9 Raymond Weil - MyWatch FR","robots":{"index":"index","follow":"follow","max-snippet":"max-snippet:-1","max-image-preview":"max-image-preview:large","max-video-preview":"max-video-preview:-1"},"canonical":"https:\/\/www.my-watchsite.fr\/blog\/elie-bernheim-petit-fils-du-fondateur-prend-la-tete-de-la-societe-raymond-weil-n629\/","og_locale":"fr_FR","og_type":"article","og_title":"Elie Bernheim, petit-fils du fondateur, prend la t\u00eate de la soci\u00e9t\u00e9 Raymond Weil - MyWatch FR","og_description":"?Il marque par cet acte l&#8217;empreinte de la troisi\u00e8me g\u00e9n\u00e9ration \u00e0 la t\u00eate de la Soci\u00e9t\u00e9 horlog\u00e8re suisse. Elie Bernheim a \u00e9t\u00e9 nomm\u00e9 Chief Executive Officer (CEO) en date du mardi 8 avril 2014. Elie Bernheim a rejoint la Soci\u00e9t\u00e9 en 2006 apr\u00e8s avoir \u00e9t\u00e9 dipl\u00f4m\u00e9 de la prestigieuse Ecole H\u00f4teli\u00e8re de Lausanne. Repr\u00e9sentant la [&hellip;]","og_url":"https:\/\/www.my-watchsite.fr\/blog\/elie-bernheim-petit-fils-du-fondateur-prend-la-tete-de-la-societe-raymond-weil-n629\/","og_site_name":"MyWatch FR","article_publisher":"https:\/\/www.facebook.com\/mywatchsite\/","article_published_time":"2014-04-16T22:00:00+00:00","og_image":[{"width":654,"height":435,"url":"https:\/\/www.my-watchsite.fr\/blog\/wp-content\/uploads\/2020\/08\/thumb_629.jpg","type":"image\/jpeg"}],"author":"MyWatch","twitter_card":"summary_large_image","twitter_creator":"@mywatchsite","twitter_site":"@mywatchsite","twitter_misc":{"\u00c9crit par":"MyWatch","Dur\u00e9e de lecture estim\u00e9e":"2 minutes"},"schema":{"@context":"https:\/\/schema.org","@graph":[{"@type":"WebPage","@id":"https:\/\/www.my-watchsite.fr\/blog\/elie-bernheim-petit-fils-du-fondateur-prend-la-tete-de-la-societe-raymond-weil-n629\/","url":"https:\/\/www.my-watchsite.fr\/blog\/elie-bernheim-petit-fils-du-fondateur-prend-la-tete-de-la-societe-raymond-weil-n629\/","name":"Elie Bernheim, petit-fils du fondateur, prend la t\u00eate de la soci\u00e9t\u00e9 Raymond Weil - MyWatch FR","isPartOf":{"@id":"https:\/\/www.my-watchsite.fr\/blog\/#website"},"datePublished":"2014-04-16T22:00:00+00:00","dateModified":"2014-04-16T22:00:00+00:00","author":{"@id":"https:\/\/www.my-watchsite.fr\/blog\/#\/schema\/person\/67e19b3e3d014465042ff1be1c9fcf44"},"breadcrumb":{"@id":"https:\/\/www.my-watchsite.fr\/blog\/elie-bernheim-petit-fils-du-fondateur-prend-la-tete-de-la-societe-raymond-weil-n629\/#breadcrumb"},"inLanguage":"fr-FR","potentialAction":[{"@type":"ReadAction","target":["https:\/\/www.my-watchsite.fr\/blog\/elie-bernheim-petit-fils-du-fondateur-prend-la-tete-de-la-societe-raymond-weil-n629\/"]}]},{"@type":"BreadcrumbList","@id":"https:\/\/www.my-watchsite.fr\/blog\/elie-bernheim-petit-fils-du-fondateur-prend-la-tete-de-la-societe-raymond-weil-n629\/#breadcrumb","itemListElement":[{"@type":"ListItem","position":1,"name":"Accueil","item":"https:\/\/www.my-watchsite.fr\/blog\/"},{"@type":"ListItem","position":2,"name":"Elie Bernheim, petit-fils du fondateur, prend la t\u00eate de la soci\u00e9t\u00e9 Raymond Weil"}]},{"@type":"WebSite","@id":"https:\/\/www.my-watchsite.fr\/blog\/#website","url":"https:\/\/www.my-watchsite.fr\/blog\/","name":"MyWatch FR","description":"Make Time a Lifestyle","potentialAction":[{"@type":"SearchAction","target":{"@type":"EntryPoint","urlTemplate":"https:\/\/www.my-watchsite.fr\/blog\/?s={search_term_string}"},"query-input":"required name=search_term_string"}],"inLanguage":"fr-FR"},{"@type":"Person","@id":"https:\/\/www.my-watchsite.fr\/blog\/#\/schema\/person\/67e19b3e3d014465042ff1be1c9fcf44","name":"MyWatch","image":{"@type":"ImageObject","inLanguage":"fr-FR","@id":"https:\/\/www.my-watchsite.fr\/blog\/#\/schema\/person\/image\/","url":"https:\/\/secure.gravatar.com\/avatar\/e52d1e94806c54826c863f554ca1dd2a?s=96&d=mm&r=g","contentUrl":"https:\/\/secure.gravatar.com\/avatar\/e52d1e94806c54826c863f554ca1dd2a?s=96&d=mm&r=g","caption":"MyWatch"},"sameAs":["https:\/\/www.my-watchsite.fr\/blog"]}]}},"_links":{"self":[{"href":"https:\/\/www.my-watchsite.fr\/blog\/wp-json\/wp\/v2\/posts\/2514"}],"collection":[{"href":"https:\/\/www.my-watchsite.fr\/blog\/wp-json\/wp\/v2\/posts"}],"about":[{"href":"https:\/\/www.my-watchsite.fr\/blog\/wp-json\/wp\/v2\/types\/post"}],"author":[{"embeddable":true,"href":"https:\/\/www.my-watchsite.fr\/blog\/wp-json\/wp\/v2\/users\/1"}],"replies":[{"embeddable":true,"href":"https:\/\/www.my-watchsite.fr\/blog\/wp-json\/wp\/v2\/comments?post=2514"}],"version-history":[{"count":0,"href":"https:\/\/www.my-watchsite.fr\/blog\/wp-json\/wp\/v2\/posts\/2514\/revisions"}],"wp:featuredmedia":[{"embeddable":true,"href":"https:\/\/www.my-watchsite.fr\/blog\/wp-json\/wp\/v2\/media\/2516"}],"wp:attachment":[{"href":"https:\/\/www.my-watchsite.fr\/blog\/wp-json\/wp\/v2\/media?parent=2514"}],"wp:term":[{"taxonomy":"category","embeddable":true,"href":"https:\/\/www.my-watchsite.fr\/blog\/wp-json\/wp\/v2\/categories?post=2514"},{"taxonomy":"post_tag","embeddable":true,"href":"https:\/\/www.my-watchsite.fr\/blog\/wp-json\/wp\/v2\/tags?post=2514"}],"curies":[{"name":"wp","href":"https:\/\/api.w.org\/{rel}","templated":true}]}}