{"id":25454,"date":"2023-01-24T11:04:05","date_gmt":"2023-01-24T10:04:05","guid":{"rendered":"https:\/\/www.my-watchsite.fr\/blog\/?p=25454"},"modified":"2023-01-31T11:42:27","modified_gmt":"2023-01-31T10:42:27","slug":"10-questions-a-se-poser-avant-de-partir","status":"publish","type":"post","link":"https:\/\/www.my-watchsite.fr\/blog\/10-questions-a-se-poser-avant-de-partir\/","title":{"rendered":"10 questions \u00e0 se poser avant de partir"},"content":{"rendered":"\n<figure class=\"wp-block-image size-full\"><img decoding=\"async\" width=\"900\" height=\"560\" loading=\"lazy\" src=\"https:\/\/www.my-watchsite.fr\/blog\/wp-content\/uploads\/2023\/01\/partir1.jpg\" alt=\"\" class=\"wp-image-25654\" \/><\/figure>\n\n\n\n<h2 class=\"wp-block-heading\"><strong>Regarde, le monde a chang\u00e9<\/strong><\/h2>\n\n\n\n<p>Tant mieux, le voyage affiche ses nouveaut\u00e9s. Au<a href=\"https:\/\/www.my-watchsite.fr\/blog\/lisbonne-du-neuf-au-9hotel-mercy\/\" target=\"_blank\" rel=\"noreferrer noopener\"> Portugal<\/a>, d\u00e9cid\u00e9ment tr\u00e8s en pointe question tentations, Melides (\u00e0 c\u00f4t\u00e9 de Comporta), s\u00e9duit&nbsp;<em>rich and famous<\/em>. De nouveaux h\u00f4tels, chers, ouvrent, l\u2019Atlantique est glac\u00e9 mais les plages sont somptueuses, la nature intacte et l\u2019ambiance plus cool que jamais. Sur un autre registre, profiter des vols directs entre la France et Djanet, la perle du Sahara alg\u00e9rien. Bivouac et M\u00e9har\u00e9e en vue, les aventuriers vont adorer. Plus chic, donc plus cher, l\u2019ouverture de l\u2019Arabie Saoudite se fait sur le site nabat\u00e9en d\u2019AIUla, class\u00e9 par l\u2019Unesco. Afrique toujours mais au Mozambique, la guerre civile fait la pause et plusieurs parcs animaliers rouvrent dont celui de Gorongosa. Enfin, direction le village himalayen de Jomoson (N\u00e9pal, la porte du Mustang) qui accueille un h\u00f4tel de luxe, histoire de s\u00e9duire les trekkeurs de 4&nbsp;000 m\u00e8tres et plus. Ils peuvent se pr\u00e9cipiter.<\/p>\n\n\n\n<h2 class=\"wp-block-heading\"><strong>Quand l&rsquo;actualit\u00e9 impose la prudence<\/strong><\/h2>\n\n\n\n<p>Les turbulences de la plan\u00e8te font la carte du voyage. On ignore donc la Chine pour cause de Covid. Pareillement, l\u2019Iran attendra ses visiteurs, dommage, et le week-end \u00e0 Kiev, pourtant charmant, sera \u00e9videmment report\u00e9. Inutile de se pr\u00e9cipiter en Afrique de l\u2019Ouest (\u00e0 part la Casamance) o\u00f9 les manifestations anti-fran\u00e7aises se multiplient. On \u00e9vitera aussi le Liban comme la zone Moyen-Orient, sauf Petra (Jordanie) mais apr\u00e8s avoir consult\u00e9 le site&nbsp;<a href=\"http:\/\/www.diplomatie.gouv.fr\/\" target=\"_blank\" rel=\"noreferrer noopener\">www.diplomatie.gouv.fr<\/a>&nbsp;(minist\u00e8re des Affaires \u00e9trang\u00e8res) et ses \u00e9patants conseils aux voyageurs. <\/p>\n\n\n\n<figure class=\"wp-block-image size-full\"><img decoding=\"async\" width=\"900\" height=\"560\" loading=\"lazy\" src=\"https:\/\/www.my-watchsite.fr\/blog\/wp-content\/uploads\/2023\/01\/petra.jpg\" alt=\"\" class=\"wp-image-25655\" \/><figcaption class=\"wp-element-caption\">Petra, la cit\u00e9 nabat\u00e9enne situ\u00e9e au sud de l&rsquo;actuelle Jordanie.<\/figcaption><\/figure>\n\n\n\n<p>Alerte sur le Mexique pour cause de violence et de racket end\u00e9mique, sur le P\u00e9rou qui multiplie actuellement les manifs, ainsi que sur le Sri Lanka et la Birmanie o\u00f9 la s\u00e9r\u00e9nit\u00e9 est loin d\u2019\u00eatre assur\u00e9e. Mais restons positifs&nbsp;! En 2023 ouvrira le grand mus\u00e9e du Caire (Egypte), riche de 100&nbsp;000 pi\u00e8ces antiques dont tout le mobilier fun\u00e9raire qui garnissait la tombe de Toutankhamon&nbsp;! Exceptionnel. Pareillement, nombreux sont ceux qui adorent lier leur voyage \u00e0 un \u00e9v\u00e9nement. Le programme des Grands Prix de F1, les concerts, rock ou classique, les expos pr\u00e9vues \u00e0 Londres, Berlin, New York, San Francisco ou Los Angeles, les carnavals (Rio, du 22 f\u00e9vrier au 8 mars), la finale de la Coupe d\u2019Europe de foot (Budapest, le 31 mai), le sacre de Charles III (6 mai), les f\u00eates indiennes ou les aurores bor\u00e9ales (ao\u00fbt-mars) sont autant de pr\u00e9textes \u00e0 d\u00e9coller.<\/p>\n\n\n\n<h2 class=\"wp-block-heading\"><strong>En voyage, attention \u00e0 la sant\u00e9<\/strong>&#8230;<\/h2>\n\n\n\n<figure class=\"wp-block-image size-full\"><img decoding=\"async\" width=\"900\" height=\"560\" loading=\"lazy\" src=\"https:\/\/www.my-watchsite.fr\/blog\/wp-content\/uploads\/2023\/01\/partir2.jpg\" alt=\"\" class=\"wp-image-25656\" \/><\/figure>\n\n\n\n<p>Passeport, visa, tout est OK. Reste la Covid. La plupart des pays font belle figure et ne demandent plus d\u2019attestation. Oui, mais\u2026 Tout peut changer du jour au lendemain comme vient de le montrer la Tha\u00eflande qui r\u00e9tablit le certificat de vaccination pour ses visiteurs. Consulter imp\u00e9rativement&nbsp;<a href=\"http:\/\/www.santepubliquefrance.fr\/\" target=\"_blank\" rel=\"noreferrer noopener\">www.santepubliquefrance.fr<\/a>&nbsp;qui dresse un \u00e9tat complet de l\u2019\u00e9tat sanitaire des pays. Par ailleurs, v\u00e9rifier sa couverture m\u00e9dicale. Pas de souci dans les pays de l\u2019Union Europ\u00e9enne, assurance obligatoire pour aller aux Etats-Unis.<\/p>\n\n\n\n<h2 class=\"wp-block-heading\"><strong>Ne pas n\u00e9gliger la m\u00e9t\u00e9o<\/strong><\/h2>\n\n\n\n<p>Un coup d\u2019\u0153il sur les pr\u00e9visions m\u00e9t\u00e9o, elles sont fiables sur les semaines qui viennent, \u00e9vitera la d\u00e9convenue du week-end \u00e0 Londres, Florence ou Lisbonne sous une pluie battante. Consulter par exemple&nbsp;<a href=\"http:\/\/www.meteovoyage.com\/\" target=\"_blank\" rel=\"noreferrer noopener\">www.meteovoyage.com<\/a>.<\/p>\n\n\n\n<h2 class=\"wp-block-heading\"><strong>Pr\u00e9ciser le projet, faire de l&rsquo;humeur la priorit\u00e9<\/strong><\/h2>\n\n\n\n<figure class=\"wp-block-image size-full\"><img decoding=\"async\" width=\"900\" height=\"560\" loading=\"lazy\" src=\"https:\/\/www.my-watchsite.fr\/blog\/wp-content\/uploads\/2023\/01\/partir3.jpg\" alt=\"\" class=\"wp-image-25657\" \/><figcaption class=\"wp-element-caption\">L&rsquo;\u00eele Maurice et sa mer turquoise sont toujours un enchantement et en plus on y parle fran\u00e7ais.<\/figcaption><\/figure>\n\n\n\n<p>Chacun son plaisir du voyage. Escapade citadine, paresse assum\u00e9e sur plage des tropiques, exigence de culture ou bien de grande nature, vacances actives, croisi\u00e8re sous la voile ou transatlantique chic, programme dense de concerts et d\u2019expos\u2026 Voil\u00e0 qui d\u00e9termine une destination. Quelques suggestions. R\u00e9publique Dominicaine ou \u00eele Maurice pour les plaisirs de la plage tropicale et la tentation de ne rien faire d\u2019autre, ou si peu. <\/p>\n\n\n\n<figure class=\"wp-block-image size-full\"><img decoding=\"async\" width=\"900\" height=\"560\" loading=\"lazy\" src=\"https:\/\/www.my-watchsite.fr\/blog\/wp-content\/uploads\/2023\/01\/partir4.jpg\" alt=\"\" class=\"wp-image-25658\" \/><figcaption class=\"wp-element-caption\">Comment ne pas aller \u00e0 Londres, une destination  touristique et historique.<\/figcaption><\/figure>\n\n\n\n<p>Londres, Berlin, New York ou Barcelone afin de remplir son agenda culturel. La grande nature prend ses marques en Patagonie chilienne ou argentine (attention, de mai \u00e0 septembre, c\u2019est l\u2019hiver) autant que dans l\u2019Ouest am\u00e9ricain ou sur les pistes de Tanzanie. Faire original, penser \u00e0 la croisi\u00e8re en famille ou entre amis \u00e0 bord d\u2019un boutre en Turquie, d\u2019une dahabieh sur le Nil, d\u2019un catamaran aux Cara\u00efbes. Un conseil&nbsp;: consulter une agence de voyage et lui imposer ses envies. Sa connaissance du monde et son art d\u2019associer les prestations font sa qualit\u00e9. Elle est en outre garante de la bonne ex\u00e9cution du programme.<\/p>\n\n\n\n<h2 class=\"wp-block-heading\"><strong>Compte tes billets<\/strong><\/h2>\n\n\n\n<figure class=\"wp-block-image size-full\"><img decoding=\"async\" width=\"900\" height=\"560\" loading=\"lazy\" src=\"https:\/\/www.my-watchsite.fr\/blog\/wp-content\/uploads\/2023\/01\/partir5.jpg\" alt=\"\" class=\"wp-image-25659\" \/><\/figure>\n\n\n\n<p>L\u2019heure est \u00e0 l\u2019envol\u00e9e des tarifs. L\u2019avion, bien s\u00fbr, mais \u00e9galement l\u2019h\u00f4tel, la location de voiture, le restaurant, le taxi. Dans les grandes villes occidentales, la facture a grimp\u00e9 de 50% \u00e0 100% depuis deux ans. M\u00eame constat en Inde (h\u00f4tels), aux Cara\u00efbes (h\u00f4tels et restauration), dans les \u00eeles de l\u2019oc\u00e9an Indien (h\u00f4tels) et, dans une moindre mesure en Asie du Sud-Est, Tha\u00eflande comprise.&nbsp;<\/p>\n\n\n\n<h2 class=\"wp-block-heading\"><strong>Les promos, t\u2019as regard\u00e9&nbsp;?<\/strong><\/h2>\n\n\n\n<p>Le voyage est un march\u00e9 comme les autres. Un fauteuil d\u2019avion libre, une chambre d\u2019h\u00f4tel inoccup\u00e9e, c\u2019est une perte s\u00e8che pour l\u2019op\u00e9rateur. En permanence et sur toutes les destinations, il existe un catalogue florissant de la promotion. Les prix les plus bas sont affich\u00e9s soit tr\u00e8s longtemps avant le d\u00e9part, prime \u00e0 l\u2019anticipation qui cr\u00e9e une dynamique de remplissage, soit \u00e0 la derni\u00e8re minute pour garnir les places vides. D\u2019un c\u00f4t\u00e9 les pr\u00e9voyants, de l\u2019autre les insouciants, une prime au petit prix pour tous. Consulter les sites des tour-op\u00e9rateurs.<\/p>\n\n\n\n<h2 class=\"wp-block-heading\"><strong>Comme tu sais, tout n\u2019est pas faisable<\/strong><\/h2>\n\n\n\n<p>Certains r\u00eaves ont leur limite. On organise soi-m\u00eame son week-end dans les capitales d\u2019Europe ou \u00e0 Duba\u00ef en quelques clic, tout comme on sillonne les Etats-Unis. A l\u2019inverse, impossible, ou presque, de louer une voiture sans chauffeur en Inde ou en Tha\u00eflande, incapacit\u00e9 \u00e0 voyager solo en Chine, au Japon ou en Cor\u00e9e pour cause de langue et d\u2019\u00e9criture. Recours \u00e0 l\u2019agence de voyages quasi oblig\u00e9.<\/p>\n\n\n\n<h2 class=\"wp-block-heading\"><strong>Sois malin, joue l\u2019alternative<\/strong><\/h2>\n\n\n\n<figure class=\"wp-block-image size-full\"><img decoding=\"async\" width=\"900\" height=\"560\" loading=\"lazy\" src=\"https:\/\/www.my-watchsite.fr\/blog\/wp-content\/uploads\/2023\/01\/partir6.jpg\" alt=\"\" class=\"wp-image-25660\" \/><figcaption class=\"wp-element-caption\">La ville de Tirana en Albanie.<\/figcaption><\/figure>\n\n\n\n<p>Le voyageur \u00e9clair\u00e9 file l\u00e0 o\u00f9 les autres ne vont pas. A priori, c\u2019est simple. La Margeride, l\u2019Aubrac, les Ardennes, Tirana (Albanie), les \u00eeles d\u2019Aran (Irlande), la Galice (Espagne), la Calabre (Italie) ou Folegandros (Gr\u00e8ce) suffisent \u00e0 cocher une vie d\u2019escapades insolites.<\/p>\n\n\n\n<figure class=\"wp-block-image size-full\"><img decoding=\"async\" width=\"900\" height=\"1450\" loading=\"lazy\" src=\"https:\/\/www.my-watchsite.fr\/blog\/wp-content\/uploads\/2023\/01\/partir7.jpg\" alt=\"\" class=\"wp-image-25661\" \/><figcaption class=\"wp-element-caption\">Les \u00eeles d&rsquo;Aran en Irlande.<\/figcaption><\/figure>\n\n\n\n<p>Jouons aussi la diff\u00e9rence dans la similitude&nbsp;: le Mont\u00e9n\u00e9gro plut\u00f4t que les Pouilles italiennes ou la Croatie, le Costa Rica mieux que le Mexique, Madagascar plus que l\u2019\u00eele Maurice et les Maldives, Seattle ou Santa Fe de pr\u00e9f\u00e9rence \u00e0 San Francisco. Enfin, pr\u00f4nons l\u2019Alg\u00e9rie plut\u00f4t qu\u2019un \u00e9ni\u00e8me voyage au Maroc ou en Tunisie, et choisissons les \u00eeles du Cap Vert histoire d\u2019\u00e9viter la foule des Canaries ou des plages du S\u00e9n\u00e9gal. Avec le prestige d\u2019un regard avis\u00e9 sur la carte du monde.&nbsp;<\/p>\n\n\n\n<h2 class=\"wp-block-heading\"><strong>Cultive ta responsabilit\u00e9<\/strong><\/h2>\n\n\n\n<figure class=\"wp-block-image size-full\"><img decoding=\"async\" width=\"900\" height=\"900\" loading=\"lazy\" src=\"https:\/\/www.my-watchsite.fr\/blog\/wp-content\/uploads\/2023\/01\/partir9.jpg\" alt=\"\" class=\"wp-image-25664\" \/><\/figure>\n\n\n\n<p>C\u2019est dans l\u2019air du temps. On d\u00e9couvre qu\u2019aller \u00e0 Milan, Vienne ou Madrid en train est une affaire bien agr\u00e9able. La proximit\u00e9 reprend ses droits, franchir un oc\u00e9an n\u2019est plus gage d\u2019exception. P\u00e9daler sur nos d\u00e9partementales, se mettre sur pause dans un gite chic de for\u00eat, trouver son refuge sur une \u00eele de France ou faire la f\u00eate d\u2019estives en festivals (tous les pays d\u2019Europe ont les leurs), montre que bonheur ne rime pas forc\u00e9ment avec d\u00e9calage horaire. C\u2019est une excellente nouvelle.&nbsp;<\/p>\n\n\n\n<figure class=\"wp-block-image size-full\"><img decoding=\"async\" width=\"900\" height=\"1450\" loading=\"lazy\" src=\"https:\/\/www.my-watchsite.fr\/blog\/wp-content\/uploads\/2023\/01\/partir8.jpg\" alt=\"\" class=\"wp-image-25662\" \/><figcaption class=\"wp-element-caption\">Madrid en Espagne.<\/figcaption><\/figure>\n\n\n\n<p><strong>\u00c0 lire aussi :<\/strong><\/p>\n\n\n\n<figure class=\"wp-block-embed is-type-wp-embed is-provider-mywatch-fr wp-block-embed-mywatch-fr\"><div class=\"wp-block-embed__wrapper\">\n<blockquote class=\"wp-embedded-content\" data-secret=\"JH792WKaXj\"><a href=\"https:\/\/www.my-watchsite.fr\/blog\/escapade-ecossaise-a-edimbourg-et-ses-environs\/\">Escapade \u00e9cossaise \u00e0 \u00c9dimbourg et ses environs<\/a><\/blockquote><iframe class=\"wp-embedded-content\" sandbox=\"allow-scripts\" security=\"restricted\" style=\"position: absolute; clip: rect(1px, 1px, 1px, 1px);\" title=\"\u00ab\u00a0Escapade \u00e9cossaise \u00e0 \u00c9dimbourg et ses environs\u00a0\u00bb &#8212; MyWatch FR\" src=\"https:\/\/www.my-watchsite.fr\/blog\/escapade-ecossaise-a-edimbourg-et-ses-environs\/embed\/#?secret=Idl6CZAH5O#?secret=JH792WKaXj\" data-secret=\"JH792WKaXj\" width=\"500\" height=\"282\" frameborder=\"0\" marginwidth=\"0\" marginheight=\"0\" scrolling=\"no\"><\/iframe>\n<\/div><\/figure>\n\n\n\n<figure class=\"wp-block-embed is-type-wp-embed is-provider-mywatch-fr wp-block-embed-mywatch-fr\"><div class=\"wp-block-embed__wrapper\">\n<blockquote class=\"wp-embedded-content\" data-secret=\"c77pii6PQK\"><a href=\"https:\/\/www.my-watchsite.fr\/blog\/dix-hymnes-a-la-mer\/\">Dix hymnes \u00e0 la mer<\/a><\/blockquote><iframe class=\"wp-embedded-content\" sandbox=\"allow-scripts\" security=\"restricted\" style=\"position: absolute; clip: rect(1px, 1px, 1px, 1px);\" title=\"\u00ab\u00a0Dix hymnes \u00e0 la mer\u00a0\u00bb &#8212; MyWatch FR\" src=\"https:\/\/www.my-watchsite.fr\/blog\/dix-hymnes-a-la-mer\/embed\/#?secret=tThBTfhel6#?secret=c77pii6PQK\" data-secret=\"c77pii6PQK\" width=\"500\" height=\"282\" frameborder=\"0\" marginwidth=\"0\" marginheight=\"0\" scrolling=\"no\"><\/iframe>\n<\/div><\/figure>\n\n\n\n<figure class=\"wp-block-embed is-type-wp-embed is-provider-mywatch-fr wp-block-embed-mywatch-fr\"><div class=\"wp-block-embed__wrapper\">\n<blockquote class=\"wp-embedded-content\" data-secret=\"OuFTJgoS0q\"><a href=\"https:\/\/www.my-watchsite.fr\/blog\/lisbonne-du-neuf-au-9hotel-mercy\/\">Lisbonne, du neuf au 9Hotel Mercy<\/a><\/blockquote><iframe class=\"wp-embedded-content\" sandbox=\"allow-scripts\" security=\"restricted\" style=\"position: absolute; clip: rect(1px, 1px, 1px, 1px);\" title=\"\u00ab\u00a0Lisbonne, du neuf au 9Hotel Mercy\u00a0\u00bb &#8212; MyWatch FR\" src=\"https:\/\/www.my-watchsite.fr\/blog\/lisbonne-du-neuf-au-9hotel-mercy\/embed\/#?secret=zPSK3kwVh5#?secret=OuFTJgoS0q\" data-secret=\"OuFTJgoS0q\" width=\"500\" height=\"282\" frameborder=\"0\" marginwidth=\"0\" marginheight=\"0\" scrolling=\"no\"><\/iframe>\n<\/div><\/figure>\n\n\n\n<p><\/p>\n\n\n\n<p><\/p>\n\n\n\n<p><\/p>\n","protected":false},"excerpt":{"rendered":"<p>Les pros du tourisme n\u2019en reviennent pas. Malgr\u00e9 l\u2019augmentation sal\u00e9e des prix &#8211; avion, h\u00f4tels, prestations&#8230;- les r\u00e9servations affluent. Clairement, apr\u00e8s trois ann\u00e9es de privation, l\u2019envie d\u2019ailleurs impose sa loi : partir grand, viser loin, redevenir libre. Oui, mais\u2026<\/p>\n","protected":false},"author":24,"featured_media":25650,"comment_status":"closed","ping_status":"closed","sticky":false,"template":"","format":"standard","meta":{"footnotes":""},"categories":[82],"tags":[474,473,371,472],"acf":[],"yoast_head":"<!-- This site is optimized with the Yoast SEO plugin v20.4 - https:\/\/yoast.com\/wordpress\/plugins\/seo\/ -->\n<title>Partir : les 10 questions \u00e0 se poser<\/title>\n<meta name=\"description\" content=\"Apr\u00e8s trois ann\u00e9es de privation, l\u2019envie d\u2019ailleurs impose sa loi : partir grand, viser loin, redevenir libre.\" \/>\n<meta name=\"robots\" content=\"index, follow, max-snippet:-1, max-image-preview:large, max-video-preview:-1\" \/>\n<link rel=\"canonical\" href=\"https:\/\/www.my-watchsite.fr\/blog\/10-questions-a-se-poser-avant-de-partir\/\" \/>\n<meta property=\"og:locale\" content=\"fr_FR\" \/>\n<meta property=\"og:type\" content=\"article\" \/>\n<meta property=\"og:title\" content=\"Partir : les 10 questions \u00e0 se poser\" \/>\n<meta property=\"og:description\" content=\"Apr\u00e8s trois ann\u00e9es de privation, l\u2019envie d\u2019ailleurs impose sa loi : partir grand, viser loin, redevenir libre.\" \/>\n<meta property=\"og:url\" content=\"https:\/\/www.my-watchsite.fr\/blog\/10-questions-a-se-poser-avant-de-partir\/\" \/>\n<meta property=\"og:site_name\" content=\"MyWatch FR\" \/>\n<meta property=\"article:publisher\" content=\"https:\/\/www.facebook.com\/mywatchsite\/\" \/>\n<meta property=\"article:published_time\" content=\"2023-01-24T10:04:05+00:00\" \/>\n<meta property=\"article:modified_time\" content=\"2023-01-31T10:42:27+00:00\" \/>\n<meta property=\"og:image\" content=\"https:\/\/www.my-watchsite.fr\/blog\/wp-content\/uploads\/2023\/01\/hp.jpg\" \/>\n\t<meta property=\"og:image:width\" content=\"750\" \/>\n\t<meta property=\"og:image:height\" content=\"465\" \/>\n\t<meta property=\"og:image:type\" content=\"image\/jpeg\" \/>\n<meta name=\"author\" content=\"Jean-Pierre Chanial\" \/>\n<meta name=\"twitter:card\" content=\"summary_large_image\" \/>\n<meta name=\"twitter:creator\" content=\"@mywatchsite\" \/>\n<meta name=\"twitter:site\" content=\"@mywatchsite\" \/>\n<meta name=\"twitter:label1\" content=\"\u00c9crit par\" \/>\n\t<meta name=\"twitter:data1\" content=\"Jean-Pierre Chanial\" \/>\n\t<meta name=\"twitter:label2\" content=\"Dur\u00e9e de lecture estim\u00e9e\" \/>\n\t<meta name=\"twitter:data2\" content=\"9 minutes\" \/>\n<script type=\"application\/ld+json\" class=\"yoast-schema-graph\">{\"@context\":\"https:\/\/schema.org\",\"@graph\":[{\"@type\":\"WebPage\",\"@id\":\"https:\/\/www.my-watchsite.fr\/blog\/10-questions-a-se-poser-avant-de-partir\/\",\"url\":\"https:\/\/www.my-watchsite.fr\/blog\/10-questions-a-se-poser-avant-de-partir\/\",\"name\":\"Partir : les 10 questions \u00e0 se poser\",\"isPartOf\":{\"@id\":\"https:\/\/www.my-watchsite.fr\/blog\/#website\"},\"datePublished\":\"2023-01-24T10:04:05+00:00\",\"dateModified\":\"2023-01-31T10:42:27+00:00\",\"author\":{\"@id\":\"https:\/\/www.my-watchsite.fr\/blog\/#\/schema\/person\/9263e140022bf667270f5bafc11ad6d6\"},\"description\":\"Apr\u00e8s trois ann\u00e9es de privation, l\u2019envie d\u2019ailleurs impose sa loi : partir grand, viser loin, redevenir libre.\",\"breadcrumb\":{\"@id\":\"https:\/\/www.my-watchsite.fr\/blog\/10-questions-a-se-poser-avant-de-partir\/#breadcrumb\"},\"inLanguage\":\"fr-FR\",\"potentialAction\":[{\"@type\":\"ReadAction\",\"target\":[\"https:\/\/www.my-watchsite.fr\/blog\/10-questions-a-se-poser-avant-de-partir\/\"]}]},{\"@type\":\"BreadcrumbList\",\"@id\":\"https:\/\/www.my-watchsite.fr\/blog\/10-questions-a-se-poser-avant-de-partir\/#breadcrumb\",\"itemListElement\":[{\"@type\":\"ListItem\",\"position\":1,\"name\":\"Accueil\",\"item\":\"https:\/\/www.my-watchsite.fr\/blog\/\"},{\"@type\":\"ListItem\",\"position\":2,\"name\":\"10 questions \u00e0 se poser avant de partir\"}]},{\"@type\":\"WebSite\",\"@id\":\"https:\/\/www.my-watchsite.fr\/blog\/#website\",\"url\":\"https:\/\/www.my-watchsite.fr\/blog\/\",\"name\":\"MyWatch FR\",\"description\":\"Make Time a Lifestyle\",\"potentialAction\":[{\"@type\":\"SearchAction\",\"target\":{\"@type\":\"EntryPoint\",\"urlTemplate\":\"https:\/\/www.my-watchsite.fr\/blog\/?s={search_term_string}\"},\"query-input\":\"required name=search_term_string\"}],\"inLanguage\":\"fr-FR\"},{\"@type\":\"Person\",\"@id\":\"https:\/\/www.my-watchsite.fr\/blog\/#\/schema\/person\/9263e140022bf667270f5bafc11ad6d6\",\"name\":\"Jean-Pierre Chanial\",\"image\":{\"@type\":\"ImageObject\",\"inLanguage\":\"fr-FR\",\"@id\":\"https:\/\/www.my-watchsite.fr\/blog\/#\/schema\/person\/image\/\",\"url\":\"https:\/\/secure.gravatar.com\/avatar\/cf5a1cfca58daa9e8878a93d6009e556?s=96&d=mm&r=g\",\"contentUrl\":\"https:\/\/secure.gravatar.com\/avatar\/cf5a1cfca58daa9e8878a93d6009e556?s=96&d=mm&r=g\",\"caption\":\"Jean-Pierre Chanial\"}}]}<\/script>\n<!-- \/ Yoast SEO plugin. -->","yoast_head_json":{"title":"Partir : les 10 questions \u00e0 se poser","description":"Apr\u00e8s trois ann\u00e9es de privation, l\u2019envie d\u2019ailleurs impose sa loi : partir grand, viser loin, redevenir libre.","robots":{"index":"index","follow":"follow","max-snippet":"max-snippet:-1","max-image-preview":"max-image-preview:large","max-video-preview":"max-video-preview:-1"},"canonical":"https:\/\/www.my-watchsite.fr\/blog\/10-questions-a-se-poser-avant-de-partir\/","og_locale":"fr_FR","og_type":"article","og_title":"Partir : les 10 questions \u00e0 se poser","og_description":"Apr\u00e8s trois ann\u00e9es de privation, l\u2019envie d\u2019ailleurs impose sa loi : partir grand, viser loin, redevenir libre.","og_url":"https:\/\/www.my-watchsite.fr\/blog\/10-questions-a-se-poser-avant-de-partir\/","og_site_name":"MyWatch FR","article_publisher":"https:\/\/www.facebook.com\/mywatchsite\/","article_published_time":"2023-01-24T10:04:05+00:00","article_modified_time":"2023-01-31T10:42:27+00:00","og_image":[{"width":750,"height":465,"url":"https:\/\/www.my-watchsite.fr\/blog\/wp-content\/uploads\/2023\/01\/hp.jpg","type":"image\/jpeg"}],"author":"Jean-Pierre Chanial","twitter_card":"summary_large_image","twitter_creator":"@mywatchsite","twitter_site":"@mywatchsite","twitter_misc":{"\u00c9crit par":"Jean-Pierre Chanial","Dur\u00e9e de lecture estim\u00e9e":"9 minutes"},"schema":{"@context":"https:\/\/schema.org","@graph":[{"@type":"WebPage","@id":"https:\/\/www.my-watchsite.fr\/blog\/10-questions-a-se-poser-avant-de-partir\/","url":"https:\/\/www.my-watchsite.fr\/blog\/10-questions-a-se-poser-avant-de-partir\/","name":"Partir : les 10 questions \u00e0 se poser","isPartOf":{"@id":"https:\/\/www.my-watchsite.fr\/blog\/#website"},"datePublished":"2023-01-24T10:04:05+00:00","dateModified":"2023-01-31T10:42:27+00:00","author":{"@id":"https:\/\/www.my-watchsite.fr\/blog\/#\/schema\/person\/9263e140022bf667270f5bafc11ad6d6"},"description":"Apr\u00e8s trois ann\u00e9es de privation, l\u2019envie d\u2019ailleurs impose sa loi : partir grand, viser loin, redevenir libre.","breadcrumb":{"@id":"https:\/\/www.my-watchsite.fr\/blog\/10-questions-a-se-poser-avant-de-partir\/#breadcrumb"},"inLanguage":"fr-FR","potentialAction":[{"@type":"ReadAction","target":["https:\/\/www.my-watchsite.fr\/blog\/10-questions-a-se-poser-avant-de-partir\/"]}]},{"@type":"BreadcrumbList","@id":"https:\/\/www.my-watchsite.fr\/blog\/10-questions-a-se-poser-avant-de-partir\/#breadcrumb","itemListElement":[{"@type":"ListItem","position":1,"name":"Accueil","item":"https:\/\/www.my-watchsite.fr\/blog\/"},{"@type":"ListItem","position":2,"name":"10 questions \u00e0 se poser avant de partir"}]},{"@type":"WebSite","@id":"https:\/\/www.my-watchsite.fr\/blog\/#website","url":"https:\/\/www.my-watchsite.fr\/blog\/","name":"MyWatch FR","description":"Make Time a Lifestyle","potentialAction":[{"@type":"SearchAction","target":{"@type":"EntryPoint","urlTemplate":"https:\/\/www.my-watchsite.fr\/blog\/?s={search_term_string}"},"query-input":"required name=search_term_string"}],"inLanguage":"fr-FR"},{"@type":"Person","@id":"https:\/\/www.my-watchsite.fr\/blog\/#\/schema\/person\/9263e140022bf667270f5bafc11ad6d6","name":"Jean-Pierre Chanial","image":{"@type":"ImageObject","inLanguage":"fr-FR","@id":"https:\/\/www.my-watchsite.fr\/blog\/#\/schema\/person\/image\/","url":"https:\/\/secure.gravatar.com\/avatar\/cf5a1cfca58daa9e8878a93d6009e556?s=96&d=mm&r=g","contentUrl":"https:\/\/secure.gravatar.com\/avatar\/cf5a1cfca58daa9e8878a93d6009e556?s=96&d=mm&r=g","caption":"Jean-Pierre Chanial"}}]}},"_links":{"self":[{"href":"https:\/\/www.my-watchsite.fr\/blog\/wp-json\/wp\/v2\/posts\/25454"}],"collection":[{"href":"https:\/\/www.my-watchsite.fr\/blog\/wp-json\/wp\/v2\/posts"}],"about":[{"href":"https:\/\/www.my-watchsite.fr\/blog\/wp-json\/wp\/v2\/types\/post"}],"author":[{"embeddable":true,"href":"https:\/\/www.my-watchsite.fr\/blog\/wp-json\/wp\/v2\/users\/24"}],"replies":[{"embeddable":true,"href":"https:\/\/www.my-watchsite.fr\/blog\/wp-json\/wp\/v2\/comments?post=25454"}],"version-history":[{"count":17,"href":"https:\/\/www.my-watchsite.fr\/blog\/wp-json\/wp\/v2\/posts\/25454\/revisions"}],"predecessor-version":[{"id":25852,"href":"https:\/\/www.my-watchsite.fr\/blog\/wp-json\/wp\/v2\/posts\/25454\/revisions\/25852"}],"wp:featuredmedia":[{"embeddable":true,"href":"https:\/\/www.my-watchsite.fr\/blog\/wp-json\/wp\/v2\/media\/25650"}],"wp:attachment":[{"href":"https:\/\/www.my-watchsite.fr\/blog\/wp-json\/wp\/v2\/media?parent=25454"}],"wp:term":[{"taxonomy":"category","embeddable":true,"href":"https:\/\/www.my-watchsite.fr\/blog\/wp-json\/wp\/v2\/categories?post=25454"},{"taxonomy":"post_tag","embeddable":true,"href":"https:\/\/www.my-watchsite.fr\/blog\/wp-json\/wp\/v2\/tags?post=25454"}],"curies":[{"name":"wp","href":"https:\/\/api.w.org\/{rel}","templated":true}]}}