{"id":277,"date":"2010-10-18T00:00:00","date_gmt":"2010-10-17T22:00:00","guid":{"rendered":"https:\/\/www.my-watchsite.fr\/blog\/blog\/les-chefs-detat-de-la-francophonie-a-lheure-hublot-n83\/"},"modified":"2021-09-20T16:01:19","modified_gmt":"2021-09-20T14:01:19","slug":"les-chefs-detat-de-la-francophonie-a-lheure-hublot-confederation-suisse-n83","status":"publish","type":"post","link":"https:\/\/www.my-watchsite.fr\/blog\/les-chefs-detat-de-la-francophonie-a-lheure-hublot-confederation-suisse-n83\/","title":{"rendered":"Les Chefs d\u2019Etat de la Francophonie \u00e0 l\u2019heure Hublot"},"content":{"rendered":"<p>Dans ce cadre, Hublot a l\u2019honneur et le privil\u00e8ge d\u2019avoir \u00e9t\u00e9 d\u00e9sign\u00e9 par la Conf\u00e9d\u00e9ration Suisse comme cadeau officiel principal de la manifestation. Les 70 Chefs d\u2019Etat et de Gouvernement pr\u00e9sents pour l\u2019occasion recevront ainsi en souvenir une montre suisse Hublot aux couleurs du sommet. Hublot sera par ailleurs largement pr\u00e9sent avec des horloges dans tous les points n\u00e9vralgiques du sommet, au Centre des Congr\u00e8s, dans les salles de conf\u00e9rences et une s\u00e9lection d\u2019h\u00f4tels qui accueillent les participants.<\/p>\n<p>En \u00e9tant associ\u00e9 au XIII\u00e8me Sommet de la Francophonie, Hublot est non seulement, particuli\u00e8rement heureux de pouvoir soutenir un \u00e9v\u00e8nement international majeur organis\u00e9 en terre suisse, et dans son canton en particulier (la manufacture horlog\u00e8re Hublot est situ\u00e9 \u00e0 Nyon dans le Canton de Vaud), mais r\u00e9affirme aussi son profond attachement aux valeurs de partage, d\u2019ouverture et de respect de la diversit\u00e9 des cultures qui lui sont ch\u00e8res.<\/p>\n<p><img decoding=\"async\" src=\"https:\/\/www.my-watchsite.fr\/blog\/wp-content\/uploads\/2020\/08\/83_138.jpg\" alt=\"XIII\u00e8me Sommet de la Francophonie - Montreux 2010\" \/><\/p>\n\n\n<p><a href=\"https:\/\/www.hublot.com\/fr-fr\" target=\"_blank\" rel=\"noreferrer noopener\">www.hublot.com<\/a><\/p>\n\n\n\n<p>Lire aussi l&rsquo;article <a href=\"https:\/\/www.my-watchsite.fr\/blog\/un-velo-hublot-taille-pour-le-contre-la-montre-n4\/\" target=\"_blank\" rel=\"noreferrer noopener\">Un v\u00e9lo Hublot taill\u00e9 pour le contre la montre<\/a><\/p>\n","protected":false},"excerpt":{"rendered":"<p>Dans ce cadre, Hublot a l\u2019honneur et le privil\u00e8ge d\u2019avoir \u00e9t\u00e9 d\u00e9sign\u00e9 par la Conf\u00e9d\u00e9ration Suisse comme cadeau officiel principal de la manifestation. Les 70 Chefs d\u2019Etat et de Gouvernement pr\u00e9sents pour l\u2019occasion recevront ainsi en souvenir une montre suisse Hublot aux couleurs du sommet. Hublot sera par ailleurs largement pr\u00e9sent avec des horloges dans [&hellip;]<\/p>\n","protected":false},"author":1,"featured_media":278,"comment_status":"closed","ping_status":"closed","sticky":false,"template":"","format":"standard","meta":{"footnotes":""},"categories":[2],"tags":[15],"acf":[],"yoast_head":"<!-- This site is optimized with the Yoast SEO plugin v20.4 - https:\/\/yoast.com\/wordpress\/plugins\/seo\/ -->\n<title>Les Chefs d\u2019Etat de la Francophonie \u00e0 l\u2019heure Hublot - MyWatch FR<\/title>\n<meta name=\"description\" content=\"Hublot a l\u2019honneur et le privil\u00e8ge d\u2019avoir \u00e9t\u00e9 d\u00e9sign\u00e9 par la Conf\u00e9d\u00e9ration Suisse comme cadeau officiel principal de la manifestatio\" \/>\n<meta name=\"robots\" content=\"index, follow, max-snippet:-1, max-image-preview:large, max-video-preview:-1\" \/>\n<link rel=\"canonical\" href=\"https:\/\/www.my-watchsite.fr\/blog\/les-chefs-detat-de-la-francophonie-a-lheure-hublot-confederation-suisse-n83\/\" \/>\n<meta property=\"og:locale\" content=\"fr_FR\" \/>\n<meta property=\"og:type\" content=\"article\" \/>\n<meta property=\"og:title\" content=\"Les Chefs d\u2019Etat de la Francophonie \u00e0 l\u2019heure Hublot - MyWatch FR\" \/>\n<meta property=\"og:description\" content=\"Hublot a l\u2019honneur et le privil\u00e8ge d\u2019avoir \u00e9t\u00e9 d\u00e9sign\u00e9 par la Conf\u00e9d\u00e9ration Suisse comme cadeau officiel principal de la manifestatio\" \/>\n<meta property=\"og:url\" content=\"https:\/\/www.my-watchsite.fr\/blog\/les-chefs-detat-de-la-francophonie-a-lheure-hublot-confederation-suisse-n83\/\" \/>\n<meta property=\"og:site_name\" content=\"MyWatch FR\" \/>\n<meta property=\"article:publisher\" content=\"https:\/\/www.facebook.com\/mywatchsite\/\" \/>\n<meta property=\"article:published_time\" content=\"2010-10-17T22:00:00+00:00\" \/>\n<meta property=\"article:modified_time\" content=\"2021-09-20T14:01:19+00:00\" \/>\n<meta property=\"og:image\" content=\"https:\/\/www.my-watchsite.fr\/blog\/wp-content\/uploads\/2020\/08\/83_138.jpg\" \/>\n\t<meta property=\"og:image:width\" content=\"450\" \/>\n\t<meta property=\"og:image:height\" content=\"525\" \/>\n\t<meta property=\"og:image:type\" content=\"image\/jpeg\" \/>\n<meta name=\"author\" content=\"MyWatch\" \/>\n<meta name=\"twitter:card\" content=\"summary_large_image\" \/>\n<meta name=\"twitter:creator\" content=\"@mywatchsite\" \/>\n<meta name=\"twitter:site\" content=\"@mywatchsite\" \/>\n<meta name=\"twitter:label1\" content=\"\u00c9crit par\" \/>\n\t<meta name=\"twitter:data1\" content=\"MyWatch\" \/>\n\t<meta name=\"twitter:label2\" content=\"Dur\u00e9e de lecture estim\u00e9e\" \/>\n\t<meta name=\"twitter:data2\" content=\"1 minute\" \/>\n<script type=\"application\/ld+json\" class=\"yoast-schema-graph\">{\"@context\":\"https:\/\/schema.org\",\"@graph\":[{\"@type\":\"WebPage\",\"@id\":\"https:\/\/www.my-watchsite.fr\/blog\/les-chefs-detat-de-la-francophonie-a-lheure-hublot-confederation-suisse-n83\/\",\"url\":\"https:\/\/www.my-watchsite.fr\/blog\/les-chefs-detat-de-la-francophonie-a-lheure-hublot-confederation-suisse-n83\/\",\"name\":\"Les Chefs d\u2019Etat de la Francophonie \u00e0 l\u2019heure Hublot - MyWatch FR\",\"isPartOf\":{\"@id\":\"https:\/\/www.my-watchsite.fr\/blog\/#website\"},\"datePublished\":\"2010-10-17T22:00:00+00:00\",\"dateModified\":\"2021-09-20T14:01:19+00:00\",\"author\":{\"@id\":\"https:\/\/www.my-watchsite.fr\/blog\/#\/schema\/person\/67e19b3e3d014465042ff1be1c9fcf44\"},\"description\":\"Hublot a l\u2019honneur et le privil\u00e8ge d\u2019avoir \u00e9t\u00e9 d\u00e9sign\u00e9 par la Conf\u00e9d\u00e9ration Suisse comme cadeau officiel principal de la manifestatio\",\"breadcrumb\":{\"@id\":\"https:\/\/www.my-watchsite.fr\/blog\/les-chefs-detat-de-la-francophonie-a-lheure-hublot-confederation-suisse-n83\/#breadcrumb\"},\"inLanguage\":\"fr-FR\",\"potentialAction\":[{\"@type\":\"ReadAction\",\"target\":[\"https:\/\/www.my-watchsite.fr\/blog\/les-chefs-detat-de-la-francophonie-a-lheure-hublot-confederation-suisse-n83\/\"]}]},{\"@type\":\"BreadcrumbList\",\"@id\":\"https:\/\/www.my-watchsite.fr\/blog\/les-chefs-detat-de-la-francophonie-a-lheure-hublot-confederation-suisse-n83\/#breadcrumb\",\"itemListElement\":[{\"@type\":\"ListItem\",\"position\":1,\"name\":\"Accueil\",\"item\":\"https:\/\/www.my-watchsite.fr\/blog\/\"},{\"@type\":\"ListItem\",\"position\":2,\"name\":\"Les Chefs d\u2019Etat de la Francophonie \u00e0 l\u2019heure Hublot\"}]},{\"@type\":\"WebSite\",\"@id\":\"https:\/\/www.my-watchsite.fr\/blog\/#website\",\"url\":\"https:\/\/www.my-watchsite.fr\/blog\/\",\"name\":\"MyWatch FR\",\"description\":\"Make Time a Lifestyle\",\"potentialAction\":[{\"@type\":\"SearchAction\",\"target\":{\"@type\":\"EntryPoint\",\"urlTemplate\":\"https:\/\/www.my-watchsite.fr\/blog\/?s={search_term_string}\"},\"query-input\":\"required name=search_term_string\"}],\"inLanguage\":\"fr-FR\"},{\"@type\":\"Person\",\"@id\":\"https:\/\/www.my-watchsite.fr\/blog\/#\/schema\/person\/67e19b3e3d014465042ff1be1c9fcf44\",\"name\":\"MyWatch\",\"image\":{\"@type\":\"ImageObject\",\"inLanguage\":\"fr-FR\",\"@id\":\"https:\/\/www.my-watchsite.fr\/blog\/#\/schema\/person\/image\/\",\"url\":\"https:\/\/secure.gravatar.com\/avatar\/e52d1e94806c54826c863f554ca1dd2a?s=96&d=mm&r=g\",\"contentUrl\":\"https:\/\/secure.gravatar.com\/avatar\/e52d1e94806c54826c863f554ca1dd2a?s=96&d=mm&r=g\",\"caption\":\"MyWatch\"},\"sameAs\":[\"https:\/\/www.my-watchsite.fr\/blog\"]}]}<\/script>\n<!-- \/ Yoast SEO plugin. -->","yoast_head_json":{"title":"Les Chefs d\u2019Etat de la Francophonie \u00e0 l\u2019heure Hublot - MyWatch FR","description":"Hublot a l\u2019honneur et le privil\u00e8ge d\u2019avoir \u00e9t\u00e9 d\u00e9sign\u00e9 par la Conf\u00e9d\u00e9ration Suisse comme cadeau officiel principal de la manifestatio","robots":{"index":"index","follow":"follow","max-snippet":"max-snippet:-1","max-image-preview":"max-image-preview:large","max-video-preview":"max-video-preview:-1"},"canonical":"https:\/\/www.my-watchsite.fr\/blog\/les-chefs-detat-de-la-francophonie-a-lheure-hublot-confederation-suisse-n83\/","og_locale":"fr_FR","og_type":"article","og_title":"Les Chefs d\u2019Etat de la Francophonie \u00e0 l\u2019heure Hublot - MyWatch FR","og_description":"Hublot a l\u2019honneur et le privil\u00e8ge d\u2019avoir \u00e9t\u00e9 d\u00e9sign\u00e9 par la Conf\u00e9d\u00e9ration Suisse comme cadeau officiel principal de la manifestatio","og_url":"https:\/\/www.my-watchsite.fr\/blog\/les-chefs-detat-de-la-francophonie-a-lheure-hublot-confederation-suisse-n83\/","og_site_name":"MyWatch FR","article_publisher":"https:\/\/www.facebook.com\/mywatchsite\/","article_published_time":"2010-10-17T22:00:00+00:00","article_modified_time":"2021-09-20T14:01:19+00:00","og_image":[{"width":450,"height":525,"url":"https:\/\/www.my-watchsite.fr\/blog\/wp-content\/uploads\/2020\/08\/83_138.jpg","type":"image\/jpeg"}],"author":"MyWatch","twitter_card":"summary_large_image","twitter_creator":"@mywatchsite","twitter_site":"@mywatchsite","twitter_misc":{"\u00c9crit par":"MyWatch","Dur\u00e9e de lecture estim\u00e9e":"1 minute"},"schema":{"@context":"https:\/\/schema.org","@graph":[{"@type":"WebPage","@id":"https:\/\/www.my-watchsite.fr\/blog\/les-chefs-detat-de-la-francophonie-a-lheure-hublot-confederation-suisse-n83\/","url":"https:\/\/www.my-watchsite.fr\/blog\/les-chefs-detat-de-la-francophonie-a-lheure-hublot-confederation-suisse-n83\/","name":"Les Chefs d\u2019Etat de la Francophonie \u00e0 l\u2019heure Hublot - MyWatch FR","isPartOf":{"@id":"https:\/\/www.my-watchsite.fr\/blog\/#website"},"datePublished":"2010-10-17T22:00:00+00:00","dateModified":"2021-09-20T14:01:19+00:00","author":{"@id":"https:\/\/www.my-watchsite.fr\/blog\/#\/schema\/person\/67e19b3e3d014465042ff1be1c9fcf44"},"description":"Hublot a l\u2019honneur et le privil\u00e8ge d\u2019avoir \u00e9t\u00e9 d\u00e9sign\u00e9 par la Conf\u00e9d\u00e9ration Suisse comme cadeau officiel principal de la manifestatio","breadcrumb":{"@id":"https:\/\/www.my-watchsite.fr\/blog\/les-chefs-detat-de-la-francophonie-a-lheure-hublot-confederation-suisse-n83\/#breadcrumb"},"inLanguage":"fr-FR","potentialAction":[{"@type":"ReadAction","target":["https:\/\/www.my-watchsite.fr\/blog\/les-chefs-detat-de-la-francophonie-a-lheure-hublot-confederation-suisse-n83\/"]}]},{"@type":"BreadcrumbList","@id":"https:\/\/www.my-watchsite.fr\/blog\/les-chefs-detat-de-la-francophonie-a-lheure-hublot-confederation-suisse-n83\/#breadcrumb","itemListElement":[{"@type":"ListItem","position":1,"name":"Accueil","item":"https:\/\/www.my-watchsite.fr\/blog\/"},{"@type":"ListItem","position":2,"name":"Les Chefs d\u2019Etat de la Francophonie \u00e0 l\u2019heure Hublot"}]},{"@type":"WebSite","@id":"https:\/\/www.my-watchsite.fr\/blog\/#website","url":"https:\/\/www.my-watchsite.fr\/blog\/","name":"MyWatch FR","description":"Make Time a Lifestyle","potentialAction":[{"@type":"SearchAction","target":{"@type":"EntryPoint","urlTemplate":"https:\/\/www.my-watchsite.fr\/blog\/?s={search_term_string}"},"query-input":"required name=search_term_string"}],"inLanguage":"fr-FR"},{"@type":"Person","@id":"https:\/\/www.my-watchsite.fr\/blog\/#\/schema\/person\/67e19b3e3d014465042ff1be1c9fcf44","name":"MyWatch","image":{"@type":"ImageObject","inLanguage":"fr-FR","@id":"https:\/\/www.my-watchsite.fr\/blog\/#\/schema\/person\/image\/","url":"https:\/\/secure.gravatar.com\/avatar\/e52d1e94806c54826c863f554ca1dd2a?s=96&d=mm&r=g","contentUrl":"https:\/\/secure.gravatar.com\/avatar\/e52d1e94806c54826c863f554ca1dd2a?s=96&d=mm&r=g","caption":"MyWatch"},"sameAs":["https:\/\/www.my-watchsite.fr\/blog"]}]}},"_links":{"self":[{"href":"https:\/\/www.my-watchsite.fr\/blog\/wp-json\/wp\/v2\/posts\/277"}],"collection":[{"href":"https:\/\/www.my-watchsite.fr\/blog\/wp-json\/wp\/v2\/posts"}],"about":[{"href":"https:\/\/www.my-watchsite.fr\/blog\/wp-json\/wp\/v2\/types\/post"}],"author":[{"embeddable":true,"href":"https:\/\/www.my-watchsite.fr\/blog\/wp-json\/wp\/v2\/users\/1"}],"replies":[{"embeddable":true,"href":"https:\/\/www.my-watchsite.fr\/blog\/wp-json\/wp\/v2\/comments?post=277"}],"version-history":[{"count":2,"href":"https:\/\/www.my-watchsite.fr\/blog\/wp-json\/wp\/v2\/posts\/277\/revisions"}],"predecessor-version":[{"id":16612,"href":"https:\/\/www.my-watchsite.fr\/blog\/wp-json\/wp\/v2\/posts\/277\/revisions\/16612"}],"wp:featuredmedia":[{"embeddable":true,"href":"https:\/\/www.my-watchsite.fr\/blog\/wp-json\/wp\/v2\/media\/278"}],"wp:attachment":[{"href":"https:\/\/www.my-watchsite.fr\/blog\/wp-json\/wp\/v2\/media?parent=277"}],"wp:term":[{"taxonomy":"category","embeddable":true,"href":"https:\/\/www.my-watchsite.fr\/blog\/wp-json\/wp\/v2\/categories?post=277"},{"taxonomy":"post_tag","embeddable":true,"href":"https:\/\/www.my-watchsite.fr\/blog\/wp-json\/wp\/v2\/tags?post=277"}],"curies":[{"name":"wp","href":"https:\/\/api.w.org\/{rel}","templated":true}]}}