{"id":279,"date":"2011-01-27T00:00:00","date_gmt":"2011-01-26T23:00:00","guid":{"rendered":"https:\/\/www.my-watchsite.fr\/blog\/blog\/garmisch-partenkirchen-championnats-du-monde-de-ski-alpin-2011-n84\/"},"modified":"2011-01-27T00:00:00","modified_gmt":"2011-01-26T23:00:00","slug":"garmisch-partenkirchen-championnats-du-monde-de-ski-alpin-2011-n84","status":"publish","type":"post","link":"https:\/\/www.my-watchsite.fr\/blog\/garmisch-partenkirchen-championnats-du-monde-de-ski-alpin-2011-n84\/","title":{"rendered":"Garmisch-Partenkirchen, Championnats du Monde de Ski Alpin 2011"},"content":{"rendered":"<p>T\u00eate d\u2019affiche du circuit international f\u00e9minin, actuelle N\u00b01 du classement de la Coupe du Monde, et \u201cenfant ch\u00e9rie du pays\u201d n\u00e9e \u00e0 Garmisch, elle rejoint Bode Miller et Dario Cologna comme ambassadrice Hublot.<\/p>\n<p>Une Aero Bang Garmisch blanche sera d\u00e9voil\u00e9e pour marquer l\u2019\u00e9v\u00e8nement.<\/p>\n<p>Hublot renforce encore sa pr\u00e9sence et son image de marque dans le cirque blanc ! Maria Riesch (n\u00e9e le 24 novembre 1984 \u00e0 Garmisch-Partenkirchen en Bavi\u00e8re) devient notre grande skieuse alpine, double championne Olympique de Super-Combin\u00e9 et de Slalom lors des Jeux Olympiques de Vancouver 2010, M\u00e9daille d\u2019Or en Slalom lors des Championnats du Monde de Val d\u2019Is\u00e8re en 2009, et actuelle N\u00b01 du classement FIS*.<\/p>\n<p>Le courant est imm\u00e9diatement pass\u00e9 entre la skieuse hyper talentueuse au caract\u00e8re de battante, et Jean-Claude Biver, CEO de Hublot. Aujourd\u2019hui au sommet de son art et de sa forme, elle nourrit les plus grandes ambitions pour ces championnats du Monde qui vont se d\u00e9rouler \u00ab chez elle \u00bb du 7 au 20 F\u00e9vrier 2011. Depuis le d\u00e9but de la saison, elle r\u00e9alise des performances exceptionnelles qui la placent en t\u00eate du Classement G\u00e9n\u00e9ral de la Coupe du Monde FIS de Ski Alpin.<em><\/p>\n<p><\/em><br \/><strong>Le ph\u00e9nom\u00e8ne Maria Riesch <\/strong><br \/>H\u00e9riti\u00e8re d\u2019une longue tradition de skieuses polyvalentes, c&rsquo;est \u00e0 trois ans que Maria Riesch commence le ski dans son land natal de Bavi\u00e8re. R\u00e9v\u00e9l\u00e9e tr\u00e8s t\u00f4t en Coupe du Monde, la multiple Championne du Monde Juniors se signale d\u00e8s le d\u00e9but par plusieurs Top10 notamment en slalom. Elle est malheureusement stopp\u00e9e dans sa progression fulgurante par de lourdes blessures qui l\u2019\u00e9cartent trop souvent des pistes. Epargn\u00e9e depuis 2006-2007, elle revient au plus haut niveau et s\u2019illustre aussi bien dans les \u00e9preuves de vitesse (descente et Super G) que dans les \u00e9preuves techniques (Slalom G\u00e9ant et Slalom Sp\u00e9cial). Elle est actuellement l\u2019une des grandes t\u00eates d\u2019affiche du circuit mondial, et assume le leadership du ski alpin allemand.<\/p>\n<p><strong>Hublot, Chronom\u00e9treur Officiel du grand cirque blanc <\/strong><br \/>Hublot a depuis toujours \u00e9t\u00e9 li\u00e9 \u00e0 la montagne et au ski. De par son origine bien s\u00fbr, et sa culture suisse bien ancr\u00e9e dans ses valeurs, mais aussi de par son attachement important au monde du sport en g\u00e9n\u00e9ral \u2026 Dans l\u2019univers du luxe, Hublot est une marque ultra-inventive qui a su nouer des partenariats audacieux avec des sports comme le football, la formule 1, la voile, le polo\u2026toujours au plus haut niveau.<\/p>\n<p>En 2010, Hublot a \u00e9t\u00e9 la premi\u00e8re marque de luxe \u00e0 nouer des relations avec le ski de comp\u00e9tition. Les immenses champions <strong>Bode Miller<\/strong> et <strong>Dario Cologna<\/strong> sont devenus ses ambassadeurs privil\u00e9gi\u00e9s, et la marque horlog\u00e8re est devenue <strong>\u00ab Chronom\u00e9treur Officiel \u00bb des Championnats du monde de ski<\/strong>, non seulement dans la discipline alpine (Garmisch-Partenkirchen du 7 au 20 f\u00e9vrier 2011), mais aussi pour le ski nordique (Oslo du 24 f\u00e9vrier au 6 mars 2011).<\/p>\n<p>Engag\u00e9 sur le long-terme en tant que chronom\u00e9treur et montre officielle des championnats du monde de ski alpin FIS, Hublot est pr\u00e9sent sur toutes les courses, au d\u00e9part avec notamment une horloge Hublot, mais aussi sur les grands \u00e9crans \u00e0 l\u2019arriv\u00e9e, et \u00e0 l\u2019antenne de toutes les cha\u00eenes de t\u00e9l\u00e9vision qui retransmettront les courses.<\/p>\n<p>A Garmisch-Partenkirchen, <strong>Hublot sera aussi \u00ab Montre Officielle \u00bb de la Swiss-Ski House 2011<\/strong>, point de ralliement des champions et de tous les supporters pendant toute la dur\u00e9e de la comp\u00e9tition. Une horloge totem Hublot de 4 m\u00e8tres de haut ( !) sera install\u00e9e sur la place pour accueillir les visiteurs.<\/p>\n<p>La marque horlog\u00e8re a aussi soutenu et particip\u00e9 \u00e0 Crans Montana, \u00e0 l\u2019organisation de la c\u00e9l\u00e9bration du <strong>100\u00e8me anniversaire de la premi\u00e8re course de ski alpin<\/strong> avec la pose d\u2019une st\u00e8le comm\u00e9morative et l\u2019organisation d\u2019un grand week-end d\u2019animations les 2 et 3 avril prochains avec de multiples champions et l\u00e9gendes du ski dont Dario Cologna qui seront pr\u00e9sents pour l\u2019occasion. Elle est \u00e9galement partenaire de <strong>l\u2019Ecole de Ski de Courchevel<\/strong> pour encourager aussi la transmission et la rel\u00e8ve, r\u00e9affirmant ainsi son profond attachement aux valeurs de partage et de respect.<\/p>\n<p><em>*Classement de la Coupe du Monde FIS de ski Alpin F\u00e9minin au 24\/01\/2011<\/em><\/p>\n<ul>\n<li><img decoding=\"async\" src=\"https:\/\/www.my-watchsite.fr\/blog\/wp-content\/uploads\/2020\/08\/84_139.jpg\" alt=\"Maria Riesch\" \/><\/li>\n<li><img decoding=\"async\" src=\"https:\/\/www.my-watchsite.fr\/blog\/wp-content\/uploads\/2020\/08\/84_140.jpg\" alt=\"311.SX.2010.GR.GAP10\" \/><\/li>\n<\/ul>\n","protected":false},"excerpt":{"rendered":"<p>T\u00eate d\u2019affiche du circuit international f\u00e9minin, actuelle N\u00b01 du classement de la Coupe du Monde, et \u201cenfant ch\u00e9rie du pays\u201d n\u00e9e \u00e0 Garmisch, elle rejoint Bode Miller et Dario Cologna comme ambassadrice Hublot. Une Aero Bang Garmisch blanche sera d\u00e9voil\u00e9e pour marquer l\u2019\u00e9v\u00e8nement. Hublot renforce encore sa pr\u00e9sence et son image de marque dans le [&hellip;]<\/p>\n","protected":false},"author":1,"featured_media":280,"comment_status":"closed","ping_status":"closed","sticky":false,"template":"","format":"standard","meta":{"footnotes":""},"categories":[2],"tags":[15],"acf":[],"yoast_head":"<!-- This site is optimized with the Yoast SEO plugin v20.4 - https:\/\/yoast.com\/wordpress\/plugins\/seo\/ -->\n<title>Garmisch-Partenkirchen, Championnats du Monde de Ski Alpin 2011 - MyWatch FR<\/title>\n<meta name=\"robots\" content=\"index, follow, max-snippet:-1, max-image-preview:large, max-video-preview:-1\" \/>\n<link rel=\"canonical\" href=\"https:\/\/www.my-watchsite.fr\/blog\/garmisch-partenkirchen-championnats-du-monde-de-ski-alpin-2011-n84\/\" \/>\n<meta property=\"og:locale\" content=\"fr_FR\" \/>\n<meta property=\"og:type\" content=\"article\" \/>\n<meta property=\"og:title\" content=\"Garmisch-Partenkirchen, Championnats du Monde de Ski Alpin 2011 - MyWatch FR\" \/>\n<meta property=\"og:description\" content=\"T\u00eate d\u2019affiche du circuit international f\u00e9minin, actuelle N\u00b01 du classement de la Coupe du Monde, et \u201cenfant ch\u00e9rie du pays\u201d n\u00e9e \u00e0 Garmisch, elle rejoint Bode Miller et Dario Cologna comme ambassadrice Hublot. Une Aero Bang Garmisch blanche sera d\u00e9voil\u00e9e pour marquer l\u2019\u00e9v\u00e8nement. Hublot renforce encore sa pr\u00e9sence et son image de marque dans le [&hellip;]\" \/>\n<meta property=\"og:url\" content=\"https:\/\/www.my-watchsite.fr\/blog\/garmisch-partenkirchen-championnats-du-monde-de-ski-alpin-2011-n84\/\" \/>\n<meta property=\"og:site_name\" content=\"MyWatch FR\" \/>\n<meta property=\"article:publisher\" content=\"https:\/\/www.facebook.com\/mywatchsite\/\" \/>\n<meta property=\"article:published_time\" content=\"2011-01-26T23:00:00+00:00\" \/>\n<meta property=\"og:image\" content=\"https:\/\/www.my-watchsite.fr\/blog\/wp-content\/uploads\/2020\/08\/84_139.jpg\" \/>\n\t<meta property=\"og:image:width\" content=\"450\" \/>\n\t<meta property=\"og:image:height\" content=\"636\" \/>\n\t<meta property=\"og:image:type\" content=\"image\/jpeg\" \/>\n<meta name=\"author\" content=\"MyWatch\" \/>\n<meta name=\"twitter:card\" content=\"summary_large_image\" \/>\n<meta name=\"twitter:creator\" content=\"@mywatchsite\" \/>\n<meta name=\"twitter:site\" content=\"@mywatchsite\" \/>\n<meta name=\"twitter:label1\" content=\"\u00c9crit par\" \/>\n\t<meta name=\"twitter:data1\" content=\"MyWatch\" \/>\n\t<meta name=\"twitter:label2\" content=\"Dur\u00e9e de lecture estim\u00e9e\" \/>\n\t<meta name=\"twitter:data2\" content=\"4 minutes\" \/>\n<script type=\"application\/ld+json\" class=\"yoast-schema-graph\">{\"@context\":\"https:\/\/schema.org\",\"@graph\":[{\"@type\":\"WebPage\",\"@id\":\"https:\/\/www.my-watchsite.fr\/blog\/garmisch-partenkirchen-championnats-du-monde-de-ski-alpin-2011-n84\/\",\"url\":\"https:\/\/www.my-watchsite.fr\/blog\/garmisch-partenkirchen-championnats-du-monde-de-ski-alpin-2011-n84\/\",\"name\":\"Garmisch-Partenkirchen, Championnats du Monde de Ski Alpin 2011 - MyWatch FR\",\"isPartOf\":{\"@id\":\"https:\/\/www.my-watchsite.fr\/blog\/#website\"},\"datePublished\":\"2011-01-26T23:00:00+00:00\",\"dateModified\":\"2011-01-26T23:00:00+00:00\",\"author\":{\"@id\":\"https:\/\/www.my-watchsite.fr\/blog\/#\/schema\/person\/67e19b3e3d014465042ff1be1c9fcf44\"},\"breadcrumb\":{\"@id\":\"https:\/\/www.my-watchsite.fr\/blog\/garmisch-partenkirchen-championnats-du-monde-de-ski-alpin-2011-n84\/#breadcrumb\"},\"inLanguage\":\"fr-FR\",\"potentialAction\":[{\"@type\":\"ReadAction\",\"target\":[\"https:\/\/www.my-watchsite.fr\/blog\/garmisch-partenkirchen-championnats-du-monde-de-ski-alpin-2011-n84\/\"]}]},{\"@type\":\"BreadcrumbList\",\"@id\":\"https:\/\/www.my-watchsite.fr\/blog\/garmisch-partenkirchen-championnats-du-monde-de-ski-alpin-2011-n84\/#breadcrumb\",\"itemListElement\":[{\"@type\":\"ListItem\",\"position\":1,\"name\":\"Accueil\",\"item\":\"https:\/\/www.my-watchsite.fr\/blog\/\"},{\"@type\":\"ListItem\",\"position\":2,\"name\":\"Garmisch-Partenkirchen, Championnats du Monde de Ski Alpin 2011\"}]},{\"@type\":\"WebSite\",\"@id\":\"https:\/\/www.my-watchsite.fr\/blog\/#website\",\"url\":\"https:\/\/www.my-watchsite.fr\/blog\/\",\"name\":\"MyWatch FR\",\"description\":\"Make Time a Lifestyle\",\"potentialAction\":[{\"@type\":\"SearchAction\",\"target\":{\"@type\":\"EntryPoint\",\"urlTemplate\":\"https:\/\/www.my-watchsite.fr\/blog\/?s={search_term_string}\"},\"query-input\":\"required name=search_term_string\"}],\"inLanguage\":\"fr-FR\"},{\"@type\":\"Person\",\"@id\":\"https:\/\/www.my-watchsite.fr\/blog\/#\/schema\/person\/67e19b3e3d014465042ff1be1c9fcf44\",\"name\":\"MyWatch\",\"image\":{\"@type\":\"ImageObject\",\"inLanguage\":\"fr-FR\",\"@id\":\"https:\/\/www.my-watchsite.fr\/blog\/#\/schema\/person\/image\/\",\"url\":\"https:\/\/secure.gravatar.com\/avatar\/e52d1e94806c54826c863f554ca1dd2a?s=96&d=mm&r=g\",\"contentUrl\":\"https:\/\/secure.gravatar.com\/avatar\/e52d1e94806c54826c863f554ca1dd2a?s=96&d=mm&r=g\",\"caption\":\"MyWatch\"},\"sameAs\":[\"https:\/\/www.my-watchsite.fr\/blog\"]}]}<\/script>\n<!-- \/ Yoast SEO plugin. -->","yoast_head_json":{"title":"Garmisch-Partenkirchen, Championnats du Monde de Ski Alpin 2011 - MyWatch FR","robots":{"index":"index","follow":"follow","max-snippet":"max-snippet:-1","max-image-preview":"max-image-preview:large","max-video-preview":"max-video-preview:-1"},"canonical":"https:\/\/www.my-watchsite.fr\/blog\/garmisch-partenkirchen-championnats-du-monde-de-ski-alpin-2011-n84\/","og_locale":"fr_FR","og_type":"article","og_title":"Garmisch-Partenkirchen, Championnats du Monde de Ski Alpin 2011 - MyWatch FR","og_description":"T\u00eate d\u2019affiche du circuit international f\u00e9minin, actuelle N\u00b01 du classement de la Coupe du Monde, et \u201cenfant ch\u00e9rie du pays\u201d n\u00e9e \u00e0 Garmisch, elle rejoint Bode Miller et Dario Cologna comme ambassadrice Hublot. Une Aero Bang Garmisch blanche sera d\u00e9voil\u00e9e pour marquer l\u2019\u00e9v\u00e8nement. Hublot renforce encore sa pr\u00e9sence et son image de marque dans le [&hellip;]","og_url":"https:\/\/www.my-watchsite.fr\/blog\/garmisch-partenkirchen-championnats-du-monde-de-ski-alpin-2011-n84\/","og_site_name":"MyWatch FR","article_publisher":"https:\/\/www.facebook.com\/mywatchsite\/","article_published_time":"2011-01-26T23:00:00+00:00","og_image":[{"width":450,"height":636,"url":"https:\/\/www.my-watchsite.fr\/blog\/wp-content\/uploads\/2020\/08\/84_139.jpg","type":"image\/jpeg"}],"author":"MyWatch","twitter_card":"summary_large_image","twitter_creator":"@mywatchsite","twitter_site":"@mywatchsite","twitter_misc":{"\u00c9crit par":"MyWatch","Dur\u00e9e de lecture estim\u00e9e":"4 minutes"},"schema":{"@context":"https:\/\/schema.org","@graph":[{"@type":"WebPage","@id":"https:\/\/www.my-watchsite.fr\/blog\/garmisch-partenkirchen-championnats-du-monde-de-ski-alpin-2011-n84\/","url":"https:\/\/www.my-watchsite.fr\/blog\/garmisch-partenkirchen-championnats-du-monde-de-ski-alpin-2011-n84\/","name":"Garmisch-Partenkirchen, Championnats du Monde de Ski Alpin 2011 - MyWatch FR","isPartOf":{"@id":"https:\/\/www.my-watchsite.fr\/blog\/#website"},"datePublished":"2011-01-26T23:00:00+00:00","dateModified":"2011-01-26T23:00:00+00:00","author":{"@id":"https:\/\/www.my-watchsite.fr\/blog\/#\/schema\/person\/67e19b3e3d014465042ff1be1c9fcf44"},"breadcrumb":{"@id":"https:\/\/www.my-watchsite.fr\/blog\/garmisch-partenkirchen-championnats-du-monde-de-ski-alpin-2011-n84\/#breadcrumb"},"inLanguage":"fr-FR","potentialAction":[{"@type":"ReadAction","target":["https:\/\/www.my-watchsite.fr\/blog\/garmisch-partenkirchen-championnats-du-monde-de-ski-alpin-2011-n84\/"]}]},{"@type":"BreadcrumbList","@id":"https:\/\/www.my-watchsite.fr\/blog\/garmisch-partenkirchen-championnats-du-monde-de-ski-alpin-2011-n84\/#breadcrumb","itemListElement":[{"@type":"ListItem","position":1,"name":"Accueil","item":"https:\/\/www.my-watchsite.fr\/blog\/"},{"@type":"ListItem","position":2,"name":"Garmisch-Partenkirchen, Championnats du Monde de Ski Alpin 2011"}]},{"@type":"WebSite","@id":"https:\/\/www.my-watchsite.fr\/blog\/#website","url":"https:\/\/www.my-watchsite.fr\/blog\/","name":"MyWatch FR","description":"Make Time a Lifestyle","potentialAction":[{"@type":"SearchAction","target":{"@type":"EntryPoint","urlTemplate":"https:\/\/www.my-watchsite.fr\/blog\/?s={search_term_string}"},"query-input":"required name=search_term_string"}],"inLanguage":"fr-FR"},{"@type":"Person","@id":"https:\/\/www.my-watchsite.fr\/blog\/#\/schema\/person\/67e19b3e3d014465042ff1be1c9fcf44","name":"MyWatch","image":{"@type":"ImageObject","inLanguage":"fr-FR","@id":"https:\/\/www.my-watchsite.fr\/blog\/#\/schema\/person\/image\/","url":"https:\/\/secure.gravatar.com\/avatar\/e52d1e94806c54826c863f554ca1dd2a?s=96&d=mm&r=g","contentUrl":"https:\/\/secure.gravatar.com\/avatar\/e52d1e94806c54826c863f554ca1dd2a?s=96&d=mm&r=g","caption":"MyWatch"},"sameAs":["https:\/\/www.my-watchsite.fr\/blog"]}]}},"_links":{"self":[{"href":"https:\/\/www.my-watchsite.fr\/blog\/wp-json\/wp\/v2\/posts\/279"}],"collection":[{"href":"https:\/\/www.my-watchsite.fr\/blog\/wp-json\/wp\/v2\/posts"}],"about":[{"href":"https:\/\/www.my-watchsite.fr\/blog\/wp-json\/wp\/v2\/types\/post"}],"author":[{"embeddable":true,"href":"https:\/\/www.my-watchsite.fr\/blog\/wp-json\/wp\/v2\/users\/1"}],"replies":[{"embeddable":true,"href":"https:\/\/www.my-watchsite.fr\/blog\/wp-json\/wp\/v2\/comments?post=279"}],"version-history":[{"count":0,"href":"https:\/\/www.my-watchsite.fr\/blog\/wp-json\/wp\/v2\/posts\/279\/revisions"}],"wp:featuredmedia":[{"embeddable":true,"href":"https:\/\/www.my-watchsite.fr\/blog\/wp-json\/wp\/v2\/media\/280"}],"wp:attachment":[{"href":"https:\/\/www.my-watchsite.fr\/blog\/wp-json\/wp\/v2\/media?parent=279"}],"wp:term":[{"taxonomy":"category","embeddable":true,"href":"https:\/\/www.my-watchsite.fr\/blog\/wp-json\/wp\/v2\/categories?post=279"},{"taxonomy":"post_tag","embeddable":true,"href":"https:\/\/www.my-watchsite.fr\/blog\/wp-json\/wp\/v2\/tags?post=279"}],"curies":[{"name":"wp","href":"https:\/\/api.w.org\/{rel}","templated":true}]}}