{"id":2819,"date":"2014-09-05T00:00:00","date_gmt":"2014-09-04T22:00:00","guid":{"rendered":"https:\/\/www.my-watchsite.fr\/blog\/blog\/le-concours-chantilly-arts-et-elegance-richard-mille-ouvre-ses-portes-dimanche-n681\/"},"modified":"2021-04-12T15:58:45","modified_gmt":"2021-04-12T13:58:45","slug":"le-concours-chantilly-arts-et-elegance-richard-mille-ouvre-ses-portes-dimanche-n681","status":"publish","type":"post","link":"https:\/\/www.my-watchsite.fr\/blog\/le-concours-chantilly-arts-et-elegance-richard-mille-ouvre-ses-portes-dimanche-n681\/","title":{"rendered":"Le concours Chantilly Arts et El\u00e9gance Richard Mille ouvre ses portes dimanche"},"content":{"rendered":"<p>Cr\u00e9\u00e9 par Peter Auto, cet \u00e9v\u00e9nement r\u00e9unit dans le parc de Chantilly, proche de Paris, les joyaux sortis des plus beaux garages et mus\u00e9es ainsi que les concept-cars les plus exclusifs imagin\u00e9s par les constructeurs. Aux c\u00f4t\u00e9s de la Bugatti Royale d\u2019Ettore Bugatti pr\u00e9sent\u00e9e \u00ab hors concours \u00bb, sont invit\u00e9es \u00e0 d\u00e9filer sous les yeux d\u2019un jury d\u2019experts, pr\u00e8s de 100 autos exceptionnelles, comme la Maserati A6G-2000 \u00ab Double Bubble \u00bb du carrossier Ugo Zagato de 1956, l\u2019Hispano-Suiza J12 Cabriolet, du cr\u00e9ateur fran\u00e7ais Jacques Saoutchik de 1936 ou bien encore la Ferrari 512S de 1970, mythique voiture de course ayant particip\u00e9 entre autres au film Le Mans de Steve McQueen.<\/p>\n<p>Toujours dans l\u2019esprit des anciens concours d\u2019\u00e9l\u00e9gance o\u00f9 les hommes pr\u00e9sentant leurs voitures \u00e9taient accompagn\u00e9s de leurs \u00e9pouses, les voitures accueilleront lors du d\u00e9fil\u00e9 des mannequins portant pour l\u2019occasion les cr\u00e9ations de grands couturiers europ\u00e9ens. Embl\u00e9matique de la f\u00e9minisation de l\u2019univers automobile, cet \u00e9v\u00e8nement est \u00e9galement un hommage \u00e0 la Femme Mille \u00e0 laquelle la maison jurassienne a d\u00e9di\u00e9 son ann\u00e9e 2014 \u00e0 travers une collection f\u00e9minine de haut vol.<\/p>\n<p>A cette \u00e9lite automobile viennent s\u2019ajouter les 400 v\u00e9hicules des clubs repr\u00e9sentant des marques parmi les plus prestigieuses comme Rolls-Royce, Delahaye, Facel Vega ou encore Aston Martin.<\/p>\n<p>Le domaine de Chantilly est un lieu exceptionnel \u00e0 la mesure de l\u2019\u00e9v\u00e9nement. B\u00e2ti au XVIe si\u00e8cle sur les plans de Jean Bullant, l\u2019actuel ch\u00e2teau XIXe a \u00e9t\u00e9 reconstruit par l\u2019architecte Honor\u00e9 Daumet pour l\u2019avant-dernier fils du roi Louis-Philippe Ier, Henri d\u2019Orl\u00e9ans. Son parc de 155 hectares est l\u2019\u0153uvre de Le N\u00f4tre, jardinier paysagiste de Louis XIV et cr\u00e9ateur notamment des jardins de Versailles. Cr\u00e9\u00e9e en 2005 et \u00e0 l\u2019initiative de Son Altesse l\u2019Aga Khan, la Fondation pour la Sauvegarde et le D\u00e9veloppement du Domaine de Chantilly a permis la restauration du ch\u00e2teau de Chantilly et la pr\u00e9servation de son parc, de ses jardins ainsi que des Grandes \u00e9curies, qui abritent le mus\u00e9e vivant du Cheval.<\/p>\n<p>La splendeur du domaine et du ch\u00e2teau ont amen\u00e9 \u00e0 \u00e9largir le th\u00e8me de l\u2019\u00e9v\u00e8nement en un \u00abDimanche El\u00e9gant \u00e0 la Campagne\u00bb, une c\u00e9l\u00e9bration de l\u2019Art de Vivre \u00e0 la fran\u00e7aise dans toutes ses dimensions. A travers la rencontre dynamique de l\u2019Art et du Savoir-faire, du Pass\u00e9 et du Futur, de l\u2019Automobile et de la Couture, ce sont tous les domaines de l\u2019excellence fran\u00e7aise, des beaux-arts \u00e0 la gastronomie et au luxe, qui seront mis \u00e0 l\u2019honneur au cours de cette journ\u00e9e.<\/p>\n<p>Dans les murs du ch\u00e2teau, la magnifique salle du Jeu de Paume du c\u00e9l\u00e8bre mus\u00e9e Cond\u00e9, premier mus\u00e9e de peintures anciennes en France apr\u00e8s le Louvre, l\u2019exposition \u00ab Fra Angelico, Botticelli\u2026 Chefs-d\u2019\u0153uvre retrouv\u00e9s \u00bb donnera au public l\u2019occasion de d\u00e9couvrir en avant-premi\u00e8re, outre la tr\u00e8s riche collection permanente de tableaux italiens des XIVe et XVe si\u00e8cles, un ensemble exceptionnel d\u2019\u0153uvres de primitifs italiens rassembl\u00e9s pour l\u2019occasion. Citer les \u0153uvres graphiques de L\u00e9onard de Vinci et de Michel-Ange, ainsi que la Simonetta Vespucci de Piero di Cosimo, restaur\u00e9e cette ann\u00e9e suffirait \u00e0 cr\u00e9er l\u2019\u00e9v\u00e9nement, mais l\u2019approche originale de l\u2019exposition soutenue par Richard Mille r\u00e9side \u00e9galement dans la reconstitution de polyptyques dispers\u00e9s de par le monde donnant lieu \u00e0 la pr\u00e9sentation d\u2019une v\u00e9ritable histoire de la peinture et du dessin florentins et siennois du Quattrocento.<\/p>\n<p>Richard Mille donne rendez-vous le 7 septembre 2014 \u00e0 Chantilly \u00e0 tous les enthousiastes amateurs d\u2019art, d\u2019automobile et de savoir-vivre pour le Chantilly Arts et Elegance Richard Mille qui s\u2019impose sans conteste comme la manifestation d\u2019\u00e9l\u00e9gance automobile de l\u2019ann\u00e9e en Europe.<\/p>\n<p><img decoding=\"async\" src=\"https:\/\/www.my-watchsite.fr\/blog\/wp-content\/uploads\/2020\/08\/681_2156.jpg\" alt=\"Chantilly Arts et Elegance Richard Mille\" \/><\/p>\n\n\n<p><a href=\"https:\/\/www.richardmille.com\/fr\" target=\"_blank\" rel=\"noreferrer noopener\">www.richardmille.com<\/a><\/p>\n\n\n\n<p>Lire aussi l\u2019article <a href=\"https:\/\/www.my-watchsite.fr\/blog\/richard-mille-partenaire-des-voiles-de-saint-barth-n785\/\" target=\"_blank\" rel=\"noreferrer noopener\">Richard Mille, partenaire des Voiles de Saint Barth<\/a><\/p>\n","protected":false},"excerpt":{"rendered":"<p>Cr\u00e9\u00e9 par Peter Auto, cet \u00e9v\u00e9nement r\u00e9unit dans le parc de Chantilly, proche de Paris, les joyaux sortis des plus beaux garages et mus\u00e9es ainsi que les concept-cars les plus exclusifs imagin\u00e9s par les constructeurs. Aux c\u00f4t\u00e9s de la Bugatti Royale d\u2019Ettore Bugatti pr\u00e9sent\u00e9e \u00ab hors concours \u00bb, sont invit\u00e9es \u00e0 d\u00e9filer sous les yeux [&hellip;]<\/p>\n","protected":false},"author":1,"featured_media":2820,"comment_status":"closed","ping_status":"closed","sticky":false,"template":"","format":"standard","meta":{"footnotes":""},"categories":[2],"tags":[40],"acf":[],"yoast_head":"<!-- This site is optimized with the Yoast SEO plugin v20.4 - https:\/\/yoast.com\/wordpress\/plugins\/seo\/ -->\n<title>Le concours Chantilly Arts et El\u00e9gance Richard Mille ouvre ses portes<\/title>\n<meta name=\"description\" content=\"Cr\u00e9\u00e9 par Peter Auto, Chantilly Arts et El\u00e9gance r\u00e9unit les joyaux sortis des plus beaux garages et mus\u00e9es ainsi que les concept-cars exclusifs\" \/>\n<meta name=\"robots\" content=\"index, follow, max-snippet:-1, max-image-preview:large, max-video-preview:-1\" \/>\n<link rel=\"canonical\" href=\"https:\/\/www.my-watchsite.fr\/blog\/le-concours-chantilly-arts-et-elegance-richard-mille-ouvre-ses-portes-dimanche-n681\/\" \/>\n<meta property=\"og:locale\" content=\"fr_FR\" \/>\n<meta property=\"og:type\" content=\"article\" \/>\n<meta property=\"og:title\" content=\"Le concours Chantilly Arts et El\u00e9gance Richard Mille ouvre ses portes\" \/>\n<meta property=\"og:description\" content=\"Cr\u00e9\u00e9 par Peter Auto, Chantilly Arts et El\u00e9gance r\u00e9unit les joyaux sortis des plus beaux garages et mus\u00e9es ainsi que les concept-cars exclusifs\" \/>\n<meta property=\"og:url\" content=\"https:\/\/www.my-watchsite.fr\/blog\/le-concours-chantilly-arts-et-elegance-richard-mille-ouvre-ses-portes-dimanche-n681\/\" \/>\n<meta property=\"og:site_name\" content=\"MyWatch FR\" \/>\n<meta property=\"article:publisher\" content=\"https:\/\/www.facebook.com\/mywatchsite\/\" \/>\n<meta property=\"article:published_time\" content=\"2014-09-04T22:00:00+00:00\" \/>\n<meta property=\"article:modified_time\" content=\"2021-04-12T13:58:45+00:00\" \/>\n<meta property=\"og:image\" content=\"https:\/\/www.my-watchsite.fr\/blog\/wp-content\/uploads\/2020\/08\/681_2156.jpg\" \/>\n\t<meta property=\"og:image:width\" content=\"450\" \/>\n\t<meta property=\"og:image:height\" content=\"280\" \/>\n\t<meta property=\"og:image:type\" content=\"image\/jpeg\" \/>\n<meta name=\"author\" content=\"MyWatch\" \/>\n<meta name=\"twitter:card\" content=\"summary_large_image\" \/>\n<meta name=\"twitter:creator\" content=\"@mywatchsite\" \/>\n<meta name=\"twitter:site\" content=\"@mywatchsite\" \/>\n<meta name=\"twitter:label1\" content=\"\u00c9crit par\" \/>\n\t<meta name=\"twitter:data1\" content=\"MyWatch\" \/>\n\t<meta name=\"twitter:label2\" content=\"Dur\u00e9e de lecture estim\u00e9e\" \/>\n\t<meta name=\"twitter:data2\" content=\"3 minutes\" \/>\n<script type=\"application\/ld+json\" class=\"yoast-schema-graph\">{\"@context\":\"https:\/\/schema.org\",\"@graph\":[{\"@type\":\"WebPage\",\"@id\":\"https:\/\/www.my-watchsite.fr\/blog\/le-concours-chantilly-arts-et-elegance-richard-mille-ouvre-ses-portes-dimanche-n681\/\",\"url\":\"https:\/\/www.my-watchsite.fr\/blog\/le-concours-chantilly-arts-et-elegance-richard-mille-ouvre-ses-portes-dimanche-n681\/\",\"name\":\"Le concours Chantilly Arts et El\u00e9gance Richard Mille ouvre ses portes\",\"isPartOf\":{\"@id\":\"https:\/\/www.my-watchsite.fr\/blog\/#website\"},\"datePublished\":\"2014-09-04T22:00:00+00:00\",\"dateModified\":\"2021-04-12T13:58:45+00:00\",\"author\":{\"@id\":\"https:\/\/www.my-watchsite.fr\/blog\/#\/schema\/person\/67e19b3e3d014465042ff1be1c9fcf44\"},\"description\":\"Cr\u00e9\u00e9 par Peter Auto, Chantilly Arts et El\u00e9gance r\u00e9unit les joyaux sortis des plus beaux garages et mus\u00e9es ainsi que les concept-cars exclusifs\",\"breadcrumb\":{\"@id\":\"https:\/\/www.my-watchsite.fr\/blog\/le-concours-chantilly-arts-et-elegance-richard-mille-ouvre-ses-portes-dimanche-n681\/#breadcrumb\"},\"inLanguage\":\"fr-FR\",\"potentialAction\":[{\"@type\":\"ReadAction\",\"target\":[\"https:\/\/www.my-watchsite.fr\/blog\/le-concours-chantilly-arts-et-elegance-richard-mille-ouvre-ses-portes-dimanche-n681\/\"]}]},{\"@type\":\"BreadcrumbList\",\"@id\":\"https:\/\/www.my-watchsite.fr\/blog\/le-concours-chantilly-arts-et-elegance-richard-mille-ouvre-ses-portes-dimanche-n681\/#breadcrumb\",\"itemListElement\":[{\"@type\":\"ListItem\",\"position\":1,\"name\":\"Accueil\",\"item\":\"https:\/\/www.my-watchsite.fr\/blog\/\"},{\"@type\":\"ListItem\",\"position\":2,\"name\":\"Le concours Chantilly Arts et El\u00e9gance Richard Mille ouvre ses portes dimanche\"}]},{\"@type\":\"WebSite\",\"@id\":\"https:\/\/www.my-watchsite.fr\/blog\/#website\",\"url\":\"https:\/\/www.my-watchsite.fr\/blog\/\",\"name\":\"MyWatch FR\",\"description\":\"Make Time a Lifestyle\",\"potentialAction\":[{\"@type\":\"SearchAction\",\"target\":{\"@type\":\"EntryPoint\",\"urlTemplate\":\"https:\/\/www.my-watchsite.fr\/blog\/?s={search_term_string}\"},\"query-input\":\"required name=search_term_string\"}],\"inLanguage\":\"fr-FR\"},{\"@type\":\"Person\",\"@id\":\"https:\/\/www.my-watchsite.fr\/blog\/#\/schema\/person\/67e19b3e3d014465042ff1be1c9fcf44\",\"name\":\"MyWatch\",\"image\":{\"@type\":\"ImageObject\",\"inLanguage\":\"fr-FR\",\"@id\":\"https:\/\/www.my-watchsite.fr\/blog\/#\/schema\/person\/image\/\",\"url\":\"https:\/\/secure.gravatar.com\/avatar\/e52d1e94806c54826c863f554ca1dd2a?s=96&d=mm&r=g\",\"contentUrl\":\"https:\/\/secure.gravatar.com\/avatar\/e52d1e94806c54826c863f554ca1dd2a?s=96&d=mm&r=g\",\"caption\":\"MyWatch\"},\"sameAs\":[\"https:\/\/www.my-watchsite.fr\/blog\"]}]}<\/script>\n<!-- \/ Yoast SEO plugin. -->","yoast_head_json":{"title":"Le concours Chantilly Arts et El\u00e9gance Richard Mille ouvre ses portes","description":"Cr\u00e9\u00e9 par Peter Auto, Chantilly Arts et El\u00e9gance r\u00e9unit les joyaux sortis des plus beaux garages et mus\u00e9es ainsi que les concept-cars exclusifs","robots":{"index":"index","follow":"follow","max-snippet":"max-snippet:-1","max-image-preview":"max-image-preview:large","max-video-preview":"max-video-preview:-1"},"canonical":"https:\/\/www.my-watchsite.fr\/blog\/le-concours-chantilly-arts-et-elegance-richard-mille-ouvre-ses-portes-dimanche-n681\/","og_locale":"fr_FR","og_type":"article","og_title":"Le concours Chantilly Arts et El\u00e9gance Richard Mille ouvre ses portes","og_description":"Cr\u00e9\u00e9 par Peter Auto, Chantilly Arts et El\u00e9gance r\u00e9unit les joyaux sortis des plus beaux garages et mus\u00e9es ainsi que les concept-cars exclusifs","og_url":"https:\/\/www.my-watchsite.fr\/blog\/le-concours-chantilly-arts-et-elegance-richard-mille-ouvre-ses-portes-dimanche-n681\/","og_site_name":"MyWatch FR","article_publisher":"https:\/\/www.facebook.com\/mywatchsite\/","article_published_time":"2014-09-04T22:00:00+00:00","article_modified_time":"2021-04-12T13:58:45+00:00","og_image":[{"width":450,"height":280,"url":"https:\/\/www.my-watchsite.fr\/blog\/wp-content\/uploads\/2020\/08\/681_2156.jpg","type":"image\/jpeg"}],"author":"MyWatch","twitter_card":"summary_large_image","twitter_creator":"@mywatchsite","twitter_site":"@mywatchsite","twitter_misc":{"\u00c9crit par":"MyWatch","Dur\u00e9e de lecture estim\u00e9e":"3 minutes"},"schema":{"@context":"https:\/\/schema.org","@graph":[{"@type":"WebPage","@id":"https:\/\/www.my-watchsite.fr\/blog\/le-concours-chantilly-arts-et-elegance-richard-mille-ouvre-ses-portes-dimanche-n681\/","url":"https:\/\/www.my-watchsite.fr\/blog\/le-concours-chantilly-arts-et-elegance-richard-mille-ouvre-ses-portes-dimanche-n681\/","name":"Le concours Chantilly Arts et El\u00e9gance Richard Mille ouvre ses portes","isPartOf":{"@id":"https:\/\/www.my-watchsite.fr\/blog\/#website"},"datePublished":"2014-09-04T22:00:00+00:00","dateModified":"2021-04-12T13:58:45+00:00","author":{"@id":"https:\/\/www.my-watchsite.fr\/blog\/#\/schema\/person\/67e19b3e3d014465042ff1be1c9fcf44"},"description":"Cr\u00e9\u00e9 par Peter Auto, Chantilly Arts et El\u00e9gance r\u00e9unit les joyaux sortis des plus beaux garages et mus\u00e9es ainsi que les concept-cars exclusifs","breadcrumb":{"@id":"https:\/\/www.my-watchsite.fr\/blog\/le-concours-chantilly-arts-et-elegance-richard-mille-ouvre-ses-portes-dimanche-n681\/#breadcrumb"},"inLanguage":"fr-FR","potentialAction":[{"@type":"ReadAction","target":["https:\/\/www.my-watchsite.fr\/blog\/le-concours-chantilly-arts-et-elegance-richard-mille-ouvre-ses-portes-dimanche-n681\/"]}]},{"@type":"BreadcrumbList","@id":"https:\/\/www.my-watchsite.fr\/blog\/le-concours-chantilly-arts-et-elegance-richard-mille-ouvre-ses-portes-dimanche-n681\/#breadcrumb","itemListElement":[{"@type":"ListItem","position":1,"name":"Accueil","item":"https:\/\/www.my-watchsite.fr\/blog\/"},{"@type":"ListItem","position":2,"name":"Le concours Chantilly Arts et El\u00e9gance Richard Mille ouvre ses portes dimanche"}]},{"@type":"WebSite","@id":"https:\/\/www.my-watchsite.fr\/blog\/#website","url":"https:\/\/www.my-watchsite.fr\/blog\/","name":"MyWatch FR","description":"Make Time a Lifestyle","potentialAction":[{"@type":"SearchAction","target":{"@type":"EntryPoint","urlTemplate":"https:\/\/www.my-watchsite.fr\/blog\/?s={search_term_string}"},"query-input":"required name=search_term_string"}],"inLanguage":"fr-FR"},{"@type":"Person","@id":"https:\/\/www.my-watchsite.fr\/blog\/#\/schema\/person\/67e19b3e3d014465042ff1be1c9fcf44","name":"MyWatch","image":{"@type":"ImageObject","inLanguage":"fr-FR","@id":"https:\/\/www.my-watchsite.fr\/blog\/#\/schema\/person\/image\/","url":"https:\/\/secure.gravatar.com\/avatar\/e52d1e94806c54826c863f554ca1dd2a?s=96&d=mm&r=g","contentUrl":"https:\/\/secure.gravatar.com\/avatar\/e52d1e94806c54826c863f554ca1dd2a?s=96&d=mm&r=g","caption":"MyWatch"},"sameAs":["https:\/\/www.my-watchsite.fr\/blog"]}]}},"_links":{"self":[{"href":"https:\/\/www.my-watchsite.fr\/blog\/wp-json\/wp\/v2\/posts\/2819"}],"collection":[{"href":"https:\/\/www.my-watchsite.fr\/blog\/wp-json\/wp\/v2\/posts"}],"about":[{"href":"https:\/\/www.my-watchsite.fr\/blog\/wp-json\/wp\/v2\/types\/post"}],"author":[{"embeddable":true,"href":"https:\/\/www.my-watchsite.fr\/blog\/wp-json\/wp\/v2\/users\/1"}],"replies":[{"embeddable":true,"href":"https:\/\/www.my-watchsite.fr\/blog\/wp-json\/wp\/v2\/comments?post=2819"}],"version-history":[{"count":2,"href":"https:\/\/www.my-watchsite.fr\/blog\/wp-json\/wp\/v2\/posts\/2819\/revisions"}],"predecessor-version":[{"id":12768,"href":"https:\/\/www.my-watchsite.fr\/blog\/wp-json\/wp\/v2\/posts\/2819\/revisions\/12768"}],"wp:featuredmedia":[{"embeddable":true,"href":"https:\/\/www.my-watchsite.fr\/blog\/wp-json\/wp\/v2\/media\/2820"}],"wp:attachment":[{"href":"https:\/\/www.my-watchsite.fr\/blog\/wp-json\/wp\/v2\/media?parent=2819"}],"wp:term":[{"taxonomy":"category","embeddable":true,"href":"https:\/\/www.my-watchsite.fr\/blog\/wp-json\/wp\/v2\/categories?post=2819"},{"taxonomy":"post_tag","embeddable":true,"href":"https:\/\/www.my-watchsite.fr\/blog\/wp-json\/wp\/v2\/tags?post=2819"}],"curies":[{"name":"wp","href":"https:\/\/api.w.org\/{rel}","templated":true}]}}